{"id":913544,"date":"2025-12-15T17:18:45","date_gmt":"2025-12-15T16:18:45","guid":{"rendered":"https:\/\/dmcsrb.com\/uncategorized\/vukicevic-radovi-na-klizistu-sokolovina-u-zavrsnoj-fazi\/"},"modified":"2025-12-15T17:18:45","modified_gmt":"2025-12-15T16:18:45","slug":"vukicevic-radovi-na-klizistu-sokolovina-u-zavrsnoj-fazi","status":"publish","type":"post","link":"https:\/\/dmcsrb.com\/en\/ekonomija\/vukicevic-radovi-na-klizistu-sokolovina-u-zavrsnoj-fazi\/","title":{"rendered":"Vuki\u0107evi\u0107: Radovi na klizi\u0161tu Sokolovina u zavr\u0161noj fazi"},"content":{"rendered":"<p><\/p>\n\n\n\n<p>Ministarka je objavila fotografije i snimke klizi\u0161ta koje skoro dvije decenije predstavlja crnu saobra\u0107ajnu ta\u010dku i koje \u0107e kona\u010dno biti sanirano.<\/p>\n\n\n\n<p>&#8220;Ponosna sam na odluku da radove nastavimo tokom ljetnje sezone, iako su postojali pritisci da se radovi privremeno obustave i da se put, koji je u tom momentu bio izuzetno rizi\u010dan, otvori za saobra\u0107aj. Odluka koju sam donijela pokazala se ispravnom, jer smo, zahvaljuju\u0107i posve\u0107enosti i predanom radu izvo\u0111a\u010da, do\u0161li do samog kraja ovog izuzetno va\u017enog projekta&#8221;, poru\u010dila je Vuki\u0107evi\u0107.<\/p>\n\n\n\n<p>Jedna od najatraktivnijih turisti\u010dkih ruta, put kroz kanjon Tare, zatvoren je za saobra\u0107aj gotovo tri godine.<\/p>\n\n\n\n<p>Fotografije i snimke mo\u017eete pogledati na <a href=\"https:\/\/www.facebook.com\/maja.vukicevic.3\">linku<\/a>.<\/p>\n\n\n\n<figure class=\"wp-block-image size-full\"><img decoding=\"async\" src=\"https:\/\/gradski.me\/wp-content\/uploads\/2025\/12\/kliziste-Sokolovina-foto-fb-maja-vukicevic.jpg\" alt=\"\" class=\"wp-image-893502\"\/><figcaption class=\"wp-element-caption\"><strong><em>Foto: FB\/Maja Vuki\u0107evi\u0107<\/em><\/strong><\/figcaption><\/figure>\n\n\n\n<p><\/p>","protected":false},"excerpt":{"rendered":"<p>Ministarka saobra\u0107aja Maja Vuki\u0107evi\u0107 saop\u0161tila da radovi na klizi\u0161tu Sokolovina, ulaze u zavr\u0161nu fazu.<\/p>","protected":false},"author":1,"featured_media":913545,"comment_status":"open","ping_status":"open","sticky":false,"template":"","format":"standard","meta":{"_acf_changed":false,"footnotes":""},"categories":[27],"tags":[3080,1898,3081,2904],"naslovna":[],"class_list":["post-913544","post","type-post","status-publish","format-standard","has-post-thumbnail","hentry","category-ekonomija","tag-kliziste","tag-maja-vukicevic","tag-ministarstvo-saobracaja","tag-sokolovina"],"acf":[],"yoast_head":"<!-- This site is optimized with the Yoast SEO plugin v27.0 - https:\/\/yoast.com\/product\/yoast-seo-wordpress\/ -->\n<title>Vuki\u0107evi\u0107: Radovi na klizi\u0161tu Sokolovina u zavr\u0161noj fazi - dmcsrb.com<\/title>\n<meta name=\"robots\" content=\"index, follow, max-snippet:-1, max-image-preview:large, max-video-preview:-1\" \/>\n<link rel=\"canonical\" href=\"https:\/\/dmcsrb.com\/en\/ekonomija\/vukicevic-radovi-na-klizistu-sokolovina-u-zavrsnoj-fazi\/\" \/>\n<meta property=\"og:locale\" content=\"en_GB\" \/>\n<meta property=\"og:type\" content=\"article\" \/>\n<meta property=\"og:title\" content=\"Vuki\u0107evi\u0107: Radovi na klizi\u0161tu Sokolovina u zavr\u0161noj fazi - dmcsrb.com\" \/>\n<meta property=\"og:description\" content=\"Ministarka saobra\u0107aja Maja Vuki\u0107evi\u0107 saop\u0161tila da radovi na klizi\u0161tu Sokolovina, ulaze u zavr\u0161nu fazu.\" \/>\n<meta property=\"og:url\" content=\"https:\/\/dmcsrb.com\/en\/ekonomija\/vukicevic-radovi-na-klizistu-sokolovina-u-zavrsnoj-fazi\/\" \/>\n<meta property=\"og:site_name\" content=\"dmcsrb.com\" \/>\n<meta property=\"article:published_time\" content=\"2025-12-15T16:18:45+00:00\" \/>\n<meta property=\"og:image\" content=\"https:\/\/dmcsrb.com\/wp-content\/uploads\/2026\/01\/Sokolovina-kliziste-foto-fb-maja-vukicevic.jpg\" \/>\n\t<meta property=\"og:image:width\" content=\"1127\" \/>\n\t<meta property=\"og:image:height\" content=\"699\" \/>\n\t<meta property=\"og:image:type\" content=\"image\/jpeg\" \/>\n<meta name=\"author\" content=\"dmcsrbija.com@gmail.com\" \/>\n<meta name=\"twitter:card\" content=\"summary_large_image\" \/>\n<meta name=\"twitter:label1\" content=\"Written by\" \/>\n\t<meta name=\"twitter:data1\" content=\"dmcsrbija.com@gmail.com\" \/>\n\t<meta name=\"twitter:label2\" content=\"Estimated reading time\" \/>\n\t<meta name=\"twitter:data2\" content=\"1 minute\" \/>\n<script type=\"application\/ld+json\" class=\"yoast-schema-graph\">{\"@context\":\"https:\/\/schema.org\",\"@graph\":[{\"@type\":\"Article\",\"@id\":\"https:\/\/dmcsrb.com\/ekonomija\/vukicevic-radovi-na-klizistu-sokolovina-u-zavrsnoj-fazi\/#article\",\"isPartOf\":{\"@id\":\"https:\/\/dmcsrb.com\/ekonomija\/vukicevic-radovi-na-klizistu-sokolovina-u-zavrsnoj-fazi\/\"},\"author\":{\"name\":\"dmcsrbija.com@gmail.com\",\"@id\":\"https:\/\/dmcsrb.com\/#\/schema\/person\/5c39170f12db1b8b457732d0b5c854e2\"},\"headline\":\"Vuki\u0107evi\u0107: Radovi na klizi\u0161tu Sokolovina u zavr\u0161noj fazi\",\"datePublished\":\"2025-12-15T16:18:45+00:00\",\"mainEntityOfPage\":{\"@id\":\"https:\/\/dmcsrb.com\/ekonomija\/vukicevic-radovi-na-klizistu-sokolovina-u-zavrsnoj-fazi\/\"},\"wordCount\":137,\"commentCount\":0,\"image\":{\"@id\":\"https:\/\/dmcsrb.com\/ekonomija\/vukicevic-radovi-na-klizistu-sokolovina-u-zavrsnoj-fazi\/#primaryimage\"},\"thumbnailUrl\":\"https:\/\/dmcsrb.com\/wp-content\/uploads\/2026\/01\/Sokolovina-kliziste-foto-fb-maja-vukicevic.jpg\",\"keywords\":[\"Klizi\u0161te\",\"maja vuki\u0107evi\u0107\",\"Ministarstvo saobra\u0107aja\",\"sokolovina\"],\"articleSection\":[\"Ekonomija\"],\"inLanguage\":\"en-GB\",\"potentialAction\":[{\"@type\":\"CommentAction\",\"name\":\"Comment\",\"target\":[\"https:\/\/dmcsrb.com\/ekonomija\/vukicevic-radovi-na-klizistu-sokolovina-u-zavrsnoj-fazi\/#respond\"]}]},{\"@type\":\"WebPage\",\"@id\":\"https:\/\/dmcsrb.com\/ekonomija\/vukicevic-radovi-na-klizistu-sokolovina-u-zavrsnoj-fazi\/\",\"url\":\"https:\/\/dmcsrb.com\/ekonomija\/vukicevic-radovi-na-klizistu-sokolovina-u-zavrsnoj-fazi\/\",\"name\":\"Vuki\u0107evi\u0107: Radovi na klizi\u0161tu Sokolovina u zavr\u0161noj fazi - dmcsrb.com\",\"isPartOf\":{\"@id\":\"https:\/\/dmcsrb.com\/#website\"},\"primaryImageOfPage\":{\"@id\":\"https:\/\/dmcsrb.com\/ekonomija\/vukicevic-radovi-na-klizistu-sokolovina-u-zavrsnoj-fazi\/#primaryimage\"},\"image\":{\"@id\":\"https:\/\/dmcsrb.com\/ekonomija\/vukicevic-radovi-na-klizistu-sokolovina-u-zavrsnoj-fazi\/#primaryimage\"},\"thumbnailUrl\":\"https:\/\/dmcsrb.com\/wp-content\/uploads\/2026\/01\/Sokolovina-kliziste-foto-fb-maja-vukicevic.jpg\",\"datePublished\":\"2025-12-15T16:18:45+00:00\",\"author\":{\"@id\":\"https:\/\/dmcsrb.com\/#\/schema\/person\/5c39170f12db1b8b457732d0b5c854e2\"},\"breadcrumb\":{\"@id\":\"https:\/\/dmcsrb.com\/ekonomija\/vukicevic-radovi-na-klizistu-sokolovina-u-zavrsnoj-fazi\/#breadcrumb\"},\"inLanguage\":\"en-GB\",\"potentialAction\":[{\"@type\":\"ReadAction\",\"target\":[\"https:\/\/dmcsrb.com\/ekonomija\/vukicevic-radovi-na-klizistu-sokolovina-u-zavrsnoj-fazi\/\"]}]},{\"@type\":\"ImageObject\",\"inLanguage\":\"en-GB\",\"@id\":\"https:\/\/dmcsrb.com\/ekonomija\/vukicevic-radovi-na-klizistu-sokolovina-u-zavrsnoj-fazi\/#primaryimage\",\"url\":\"https:\/\/dmcsrb.com\/wp-content\/uploads\/2026\/01\/Sokolovina-kliziste-foto-fb-maja-vukicevic.jpg\",\"contentUrl\":\"https:\/\/dmcsrb.com\/wp-content\/uploads\/2026\/01\/Sokolovina-kliziste-foto-fb-maja-vukicevic.jpg\",\"width\":1127,\"height\":699},{\"@type\":\"BreadcrumbList\",\"@id\":\"https:\/\/dmcsrb.com\/ekonomija\/vukicevic-radovi-na-klizistu-sokolovina-u-zavrsnoj-fazi\/#breadcrumb\",\"itemListElement\":[{\"@type\":\"ListItem\",\"position\":1,\"name\":\"Home\",\"item\":\"https:\/\/dmcsrb.com\/\"},{\"@type\":\"ListItem\",\"position\":2,\"name\":\"Vuki\u0107evi\u0107: Radovi na klizi\u0161tu Sokolovina u zavr\u0161noj fazi\"}]},{\"@type\":\"WebSite\",\"@id\":\"https:\/\/dmcsrb.com\/#website\",\"url\":\"https:\/\/dmcsrb.com\/\",\"name\":\"dmcsrb.com\",\"description\":\"\",\"potentialAction\":[{\"@type\":\"SearchAction\",\"target\":{\"@type\":\"EntryPoint\",\"urlTemplate\":\"https:\/\/dmcsrb.com\/?s={search_term_string}\"},\"query-input\":{\"@type\":\"PropertyValueSpecification\",\"valueRequired\":true,\"valueName\":\"search_term_string\"}}],\"inLanguage\":\"en-GB\"},{\"@type\":\"Person\",\"@id\":\"https:\/\/dmcsrb.com\/#\/schema\/person\/5c39170f12db1b8b457732d0b5c854e2\",\"name\":\"dmcsrbija.com@gmail.com\",\"image\":{\"@type\":\"ImageObject\",\"inLanguage\":\"en-GB\",\"@id\":\"https:\/\/dmcsrb.com\/#\/schema\/person\/image\/\",\"url\":\"https:\/\/secure.gravatar.com\/avatar\/68592660ad6347fad0fb587f8d5d8f1a7b44961362f56e4f2cd524feb87e9069?s=96&d=mm&r=g\",\"contentUrl\":\"https:\/\/secure.gravatar.com\/avatar\/68592660ad6347fad0fb587f8d5d8f1a7b44961362f56e4f2cd524feb87e9069?s=96&d=mm&r=g\",\"caption\":\"dmcsrbija.com@gmail.com\"},\"sameAs\":[\"https:\/\/dmcsrb.com\"],\"url\":\"https:\/\/dmcsrb.com\/en\/author\/dmcsrbija-comgmail-com\/\"}]}<\/script>\n<!-- \/ Yoast SEO plugin. -->","yoast_head_json":{"title":"Vuki\u0107evi\u0107: Radovi na klizi\u0161tu Sokolovina u zavr\u0161noj fazi - dmcsrb.com","robots":{"index":"index","follow":"follow","max-snippet":"max-snippet:-1","max-image-preview":"max-image-preview:large","max-video-preview":"max-video-preview:-1"},"canonical":"https:\/\/dmcsrb.com\/en\/ekonomija\/vukicevic-radovi-na-klizistu-sokolovina-u-zavrsnoj-fazi\/","og_locale":"en_GB","og_type":"article","og_title":"Vuki\u0107evi\u0107: Radovi na klizi\u0161tu Sokolovina u zavr\u0161noj fazi - dmcsrb.com","og_description":"Ministarka saobra\u0107aja Maja Vuki\u0107evi\u0107 saop\u0161tila da radovi na klizi\u0161tu Sokolovina, ulaze u zavr\u0161nu fazu.","og_url":"https:\/\/dmcsrb.com\/en\/ekonomija\/vukicevic-radovi-na-klizistu-sokolovina-u-zavrsnoj-fazi\/","og_site_name":"dmcsrb.com","article_published_time":"2025-12-15T16:18:45+00:00","og_image":[{"width":1127,"height":699,"url":"https:\/\/dmcsrb.com\/wp-content\/uploads\/2026\/01\/Sokolovina-kliziste-foto-fb-maja-vukicevic.jpg","type":"image\/jpeg"}],"author":"dmcsrbija.com@gmail.com","twitter_card":"summary_large_image","twitter_misc":{"Written by":"dmcsrbija.com@gmail.com","Estimated reading time":"1 minute"},"schema":{"@context":"https:\/\/schema.org","@graph":[{"@type":"Article","@id":"https:\/\/dmcsrb.com\/ekonomija\/vukicevic-radovi-na-klizistu-sokolovina-u-zavrsnoj-fazi\/#article","isPartOf":{"@id":"https:\/\/dmcsrb.com\/ekonomija\/vukicevic-radovi-na-klizistu-sokolovina-u-zavrsnoj-fazi\/"},"author":{"name":"dmcsrbija.com@gmail.com","@id":"https:\/\/dmcsrb.com\/#\/schema\/person\/5c39170f12db1b8b457732d0b5c854e2"},"headline":"Vuki\u0107evi\u0107: Radovi na klizi\u0161tu Sokolovina u zavr\u0161noj fazi","datePublished":"2025-12-15T16:18:45+00:00","mainEntityOfPage":{"@id":"https:\/\/dmcsrb.com\/ekonomija\/vukicevic-radovi-na-klizistu-sokolovina-u-zavrsnoj-fazi\/"},"wordCount":137,"commentCount":0,"image":{"@id":"https:\/\/dmcsrb.com\/ekonomija\/vukicevic-radovi-na-klizistu-sokolovina-u-zavrsnoj-fazi\/#primaryimage"},"thumbnailUrl":"https:\/\/dmcsrb.com\/wp-content\/uploads\/2026\/01\/Sokolovina-kliziste-foto-fb-maja-vukicevic.jpg","keywords":["Klizi\u0161te","maja vuki\u0107evi\u0107","Ministarstvo saobra\u0107aja","sokolovina"],"articleSection":["Ekonomija"],"inLanguage":"en-GB","potentialAction":[{"@type":"CommentAction","name":"Comment","target":["https:\/\/dmcsrb.com\/ekonomija\/vukicevic-radovi-na-klizistu-sokolovina-u-zavrsnoj-fazi\/#respond"]}]},{"@type":"WebPage","@id":"https:\/\/dmcsrb.com\/ekonomija\/vukicevic-radovi-na-klizistu-sokolovina-u-zavrsnoj-fazi\/","url":"https:\/\/dmcsrb.com\/ekonomija\/vukicevic-radovi-na-klizistu-sokolovina-u-zavrsnoj-fazi\/","name":"Vuki\u0107evi\u0107: Radovi na klizi\u0161tu Sokolovina u zavr\u0161noj fazi - dmcsrb.com","isPartOf":{"@id":"https:\/\/dmcsrb.com\/#website"},"primaryImageOfPage":{"@id":"https:\/\/dmcsrb.com\/ekonomija\/vukicevic-radovi-na-klizistu-sokolovina-u-zavrsnoj-fazi\/#primaryimage"},"image":{"@id":"https:\/\/dmcsrb.com\/ekonomija\/vukicevic-radovi-na-klizistu-sokolovina-u-zavrsnoj-fazi\/#primaryimage"},"thumbnailUrl":"https:\/\/dmcsrb.com\/wp-content\/uploads\/2026\/01\/Sokolovina-kliziste-foto-fb-maja-vukicevic.jpg","datePublished":"2025-12-15T16:18:45+00:00","author":{"@id":"https:\/\/dmcsrb.com\/#\/schema\/person\/5c39170f12db1b8b457732d0b5c854e2"},"breadcrumb":{"@id":"https:\/\/dmcsrb.com\/ekonomija\/vukicevic-radovi-na-klizistu-sokolovina-u-zavrsnoj-fazi\/#breadcrumb"},"inLanguage":"en-GB","potentialAction":[{"@type":"ReadAction","target":["https:\/\/dmcsrb.com\/ekonomija\/vukicevic-radovi-na-klizistu-sokolovina-u-zavrsnoj-fazi\/"]}]},{"@type":"ImageObject","inLanguage":"en-GB","@id":"https:\/\/dmcsrb.com\/ekonomija\/vukicevic-radovi-na-klizistu-sokolovina-u-zavrsnoj-fazi\/#primaryimage","url":"https:\/\/dmcsrb.com\/wp-content\/uploads\/2026\/01\/Sokolovina-kliziste-foto-fb-maja-vukicevic.jpg","contentUrl":"https:\/\/dmcsrb.com\/wp-content\/uploads\/2026\/01\/Sokolovina-kliziste-foto-fb-maja-vukicevic.jpg","width":1127,"height":699},{"@type":"BreadcrumbList","@id":"https:\/\/dmcsrb.com\/ekonomija\/vukicevic-radovi-na-klizistu-sokolovina-u-zavrsnoj-fazi\/#breadcrumb","itemListElement":[{"@type":"ListItem","position":1,"name":"Home","item":"https:\/\/dmcsrb.com\/"},{"@type":"ListItem","position":2,"name":"Vuki\u0107evi\u0107: Radovi na klizi\u0161tu Sokolovina u zavr\u0161noj fazi"}]},{"@type":"WebSite","@id":"https:\/\/dmcsrb.com\/#website","url":"https:\/\/dmcsrb.com\/","name":"dmcsrb.com","description":"","potentialAction":[{"@type":"SearchAction","target":{"@type":"EntryPoint","urlTemplate":"https:\/\/dmcsrb.com\/?s={search_term_string}"},"query-input":{"@type":"PropertyValueSpecification","valueRequired":true,"valueName":"search_term_string"}}],"inLanguage":"en-GB"},{"@type":"Person","@id":"https:\/\/dmcsrb.com\/#\/schema\/person\/5c39170f12db1b8b457732d0b5c854e2","name":"dmcsrbija.com@gmail.com","image":{"@type":"ImageObject","inLanguage":"en-GB","@id":"https:\/\/dmcsrb.com\/#\/schema\/person\/image\/","url":"https:\/\/secure.gravatar.com\/avatar\/68592660ad6347fad0fb587f8d5d8f1a7b44961362f56e4f2cd524feb87e9069?s=96&d=mm&r=g","contentUrl":"https:\/\/secure.gravatar.com\/avatar\/68592660ad6347fad0fb587f8d5d8f1a7b44961362f56e4f2cd524feb87e9069?s=96&d=mm&r=g","caption":"dmcsrbija.com@gmail.com"},"sameAs":["https:\/\/dmcsrb.com"],"url":"https:\/\/dmcsrb.com\/en\/author\/dmcsrbija-comgmail-com\/"}]}},"_links":{"self":[{"href":"https:\/\/dmcsrb.com\/en\/wp-json\/wp\/v2\/posts\/913544","targetHints":{"allow":["GET"]}}],"collection":[{"href":"https:\/\/dmcsrb.com\/en\/wp-json\/wp\/v2\/posts"}],"about":[{"href":"https:\/\/dmcsrb.com\/en\/wp-json\/wp\/v2\/types\/post"}],"author":[{"embeddable":true,"href":"https:\/\/dmcsrb.com\/en\/wp-json\/wp\/v2\/users\/1"}],"replies":[{"embeddable":true,"href":"https:\/\/dmcsrb.com\/en\/wp-json\/wp\/v2\/comments?post=913544"}],"version-history":[{"count":0,"href":"https:\/\/dmcsrb.com\/en\/wp-json\/wp\/v2\/posts\/913544\/revisions"}],"wp:featuredmedia":[{"embeddable":true,"href":"https:\/\/dmcsrb.com\/en\/wp-json\/wp\/v2\/media\/913545"}],"wp:attachment":[{"href":"https:\/\/dmcsrb.com\/en\/wp-json\/wp\/v2\/media?parent=913544"}],"wp:term":[{"taxonomy":"category","embeddable":true,"href":"https:\/\/dmcsrb.com\/en\/wp-json\/wp\/v2\/categories?post=913544"},{"taxonomy":"post_tag","embeddable":true,"href":"https:\/\/dmcsrb.com\/en\/wp-json\/wp\/v2\/tags?post=913544"},{"taxonomy":"naslovna","embeddable":true,"href":"https:\/\/dmcsrb.com\/en\/wp-json\/wp\/v2\/naslovna?post=913544"}],"curies":[{"name":"wp","href":"https:\/\/api.w.org\/{rel}","templated":true}]}}