{"id":913478,"date":"2025-12-15T13:37:20","date_gmt":"2025-12-15T12:37:20","guid":{"rendered":"https:\/\/dmcsrb.com\/uncategorized\/becic-demokrate-pokrenule-reevidenciju-clanstva-povodom-desetogodisnjice-postojanja-partije\/"},"modified":"2025-12-15T13:37:20","modified_gmt":"2025-12-15T12:37:20","slug":"becic-demokrate-pokrenule-reevidenciju-clanstva-povodom-desetogodisnjice-postojanja-partije","status":"publish","type":"post","link":"https:\/\/dmcsrb.com\/en\/politika\/becic-demokrate-pokrenule-reevidenciju-clanstva-povodom-desetogodisnjice-postojanja-partije\/","title":{"rendered":"Be\u010di\u0107: Demokrate pokrenule reevidenciju \u010dlanstva povodom desetogodi\u0161njice postojanja partije"},"content":{"rendered":"<p>Kako se navodi u saop\u0161tenju, Be\u010di\u0107 je naglasio da su Demokrate pokrenule najva\u017eniji proces u novijoj istoriji partije, reevidenciju \u010dlanstva povodom desetogodi\u0161njice postojanja.<\/p>\n\n\n\n<p>\u201cNa sjednici su donijeti i zaklju\u010dci, a jedan od njih je izra\u017eeno zadovoljstvo zbog vrlo dinami\u010dnog i kvalitetnog procesa reevidencije \u010dlanstva koji se sprovodi organizacijom centralnih skupova na mjesnom i lokalnom nivou, kao i brojnim ku\u0107nim posjetama na\u0161im \u010dlanovima koji nakon skupova uslijede\u201d, dodaje se u saop\u0161tenju.<\/p>\n\n\n\n<p>Predsjedni\u0161tvo je pozdravilo intenzivan i veoma zapa\u017een rad Kluba poslanika u Skup\u0161tini Crne Gore, koji gra\u0111ani tako\u0111e prepoznaju i pozdravljaju.<\/p>\n\n\n\n<p>\u201cPredsjedni\u0161tvo je tako\u0111e afirmisalo istorijske rezultate nadle\u017enih institucija u borbi protiv svih vidova kriminala koji vra\u0107aju vjeru u snagu dr\u017eave. Pohvaljene su sprovedene i najavljene reforme u sektoru bezbjednosti i odbrane, kao i ekologije i kulture, posebno isti\u010du\u0107i do sada, saglasno zakonskim mehanizmima i obavezama, sprovedeni proces vetinga. Apostrofirano je da je za ozdravljenje i izgradnju jakih i otpornih institucija neophodno sprovesti veting u svim dijelovima sistema, a posebno institucijama na kojima treba da po\u010diva pravna dr\u017eava i vladavina prava\u201d, navodi se u saop\u0161tenju.<\/p>\n\n\n\n<p>Na sjednici su, doaju, pozvani gra\u0111ani da se mudro izdignu iznad kontinuiranih poku\u0161aja uvla\u010denja u ideolo\u0161ko \u2013 identitetske igranke, afirmi\u0161u\u0107i gra\u0111anske vrijednosti i istinski patriotizam, te su pozdravljeni svakodnevni rezultati koje dr\u017eava Crna Gora ostvaruje: najpozitivniji izve\u0161taj Evropske komisije u odnosu na Crnu Goru, novi napredak na na\u0161em evropskom putu, zatvaranje vi\u0161e pregovara\u010dkih poglavlja, obezbje\u0111enje finansijske konstrukcije za izgradnju druge dionice autoputa, intenziviranje aktivnosti na izgradnji obilaznice oko Budve, otvaranje baze Wizz Air-a u Podgorici, ukidanje rominga izme\u0111u Crne Gore i EU, uvo\u0111enje Crne Gore u SEPA sistem pla\u0107anja, dodjeljivanje titula Nik\u0161i\u0107u Evropske prijestonice kulture za 2030. godinu i Podgorici Evropske prijestonice mladih za 2028. godinu i mnogo drugog postignutog.<\/p>\n\n\n\n<p>\u201cAfirmisane su od strane Predsjedni\u0161tva Demokrata ove, ali i brojne druge pozitivne i razvojne politike i rezultati od kojih zavisi budu\u0107nost svakog gra\u0111anina, a koji pokazuju da Crna Gora sna\u017eno kora\u010da ka ispunjenju istorijskog cilja, ali su i jasno pozvani svi akteri da sve svoje kapacitete, odluke i politike usmjere u pravcu realizacije preostalih obaveza sa ciljem da se dosanja dugo o\u010dekivani san \u2013 da Crna Gora 2028. godine postane 28. \u010dlanica EU\u201d, stoji u saop\u0161tenju.<\/p>\n\n\n\n<p>Pored navedenih zaklju\u010daka, Predsjedni\u0161tvo Demokrata je na sjednici usvojilo redovne odluke koje, saglasno Statutu, usvaja krajem svake godine u pripremi za narednu: Odluku o uvo\u0111enju \u010dlanarine kao dijela finansiranja Demokrata za 2026. godinu, Finansijski plan za 2026, kao i Program rada Demokrata za 2026. godinu, kao i razmotrilo druga pitanja i akte iz svoje nadle\u017enosti.<\/p>\n\n\n\n<p><\/p>","protected":false},"excerpt":{"rendered":"<p>Demokratska Crna Gora odr\u017eala je 27. sjednicu Predsjedni\u0161tva kojom je predsjedavao predsjednik Demokrata, Aleksa Be\u010di\u0107, a na kojoj su, izme\u0111u ostalog, razmatrani dosada\u0161nji rezultati u velikom procesu reevidencije \u010dlanstva povodom 10 godina postojanja Demokrata, istorijski rezultati sektora bezbjednosti u borbi protiv organizovanog kriminala i korupcije, kao i aktuelna politi\u010dka situacija, saop\u0161teno je iz te partije.<\/p>","protected":false},"author":1,"featured_media":913479,"comment_status":"open","ping_status":"open","sticky":false,"template":"","format":"standard","meta":{"_acf_changed":false,"footnotes":""},"categories":[12],"tags":[3013,3014],"naslovna":[],"class_list":["post-913478","post","type-post","status-publish","format-standard","has-post-thumbnail","hentry","category-politika","tag-clnstvo","tag-dcg"],"acf":[],"yoast_head":"<!-- This site is optimized with the Yoast SEO plugin v27.4 - https:\/\/yoast.com\/product\/yoast-seo-wordpress\/ -->\n<title>Be\u010di\u0107: Demokrate pokrenule reevidenciju \u010dlanstva povodom desetogodi\u0161njice postojanja partije - dmcsrb.com<\/title>\n<meta name=\"robots\" content=\"index, follow, max-snippet:-1, max-image-preview:large, max-video-preview:-1\" \/>\n<link rel=\"canonical\" href=\"https:\/\/dmcsrb.com\/en\/politika\/becic-demokrate-pokrenule-reevidenciju-clanstva-povodom-desetogodisnjice-postojanja-partije\/\" \/>\n<meta property=\"og:locale\" content=\"en_GB\" \/>\n<meta property=\"og:type\" content=\"article\" \/>\n<meta property=\"og:title\" content=\"Be\u010di\u0107: Demokrate pokrenule reevidenciju \u010dlanstva povodom desetogodi\u0161njice postojanja partije - dmcsrb.com\" \/>\n<meta property=\"og:description\" content=\"Demokratska Crna Gora odr\u017eala je 27. sjednicu Predsjedni\u0161tva kojom je predsjedavao predsjednik Demokrata, Aleksa Be\u010di\u0107, a na kojoj su, izme\u0111u ostalog, razmatrani dosada\u0161nji rezultati u velikom procesu reevidencije \u010dlanstva povodom 10 godina postojanja Demokrata, istorijski rezultati sektora bezbjednosti u borbi protiv organizovanog kriminala i korupcije, kao i aktuelna politi\u010dka situacija, saop\u0161teno je iz te partije.\" \/>\n<meta property=\"og:url\" content=\"https:\/\/dmcsrb.com\/en\/politika\/becic-demokrate-pokrenule-reevidenciju-clanstva-povodom-desetogodisnjice-postojanja-partije\/\" \/>\n<meta property=\"og:site_name\" content=\"dmcsrb.com\" \/>\n<meta property=\"article:published_time\" content=\"2025-12-15T12:37:20+00:00\" \/>\n<meta property=\"og:image\" content=\"https:\/\/dmcsrb.com\/wp-content\/uploads\/2026\/01\/dmokrate1.jpg\" \/>\n\t<meta property=\"og:image:width\" content=\"855\" \/>\n\t<meta property=\"og:image:height\" content=\"645\" \/>\n\t<meta property=\"og:image:type\" content=\"image\/jpeg\" \/>\n<meta name=\"author\" content=\"dmcsrbija.com@gmail.com\" \/>\n<meta name=\"twitter:card\" content=\"summary_large_image\" \/>\n<meta name=\"twitter:label1\" content=\"Written by\" \/>\n\t<meta name=\"twitter:data1\" content=\"dmcsrbija.com@gmail.com\" \/>\n\t<meta name=\"twitter:label2\" content=\"Estimated reading time\" \/>\n\t<meta name=\"twitter:data2\" content=\"2 minutes\" \/>\n<script type=\"application\/ld+json\" class=\"yoast-schema-graph\">{\"@context\":\"https:\\\/\\\/schema.org\",\"@graph\":[{\"@type\":\"Article\",\"@id\":\"https:\\\/\\\/dmcsrb.com\\\/politika\\\/becic-demokrate-pokrenule-reevidenciju-clanstva-povodom-desetogodisnjice-postojanja-partije\\\/#article\",\"isPartOf\":{\"@id\":\"https:\\\/\\\/dmcsrb.com\\\/politika\\\/becic-demokrate-pokrenule-reevidenciju-clanstva-povodom-desetogodisnjice-postojanja-partije\\\/\"},\"author\":{\"name\":\"dmcsrbija.com@gmail.com\",\"@id\":\"https:\\\/\\\/dmcsrb.com\\\/#\\\/schema\\\/person\\\/5c39170f12db1b8b457732d0b5c854e2\"},\"headline\":\"Be\u010di\u0107: Demokrate pokrenule reevidenciju \u010dlanstva povodom desetogodi\u0161njice postojanja partije\",\"datePublished\":\"2025-12-15T12:37:20+00:00\",\"mainEntityOfPage\":{\"@id\":\"https:\\\/\\\/dmcsrb.com\\\/politika\\\/becic-demokrate-pokrenule-reevidenciju-clanstva-povodom-desetogodisnjice-postojanja-partije\\\/\"},\"wordCount\":471,\"commentCount\":0,\"image\":{\"@id\":\"https:\\\/\\\/dmcsrb.com\\\/politika\\\/becic-demokrate-pokrenule-reevidenciju-clanstva-povodom-desetogodisnjice-postojanja-partije\\\/#primaryimage\"},\"thumbnailUrl\":\"https:\\\/\\\/dmcsrb.com\\\/wp-content\\\/uploads\\\/2026\\\/01\\\/dmokrate1.jpg\",\"keywords\":[\"\u010dlnstvo\",\"DCG\"],\"articleSection\":[\"Politika\"],\"inLanguage\":\"en-GB\",\"potentialAction\":[{\"@type\":\"CommentAction\",\"name\":\"Comment\",\"target\":[\"https:\\\/\\\/dmcsrb.com\\\/politika\\\/becic-demokrate-pokrenule-reevidenciju-clanstva-povodom-desetogodisnjice-postojanja-partije\\\/#respond\"]}]},{\"@type\":\"WebPage\",\"@id\":\"https:\\\/\\\/dmcsrb.com\\\/politika\\\/becic-demokrate-pokrenule-reevidenciju-clanstva-povodom-desetogodisnjice-postojanja-partije\\\/\",\"url\":\"https:\\\/\\\/dmcsrb.com\\\/politika\\\/becic-demokrate-pokrenule-reevidenciju-clanstva-povodom-desetogodisnjice-postojanja-partije\\\/\",\"name\":\"Be\u010di\u0107: Demokrate pokrenule reevidenciju \u010dlanstva povodom desetogodi\u0161njice postojanja partije - dmcsrb.com\",\"isPartOf\":{\"@id\":\"https:\\\/\\\/dmcsrb.com\\\/#website\"},\"primaryImageOfPage\":{\"@id\":\"https:\\\/\\\/dmcsrb.com\\\/politika\\\/becic-demokrate-pokrenule-reevidenciju-clanstva-povodom-desetogodisnjice-postojanja-partije\\\/#primaryimage\"},\"image\":{\"@id\":\"https:\\\/\\\/dmcsrb.com\\\/politika\\\/becic-demokrate-pokrenule-reevidenciju-clanstva-povodom-desetogodisnjice-postojanja-partije\\\/#primaryimage\"},\"thumbnailUrl\":\"https:\\\/\\\/dmcsrb.com\\\/wp-content\\\/uploads\\\/2026\\\/01\\\/dmokrate1.jpg\",\"datePublished\":\"2025-12-15T12:37:20+00:00\",\"author\":{\"@id\":\"https:\\\/\\\/dmcsrb.com\\\/#\\\/schema\\\/person\\\/5c39170f12db1b8b457732d0b5c854e2\"},\"breadcrumb\":{\"@id\":\"https:\\\/\\\/dmcsrb.com\\\/politika\\\/becic-demokrate-pokrenule-reevidenciju-clanstva-povodom-desetogodisnjice-postojanja-partije\\\/#breadcrumb\"},\"inLanguage\":\"en-GB\",\"potentialAction\":[{\"@type\":\"ReadAction\",\"target\":[\"https:\\\/\\\/dmcsrb.com\\\/politika\\\/becic-demokrate-pokrenule-reevidenciju-clanstva-povodom-desetogodisnjice-postojanja-partije\\\/\"]}]},{\"@type\":\"ImageObject\",\"inLanguage\":\"en-GB\",\"@id\":\"https:\\\/\\\/dmcsrb.com\\\/politika\\\/becic-demokrate-pokrenule-reevidenciju-clanstva-povodom-desetogodisnjice-postojanja-partije\\\/#primaryimage\",\"url\":\"https:\\\/\\\/dmcsrb.com\\\/wp-content\\\/uploads\\\/2026\\\/01\\\/dmokrate1.jpg\",\"contentUrl\":\"https:\\\/\\\/dmcsrb.com\\\/wp-content\\\/uploads\\\/2026\\\/01\\\/dmokrate1.jpg\",\"width\":855,\"height\":645},{\"@type\":\"BreadcrumbList\",\"@id\":\"https:\\\/\\\/dmcsrb.com\\\/politika\\\/becic-demokrate-pokrenule-reevidenciju-clanstva-povodom-desetogodisnjice-postojanja-partije\\\/#breadcrumb\",\"itemListElement\":[{\"@type\":\"ListItem\",\"position\":1,\"name\":\"Home\",\"item\":\"https:\\\/\\\/dmcsrb.com\\\/\"},{\"@type\":\"ListItem\",\"position\":2,\"name\":\"Be\u010di\u0107: Demokrate pokrenule reevidenciju \u010dlanstva povodom desetogodi\u0161njice postojanja partije\"}]},{\"@type\":\"WebSite\",\"@id\":\"https:\\\/\\\/dmcsrb.com\\\/#website\",\"url\":\"https:\\\/\\\/dmcsrb.com\\\/\",\"name\":\"dmcsrb.com\",\"description\":\"\",\"potentialAction\":[{\"@type\":\"SearchAction\",\"target\":{\"@type\":\"EntryPoint\",\"urlTemplate\":\"https:\\\/\\\/dmcsrb.com\\\/?s={search_term_string}\"},\"query-input\":{\"@type\":\"PropertyValueSpecification\",\"valueRequired\":true,\"valueName\":\"search_term_string\"}}],\"inLanguage\":\"en-GB\"},{\"@type\":\"Person\",\"@id\":\"https:\\\/\\\/dmcsrb.com\\\/#\\\/schema\\\/person\\\/5c39170f12db1b8b457732d0b5c854e2\",\"name\":\"dmcsrbija.com@gmail.com\",\"image\":{\"@type\":\"ImageObject\",\"inLanguage\":\"en-GB\",\"@id\":\"https:\\\/\\\/secure.gravatar.com\\\/avatar\\\/68592660ad6347fad0fb587f8d5d8f1a7b44961362f56e4f2cd524feb87e9069?s=96&d=mm&r=g\",\"url\":\"https:\\\/\\\/secure.gravatar.com\\\/avatar\\\/68592660ad6347fad0fb587f8d5d8f1a7b44961362f56e4f2cd524feb87e9069?s=96&d=mm&r=g\",\"contentUrl\":\"https:\\\/\\\/secure.gravatar.com\\\/avatar\\\/68592660ad6347fad0fb587f8d5d8f1a7b44961362f56e4f2cd524feb87e9069?s=96&d=mm&r=g\",\"caption\":\"dmcsrbija.com@gmail.com\"},\"sameAs\":[\"https:\\\/\\\/dmcsrb.com\"],\"url\":\"https:\\\/\\\/dmcsrb.com\\\/en\\\/author\\\/dmcsrbija-comgmail-com\\\/\"}]}<\/script>\n<!-- \/ Yoast SEO plugin. -->","yoast_head_json":{"title":"Be\u010di\u0107: Demokrate pokrenule reevidenciju \u010dlanstva povodom desetogodi\u0161njice postojanja partije - dmcsrb.com","robots":{"index":"index","follow":"follow","max-snippet":"max-snippet:-1","max-image-preview":"max-image-preview:large","max-video-preview":"max-video-preview:-1"},"canonical":"https:\/\/dmcsrb.com\/en\/politika\/becic-demokrate-pokrenule-reevidenciju-clanstva-povodom-desetogodisnjice-postojanja-partije\/","og_locale":"en_GB","og_type":"article","og_title":"Be\u010di\u0107: Demokrate pokrenule reevidenciju \u010dlanstva povodom desetogodi\u0161njice postojanja partije - dmcsrb.com","og_description":"Demokratska Crna Gora odr\u017eala je 27. sjednicu Predsjedni\u0161tva kojom je predsjedavao predsjednik Demokrata, Aleksa Be\u010di\u0107, a na kojoj su, izme\u0111u ostalog, razmatrani dosada\u0161nji rezultati u velikom procesu reevidencije \u010dlanstva povodom 10 godina postojanja Demokrata, istorijski rezultati sektora bezbjednosti u borbi protiv organizovanog kriminala i korupcije, kao i aktuelna politi\u010dka situacija, saop\u0161teno je iz te partije.","og_url":"https:\/\/dmcsrb.com\/en\/politika\/becic-demokrate-pokrenule-reevidenciju-clanstva-povodom-desetogodisnjice-postojanja-partije\/","og_site_name":"dmcsrb.com","article_published_time":"2025-12-15T12:37:20+00:00","og_image":[{"width":855,"height":645,"url":"https:\/\/dmcsrb.com\/wp-content\/uploads\/2026\/01\/dmokrate1.jpg","type":"image\/jpeg"}],"author":"dmcsrbija.com@gmail.com","twitter_card":"summary_large_image","twitter_misc":{"Written by":"dmcsrbija.com@gmail.com","Estimated reading time":"2 minutes"},"schema":{"@context":"https:\/\/schema.org","@graph":[{"@type":"Article","@id":"https:\/\/dmcsrb.com\/politika\/becic-demokrate-pokrenule-reevidenciju-clanstva-povodom-desetogodisnjice-postojanja-partije\/#article","isPartOf":{"@id":"https:\/\/dmcsrb.com\/politika\/becic-demokrate-pokrenule-reevidenciju-clanstva-povodom-desetogodisnjice-postojanja-partije\/"},"author":{"name":"dmcsrbija.com@gmail.com","@id":"https:\/\/dmcsrb.com\/#\/schema\/person\/5c39170f12db1b8b457732d0b5c854e2"},"headline":"Be\u010di\u0107: Demokrate pokrenule reevidenciju \u010dlanstva povodom desetogodi\u0161njice postojanja partije","datePublished":"2025-12-15T12:37:20+00:00","mainEntityOfPage":{"@id":"https:\/\/dmcsrb.com\/politika\/becic-demokrate-pokrenule-reevidenciju-clanstva-povodom-desetogodisnjice-postojanja-partije\/"},"wordCount":471,"commentCount":0,"image":{"@id":"https:\/\/dmcsrb.com\/politika\/becic-demokrate-pokrenule-reevidenciju-clanstva-povodom-desetogodisnjice-postojanja-partije\/#primaryimage"},"thumbnailUrl":"https:\/\/dmcsrb.com\/wp-content\/uploads\/2026\/01\/dmokrate1.jpg","keywords":["\u010dlnstvo","DCG"],"articleSection":["Politika"],"inLanguage":"en-GB","potentialAction":[{"@type":"CommentAction","name":"Comment","target":["https:\/\/dmcsrb.com\/politika\/becic-demokrate-pokrenule-reevidenciju-clanstva-povodom-desetogodisnjice-postojanja-partije\/#respond"]}]},{"@type":"WebPage","@id":"https:\/\/dmcsrb.com\/politika\/becic-demokrate-pokrenule-reevidenciju-clanstva-povodom-desetogodisnjice-postojanja-partije\/","url":"https:\/\/dmcsrb.com\/politika\/becic-demokrate-pokrenule-reevidenciju-clanstva-povodom-desetogodisnjice-postojanja-partije\/","name":"Be\u010di\u0107: Demokrate pokrenule reevidenciju \u010dlanstva povodom desetogodi\u0161njice postojanja partije - dmcsrb.com","isPartOf":{"@id":"https:\/\/dmcsrb.com\/#website"},"primaryImageOfPage":{"@id":"https:\/\/dmcsrb.com\/politika\/becic-demokrate-pokrenule-reevidenciju-clanstva-povodom-desetogodisnjice-postojanja-partije\/#primaryimage"},"image":{"@id":"https:\/\/dmcsrb.com\/politika\/becic-demokrate-pokrenule-reevidenciju-clanstva-povodom-desetogodisnjice-postojanja-partije\/#primaryimage"},"thumbnailUrl":"https:\/\/dmcsrb.com\/wp-content\/uploads\/2026\/01\/dmokrate1.jpg","datePublished":"2025-12-15T12:37:20+00:00","author":{"@id":"https:\/\/dmcsrb.com\/#\/schema\/person\/5c39170f12db1b8b457732d0b5c854e2"},"breadcrumb":{"@id":"https:\/\/dmcsrb.com\/politika\/becic-demokrate-pokrenule-reevidenciju-clanstva-povodom-desetogodisnjice-postojanja-partije\/#breadcrumb"},"inLanguage":"en-GB","potentialAction":[{"@type":"ReadAction","target":["https:\/\/dmcsrb.com\/politika\/becic-demokrate-pokrenule-reevidenciju-clanstva-povodom-desetogodisnjice-postojanja-partije\/"]}]},{"@type":"ImageObject","inLanguage":"en-GB","@id":"https:\/\/dmcsrb.com\/politika\/becic-demokrate-pokrenule-reevidenciju-clanstva-povodom-desetogodisnjice-postojanja-partije\/#primaryimage","url":"https:\/\/dmcsrb.com\/wp-content\/uploads\/2026\/01\/dmokrate1.jpg","contentUrl":"https:\/\/dmcsrb.com\/wp-content\/uploads\/2026\/01\/dmokrate1.jpg","width":855,"height":645},{"@type":"BreadcrumbList","@id":"https:\/\/dmcsrb.com\/politika\/becic-demokrate-pokrenule-reevidenciju-clanstva-povodom-desetogodisnjice-postojanja-partije\/#breadcrumb","itemListElement":[{"@type":"ListItem","position":1,"name":"Home","item":"https:\/\/dmcsrb.com\/"},{"@type":"ListItem","position":2,"name":"Be\u010di\u0107: Demokrate pokrenule reevidenciju \u010dlanstva povodom desetogodi\u0161njice postojanja partije"}]},{"@type":"WebSite","@id":"https:\/\/dmcsrb.com\/#website","url":"https:\/\/dmcsrb.com\/","name":"dmcsrb.com","description":"","potentialAction":[{"@type":"SearchAction","target":{"@type":"EntryPoint","urlTemplate":"https:\/\/dmcsrb.com\/?s={search_term_string}"},"query-input":{"@type":"PropertyValueSpecification","valueRequired":true,"valueName":"search_term_string"}}],"inLanguage":"en-GB"},{"@type":"Person","@id":"https:\/\/dmcsrb.com\/#\/schema\/person\/5c39170f12db1b8b457732d0b5c854e2","name":"dmcsrbija.com@gmail.com","image":{"@type":"ImageObject","inLanguage":"en-GB","@id":"https:\/\/secure.gravatar.com\/avatar\/68592660ad6347fad0fb587f8d5d8f1a7b44961362f56e4f2cd524feb87e9069?s=96&d=mm&r=g","url":"https:\/\/secure.gravatar.com\/avatar\/68592660ad6347fad0fb587f8d5d8f1a7b44961362f56e4f2cd524feb87e9069?s=96&d=mm&r=g","contentUrl":"https:\/\/secure.gravatar.com\/avatar\/68592660ad6347fad0fb587f8d5d8f1a7b44961362f56e4f2cd524feb87e9069?s=96&d=mm&r=g","caption":"dmcsrbija.com@gmail.com"},"sameAs":["https:\/\/dmcsrb.com"],"url":"https:\/\/dmcsrb.com\/en\/author\/dmcsrbija-comgmail-com\/"}]}},"_links":{"self":[{"href":"https:\/\/dmcsrb.com\/en\/wp-json\/wp\/v2\/posts\/913478","targetHints":{"allow":["GET"]}}],"collection":[{"href":"https:\/\/dmcsrb.com\/en\/wp-json\/wp\/v2\/posts"}],"about":[{"href":"https:\/\/dmcsrb.com\/en\/wp-json\/wp\/v2\/types\/post"}],"author":[{"embeddable":true,"href":"https:\/\/dmcsrb.com\/en\/wp-json\/wp\/v2\/users\/1"}],"replies":[{"embeddable":true,"href":"https:\/\/dmcsrb.com\/en\/wp-json\/wp\/v2\/comments?post=913478"}],"version-history":[{"count":0,"href":"https:\/\/dmcsrb.com\/en\/wp-json\/wp\/v2\/posts\/913478\/revisions"}],"wp:featuredmedia":[{"embeddable":true,"href":"https:\/\/dmcsrb.com\/en\/wp-json\/wp\/v2\/media\/913479"}],"wp:attachment":[{"href":"https:\/\/dmcsrb.com\/en\/wp-json\/wp\/v2\/media?parent=913478"}],"wp:term":[{"taxonomy":"category","embeddable":true,"href":"https:\/\/dmcsrb.com\/en\/wp-json\/wp\/v2\/categories?post=913478"},{"taxonomy":"post_tag","embeddable":true,"href":"https:\/\/dmcsrb.com\/en\/wp-json\/wp\/v2\/tags?post=913478"},{"taxonomy":"naslovna","embeddable":true,"href":"https:\/\/dmcsrb.com\/en\/wp-json\/wp\/v2\/naslovna?post=913478"}],"curies":[{"name":"wp","href":"https:\/\/api.w.org\/{rel}","templated":true}]}}