{"id":913472,"date":"2025-12-15T15:30:00","date_gmt":"2025-12-15T14:30:00","guid":{"rendered":"https:\/\/dmcsrb.com\/uncategorized\/novi-sad-uvodi-klasicnu-muziku-u-javni-prevoz\/"},"modified":"2025-12-15T15:30:00","modified_gmt":"2025-12-15T14:30:00","slug":"novi-sad-uvodi-klasicnu-muziku-u-javni-prevoz","status":"publish","type":"post","link":"https:\/\/dmcsrb.com\/en\/region\/novi-sad-uvodi-klasicnu-muziku-u-javni-prevoz\/","title":{"rendered":"Novi Sad uvodi klasi\u010dnu muziku u javni prevoz"},"content":{"rendered":"<p>Kako prenose srpski mediji, gradona\u010delnik Novog Sada<strong>&nbsp;\u017darko Mi\u0107in<\/strong>&nbsp;i v.d. upravnica Srpskog narodnog pozori\u0161ta (SNP)&nbsp;<strong>Dragana Milo\u0161evi\u0107<\/strong>&nbsp;potpisali su danas Sporazum o saradnji na realizaciji tog projekta, kojim je predvi\u0111eno da orkestar Opere SNP-a snimi tri sata operske i&nbsp;klasi\u010dne muzike, koja \u0107e biti emitovana u vozilima&nbsp;gradskog prevoza.<\/p>\n\n\n\n<p>\u201c\u010cinjenica da \u0107e orkestar Opere SNP-a izvesti neka od najljep\u0161ih djela svjetske muzi\u010dke ba\u0161tine, zna\u010dajno \u0107e doprinijeti ambijentu u gradskim autobusima. Pored ugodnosti putovanja, promovisa\u0107emo kulturu i najvrednija muzi\u010dka djela\u201d, ocijenio je Mi\u0107in, a prenio kabinet u saop\u0161tenju.<\/p>\n\n\n\n<p>On je naveo da je od 2012. godine u javni prevoz ulo\u017eeno vi\u0161e od 3,5 milijardi dinara.<\/p>\n\n\n\n<p>Milo\u0161evi\u0107 je istakla da je Srpsko narodno pozori\u0161te institucija koja \u017eivi i radi za Novosa\u0111ane, a da \u0107e ovaj projekat spojiti \u201csvakodnevni \u017eivot&nbsp;grada sa najuzvi\u0161enijim dometima muzi\u010dke umjetnosti\u201d.<\/p>\n\n\n\n<p>\u201cPlan je da se odaberu kompozicije koje nose smirenost, uzvi\u0161enost i estetitku, koje \u0107e na najljep\u0161i mogu\u0107ni na\u010din oplemeniti trenutke putovanja gradskim prevozom\u201d, rekla je Milo\u0161evi\u0107.<\/p>","protected":false},"excerpt":{"rendered":"<p>Novi Sad \u0107e u gradskom javnom prevozu emitovati klasi\u010dnu muziku u okviru projekta &#8220;Najbolji novosadski muzi\u010dari sviraju najlep\u0161u muziku za Novosa\u0111ane&#8221;, saop\u0161teno danas iz kabineta gradona\u010delnika.<\/p>","protected":false},"author":1,"featured_media":913473,"comment_status":"open","ping_status":"open","sticky":false,"template":"","format":"standard","meta":{"_acf_changed":false,"footnotes":""},"categories":[103],"tags":[3032,2231,22],"naslovna":[],"class_list":["post-913472","post","type-post","status-publish","format-standard","has-post-thumbnail","hentry","category-region","tag-gradski-prevoz","tag-novi-sad","tag-srbija"],"acf":[],"yoast_head":"<!-- This site is optimized with the Yoast SEO plugin v27.4 - https:\/\/yoast.com\/product\/yoast-seo-wordpress\/ -->\n<title>Novi Sad uvodi klasi\u010dnu muziku u javni prevoz - dmcsrb.com<\/title>\n<meta name=\"robots\" content=\"index, follow, max-snippet:-1, max-image-preview:large, max-video-preview:-1\" \/>\n<link rel=\"canonical\" href=\"https:\/\/dmcsrb.com\/en\/region\/novi-sad-uvodi-klasicnu-muziku-u-javni-prevoz\/\" \/>\n<meta property=\"og:locale\" content=\"en_GB\" \/>\n<meta property=\"og:type\" content=\"article\" \/>\n<meta property=\"og:title\" content=\"Novi Sad uvodi klasi\u010dnu muziku u javni prevoz - dmcsrb.com\" \/>\n<meta property=\"og:description\" content=\"Novi Sad \u0107e u gradskom javnom prevozu emitovati klasi\u010dnu muziku u okviru projekta &quot;Najbolji novosadski muzi\u010dari sviraju najlep\u0161u muziku za Novosa\u0111ane&quot;, saop\u0161teno danas iz kabineta gradona\u010delnika.\" \/>\n<meta property=\"og:url\" content=\"https:\/\/dmcsrb.com\/en\/region\/novi-sad-uvodi-klasicnu-muziku-u-javni-prevoz\/\" \/>\n<meta property=\"og:site_name\" content=\"dmcsrb.com\" \/>\n<meta property=\"article:published_time\" content=\"2025-12-15T14:30:00+00:00\" \/>\n<meta property=\"og:image\" content=\"https:\/\/dmcsrb.com\/wp-content\/uploads\/2026\/01\/novi-sad.jpeg\" \/>\n\t<meta property=\"og:image:width\" content=\"2000\" \/>\n\t<meta property=\"og:image:height\" content=\"1125\" \/>\n\t<meta property=\"og:image:type\" content=\"image\/jpeg\" \/>\n<meta name=\"author\" content=\"dmcsrbija.com@gmail.com\" \/>\n<meta name=\"twitter:card\" content=\"summary_large_image\" \/>\n<meta name=\"twitter:label1\" content=\"Written by\" \/>\n\t<meta name=\"twitter:data1\" content=\"dmcsrbija.com@gmail.com\" \/>\n\t<meta name=\"twitter:label2\" content=\"Estimated reading time\" \/>\n\t<meta name=\"twitter:data2\" content=\"1 minute\" \/>\n<script type=\"application\/ld+json\" class=\"yoast-schema-graph\">{\"@context\":\"https:\\\/\\\/schema.org\",\"@graph\":[{\"@type\":\"Article\",\"@id\":\"https:\\\/\\\/dmcsrb.com\\\/region\\\/novi-sad-uvodi-klasicnu-muziku-u-javni-prevoz\\\/#article\",\"isPartOf\":{\"@id\":\"https:\\\/\\\/dmcsrb.com\\\/region\\\/novi-sad-uvodi-klasicnu-muziku-u-javni-prevoz\\\/\"},\"author\":{\"name\":\"dmcsrbija.com@gmail.com\",\"@id\":\"https:\\\/\\\/dmcsrb.com\\\/#\\\/schema\\\/person\\\/5c39170f12db1b8b457732d0b5c854e2\"},\"headline\":\"Novi Sad uvodi klasi\u010dnu muziku u javni prevoz\",\"datePublished\":\"2025-12-15T14:30:00+00:00\",\"mainEntityOfPage\":{\"@id\":\"https:\\\/\\\/dmcsrb.com\\\/region\\\/novi-sad-uvodi-klasicnu-muziku-u-javni-prevoz\\\/\"},\"wordCount\":201,\"commentCount\":0,\"image\":{\"@id\":\"https:\\\/\\\/dmcsrb.com\\\/region\\\/novi-sad-uvodi-klasicnu-muziku-u-javni-prevoz\\\/#primaryimage\"},\"thumbnailUrl\":\"https:\\\/\\\/dmcsrb.com\\\/wp-content\\\/uploads\\\/2026\\\/01\\\/novi-sad.jpeg\",\"keywords\":[\"Gradski prevoz\",\"Novi Sad\",\"Srbija\"],\"articleSection\":[\"Region\"],\"inLanguage\":\"en-GB\",\"potentialAction\":[{\"@type\":\"CommentAction\",\"name\":\"Comment\",\"target\":[\"https:\\\/\\\/dmcsrb.com\\\/region\\\/novi-sad-uvodi-klasicnu-muziku-u-javni-prevoz\\\/#respond\"]}]},{\"@type\":\"WebPage\",\"@id\":\"https:\\\/\\\/dmcsrb.com\\\/region\\\/novi-sad-uvodi-klasicnu-muziku-u-javni-prevoz\\\/\",\"url\":\"https:\\\/\\\/dmcsrb.com\\\/region\\\/novi-sad-uvodi-klasicnu-muziku-u-javni-prevoz\\\/\",\"name\":\"Novi Sad uvodi klasi\u010dnu muziku u javni prevoz - dmcsrb.com\",\"isPartOf\":{\"@id\":\"https:\\\/\\\/dmcsrb.com\\\/#website\"},\"primaryImageOfPage\":{\"@id\":\"https:\\\/\\\/dmcsrb.com\\\/region\\\/novi-sad-uvodi-klasicnu-muziku-u-javni-prevoz\\\/#primaryimage\"},\"image\":{\"@id\":\"https:\\\/\\\/dmcsrb.com\\\/region\\\/novi-sad-uvodi-klasicnu-muziku-u-javni-prevoz\\\/#primaryimage\"},\"thumbnailUrl\":\"https:\\\/\\\/dmcsrb.com\\\/wp-content\\\/uploads\\\/2026\\\/01\\\/novi-sad.jpeg\",\"datePublished\":\"2025-12-15T14:30:00+00:00\",\"author\":{\"@id\":\"https:\\\/\\\/dmcsrb.com\\\/#\\\/schema\\\/person\\\/5c39170f12db1b8b457732d0b5c854e2\"},\"breadcrumb\":{\"@id\":\"https:\\\/\\\/dmcsrb.com\\\/region\\\/novi-sad-uvodi-klasicnu-muziku-u-javni-prevoz\\\/#breadcrumb\"},\"inLanguage\":\"en-GB\",\"potentialAction\":[{\"@type\":\"ReadAction\",\"target\":[\"https:\\\/\\\/dmcsrb.com\\\/region\\\/novi-sad-uvodi-klasicnu-muziku-u-javni-prevoz\\\/\"]}]},{\"@type\":\"ImageObject\",\"inLanguage\":\"en-GB\",\"@id\":\"https:\\\/\\\/dmcsrb.com\\\/region\\\/novi-sad-uvodi-klasicnu-muziku-u-javni-prevoz\\\/#primaryimage\",\"url\":\"https:\\\/\\\/dmcsrb.com\\\/wp-content\\\/uploads\\\/2026\\\/01\\\/novi-sad.jpeg\",\"contentUrl\":\"https:\\\/\\\/dmcsrb.com\\\/wp-content\\\/uploads\\\/2026\\\/01\\\/novi-sad.jpeg\",\"width\":2000,\"height\":1125},{\"@type\":\"BreadcrumbList\",\"@id\":\"https:\\\/\\\/dmcsrb.com\\\/region\\\/novi-sad-uvodi-klasicnu-muziku-u-javni-prevoz\\\/#breadcrumb\",\"itemListElement\":[{\"@type\":\"ListItem\",\"position\":1,\"name\":\"Home\",\"item\":\"https:\\\/\\\/dmcsrb.com\\\/\"},{\"@type\":\"ListItem\",\"position\":2,\"name\":\"Novi Sad uvodi klasi\u010dnu muziku u javni prevoz\"}]},{\"@type\":\"WebSite\",\"@id\":\"https:\\\/\\\/dmcsrb.com\\\/#website\",\"url\":\"https:\\\/\\\/dmcsrb.com\\\/\",\"name\":\"dmcsrb.com\",\"description\":\"\",\"potentialAction\":[{\"@type\":\"SearchAction\",\"target\":{\"@type\":\"EntryPoint\",\"urlTemplate\":\"https:\\\/\\\/dmcsrb.com\\\/?s={search_term_string}\"},\"query-input\":{\"@type\":\"PropertyValueSpecification\",\"valueRequired\":true,\"valueName\":\"search_term_string\"}}],\"inLanguage\":\"en-GB\"},{\"@type\":\"Person\",\"@id\":\"https:\\\/\\\/dmcsrb.com\\\/#\\\/schema\\\/person\\\/5c39170f12db1b8b457732d0b5c854e2\",\"name\":\"dmcsrbija.com@gmail.com\",\"image\":{\"@type\":\"ImageObject\",\"inLanguage\":\"en-GB\",\"@id\":\"https:\\\/\\\/secure.gravatar.com\\\/avatar\\\/68592660ad6347fad0fb587f8d5d8f1a7b44961362f56e4f2cd524feb87e9069?s=96&d=mm&r=g\",\"url\":\"https:\\\/\\\/secure.gravatar.com\\\/avatar\\\/68592660ad6347fad0fb587f8d5d8f1a7b44961362f56e4f2cd524feb87e9069?s=96&d=mm&r=g\",\"contentUrl\":\"https:\\\/\\\/secure.gravatar.com\\\/avatar\\\/68592660ad6347fad0fb587f8d5d8f1a7b44961362f56e4f2cd524feb87e9069?s=96&d=mm&r=g\",\"caption\":\"dmcsrbija.com@gmail.com\"},\"sameAs\":[\"https:\\\/\\\/dmcsrb.com\"],\"url\":\"https:\\\/\\\/dmcsrb.com\\\/en\\\/author\\\/dmcsrbija-comgmail-com\\\/\"}]}<\/script>\n<!-- \/ Yoast SEO plugin. -->","yoast_head_json":{"title":"Novi Sad uvodi klasi\u010dnu muziku u javni prevoz - dmcsrb.com","robots":{"index":"index","follow":"follow","max-snippet":"max-snippet:-1","max-image-preview":"max-image-preview:large","max-video-preview":"max-video-preview:-1"},"canonical":"https:\/\/dmcsrb.com\/en\/region\/novi-sad-uvodi-klasicnu-muziku-u-javni-prevoz\/","og_locale":"en_GB","og_type":"article","og_title":"Novi Sad uvodi klasi\u010dnu muziku u javni prevoz - dmcsrb.com","og_description":"Novi Sad \u0107e u gradskom javnom prevozu emitovati klasi\u010dnu muziku u okviru projekta \"Najbolji novosadski muzi\u010dari sviraju najlep\u0161u muziku za Novosa\u0111ane\", saop\u0161teno danas iz kabineta gradona\u010delnika.","og_url":"https:\/\/dmcsrb.com\/en\/region\/novi-sad-uvodi-klasicnu-muziku-u-javni-prevoz\/","og_site_name":"dmcsrb.com","article_published_time":"2025-12-15T14:30:00+00:00","og_image":[{"width":2000,"height":1125,"url":"https:\/\/dmcsrb.com\/wp-content\/uploads\/2026\/01\/novi-sad.jpeg","type":"image\/jpeg"}],"author":"dmcsrbija.com@gmail.com","twitter_card":"summary_large_image","twitter_misc":{"Written by":"dmcsrbija.com@gmail.com","Estimated reading time":"1 minute"},"schema":{"@context":"https:\/\/schema.org","@graph":[{"@type":"Article","@id":"https:\/\/dmcsrb.com\/region\/novi-sad-uvodi-klasicnu-muziku-u-javni-prevoz\/#article","isPartOf":{"@id":"https:\/\/dmcsrb.com\/region\/novi-sad-uvodi-klasicnu-muziku-u-javni-prevoz\/"},"author":{"name":"dmcsrbija.com@gmail.com","@id":"https:\/\/dmcsrb.com\/#\/schema\/person\/5c39170f12db1b8b457732d0b5c854e2"},"headline":"Novi Sad uvodi klasi\u010dnu muziku u javni prevoz","datePublished":"2025-12-15T14:30:00+00:00","mainEntityOfPage":{"@id":"https:\/\/dmcsrb.com\/region\/novi-sad-uvodi-klasicnu-muziku-u-javni-prevoz\/"},"wordCount":201,"commentCount":0,"image":{"@id":"https:\/\/dmcsrb.com\/region\/novi-sad-uvodi-klasicnu-muziku-u-javni-prevoz\/#primaryimage"},"thumbnailUrl":"https:\/\/dmcsrb.com\/wp-content\/uploads\/2026\/01\/novi-sad.jpeg","keywords":["Gradski prevoz","Novi Sad","Srbija"],"articleSection":["Region"],"inLanguage":"en-GB","potentialAction":[{"@type":"CommentAction","name":"Comment","target":["https:\/\/dmcsrb.com\/region\/novi-sad-uvodi-klasicnu-muziku-u-javni-prevoz\/#respond"]}]},{"@type":"WebPage","@id":"https:\/\/dmcsrb.com\/region\/novi-sad-uvodi-klasicnu-muziku-u-javni-prevoz\/","url":"https:\/\/dmcsrb.com\/region\/novi-sad-uvodi-klasicnu-muziku-u-javni-prevoz\/","name":"Novi Sad uvodi klasi\u010dnu muziku u javni prevoz - dmcsrb.com","isPartOf":{"@id":"https:\/\/dmcsrb.com\/#website"},"primaryImageOfPage":{"@id":"https:\/\/dmcsrb.com\/region\/novi-sad-uvodi-klasicnu-muziku-u-javni-prevoz\/#primaryimage"},"image":{"@id":"https:\/\/dmcsrb.com\/region\/novi-sad-uvodi-klasicnu-muziku-u-javni-prevoz\/#primaryimage"},"thumbnailUrl":"https:\/\/dmcsrb.com\/wp-content\/uploads\/2026\/01\/novi-sad.jpeg","datePublished":"2025-12-15T14:30:00+00:00","author":{"@id":"https:\/\/dmcsrb.com\/#\/schema\/person\/5c39170f12db1b8b457732d0b5c854e2"},"breadcrumb":{"@id":"https:\/\/dmcsrb.com\/region\/novi-sad-uvodi-klasicnu-muziku-u-javni-prevoz\/#breadcrumb"},"inLanguage":"en-GB","potentialAction":[{"@type":"ReadAction","target":["https:\/\/dmcsrb.com\/region\/novi-sad-uvodi-klasicnu-muziku-u-javni-prevoz\/"]}]},{"@type":"ImageObject","inLanguage":"en-GB","@id":"https:\/\/dmcsrb.com\/region\/novi-sad-uvodi-klasicnu-muziku-u-javni-prevoz\/#primaryimage","url":"https:\/\/dmcsrb.com\/wp-content\/uploads\/2026\/01\/novi-sad.jpeg","contentUrl":"https:\/\/dmcsrb.com\/wp-content\/uploads\/2026\/01\/novi-sad.jpeg","width":2000,"height":1125},{"@type":"BreadcrumbList","@id":"https:\/\/dmcsrb.com\/region\/novi-sad-uvodi-klasicnu-muziku-u-javni-prevoz\/#breadcrumb","itemListElement":[{"@type":"ListItem","position":1,"name":"Home","item":"https:\/\/dmcsrb.com\/"},{"@type":"ListItem","position":2,"name":"Novi Sad uvodi klasi\u010dnu muziku u javni prevoz"}]},{"@type":"WebSite","@id":"https:\/\/dmcsrb.com\/#website","url":"https:\/\/dmcsrb.com\/","name":"dmcsrb.com","description":"","potentialAction":[{"@type":"SearchAction","target":{"@type":"EntryPoint","urlTemplate":"https:\/\/dmcsrb.com\/?s={search_term_string}"},"query-input":{"@type":"PropertyValueSpecification","valueRequired":true,"valueName":"search_term_string"}}],"inLanguage":"en-GB"},{"@type":"Person","@id":"https:\/\/dmcsrb.com\/#\/schema\/person\/5c39170f12db1b8b457732d0b5c854e2","name":"dmcsrbija.com@gmail.com","image":{"@type":"ImageObject","inLanguage":"en-GB","@id":"https:\/\/secure.gravatar.com\/avatar\/68592660ad6347fad0fb587f8d5d8f1a7b44961362f56e4f2cd524feb87e9069?s=96&d=mm&r=g","url":"https:\/\/secure.gravatar.com\/avatar\/68592660ad6347fad0fb587f8d5d8f1a7b44961362f56e4f2cd524feb87e9069?s=96&d=mm&r=g","contentUrl":"https:\/\/secure.gravatar.com\/avatar\/68592660ad6347fad0fb587f8d5d8f1a7b44961362f56e4f2cd524feb87e9069?s=96&d=mm&r=g","caption":"dmcsrbija.com@gmail.com"},"sameAs":["https:\/\/dmcsrb.com"],"url":"https:\/\/dmcsrb.com\/en\/author\/dmcsrbija-comgmail-com\/"}]}},"_links":{"self":[{"href":"https:\/\/dmcsrb.com\/en\/wp-json\/wp\/v2\/posts\/913472","targetHints":{"allow":["GET"]}}],"collection":[{"href":"https:\/\/dmcsrb.com\/en\/wp-json\/wp\/v2\/posts"}],"about":[{"href":"https:\/\/dmcsrb.com\/en\/wp-json\/wp\/v2\/types\/post"}],"author":[{"embeddable":true,"href":"https:\/\/dmcsrb.com\/en\/wp-json\/wp\/v2\/users\/1"}],"replies":[{"embeddable":true,"href":"https:\/\/dmcsrb.com\/en\/wp-json\/wp\/v2\/comments?post=913472"}],"version-history":[{"count":0,"href":"https:\/\/dmcsrb.com\/en\/wp-json\/wp\/v2\/posts\/913472\/revisions"}],"wp:featuredmedia":[{"embeddable":true,"href":"https:\/\/dmcsrb.com\/en\/wp-json\/wp\/v2\/media\/913473"}],"wp:attachment":[{"href":"https:\/\/dmcsrb.com\/en\/wp-json\/wp\/v2\/media?parent=913472"}],"wp:term":[{"taxonomy":"category","embeddable":true,"href":"https:\/\/dmcsrb.com\/en\/wp-json\/wp\/v2\/categories?post=913472"},{"taxonomy":"post_tag","embeddable":true,"href":"https:\/\/dmcsrb.com\/en\/wp-json\/wp\/v2\/tags?post=913472"},{"taxonomy":"naslovna","embeddable":true,"href":"https:\/\/dmcsrb.com\/en\/wp-json\/wp\/v2\/naslovna?post=913472"}],"curies":[{"name":"wp","href":"https:\/\/api.w.org\/{rel}","templated":true}]}}