{"id":913324,"date":"2025-12-14T20:02:00","date_gmt":"2025-12-14T19:02:00","guid":{"rendered":"https:\/\/dmcsrb.com\/uncategorized\/samit-eu-zapadni-balkan-prosirenje-da-ali-uz-reforme\/"},"modified":"2025-12-14T20:02:00","modified_gmt":"2025-12-14T19:02:00","slug":"samit-eu-zapadni-balkan-prosirenje-da-ali-uz-reforme","status":"publish","type":"post","link":"https:\/\/dmcsrb.com\/en\/region\/samit-eu-zapadni-balkan-prosirenje-da-ali-uz-reforme\/","title":{"rendered":"Samit EU \u2013 zapadni Balkan: Pro\u0161irenje da, ali uz reforme"},"content":{"rendered":"<p><\/p>\n\n\n\n<p>EU \u0107e, osim lidera zemalja \u010dlanica, predstavljati Antonio Kosta, predsjednik Evropskog savjeta, kao i Kaja Kalas, visoka predstavnica EU za spoljnu politiku i bezbjednost.<\/p>\n\n\n\n<p>&#8220;Samit \u0107e ozna\u010diti va\u017enost politi\u010dkih i ekonomskih odnosa izme\u0111u EU i zapadnog Balkana, posebno u trenutnom geopoliti\u010dkom kontekstu i potrebi stvaranja sve ja\u010dih veza izme\u0111u EU i zapadnog Balkana&#8221;, navedeno je na stranici Savjeta, uo\u010di samita, uz napomenu da \u0107e na kraju samita biti donesena deklaracija, te se o\u010dekuje da se lideri regiona usaglase sa njenim sadr\u017eajem. &nbsp;<\/p>\n\n\n\n<p>&#8220;EU \u0107e ponovo potvrditi punu i nedvosmislenu posve\u0107enost perspektivi \u010dlanstva zapadnog Balkana u Evropskoj uniji, kao i napretku ostvarenog u procesu pro\u0161irenja, kako je navedeno u najnovijem izvje\u0161taju Evropske komisije. Na samitu \u0107e biti nagla\u0161ena va\u017enost opipljivog napretka u reformama, uskla\u0111ivanja sa pravnom tekovinom EU, regionalne saradnje, dobrosusjedskih odnosa i pomirenja&#8221;,&nbsp;<a href=\"https:\/\/www.consilium.europa.eu\/en\/meetings\/international-summit\/2025\/12\/17\/\" target=\"_blank\" rel=\"noreferrer noopener\">istaknuto je<\/a>&nbsp;u najavi samita.<\/p>\n\n\n\n<p>Iako je prije nekoliko godina u Evropi do\u0161lo do zamora pro\u0161irenjem, rat u Ukrajini ponovo je pokrenuo ovo pitanje i stavio ga u centralni dio evropske spoljne politike, obzirom da se na na\u0161 region gleda kao na pitanje bezbjednosti Evrope, ali i potrebe da se demonstrira evropska mo\u0107 i uticaj u neposrednom evropskom susjedstvu.<\/p>\n\n\n\n<p>Ovo je posebno va\u017eno nakon \u0161to je Bijela ku\u0107a pro\u0161le sedmice predstavila svoju strategiju nacionalne sigurnosti u kojem je EU kao institucija prakti\u010dno progla\u0161ena nepo\u017eeljnim partnerom, a podr\u0161ka data ultranacionalisti\u010dkim strankama u Evropi, koje su orjentisane protiv \u010dlanstva u ovom bloku.<\/p>\n\n\n\n<p>U dijelu saop\u0161tenja Savjeta u kojem se govori o narednim koracima, nagla\u0161eno je da je EU posve\u0107ena pribli\u017eavanju zapadnobalkanskih partnera EU tokom procesa pro\u0161irenja.<\/p>\n\n\n\n<p>&#8220;Njihova postepena integracija odvija se u vi\u0161e oblasti politika, \u010dime se priprema teren za pristupanje \u0161to treba da donese konkretne koristi gra\u0111anima. O\u010dekuje se da EU pozdravi konkretan napredak u postepenoj integraciji partnera sa zapadnog Balkana u jedinstveno tr\u017ei\u0161te EU, naro\u010dito kroz Plan rasta za zapadni Balkan&#8221;, nagla\u0161eno je.<\/p>\n\n\n\n<p>Plan rasta je program reformi EU s ciljem integrisanja regiona u evropsko jedinstveno tr\u017ei\u0161te, unapre\u0111enja regionalne ekonomske saradnje, kao i za poticanje potrebnih reformi za EU, kroz pru\u017eanje \u0161est milijardi evra sredstava za reforme i investicije. Tako\u0111e se vjeruje da Plan rasta ima potencijal da ubrza ekonomski rast u regionu tokom naredne decenije, kao i da olak\u0161a socijalno i ekonomsko uskla\u0111ivanje.<\/p>\n\n\n\n<p>&#8220;EU je primarni i najpouzdaniji partner zapadnog Balkana. Ona je glavni trgovinski partner, investitor i donator u regionu&#8221;, istaknuto je.<\/p>\n\n\n\n<p>Redovni samiti izme\u0111u EU i zapadnog Balkana odr\u017eavaju se od 2018. godine, a posljednji je bio odr\u017ean u Briselu pro\u0161le godine, dok je naredni predvi\u0111en u junu\u00a0u Crnoj Gori, prenose <strong>Nezavisne<\/strong>.<\/p>","protected":false},"excerpt":{"rendered":"<p>Lideri EU i zapadnog Balkana odr\u017ea\u0107e u Briselu u srijedu samit, koji bi trebalo da odredi budu\u0107i smjer strate\u0161kih odnosa EU i regiona.<\/p>","protected":false},"author":1,"featured_media":913325,"comment_status":"open","ping_status":"open","sticky":false,"template":"","format":"standard","meta":{"_acf_changed":false,"footnotes":""},"categories":[103],"tags":[1311,2928,2929],"naslovna":[],"class_list":["post-913324","post","type-post","status-publish","format-standard","has-post-thumbnail","hentry","category-region","tag-prosirenje","tag-reforme","tag-samit-eu-zapadni-balkan"],"acf":[],"yoast_head":"<!-- This site is optimized with the Yoast SEO plugin v27.4 - https:\/\/yoast.com\/product\/yoast-seo-wordpress\/ -->\n<title>Samit EU \u2013 zapadni Balkan: Pro\u0161irenje da, ali uz reforme - dmcsrb.com<\/title>\n<meta name=\"robots\" content=\"index, follow, max-snippet:-1, max-image-preview:large, max-video-preview:-1\" \/>\n<link rel=\"canonical\" href=\"https:\/\/dmcsrb.com\/en\/region\/samit-eu-zapadni-balkan-prosirenje-da-ali-uz-reforme\/\" \/>\n<meta property=\"og:locale\" content=\"en_GB\" \/>\n<meta property=\"og:type\" content=\"article\" \/>\n<meta property=\"og:title\" content=\"Samit EU \u2013 zapadni Balkan: Pro\u0161irenje da, ali uz reforme - dmcsrb.com\" \/>\n<meta property=\"og:description\" content=\"Lideri EU i zapadnog Balkana odr\u017ea\u0107e u Briselu u srijedu samit, koji bi trebalo da odredi budu\u0107i smjer strate\u0161kih odnosa EU i regiona.\" \/>\n<meta property=\"og:url\" content=\"https:\/\/dmcsrb.com\/en\/region\/samit-eu-zapadni-balkan-prosirenje-da-ali-uz-reforme\/\" \/>\n<meta property=\"og:site_name\" content=\"dmcsrb.com\" \/>\n<meta property=\"article:published_time\" content=\"2025-12-14T19:02:00+00:00\" \/>\n<meta property=\"og:image\" content=\"https:\/\/dmcsrb.com\/wp-content\/uploads\/2026\/01\/20251214143748_942332.jpg\" \/>\n\t<meta property=\"og:image:width\" content=\"1200\" \/>\n\t<meta property=\"og:image:height\" content=\"800\" \/>\n\t<meta property=\"og:image:type\" content=\"image\/jpeg\" \/>\n<meta name=\"author\" content=\"dmcsrbija.com@gmail.com\" \/>\n<meta name=\"twitter:card\" content=\"summary_large_image\" \/>\n<meta name=\"twitter:label1\" content=\"Written by\" \/>\n\t<meta name=\"twitter:data1\" content=\"dmcsrbija.com@gmail.com\" \/>\n\t<meta name=\"twitter:label2\" content=\"Estimated reading time\" \/>\n\t<meta name=\"twitter:data2\" content=\"2 minutes\" \/>\n<script type=\"application\/ld+json\" class=\"yoast-schema-graph\">{\"@context\":\"https:\\\/\\\/schema.org\",\"@graph\":[{\"@type\":\"Article\",\"@id\":\"https:\\\/\\\/dmcsrb.com\\\/region\\\/samit-eu-zapadni-balkan-prosirenje-da-ali-uz-reforme\\\/#article\",\"isPartOf\":{\"@id\":\"https:\\\/\\\/dmcsrb.com\\\/region\\\/samit-eu-zapadni-balkan-prosirenje-da-ali-uz-reforme\\\/\"},\"author\":{\"name\":\"dmcsrbija.com@gmail.com\",\"@id\":\"https:\\\/\\\/dmcsrb.com\\\/#\\\/schema\\\/person\\\/5c39170f12db1b8b457732d0b5c854e2\"},\"headline\":\"Samit EU \u2013 zapadni Balkan: Pro\u0161irenje da, ali uz reforme\",\"datePublished\":\"2025-12-14T19:02:00+00:00\",\"mainEntityOfPage\":{\"@id\":\"https:\\\/\\\/dmcsrb.com\\\/region\\\/samit-eu-zapadni-balkan-prosirenje-da-ali-uz-reforme\\\/\"},\"wordCount\":480,\"commentCount\":0,\"image\":{\"@id\":\"https:\\\/\\\/dmcsrb.com\\\/region\\\/samit-eu-zapadni-balkan-prosirenje-da-ali-uz-reforme\\\/#primaryimage\"},\"thumbnailUrl\":\"https:\\\/\\\/dmcsrb.com\\\/wp-content\\\/uploads\\\/2026\\\/01\\\/20251214143748_942332.jpg\",\"keywords\":[\"Pro\u0161irenje\",\"reforme\",\"Samit EU - Zapadni Balkan\"],\"articleSection\":[\"Region\"],\"inLanguage\":\"en-GB\",\"potentialAction\":[{\"@type\":\"CommentAction\",\"name\":\"Comment\",\"target\":[\"https:\\\/\\\/dmcsrb.com\\\/region\\\/samit-eu-zapadni-balkan-prosirenje-da-ali-uz-reforme\\\/#respond\"]}]},{\"@type\":\"WebPage\",\"@id\":\"https:\\\/\\\/dmcsrb.com\\\/region\\\/samit-eu-zapadni-balkan-prosirenje-da-ali-uz-reforme\\\/\",\"url\":\"https:\\\/\\\/dmcsrb.com\\\/region\\\/samit-eu-zapadni-balkan-prosirenje-da-ali-uz-reforme\\\/\",\"name\":\"Samit EU \u2013 zapadni Balkan: Pro\u0161irenje da, ali uz reforme - dmcsrb.com\",\"isPartOf\":{\"@id\":\"https:\\\/\\\/dmcsrb.com\\\/#website\"},\"primaryImageOfPage\":{\"@id\":\"https:\\\/\\\/dmcsrb.com\\\/region\\\/samit-eu-zapadni-balkan-prosirenje-da-ali-uz-reforme\\\/#primaryimage\"},\"image\":{\"@id\":\"https:\\\/\\\/dmcsrb.com\\\/region\\\/samit-eu-zapadni-balkan-prosirenje-da-ali-uz-reforme\\\/#primaryimage\"},\"thumbnailUrl\":\"https:\\\/\\\/dmcsrb.com\\\/wp-content\\\/uploads\\\/2026\\\/01\\\/20251214143748_942332.jpg\",\"datePublished\":\"2025-12-14T19:02:00+00:00\",\"author\":{\"@id\":\"https:\\\/\\\/dmcsrb.com\\\/#\\\/schema\\\/person\\\/5c39170f12db1b8b457732d0b5c854e2\"},\"breadcrumb\":{\"@id\":\"https:\\\/\\\/dmcsrb.com\\\/region\\\/samit-eu-zapadni-balkan-prosirenje-da-ali-uz-reforme\\\/#breadcrumb\"},\"inLanguage\":\"en-GB\",\"potentialAction\":[{\"@type\":\"ReadAction\",\"target\":[\"https:\\\/\\\/dmcsrb.com\\\/region\\\/samit-eu-zapadni-balkan-prosirenje-da-ali-uz-reforme\\\/\"]}]},{\"@type\":\"ImageObject\",\"inLanguage\":\"en-GB\",\"@id\":\"https:\\\/\\\/dmcsrb.com\\\/region\\\/samit-eu-zapadni-balkan-prosirenje-da-ali-uz-reforme\\\/#primaryimage\",\"url\":\"https:\\\/\\\/dmcsrb.com\\\/wp-content\\\/uploads\\\/2026\\\/01\\\/20251214143748_942332.jpg\",\"contentUrl\":\"https:\\\/\\\/dmcsrb.com\\\/wp-content\\\/uploads\\\/2026\\\/01\\\/20251214143748_942332.jpg\",\"width\":1200,\"height\":800},{\"@type\":\"BreadcrumbList\",\"@id\":\"https:\\\/\\\/dmcsrb.com\\\/region\\\/samit-eu-zapadni-balkan-prosirenje-da-ali-uz-reforme\\\/#breadcrumb\",\"itemListElement\":[{\"@type\":\"ListItem\",\"position\":1,\"name\":\"Home\",\"item\":\"https:\\\/\\\/dmcsrb.com\\\/\"},{\"@type\":\"ListItem\",\"position\":2,\"name\":\"Samit EU \u2013 zapadni Balkan: Pro\u0161irenje da, ali uz reforme\"}]},{\"@type\":\"WebSite\",\"@id\":\"https:\\\/\\\/dmcsrb.com\\\/#website\",\"url\":\"https:\\\/\\\/dmcsrb.com\\\/\",\"name\":\"dmcsrb.com\",\"description\":\"\",\"potentialAction\":[{\"@type\":\"SearchAction\",\"target\":{\"@type\":\"EntryPoint\",\"urlTemplate\":\"https:\\\/\\\/dmcsrb.com\\\/?s={search_term_string}\"},\"query-input\":{\"@type\":\"PropertyValueSpecification\",\"valueRequired\":true,\"valueName\":\"search_term_string\"}}],\"inLanguage\":\"en-GB\"},{\"@type\":\"Person\",\"@id\":\"https:\\\/\\\/dmcsrb.com\\\/#\\\/schema\\\/person\\\/5c39170f12db1b8b457732d0b5c854e2\",\"name\":\"dmcsrbija.com@gmail.com\",\"image\":{\"@type\":\"ImageObject\",\"inLanguage\":\"en-GB\",\"@id\":\"https:\\\/\\\/secure.gravatar.com\\\/avatar\\\/68592660ad6347fad0fb587f8d5d8f1a7b44961362f56e4f2cd524feb87e9069?s=96&d=mm&r=g\",\"url\":\"https:\\\/\\\/secure.gravatar.com\\\/avatar\\\/68592660ad6347fad0fb587f8d5d8f1a7b44961362f56e4f2cd524feb87e9069?s=96&d=mm&r=g\",\"contentUrl\":\"https:\\\/\\\/secure.gravatar.com\\\/avatar\\\/68592660ad6347fad0fb587f8d5d8f1a7b44961362f56e4f2cd524feb87e9069?s=96&d=mm&r=g\",\"caption\":\"dmcsrbija.com@gmail.com\"},\"sameAs\":[\"https:\\\/\\\/dmcsrb.com\"],\"url\":\"https:\\\/\\\/dmcsrb.com\\\/en\\\/author\\\/dmcsrbija-comgmail-com\\\/\"}]}<\/script>\n<!-- \/ Yoast SEO plugin. -->","yoast_head_json":{"title":"Samit EU \u2013 zapadni Balkan: Pro\u0161irenje da, ali uz reforme - dmcsrb.com","robots":{"index":"index","follow":"follow","max-snippet":"max-snippet:-1","max-image-preview":"max-image-preview:large","max-video-preview":"max-video-preview:-1"},"canonical":"https:\/\/dmcsrb.com\/en\/region\/samit-eu-zapadni-balkan-prosirenje-da-ali-uz-reforme\/","og_locale":"en_GB","og_type":"article","og_title":"Samit EU \u2013 zapadni Balkan: Pro\u0161irenje da, ali uz reforme - dmcsrb.com","og_description":"Lideri EU i zapadnog Balkana odr\u017ea\u0107e u Briselu u srijedu samit, koji bi trebalo da odredi budu\u0107i smjer strate\u0161kih odnosa EU i regiona.","og_url":"https:\/\/dmcsrb.com\/en\/region\/samit-eu-zapadni-balkan-prosirenje-da-ali-uz-reforme\/","og_site_name":"dmcsrb.com","article_published_time":"2025-12-14T19:02:00+00:00","og_image":[{"width":1200,"height":800,"url":"https:\/\/dmcsrb.com\/wp-content\/uploads\/2026\/01\/20251214143748_942332.jpg","type":"image\/jpeg"}],"author":"dmcsrbija.com@gmail.com","twitter_card":"summary_large_image","twitter_misc":{"Written by":"dmcsrbija.com@gmail.com","Estimated reading time":"2 minutes"},"schema":{"@context":"https:\/\/schema.org","@graph":[{"@type":"Article","@id":"https:\/\/dmcsrb.com\/region\/samit-eu-zapadni-balkan-prosirenje-da-ali-uz-reforme\/#article","isPartOf":{"@id":"https:\/\/dmcsrb.com\/region\/samit-eu-zapadni-balkan-prosirenje-da-ali-uz-reforme\/"},"author":{"name":"dmcsrbija.com@gmail.com","@id":"https:\/\/dmcsrb.com\/#\/schema\/person\/5c39170f12db1b8b457732d0b5c854e2"},"headline":"Samit EU \u2013 zapadni Balkan: Pro\u0161irenje da, ali uz reforme","datePublished":"2025-12-14T19:02:00+00:00","mainEntityOfPage":{"@id":"https:\/\/dmcsrb.com\/region\/samit-eu-zapadni-balkan-prosirenje-da-ali-uz-reforme\/"},"wordCount":480,"commentCount":0,"image":{"@id":"https:\/\/dmcsrb.com\/region\/samit-eu-zapadni-balkan-prosirenje-da-ali-uz-reforme\/#primaryimage"},"thumbnailUrl":"https:\/\/dmcsrb.com\/wp-content\/uploads\/2026\/01\/20251214143748_942332.jpg","keywords":["Pro\u0161irenje","reforme","Samit EU - Zapadni Balkan"],"articleSection":["Region"],"inLanguage":"en-GB","potentialAction":[{"@type":"CommentAction","name":"Comment","target":["https:\/\/dmcsrb.com\/region\/samit-eu-zapadni-balkan-prosirenje-da-ali-uz-reforme\/#respond"]}]},{"@type":"WebPage","@id":"https:\/\/dmcsrb.com\/region\/samit-eu-zapadni-balkan-prosirenje-da-ali-uz-reforme\/","url":"https:\/\/dmcsrb.com\/region\/samit-eu-zapadni-balkan-prosirenje-da-ali-uz-reforme\/","name":"Samit EU \u2013 zapadni Balkan: Pro\u0161irenje da, ali uz reforme - dmcsrb.com","isPartOf":{"@id":"https:\/\/dmcsrb.com\/#website"},"primaryImageOfPage":{"@id":"https:\/\/dmcsrb.com\/region\/samit-eu-zapadni-balkan-prosirenje-da-ali-uz-reforme\/#primaryimage"},"image":{"@id":"https:\/\/dmcsrb.com\/region\/samit-eu-zapadni-balkan-prosirenje-da-ali-uz-reforme\/#primaryimage"},"thumbnailUrl":"https:\/\/dmcsrb.com\/wp-content\/uploads\/2026\/01\/20251214143748_942332.jpg","datePublished":"2025-12-14T19:02:00+00:00","author":{"@id":"https:\/\/dmcsrb.com\/#\/schema\/person\/5c39170f12db1b8b457732d0b5c854e2"},"breadcrumb":{"@id":"https:\/\/dmcsrb.com\/region\/samit-eu-zapadni-balkan-prosirenje-da-ali-uz-reforme\/#breadcrumb"},"inLanguage":"en-GB","potentialAction":[{"@type":"ReadAction","target":["https:\/\/dmcsrb.com\/region\/samit-eu-zapadni-balkan-prosirenje-da-ali-uz-reforme\/"]}]},{"@type":"ImageObject","inLanguage":"en-GB","@id":"https:\/\/dmcsrb.com\/region\/samit-eu-zapadni-balkan-prosirenje-da-ali-uz-reforme\/#primaryimage","url":"https:\/\/dmcsrb.com\/wp-content\/uploads\/2026\/01\/20251214143748_942332.jpg","contentUrl":"https:\/\/dmcsrb.com\/wp-content\/uploads\/2026\/01\/20251214143748_942332.jpg","width":1200,"height":800},{"@type":"BreadcrumbList","@id":"https:\/\/dmcsrb.com\/region\/samit-eu-zapadni-balkan-prosirenje-da-ali-uz-reforme\/#breadcrumb","itemListElement":[{"@type":"ListItem","position":1,"name":"Home","item":"https:\/\/dmcsrb.com\/"},{"@type":"ListItem","position":2,"name":"Samit EU \u2013 zapadni Balkan: Pro\u0161irenje da, ali uz reforme"}]},{"@type":"WebSite","@id":"https:\/\/dmcsrb.com\/#website","url":"https:\/\/dmcsrb.com\/","name":"dmcsrb.com","description":"","potentialAction":[{"@type":"SearchAction","target":{"@type":"EntryPoint","urlTemplate":"https:\/\/dmcsrb.com\/?s={search_term_string}"},"query-input":{"@type":"PropertyValueSpecification","valueRequired":true,"valueName":"search_term_string"}}],"inLanguage":"en-GB"},{"@type":"Person","@id":"https:\/\/dmcsrb.com\/#\/schema\/person\/5c39170f12db1b8b457732d0b5c854e2","name":"dmcsrbija.com@gmail.com","image":{"@type":"ImageObject","inLanguage":"en-GB","@id":"https:\/\/secure.gravatar.com\/avatar\/68592660ad6347fad0fb587f8d5d8f1a7b44961362f56e4f2cd524feb87e9069?s=96&d=mm&r=g","url":"https:\/\/secure.gravatar.com\/avatar\/68592660ad6347fad0fb587f8d5d8f1a7b44961362f56e4f2cd524feb87e9069?s=96&d=mm&r=g","contentUrl":"https:\/\/secure.gravatar.com\/avatar\/68592660ad6347fad0fb587f8d5d8f1a7b44961362f56e4f2cd524feb87e9069?s=96&d=mm&r=g","caption":"dmcsrbija.com@gmail.com"},"sameAs":["https:\/\/dmcsrb.com"],"url":"https:\/\/dmcsrb.com\/en\/author\/dmcsrbija-comgmail-com\/"}]}},"_links":{"self":[{"href":"https:\/\/dmcsrb.com\/en\/wp-json\/wp\/v2\/posts\/913324","targetHints":{"allow":["GET"]}}],"collection":[{"href":"https:\/\/dmcsrb.com\/en\/wp-json\/wp\/v2\/posts"}],"about":[{"href":"https:\/\/dmcsrb.com\/en\/wp-json\/wp\/v2\/types\/post"}],"author":[{"embeddable":true,"href":"https:\/\/dmcsrb.com\/en\/wp-json\/wp\/v2\/users\/1"}],"replies":[{"embeddable":true,"href":"https:\/\/dmcsrb.com\/en\/wp-json\/wp\/v2\/comments?post=913324"}],"version-history":[{"count":0,"href":"https:\/\/dmcsrb.com\/en\/wp-json\/wp\/v2\/posts\/913324\/revisions"}],"wp:featuredmedia":[{"embeddable":true,"href":"https:\/\/dmcsrb.com\/en\/wp-json\/wp\/v2\/media\/913325"}],"wp:attachment":[{"href":"https:\/\/dmcsrb.com\/en\/wp-json\/wp\/v2\/media?parent=913324"}],"wp:term":[{"taxonomy":"category","embeddable":true,"href":"https:\/\/dmcsrb.com\/en\/wp-json\/wp\/v2\/categories?post=913324"},{"taxonomy":"post_tag","embeddable":true,"href":"https:\/\/dmcsrb.com\/en\/wp-json\/wp\/v2\/tags?post=913324"},{"taxonomy":"naslovna","embeddable":true,"href":"https:\/\/dmcsrb.com\/en\/wp-json\/wp\/v2\/naslovna?post=913324"}],"curies":[{"name":"wp","href":"https:\/\/api.w.org\/{rel}","templated":true}]}}