{"id":913240,"date":"2025-12-14T14:38:00","date_gmt":"2025-12-14T13:38:00","guid":{"rendered":"https:\/\/dmcsrb.com\/uncategorized\/belan-i-borancic-clanstvo-crne-gore-u-eu-istorijska-sansa-koju-ne-smijemo-propustiti-ni-mi-ni-eu\/"},"modified":"2025-12-14T14:38:00","modified_gmt":"2025-12-14T13:38:00","slug":"belan-i-borancic-clanstvo-crne-gore-u-eu-istorijska-sansa-koju-ne-smijemo-propustiti-ni-mi-ni-eu","status":"publish","type":"post","link":"https:\/\/dmcsrb.com\/en\/politika\/belan-i-borancic-clanstvo-crne-gore-u-eu-istorijska-sansa-koju-ne-smijemo-propustiti-ni-mi-ni-eu\/","title":{"rendered":"Belan i Boran\u010di\u0107: \u010clanstvo Crne Gore u EU istorijska \u0161ansa koju ne smijemo propustiti ni mi ni EU"},"content":{"rendered":"<p><\/p>\n\n\n\n<p>Na Konferenciji u organizaciji ALDE saveza liberala Evrope i LIBSEEN mre\u017ee liberalna Jugoisto\u010dne Evrope govorili su <strong>Vatroslav Belan<\/strong> predsjednik i <strong>Ammar Boran\u010di\u0107<\/strong> potpredsjednik LP.<\/p>\n\n\n\n<p>Predsjednik Belan, govore\u0107i na panelu o bezbjednosti Evrope, poru\u010dio je da ja\u010danje odbrane nije dovoljno ukoliko ne ja\u010damo i evropske vrijednosti.<\/p>\n\n\n\n<p>\u201cKada ula\u017eemo u odbranu, moramo znati \u0161ta branimo? Za koje vrijednosti smo spremni da se \u017ertvujemo\u201d, kazao je Belan.<\/p>\n\n\n\n<p>On je upozorio na maligni uticaj Moskve u Crnoj Gori te, kako navode, istorijsku va\u017enost toga da Crna Gora \u0161to prije postane punopravna \u010dlanica EU \u0161to bi ubrzalo reforme u dr\u017eavi i stabilizovalo politi\u010dku scenu Crne Gore.<\/p>\n\n\n\n<p>Upozorio je i na \u010dinjenicu da mladi ljudi i u EU i u zemljama kandidatima ne znaju koje su temeljne vrijednosti vodile do stvaranja EU i na kojim vrijednostima moderna, slobodna, liberalno-demokratska Evropa mora po\u010divati.<\/p>\n\n\n\n<p>\u201cNedostatak tog znanja kod mladih generacija je slabost koju \u0107e koristiti autoritarni, nacionalisti\u010dki re\u017eimi i ekstremna desnica u pravcu dezintegracije Evrope i njene podjele na zone interesa ostalih globalnih sila koje su vo\u0111ene autoritarnim re\u017eimima\u201d, kazao je Belan.<\/p>\n\n\n\n<p>Potpredsjednik Boran\u010di\u0107 poru\u010dio je, navode iz LP, da o\u010dekuje da liberalne snage Evrope i liberali u Evropskoj komisiji nastave da pru\u017eaju sna\u017enu podr\u0161ku gra\u0111anskim politikama u Crnoj Gori koje su i dovele dr\u017eavu u predvorje EU i jasno ukazuju na elemente u Vladi Crne Gore koji poku\u0161avaju da zaustave evropski put i destabilizuju Crnu Goru.<\/p>\n\n\n\n<p>On je kazao da je Evropi potrebno vi\u0161e hrabrosti i vizije za sada\u0161njost i za budu\u0107nost te da je pro\u0161irenje na Zapadni Balkan nu\u017eno za kompletnu sliku bezbjednosti i uticaja Evrope u svijetu ali i kvalitet \u017eivota svakog \u010dovjeka, u suprotnom, kako navode, jo\u0161 jedna izgubljena decenija mo\u017ee biti pogubna.<\/p>\n\n\n\n<p>\u201cOvaj skup bio je prilika da lideri crnogorskih liberala prenesu poruke i o\u010dekivanja evropskim liderima, poslanicima i zvani\u010dnicima EU te da obezbijede dodatnu sna\u017enu podr\u0161ku evropskim aspiracijama Crne Gore i evropskim, gra\u0111anskim politikama i partijama, nagla\u0161avaju\u0107i zna\u010daj crnogorskog \u010dlanstva u EU u narednih par godina, sa nekom druga\u010dijom vladaju\u0107om ve\u0107inom\u201d, ka\u017eu iz LP.<\/p>\n\n\n\n<p>Konferenciju su, navode, otvorili predsjednica LDP Makedonije <strong>Monika Zajkova<\/strong> i predsjednik Skup\u0161tine Sjeverne Makedonije <strong>Afrim Gashi<\/strong>.<\/p>\n\n\n\n<p>Na konferenciji su, kako zaklju\u010duju, govorili i predsjednica ALDE saveza <strong>Svenja Hahn<\/strong>, potpredsednik <strong>Rik Daems<\/strong> iz Belgije, <strong>David Chalmers<\/strong> me\u0111unarodni sekretar Liberalnih Demokrata Britanije, <strong>Pauline Kirkke<\/strong> biv\u0161a gradona\u010delnica Haga i \u010dlanica Senata Holandije, <strong>Vesna Pusi\u0107<\/strong> nekada\u0161nja ministarka vanjskih poslova Hrvatske, evropski poslanici i drugi liberalni lideri regiona i Evrope.<\/p>","protected":false},"excerpt":{"rendered":"<p>Delegacija Liberalne partije saop\u0161tila je da je u\u010destvovala\u00a0 na me\u0111unarodnoj liberalnoj konferenciji \u201cQuo vadis Europe?\u201d u Skoplju.<\/p>","protected":false},"author":1,"featured_media":913241,"comment_status":"open","ping_status":"open","sticky":false,"template":"","format":"standard","meta":{"_acf_changed":false,"footnotes":""},"categories":[12],"tags":[2844,2845,2846,2847],"naslovna":[],"class_list":["post-913240","post","type-post","status-publish","format-standard","has-post-thumbnail","hentry","category-politika","tag-ammar-borancic","tag-lpcg","tag-skoplje","tag-vatroslav-belan"],"acf":[],"yoast_head":"<!-- This site is optimized with the Yoast SEO plugin v27.0 - https:\/\/yoast.com\/product\/yoast-seo-wordpress\/ -->\n<title>Belan i Boran\u010di\u0107: \u010clanstvo Crne Gore u EU istorijska \u0161ansa koju ne smijemo propustiti ni mi ni EU - dmcsrb.com<\/title>\n<meta name=\"robots\" content=\"index, follow, max-snippet:-1, max-image-preview:large, max-video-preview:-1\" \/>\n<link rel=\"canonical\" href=\"https:\/\/dmcsrb.com\/en\/politika\/belan-i-borancic-clanstvo-crne-gore-u-eu-istorijska-sansa-koju-ne-smijemo-propustiti-ni-mi-ni-eu\/\" \/>\n<meta property=\"og:locale\" content=\"en_GB\" \/>\n<meta property=\"og:type\" content=\"article\" \/>\n<meta property=\"og:title\" content=\"Belan i Boran\u010di\u0107: \u010clanstvo Crne Gore u EU istorijska \u0161ansa koju ne smijemo propustiti ni mi ni EU - dmcsrb.com\" \/>\n<meta property=\"og:description\" content=\"Delegacija Liberalne partije saop\u0161tila je da je u\u010destvovala\u00a0 na me\u0111unarodnoj liberalnoj konferenciji \u201cQuo vadis Europe?\u201d u Skoplju.\" \/>\n<meta property=\"og:url\" content=\"https:\/\/dmcsrb.com\/en\/politika\/belan-i-borancic-clanstvo-crne-gore-u-eu-istorijska-sansa-koju-ne-smijemo-propustiti-ni-mi-ni-eu\/\" \/>\n<meta property=\"og:site_name\" content=\"dmcsrb.com\" \/>\n<meta property=\"article:published_time\" content=\"2025-12-14T13:38:00+00:00\" \/>\n<meta property=\"og:image\" content=\"https:\/\/dmcsrb.com\/wp-content\/uploads\/2026\/01\/Delegacija-Liberalne-partije-u-Skoplju-foto-LPCG.jpg\" \/>\n\t<meta property=\"og:image:width\" content=\"830\" \/>\n\t<meta property=\"og:image:height\" content=\"574\" \/>\n\t<meta property=\"og:image:type\" content=\"image\/jpeg\" \/>\n<meta name=\"author\" content=\"dmcsrbija.com@gmail.com\" \/>\n<meta name=\"twitter:card\" content=\"summary_large_image\" \/>\n<meta name=\"twitter:label1\" content=\"Written by\" \/>\n\t<meta name=\"twitter:data1\" content=\"dmcsrbija.com@gmail.com\" \/>\n\t<meta name=\"twitter:label2\" content=\"Estimated reading time\" \/>\n\t<meta name=\"twitter:data2\" content=\"2 minutes\" \/>\n<script type=\"application\/ld+json\" class=\"yoast-schema-graph\">{\"@context\":\"https:\/\/schema.org\",\"@graph\":[{\"@type\":\"Article\",\"@id\":\"https:\/\/dmcsrb.com\/politika\/belan-i-borancic-clanstvo-crne-gore-u-eu-istorijska-sansa-koju-ne-smijemo-propustiti-ni-mi-ni-eu\/#article\",\"isPartOf\":{\"@id\":\"https:\/\/dmcsrb.com\/politika\/belan-i-borancic-clanstvo-crne-gore-u-eu-istorijska-sansa-koju-ne-smijemo-propustiti-ni-mi-ni-eu\/\"},\"author\":{\"name\":\"dmcsrbija.com@gmail.com\",\"@id\":\"https:\/\/dmcsrb.com\/#\/schema\/person\/5c39170f12db1b8b457732d0b5c854e2\"},\"headline\":\"Belan i Boran\u010di\u0107: \u010clanstvo Crne Gore u EU istorijska \u0161ansa koju ne smijemo propustiti ni mi ni EU\",\"datePublished\":\"2025-12-14T13:38:00+00:00\",\"mainEntityOfPage\":{\"@id\":\"https:\/\/dmcsrb.com\/politika\/belan-i-borancic-clanstvo-crne-gore-u-eu-istorijska-sansa-koju-ne-smijemo-propustiti-ni-mi-ni-eu\/\"},\"wordCount\":465,\"commentCount\":0,\"image\":{\"@id\":\"https:\/\/dmcsrb.com\/politika\/belan-i-borancic-clanstvo-crne-gore-u-eu-istorijska-sansa-koju-ne-smijemo-propustiti-ni-mi-ni-eu\/#primaryimage\"},\"thumbnailUrl\":\"https:\/\/dmcsrb.com\/wp-content\/uploads\/2026\/01\/Delegacija-Liberalne-partije-u-Skoplju-foto-LPCG.jpg\",\"keywords\":[\"Ammar Boran\u010di\u0107\",\"LPCG\",\"skoplje\",\"Vatroslav Belan\"],\"articleSection\":[\"Politika\"],\"inLanguage\":\"en-GB\",\"potentialAction\":[{\"@type\":\"CommentAction\",\"name\":\"Comment\",\"target\":[\"https:\/\/dmcsrb.com\/politika\/belan-i-borancic-clanstvo-crne-gore-u-eu-istorijska-sansa-koju-ne-smijemo-propustiti-ni-mi-ni-eu\/#respond\"]}]},{\"@type\":\"WebPage\",\"@id\":\"https:\/\/dmcsrb.com\/politika\/belan-i-borancic-clanstvo-crne-gore-u-eu-istorijska-sansa-koju-ne-smijemo-propustiti-ni-mi-ni-eu\/\",\"url\":\"https:\/\/dmcsrb.com\/politika\/belan-i-borancic-clanstvo-crne-gore-u-eu-istorijska-sansa-koju-ne-smijemo-propustiti-ni-mi-ni-eu\/\",\"name\":\"Belan i Boran\u010di\u0107: \u010clanstvo Crne Gore u EU istorijska \u0161ansa koju ne smijemo propustiti ni mi ni EU - dmcsrb.com\",\"isPartOf\":{\"@id\":\"https:\/\/dmcsrb.com\/#website\"},\"primaryImageOfPage\":{\"@id\":\"https:\/\/dmcsrb.com\/politika\/belan-i-borancic-clanstvo-crne-gore-u-eu-istorijska-sansa-koju-ne-smijemo-propustiti-ni-mi-ni-eu\/#primaryimage\"},\"image\":{\"@id\":\"https:\/\/dmcsrb.com\/politika\/belan-i-borancic-clanstvo-crne-gore-u-eu-istorijska-sansa-koju-ne-smijemo-propustiti-ni-mi-ni-eu\/#primaryimage\"},\"thumbnailUrl\":\"https:\/\/dmcsrb.com\/wp-content\/uploads\/2026\/01\/Delegacija-Liberalne-partije-u-Skoplju-foto-LPCG.jpg\",\"datePublished\":\"2025-12-14T13:38:00+00:00\",\"author\":{\"@id\":\"https:\/\/dmcsrb.com\/#\/schema\/person\/5c39170f12db1b8b457732d0b5c854e2\"},\"breadcrumb\":{\"@id\":\"https:\/\/dmcsrb.com\/politika\/belan-i-borancic-clanstvo-crne-gore-u-eu-istorijska-sansa-koju-ne-smijemo-propustiti-ni-mi-ni-eu\/#breadcrumb\"},\"inLanguage\":\"en-GB\",\"potentialAction\":[{\"@type\":\"ReadAction\",\"target\":[\"https:\/\/dmcsrb.com\/politika\/belan-i-borancic-clanstvo-crne-gore-u-eu-istorijska-sansa-koju-ne-smijemo-propustiti-ni-mi-ni-eu\/\"]}]},{\"@type\":\"ImageObject\",\"inLanguage\":\"en-GB\",\"@id\":\"https:\/\/dmcsrb.com\/politika\/belan-i-borancic-clanstvo-crne-gore-u-eu-istorijska-sansa-koju-ne-smijemo-propustiti-ni-mi-ni-eu\/#primaryimage\",\"url\":\"https:\/\/dmcsrb.com\/wp-content\/uploads\/2026\/01\/Delegacija-Liberalne-partije-u-Skoplju-foto-LPCG.jpg\",\"contentUrl\":\"https:\/\/dmcsrb.com\/wp-content\/uploads\/2026\/01\/Delegacija-Liberalne-partije-u-Skoplju-foto-LPCG.jpg\",\"width\":830,\"height\":574},{\"@type\":\"BreadcrumbList\",\"@id\":\"https:\/\/dmcsrb.com\/politika\/belan-i-borancic-clanstvo-crne-gore-u-eu-istorijska-sansa-koju-ne-smijemo-propustiti-ni-mi-ni-eu\/#breadcrumb\",\"itemListElement\":[{\"@type\":\"ListItem\",\"position\":1,\"name\":\"Home\",\"item\":\"https:\/\/dmcsrb.com\/\"},{\"@type\":\"ListItem\",\"position\":2,\"name\":\"Belan i Boran\u010di\u0107: \u010clanstvo Crne Gore u EU istorijska \u0161ansa koju ne smijemo propustiti ni mi ni EU\"}]},{\"@type\":\"WebSite\",\"@id\":\"https:\/\/dmcsrb.com\/#website\",\"url\":\"https:\/\/dmcsrb.com\/\",\"name\":\"dmcsrb.com\",\"description\":\"\",\"potentialAction\":[{\"@type\":\"SearchAction\",\"target\":{\"@type\":\"EntryPoint\",\"urlTemplate\":\"https:\/\/dmcsrb.com\/?s={search_term_string}\"},\"query-input\":{\"@type\":\"PropertyValueSpecification\",\"valueRequired\":true,\"valueName\":\"search_term_string\"}}],\"inLanguage\":\"en-GB\"},{\"@type\":\"Person\",\"@id\":\"https:\/\/dmcsrb.com\/#\/schema\/person\/5c39170f12db1b8b457732d0b5c854e2\",\"name\":\"dmcsrbija.com@gmail.com\",\"image\":{\"@type\":\"ImageObject\",\"inLanguage\":\"en-GB\",\"@id\":\"https:\/\/dmcsrb.com\/#\/schema\/person\/image\/\",\"url\":\"https:\/\/secure.gravatar.com\/avatar\/68592660ad6347fad0fb587f8d5d8f1a7b44961362f56e4f2cd524feb87e9069?s=96&d=mm&r=g\",\"contentUrl\":\"https:\/\/secure.gravatar.com\/avatar\/68592660ad6347fad0fb587f8d5d8f1a7b44961362f56e4f2cd524feb87e9069?s=96&d=mm&r=g\",\"caption\":\"dmcsrbija.com@gmail.com\"},\"sameAs\":[\"https:\/\/dmcsrb.com\"],\"url\":\"https:\/\/dmcsrb.com\/en\/author\/dmcsrbija-comgmail-com\/\"}]}<\/script>\n<!-- \/ Yoast SEO plugin. -->","yoast_head_json":{"title":"Belan i Boran\u010di\u0107: \u010clanstvo Crne Gore u EU istorijska \u0161ansa koju ne smijemo propustiti ni mi ni EU - dmcsrb.com","robots":{"index":"index","follow":"follow","max-snippet":"max-snippet:-1","max-image-preview":"max-image-preview:large","max-video-preview":"max-video-preview:-1"},"canonical":"https:\/\/dmcsrb.com\/en\/politika\/belan-i-borancic-clanstvo-crne-gore-u-eu-istorijska-sansa-koju-ne-smijemo-propustiti-ni-mi-ni-eu\/","og_locale":"en_GB","og_type":"article","og_title":"Belan i Boran\u010di\u0107: \u010clanstvo Crne Gore u EU istorijska \u0161ansa koju ne smijemo propustiti ni mi ni EU - dmcsrb.com","og_description":"Delegacija Liberalne partije saop\u0161tila je da je u\u010destvovala\u00a0 na me\u0111unarodnoj liberalnoj konferenciji \u201cQuo vadis Europe?\u201d u Skoplju.","og_url":"https:\/\/dmcsrb.com\/en\/politika\/belan-i-borancic-clanstvo-crne-gore-u-eu-istorijska-sansa-koju-ne-smijemo-propustiti-ni-mi-ni-eu\/","og_site_name":"dmcsrb.com","article_published_time":"2025-12-14T13:38:00+00:00","og_image":[{"width":830,"height":574,"url":"https:\/\/dmcsrb.com\/wp-content\/uploads\/2026\/01\/Delegacija-Liberalne-partije-u-Skoplju-foto-LPCG.jpg","type":"image\/jpeg"}],"author":"dmcsrbija.com@gmail.com","twitter_card":"summary_large_image","twitter_misc":{"Written by":"dmcsrbija.com@gmail.com","Estimated reading time":"2 minutes"},"schema":{"@context":"https:\/\/schema.org","@graph":[{"@type":"Article","@id":"https:\/\/dmcsrb.com\/politika\/belan-i-borancic-clanstvo-crne-gore-u-eu-istorijska-sansa-koju-ne-smijemo-propustiti-ni-mi-ni-eu\/#article","isPartOf":{"@id":"https:\/\/dmcsrb.com\/politika\/belan-i-borancic-clanstvo-crne-gore-u-eu-istorijska-sansa-koju-ne-smijemo-propustiti-ni-mi-ni-eu\/"},"author":{"name":"dmcsrbija.com@gmail.com","@id":"https:\/\/dmcsrb.com\/#\/schema\/person\/5c39170f12db1b8b457732d0b5c854e2"},"headline":"Belan i Boran\u010di\u0107: \u010clanstvo Crne Gore u EU istorijska \u0161ansa koju ne smijemo propustiti ni mi ni EU","datePublished":"2025-12-14T13:38:00+00:00","mainEntityOfPage":{"@id":"https:\/\/dmcsrb.com\/politika\/belan-i-borancic-clanstvo-crne-gore-u-eu-istorijska-sansa-koju-ne-smijemo-propustiti-ni-mi-ni-eu\/"},"wordCount":465,"commentCount":0,"image":{"@id":"https:\/\/dmcsrb.com\/politika\/belan-i-borancic-clanstvo-crne-gore-u-eu-istorijska-sansa-koju-ne-smijemo-propustiti-ni-mi-ni-eu\/#primaryimage"},"thumbnailUrl":"https:\/\/dmcsrb.com\/wp-content\/uploads\/2026\/01\/Delegacija-Liberalne-partije-u-Skoplju-foto-LPCG.jpg","keywords":["Ammar Boran\u010di\u0107","LPCG","skoplje","Vatroslav Belan"],"articleSection":["Politika"],"inLanguage":"en-GB","potentialAction":[{"@type":"CommentAction","name":"Comment","target":["https:\/\/dmcsrb.com\/politika\/belan-i-borancic-clanstvo-crne-gore-u-eu-istorijska-sansa-koju-ne-smijemo-propustiti-ni-mi-ni-eu\/#respond"]}]},{"@type":"WebPage","@id":"https:\/\/dmcsrb.com\/politika\/belan-i-borancic-clanstvo-crne-gore-u-eu-istorijska-sansa-koju-ne-smijemo-propustiti-ni-mi-ni-eu\/","url":"https:\/\/dmcsrb.com\/politika\/belan-i-borancic-clanstvo-crne-gore-u-eu-istorijska-sansa-koju-ne-smijemo-propustiti-ni-mi-ni-eu\/","name":"Belan i Boran\u010di\u0107: \u010clanstvo Crne Gore u EU istorijska \u0161ansa koju ne smijemo propustiti ni mi ni EU - dmcsrb.com","isPartOf":{"@id":"https:\/\/dmcsrb.com\/#website"},"primaryImageOfPage":{"@id":"https:\/\/dmcsrb.com\/politika\/belan-i-borancic-clanstvo-crne-gore-u-eu-istorijska-sansa-koju-ne-smijemo-propustiti-ni-mi-ni-eu\/#primaryimage"},"image":{"@id":"https:\/\/dmcsrb.com\/politika\/belan-i-borancic-clanstvo-crne-gore-u-eu-istorijska-sansa-koju-ne-smijemo-propustiti-ni-mi-ni-eu\/#primaryimage"},"thumbnailUrl":"https:\/\/dmcsrb.com\/wp-content\/uploads\/2026\/01\/Delegacija-Liberalne-partije-u-Skoplju-foto-LPCG.jpg","datePublished":"2025-12-14T13:38:00+00:00","author":{"@id":"https:\/\/dmcsrb.com\/#\/schema\/person\/5c39170f12db1b8b457732d0b5c854e2"},"breadcrumb":{"@id":"https:\/\/dmcsrb.com\/politika\/belan-i-borancic-clanstvo-crne-gore-u-eu-istorijska-sansa-koju-ne-smijemo-propustiti-ni-mi-ni-eu\/#breadcrumb"},"inLanguage":"en-GB","potentialAction":[{"@type":"ReadAction","target":["https:\/\/dmcsrb.com\/politika\/belan-i-borancic-clanstvo-crne-gore-u-eu-istorijska-sansa-koju-ne-smijemo-propustiti-ni-mi-ni-eu\/"]}]},{"@type":"ImageObject","inLanguage":"en-GB","@id":"https:\/\/dmcsrb.com\/politika\/belan-i-borancic-clanstvo-crne-gore-u-eu-istorijska-sansa-koju-ne-smijemo-propustiti-ni-mi-ni-eu\/#primaryimage","url":"https:\/\/dmcsrb.com\/wp-content\/uploads\/2026\/01\/Delegacija-Liberalne-partije-u-Skoplju-foto-LPCG.jpg","contentUrl":"https:\/\/dmcsrb.com\/wp-content\/uploads\/2026\/01\/Delegacija-Liberalne-partije-u-Skoplju-foto-LPCG.jpg","width":830,"height":574},{"@type":"BreadcrumbList","@id":"https:\/\/dmcsrb.com\/politika\/belan-i-borancic-clanstvo-crne-gore-u-eu-istorijska-sansa-koju-ne-smijemo-propustiti-ni-mi-ni-eu\/#breadcrumb","itemListElement":[{"@type":"ListItem","position":1,"name":"Home","item":"https:\/\/dmcsrb.com\/"},{"@type":"ListItem","position":2,"name":"Belan i Boran\u010di\u0107: \u010clanstvo Crne Gore u EU istorijska \u0161ansa koju ne smijemo propustiti ni mi ni EU"}]},{"@type":"WebSite","@id":"https:\/\/dmcsrb.com\/#website","url":"https:\/\/dmcsrb.com\/","name":"dmcsrb.com","description":"","potentialAction":[{"@type":"SearchAction","target":{"@type":"EntryPoint","urlTemplate":"https:\/\/dmcsrb.com\/?s={search_term_string}"},"query-input":{"@type":"PropertyValueSpecification","valueRequired":true,"valueName":"search_term_string"}}],"inLanguage":"en-GB"},{"@type":"Person","@id":"https:\/\/dmcsrb.com\/#\/schema\/person\/5c39170f12db1b8b457732d0b5c854e2","name":"dmcsrbija.com@gmail.com","image":{"@type":"ImageObject","inLanguage":"en-GB","@id":"https:\/\/dmcsrb.com\/#\/schema\/person\/image\/","url":"https:\/\/secure.gravatar.com\/avatar\/68592660ad6347fad0fb587f8d5d8f1a7b44961362f56e4f2cd524feb87e9069?s=96&d=mm&r=g","contentUrl":"https:\/\/secure.gravatar.com\/avatar\/68592660ad6347fad0fb587f8d5d8f1a7b44961362f56e4f2cd524feb87e9069?s=96&d=mm&r=g","caption":"dmcsrbija.com@gmail.com"},"sameAs":["https:\/\/dmcsrb.com"],"url":"https:\/\/dmcsrb.com\/en\/author\/dmcsrbija-comgmail-com\/"}]}},"_links":{"self":[{"href":"https:\/\/dmcsrb.com\/en\/wp-json\/wp\/v2\/posts\/913240","targetHints":{"allow":["GET"]}}],"collection":[{"href":"https:\/\/dmcsrb.com\/en\/wp-json\/wp\/v2\/posts"}],"about":[{"href":"https:\/\/dmcsrb.com\/en\/wp-json\/wp\/v2\/types\/post"}],"author":[{"embeddable":true,"href":"https:\/\/dmcsrb.com\/en\/wp-json\/wp\/v2\/users\/1"}],"replies":[{"embeddable":true,"href":"https:\/\/dmcsrb.com\/en\/wp-json\/wp\/v2\/comments?post=913240"}],"version-history":[{"count":0,"href":"https:\/\/dmcsrb.com\/en\/wp-json\/wp\/v2\/posts\/913240\/revisions"}],"wp:featuredmedia":[{"embeddable":true,"href":"https:\/\/dmcsrb.com\/en\/wp-json\/wp\/v2\/media\/913241"}],"wp:attachment":[{"href":"https:\/\/dmcsrb.com\/en\/wp-json\/wp\/v2\/media?parent=913240"}],"wp:term":[{"taxonomy":"category","embeddable":true,"href":"https:\/\/dmcsrb.com\/en\/wp-json\/wp\/v2\/categories?post=913240"},{"taxonomy":"post_tag","embeddable":true,"href":"https:\/\/dmcsrb.com\/en\/wp-json\/wp\/v2\/tags?post=913240"},{"taxonomy":"naslovna","embeddable":true,"href":"https:\/\/dmcsrb.com\/en\/wp-json\/wp\/v2\/naslovna?post=913240"}],"curies":[{"name":"wp","href":"https:\/\/api.w.org\/{rel}","templated":true}]}}