{"id":913231,"date":"2025-12-14T14:06:00","date_gmt":"2025-12-14T13:06:00","guid":{"rendered":"https:\/\/dmcsrb.com\/uncategorized\/kaludjerovic-pozvala-gradjane-zete-da-izadju-na-referendum-i-glasaju-protiv-izgradnje-kolektora\/"},"modified":"2025-12-14T14:06:00","modified_gmt":"2025-12-14T13:06:00","slug":"kaludjerovic-pozvala-gradjane-zete-da-izadju-na-referendum-i-glasaju-protiv-izgradnje-kolektora","status":"publish","type":"post","link":"https:\/\/dmcsrb.com\/en\/podgorica\/kaludjerovic-pozvala-gradjane-zete-da-izadju-na-referendum-i-glasaju-protiv-izgradnje-kolektora\/","title":{"rendered":"Kalu\u0111erovi\u0107 pozvala gra\u0111ane Zete da iza\u0111u na referendum i glasaju protiv izgradnje kolektora"},"content":{"rendered":"<p><\/p>\n\n\n\n<p>\u201cPoslanica sam u Skup\u0161tini Crne Gore, \u010dlanica Predsjedni\u0161tva SNP-a, ali prije svega \u2013 ponosna Ze\u0107anka. Za mene Zeta nije ta\u010dka na mapi. Zeta je dom. Ba\u0161tina. Zavi\u010daj koji smo naslijedili od predaka i koji imamo obavezu da sa\u010duvamo za one koji dolaze poslije nas. Kroz vjekove, Zeta je znala da sa\u010duva svoje ime, \u010dast i identitet. Danas se od nas tra\u017ei ista odgovornost\u201d, poru\u010dila je Kalu\u0111erovi\u0107.<\/p>\n\n\n\n<p>Ovdje su, kako ka\u017ee, rasli uz iste rijeke, iste njive i iste brige. Zato za nju predstoje\u0107i referendum nije politi\u010dko pitanje, ve\u0107 pitanje savjesti, odnosa prema svom kraju i generacijama koje dolaze.<\/p>\n\n\n\n<p>\u201cOd nas se tra\u017ei da pristanemo. Da povjerujemo. Da rizikujemo.<\/p>\n\n\n\n<p>Ali Zeta nije prostor za eksperimente. Niti je teren na kojem se odlu\u010duje olako. Ovo su na\u0161i \u017eivoti, na\u0161e porodice i na\u0161a budu\u0107nost.<\/p>\n\n\n\n<p>Zato pozivam sve gra\u0111anke i gra\u0111ane Zete da iza\u0111u na referendum i glasaju protiv.<\/p>\n\n\n\n<p>Ne iz inata \u2013 ve\u0107 iz odgovornosti. Ne iz hira \u2013 ve\u0107 iz brige za zdravlje na\u0161e djece. Ne iz protesta \u2013 ve\u0107 iz ljubavi prema svome kraju. Ne iz gordosti \u2013 ve\u0107 iz po\u0161tovanja prema tradiciji koja nas je nau\u010dila da se dom ne brani \u0107utanjem\u201d, poru\u010dila je Kalu\u0111erovi\u0107.<\/p>\n\n\n\n<p>Ona ka\u017ee da je njihova obaveza da Zetu ostave \u010distiju, zdraviju i sigurniju nego \u0161to su je naslijedili.<\/p>\n\n\n\n<p>\u201cGlas protiv nije glas protiv razvoja. To je glas za mudrije, zdravije i po\u0161tenije rje\u0161enje. Glas ljudi koji vole svoj dom i ne pristaju da ga neko ugrozi. Mi ne biramo protiv. Mi biramo Zetu. Zetu koja di\u0161e punim plu\u0107ima. Zetu u kojoj djeca rastu bez straha. Zetu koja zna da se odbrani kada je najpotrebnije. I zato \u2013 neka se na referendumu glas Zete \u010duje jasno i glasno\u201d, poru\u010dila je Kalu\u0111erovi\u0107.<\/p>","protected":false},"excerpt":{"rendered":"<p>Poslanica SNP-a u Skup\u0161tini Crne Gore Sla\u0111ana Kalu\u0111erovi\u0107 pozvala je gra\u0111ane i gra\u0111anke Zete da iza\u0111u na referendum i glasaju protiv izgradnje postrojenja za pre\u010di\u0161\u0107avanje otpadnih voda u Botunu.<\/p>","protected":false},"author":1,"featured_media":910552,"comment_status":"open","ping_status":"open","sticky":false,"template":"","format":"standard","meta":{"_acf_changed":false,"footnotes":""},"categories":[56],"tags":[2757,1783,760],"naslovna":[],"class_list":["post-913231","post","type-post","status-publish","format-standard","has-post-thumbnail","hentry","category-podgorica","tag-postrojenje-u-botunu","tag-sladjana-kaludjerovic","tag-snp"],"acf":[],"yoast_head":"<!-- This site is optimized with the Yoast SEO plugin v27.4 - https:\/\/yoast.com\/product\/yoast-seo-wordpress\/ -->\n<title>Kalu\u0111erovi\u0107 pozvala gra\u0111ane Zete da iza\u0111u na referendum i glasaju protiv izgradnje kolektora - dmcsrb.com<\/title>\n<meta name=\"robots\" content=\"index, follow, max-snippet:-1, max-image-preview:large, max-video-preview:-1\" \/>\n<link rel=\"canonical\" href=\"https:\/\/dmcsrb.com\/en\/podgorica\/kaludjerovic-pozvala-gradjane-zete-da-izadju-na-referendum-i-glasaju-protiv-izgradnje-kolektora\/\" \/>\n<meta property=\"og:locale\" content=\"en_GB\" \/>\n<meta property=\"og:type\" content=\"article\" \/>\n<meta property=\"og:title\" content=\"Kalu\u0111erovi\u0107 pozvala gra\u0111ane Zete da iza\u0111u na referendum i glasaju protiv izgradnje kolektora - dmcsrb.com\" \/>\n<meta property=\"og:description\" content=\"Poslanica SNP-a u Skup\u0161tini Crne Gore Sla\u0111ana Kalu\u0111erovi\u0107 pozvala je gra\u0111ane i gra\u0111anke Zete da iza\u0111u na referendum i glasaju protiv izgradnje postrojenja za pre\u010di\u0161\u0107avanje otpadnih voda u Botunu.\" \/>\n<meta property=\"og:url\" content=\"https:\/\/dmcsrb.com\/en\/podgorica\/kaludjerovic-pozvala-gradjane-zete-da-izadju-na-referendum-i-glasaju-protiv-izgradnje-kolektora\/\" \/>\n<meta property=\"og:site_name\" content=\"dmcsrb.com\" \/>\n<meta property=\"article:published_time\" content=\"2025-12-14T13:06:00+00:00\" \/>\n<meta property=\"og:image\" content=\"https:\/\/dmcsrb.com\/wp-content\/uploads\/2026\/01\/Kaludjerovic-Sladjana-foto-snp.jpg\" \/>\n\t<meta property=\"og:image:width\" content=\"1056\" \/>\n\t<meta property=\"og:image:height\" content=\"674\" \/>\n\t<meta property=\"og:image:type\" content=\"image\/jpeg\" \/>\n<meta name=\"author\" content=\"dmcsrbija.com@gmail.com\" \/>\n<meta name=\"twitter:card\" content=\"summary_large_image\" \/>\n<meta name=\"twitter:label1\" content=\"Written by\" \/>\n\t<meta name=\"twitter:data1\" content=\"dmcsrbija.com@gmail.com\" \/>\n\t<meta name=\"twitter:label2\" content=\"Estimated reading time\" \/>\n\t<meta name=\"twitter:data2\" content=\"2 minutes\" \/>\n<script type=\"application\/ld+json\" class=\"yoast-schema-graph\">{\"@context\":\"https:\\\/\\\/schema.org\",\"@graph\":[{\"@type\":\"Article\",\"@id\":\"https:\\\/\\\/dmcsrb.com\\\/podgorica\\\/kaludjerovic-pozvala-gradjane-zete-da-izadju-na-referendum-i-glasaju-protiv-izgradnje-kolektora\\\/#article\",\"isPartOf\":{\"@id\":\"https:\\\/\\\/dmcsrb.com\\\/podgorica\\\/kaludjerovic-pozvala-gradjane-zete-da-izadju-na-referendum-i-glasaju-protiv-izgradnje-kolektora\\\/\"},\"author\":{\"name\":\"dmcsrbija.com@gmail.com\",\"@id\":\"https:\\\/\\\/dmcsrb.com\\\/#\\\/schema\\\/person\\\/5c39170f12db1b8b457732d0b5c854e2\"},\"headline\":\"Kalu\u0111erovi\u0107 pozvala gra\u0111ane Zete da iza\u0111u na referendum i glasaju protiv izgradnje kolektora\",\"datePublished\":\"2025-12-14T13:06:00+00:00\",\"mainEntityOfPage\":{\"@id\":\"https:\\\/\\\/dmcsrb.com\\\/podgorica\\\/kaludjerovic-pozvala-gradjane-zete-da-izadju-na-referendum-i-glasaju-protiv-izgradnje-kolektora\\\/\"},\"wordCount\":330,\"commentCount\":0,\"image\":{\"@id\":\"https:\\\/\\\/dmcsrb.com\\\/podgorica\\\/kaludjerovic-pozvala-gradjane-zete-da-izadju-na-referendum-i-glasaju-protiv-izgradnje-kolektora\\\/#primaryimage\"},\"thumbnailUrl\":\"https:\\\/\\\/dmcsrb.com\\\/wp-content\\\/uploads\\\/2026\\\/01\\\/Kaludjerovic-Sladjana-foto-snp.jpg\",\"keywords\":[\"Postrojenje u Botunu\",\"Sla\u0111ana Kalu\u0111erovi\u0107\",\"SNP\"],\"articleSection\":[\"Podgorica\"],\"inLanguage\":\"en-GB\",\"potentialAction\":[{\"@type\":\"CommentAction\",\"name\":\"Comment\",\"target\":[\"https:\\\/\\\/dmcsrb.com\\\/podgorica\\\/kaludjerovic-pozvala-gradjane-zete-da-izadju-na-referendum-i-glasaju-protiv-izgradnje-kolektora\\\/#respond\"]}]},{\"@type\":\"WebPage\",\"@id\":\"https:\\\/\\\/dmcsrb.com\\\/podgorica\\\/kaludjerovic-pozvala-gradjane-zete-da-izadju-na-referendum-i-glasaju-protiv-izgradnje-kolektora\\\/\",\"url\":\"https:\\\/\\\/dmcsrb.com\\\/podgorica\\\/kaludjerovic-pozvala-gradjane-zete-da-izadju-na-referendum-i-glasaju-protiv-izgradnje-kolektora\\\/\",\"name\":\"Kalu\u0111erovi\u0107 pozvala gra\u0111ane Zete da iza\u0111u na referendum i glasaju protiv izgradnje kolektora - dmcsrb.com\",\"isPartOf\":{\"@id\":\"https:\\\/\\\/dmcsrb.com\\\/#website\"},\"primaryImageOfPage\":{\"@id\":\"https:\\\/\\\/dmcsrb.com\\\/podgorica\\\/kaludjerovic-pozvala-gradjane-zete-da-izadju-na-referendum-i-glasaju-protiv-izgradnje-kolektora\\\/#primaryimage\"},\"image\":{\"@id\":\"https:\\\/\\\/dmcsrb.com\\\/podgorica\\\/kaludjerovic-pozvala-gradjane-zete-da-izadju-na-referendum-i-glasaju-protiv-izgradnje-kolektora\\\/#primaryimage\"},\"thumbnailUrl\":\"https:\\\/\\\/dmcsrb.com\\\/wp-content\\\/uploads\\\/2026\\\/01\\\/Kaludjerovic-Sladjana-foto-snp.jpg\",\"datePublished\":\"2025-12-14T13:06:00+00:00\",\"author\":{\"@id\":\"https:\\\/\\\/dmcsrb.com\\\/#\\\/schema\\\/person\\\/5c39170f12db1b8b457732d0b5c854e2\"},\"breadcrumb\":{\"@id\":\"https:\\\/\\\/dmcsrb.com\\\/podgorica\\\/kaludjerovic-pozvala-gradjane-zete-da-izadju-na-referendum-i-glasaju-protiv-izgradnje-kolektora\\\/#breadcrumb\"},\"inLanguage\":\"en-GB\",\"potentialAction\":[{\"@type\":\"ReadAction\",\"target\":[\"https:\\\/\\\/dmcsrb.com\\\/podgorica\\\/kaludjerovic-pozvala-gradjane-zete-da-izadju-na-referendum-i-glasaju-protiv-izgradnje-kolektora\\\/\"]}]},{\"@type\":\"ImageObject\",\"inLanguage\":\"en-GB\",\"@id\":\"https:\\\/\\\/dmcsrb.com\\\/podgorica\\\/kaludjerovic-pozvala-gradjane-zete-da-izadju-na-referendum-i-glasaju-protiv-izgradnje-kolektora\\\/#primaryimage\",\"url\":\"https:\\\/\\\/dmcsrb.com\\\/wp-content\\\/uploads\\\/2026\\\/01\\\/Kaludjerovic-Sladjana-foto-snp.jpg\",\"contentUrl\":\"https:\\\/\\\/dmcsrb.com\\\/wp-content\\\/uploads\\\/2026\\\/01\\\/Kaludjerovic-Sladjana-foto-snp.jpg\",\"width\":1056,\"height\":674},{\"@type\":\"BreadcrumbList\",\"@id\":\"https:\\\/\\\/dmcsrb.com\\\/podgorica\\\/kaludjerovic-pozvala-gradjane-zete-da-izadju-na-referendum-i-glasaju-protiv-izgradnje-kolektora\\\/#breadcrumb\",\"itemListElement\":[{\"@type\":\"ListItem\",\"position\":1,\"name\":\"Home\",\"item\":\"https:\\\/\\\/dmcsrb.com\\\/\"},{\"@type\":\"ListItem\",\"position\":2,\"name\":\"Kalu\u0111erovi\u0107 pozvala gra\u0111ane Zete da iza\u0111u na referendum i glasaju protiv izgradnje kolektora\"}]},{\"@type\":\"WebSite\",\"@id\":\"https:\\\/\\\/dmcsrb.com\\\/#website\",\"url\":\"https:\\\/\\\/dmcsrb.com\\\/\",\"name\":\"dmcsrb.com\",\"description\":\"\",\"potentialAction\":[{\"@type\":\"SearchAction\",\"target\":{\"@type\":\"EntryPoint\",\"urlTemplate\":\"https:\\\/\\\/dmcsrb.com\\\/?s={search_term_string}\"},\"query-input\":{\"@type\":\"PropertyValueSpecification\",\"valueRequired\":true,\"valueName\":\"search_term_string\"}}],\"inLanguage\":\"en-GB\"},{\"@type\":\"Person\",\"@id\":\"https:\\\/\\\/dmcsrb.com\\\/#\\\/schema\\\/person\\\/5c39170f12db1b8b457732d0b5c854e2\",\"name\":\"dmcsrbija.com@gmail.com\",\"image\":{\"@type\":\"ImageObject\",\"inLanguage\":\"en-GB\",\"@id\":\"https:\\\/\\\/secure.gravatar.com\\\/avatar\\\/68592660ad6347fad0fb587f8d5d8f1a7b44961362f56e4f2cd524feb87e9069?s=96&d=mm&r=g\",\"url\":\"https:\\\/\\\/secure.gravatar.com\\\/avatar\\\/68592660ad6347fad0fb587f8d5d8f1a7b44961362f56e4f2cd524feb87e9069?s=96&d=mm&r=g\",\"contentUrl\":\"https:\\\/\\\/secure.gravatar.com\\\/avatar\\\/68592660ad6347fad0fb587f8d5d8f1a7b44961362f56e4f2cd524feb87e9069?s=96&d=mm&r=g\",\"caption\":\"dmcsrbija.com@gmail.com\"},\"sameAs\":[\"https:\\\/\\\/dmcsrb.com\"],\"url\":\"https:\\\/\\\/dmcsrb.com\\\/en\\\/author\\\/dmcsrbija-comgmail-com\\\/\"}]}<\/script>\n<!-- \/ Yoast SEO plugin. -->","yoast_head_json":{"title":"Kalu\u0111erovi\u0107 pozvala gra\u0111ane Zete da iza\u0111u na referendum i glasaju protiv izgradnje kolektora - dmcsrb.com","robots":{"index":"index","follow":"follow","max-snippet":"max-snippet:-1","max-image-preview":"max-image-preview:large","max-video-preview":"max-video-preview:-1"},"canonical":"https:\/\/dmcsrb.com\/en\/podgorica\/kaludjerovic-pozvala-gradjane-zete-da-izadju-na-referendum-i-glasaju-protiv-izgradnje-kolektora\/","og_locale":"en_GB","og_type":"article","og_title":"Kalu\u0111erovi\u0107 pozvala gra\u0111ane Zete da iza\u0111u na referendum i glasaju protiv izgradnje kolektora - dmcsrb.com","og_description":"Poslanica SNP-a u Skup\u0161tini Crne Gore Sla\u0111ana Kalu\u0111erovi\u0107 pozvala je gra\u0111ane i gra\u0111anke Zete da iza\u0111u na referendum i glasaju protiv izgradnje postrojenja za pre\u010di\u0161\u0107avanje otpadnih voda u Botunu.","og_url":"https:\/\/dmcsrb.com\/en\/podgorica\/kaludjerovic-pozvala-gradjane-zete-da-izadju-na-referendum-i-glasaju-protiv-izgradnje-kolektora\/","og_site_name":"dmcsrb.com","article_published_time":"2025-12-14T13:06:00+00:00","og_image":[{"width":1056,"height":674,"url":"https:\/\/dmcsrb.com\/wp-content\/uploads\/2026\/01\/Kaludjerovic-Sladjana-foto-snp.jpg","type":"image\/jpeg"}],"author":"dmcsrbija.com@gmail.com","twitter_card":"summary_large_image","twitter_misc":{"Written by":"dmcsrbija.com@gmail.com","Estimated reading time":"2 minutes"},"schema":{"@context":"https:\/\/schema.org","@graph":[{"@type":"Article","@id":"https:\/\/dmcsrb.com\/podgorica\/kaludjerovic-pozvala-gradjane-zete-da-izadju-na-referendum-i-glasaju-protiv-izgradnje-kolektora\/#article","isPartOf":{"@id":"https:\/\/dmcsrb.com\/podgorica\/kaludjerovic-pozvala-gradjane-zete-da-izadju-na-referendum-i-glasaju-protiv-izgradnje-kolektora\/"},"author":{"name":"dmcsrbija.com@gmail.com","@id":"https:\/\/dmcsrb.com\/#\/schema\/person\/5c39170f12db1b8b457732d0b5c854e2"},"headline":"Kalu\u0111erovi\u0107 pozvala gra\u0111ane Zete da iza\u0111u na referendum i glasaju protiv izgradnje kolektora","datePublished":"2025-12-14T13:06:00+00:00","mainEntityOfPage":{"@id":"https:\/\/dmcsrb.com\/podgorica\/kaludjerovic-pozvala-gradjane-zete-da-izadju-na-referendum-i-glasaju-protiv-izgradnje-kolektora\/"},"wordCount":330,"commentCount":0,"image":{"@id":"https:\/\/dmcsrb.com\/podgorica\/kaludjerovic-pozvala-gradjane-zete-da-izadju-na-referendum-i-glasaju-protiv-izgradnje-kolektora\/#primaryimage"},"thumbnailUrl":"https:\/\/dmcsrb.com\/wp-content\/uploads\/2026\/01\/Kaludjerovic-Sladjana-foto-snp.jpg","keywords":["Postrojenje u Botunu","Sla\u0111ana Kalu\u0111erovi\u0107","SNP"],"articleSection":["Podgorica"],"inLanguage":"en-GB","potentialAction":[{"@type":"CommentAction","name":"Comment","target":["https:\/\/dmcsrb.com\/podgorica\/kaludjerovic-pozvala-gradjane-zete-da-izadju-na-referendum-i-glasaju-protiv-izgradnje-kolektora\/#respond"]}]},{"@type":"WebPage","@id":"https:\/\/dmcsrb.com\/podgorica\/kaludjerovic-pozvala-gradjane-zete-da-izadju-na-referendum-i-glasaju-protiv-izgradnje-kolektora\/","url":"https:\/\/dmcsrb.com\/podgorica\/kaludjerovic-pozvala-gradjane-zete-da-izadju-na-referendum-i-glasaju-protiv-izgradnje-kolektora\/","name":"Kalu\u0111erovi\u0107 pozvala gra\u0111ane Zete da iza\u0111u na referendum i glasaju protiv izgradnje kolektora - dmcsrb.com","isPartOf":{"@id":"https:\/\/dmcsrb.com\/#website"},"primaryImageOfPage":{"@id":"https:\/\/dmcsrb.com\/podgorica\/kaludjerovic-pozvala-gradjane-zete-da-izadju-na-referendum-i-glasaju-protiv-izgradnje-kolektora\/#primaryimage"},"image":{"@id":"https:\/\/dmcsrb.com\/podgorica\/kaludjerovic-pozvala-gradjane-zete-da-izadju-na-referendum-i-glasaju-protiv-izgradnje-kolektora\/#primaryimage"},"thumbnailUrl":"https:\/\/dmcsrb.com\/wp-content\/uploads\/2026\/01\/Kaludjerovic-Sladjana-foto-snp.jpg","datePublished":"2025-12-14T13:06:00+00:00","author":{"@id":"https:\/\/dmcsrb.com\/#\/schema\/person\/5c39170f12db1b8b457732d0b5c854e2"},"breadcrumb":{"@id":"https:\/\/dmcsrb.com\/podgorica\/kaludjerovic-pozvala-gradjane-zete-da-izadju-na-referendum-i-glasaju-protiv-izgradnje-kolektora\/#breadcrumb"},"inLanguage":"en-GB","potentialAction":[{"@type":"ReadAction","target":["https:\/\/dmcsrb.com\/podgorica\/kaludjerovic-pozvala-gradjane-zete-da-izadju-na-referendum-i-glasaju-protiv-izgradnje-kolektora\/"]}]},{"@type":"ImageObject","inLanguage":"en-GB","@id":"https:\/\/dmcsrb.com\/podgorica\/kaludjerovic-pozvala-gradjane-zete-da-izadju-na-referendum-i-glasaju-protiv-izgradnje-kolektora\/#primaryimage","url":"https:\/\/dmcsrb.com\/wp-content\/uploads\/2026\/01\/Kaludjerovic-Sladjana-foto-snp.jpg","contentUrl":"https:\/\/dmcsrb.com\/wp-content\/uploads\/2026\/01\/Kaludjerovic-Sladjana-foto-snp.jpg","width":1056,"height":674},{"@type":"BreadcrumbList","@id":"https:\/\/dmcsrb.com\/podgorica\/kaludjerovic-pozvala-gradjane-zete-da-izadju-na-referendum-i-glasaju-protiv-izgradnje-kolektora\/#breadcrumb","itemListElement":[{"@type":"ListItem","position":1,"name":"Home","item":"https:\/\/dmcsrb.com\/"},{"@type":"ListItem","position":2,"name":"Kalu\u0111erovi\u0107 pozvala gra\u0111ane Zete da iza\u0111u na referendum i glasaju protiv izgradnje kolektora"}]},{"@type":"WebSite","@id":"https:\/\/dmcsrb.com\/#website","url":"https:\/\/dmcsrb.com\/","name":"dmcsrb.com","description":"","potentialAction":[{"@type":"SearchAction","target":{"@type":"EntryPoint","urlTemplate":"https:\/\/dmcsrb.com\/?s={search_term_string}"},"query-input":{"@type":"PropertyValueSpecification","valueRequired":true,"valueName":"search_term_string"}}],"inLanguage":"en-GB"},{"@type":"Person","@id":"https:\/\/dmcsrb.com\/#\/schema\/person\/5c39170f12db1b8b457732d0b5c854e2","name":"dmcsrbija.com@gmail.com","image":{"@type":"ImageObject","inLanguage":"en-GB","@id":"https:\/\/secure.gravatar.com\/avatar\/68592660ad6347fad0fb587f8d5d8f1a7b44961362f56e4f2cd524feb87e9069?s=96&d=mm&r=g","url":"https:\/\/secure.gravatar.com\/avatar\/68592660ad6347fad0fb587f8d5d8f1a7b44961362f56e4f2cd524feb87e9069?s=96&d=mm&r=g","contentUrl":"https:\/\/secure.gravatar.com\/avatar\/68592660ad6347fad0fb587f8d5d8f1a7b44961362f56e4f2cd524feb87e9069?s=96&d=mm&r=g","caption":"dmcsrbija.com@gmail.com"},"sameAs":["https:\/\/dmcsrb.com"],"url":"https:\/\/dmcsrb.com\/en\/author\/dmcsrbija-comgmail-com\/"}]}},"_links":{"self":[{"href":"https:\/\/dmcsrb.com\/en\/wp-json\/wp\/v2\/posts\/913231","targetHints":{"allow":["GET"]}}],"collection":[{"href":"https:\/\/dmcsrb.com\/en\/wp-json\/wp\/v2\/posts"}],"about":[{"href":"https:\/\/dmcsrb.com\/en\/wp-json\/wp\/v2\/types\/post"}],"author":[{"embeddable":true,"href":"https:\/\/dmcsrb.com\/en\/wp-json\/wp\/v2\/users\/1"}],"replies":[{"embeddable":true,"href":"https:\/\/dmcsrb.com\/en\/wp-json\/wp\/v2\/comments?post=913231"}],"version-history":[{"count":0,"href":"https:\/\/dmcsrb.com\/en\/wp-json\/wp\/v2\/posts\/913231\/revisions"}],"wp:featuredmedia":[{"embeddable":true,"href":"https:\/\/dmcsrb.com\/en\/wp-json\/wp\/v2\/media\/910552"}],"wp:attachment":[{"href":"https:\/\/dmcsrb.com\/en\/wp-json\/wp\/v2\/media?parent=913231"}],"wp:term":[{"taxonomy":"category","embeddable":true,"href":"https:\/\/dmcsrb.com\/en\/wp-json\/wp\/v2\/categories?post=913231"},{"taxonomy":"post_tag","embeddable":true,"href":"https:\/\/dmcsrb.com\/en\/wp-json\/wp\/v2\/tags?post=913231"},{"taxonomy":"naslovna","embeddable":true,"href":"https:\/\/dmcsrb.com\/en\/wp-json\/wp\/v2\/naslovna?post=913231"}],"curies":[{"name":"wp","href":"https:\/\/api.w.org\/{rel}","templated":true}]}}