{"id":913211,"date":"2025-12-14T10:54:38","date_gmt":"2025-12-14T09:54:38","guid":{"rendered":"https:\/\/dmcsrb.com\/uncategorized\/video-napad-u-sidneju-proglasen-teroristickim-najmanje-12-osoba-ubijeno\/"},"modified":"2025-12-14T10:54:38","modified_gmt":"2025-12-14T09:54:38","slug":"video-napad-u-sidneju-proglasen-teroristickim-najmanje-12-osoba-ubijeno","status":"publish","type":"post","link":"https:\/\/dmcsrb.com\/en\/svijet\/video-napad-u-sidneju-proglasen-teroristickim-najmanje-12-osoba-ubijeno\/","title":{"rendered":"(VIDEO) Napad u Sidneju progla\u0161en teroristi\u010dkim: Najmanje 12 osoba ubijeno"},"content":{"rendered":"<p><\/p>\n\n\n\n<p>Smatra se da je meta napada bio doga\u0111aj povodom Hanuke, a policijski izvori vjeruju da je napad planiran mjesecima, prenosi australijski ABC njuz.<\/p>\n\n\n\n<p>Jedan napada\u010d je ubijen iz vatrenog oru\u017eja, a drugi je ranjen i u kriti\u010dnom je stanju, i nalazi se u pritvoru.<\/p>\n\n\n\n<p>Me\u0111u povrije\u0111enima u napadu su i dva policajca.<\/p>\n\n\n\n<p>Na licu mjesta, u automobilu za koji se pretpostavlja da pripada napada\u010dima, prona\u0111ena je sumnjiva improvizovana eksplozivna naprava koju poku\u0161ava da ukloni ekipa za deaktivaciju bombi.<\/p>\n\n\n\n<p>Visoki zvani\u010dnik policije je potvrdio da je jedan od naoru\u017eanih napada\u010da identifikovan kao Navid Akram iz Boniriga, na jugozapadu Sidneja.<\/p>\n\n\n\n<p>Zvani\u010dnik, koji je \u017eelio da ostane anoniman, rekao je da policija trenutno pretresa ku\u0107u napada\u010da.<\/p>\n\n\n\n<p>Policija je saop\u0161tila da je operacija nakon pucnjave na javnom mjestu koja se dogodila oko 18.45 \u010dasova po lokalnom vremenu, kao i da se o\u010dekuje se da \u0107e se broj \u017ertava &#8220;promijeniti&#8221;.<\/p>\n\n\n\n<p>Portparol hitne pomo\u0107i australijske savezne dr\u017eave Novi Ju\u017eni Vels je rekao da je ta slu\u017eba dobila poziv u 18.45 sati po lokalnom vremenu zbog prijava o vi\u0161e ljudi upucanih na pla\u017ei Bondi.<\/p>\n\n\n\n<p>Hitna pomo\u0107 je saop\u0161tila je da su na licu mjesta zbrinuli vi\u0161e pacijenata, a da su \u0161est prevezli u bolnicu Sent Vinsent, tri u bolnicu Rojal Princ Alfred i dva u bolnicu Sent D\u017eord\u017e.<\/p>\n\n\n\n<p>Australijski premijer Entoni Albaneze je ranije danas u pisanoj izjavi rekao da su scene u Bondiju &#8220;\u0161okantne i uznemiruju\u0107e&#8221;.<\/p>\n\n\n\n<p>&#8220;Policija i slu\u017ebe za hitne intervencije su na terenu i rade na spasavanju \u017eivota. Moje misli su sa svakom osobom koja je pogo\u0111ena&#8221;, rekao je Albaneze.<\/p>\n\n\n\n<p>Policija je saop\u0161tila da &#8220;interveni\u0161e na incidentu koji se de\u0161ava na pla\u017ei Bondi i da poziva javnost da izbjegava to podru\u010dje&#8221;.<\/p>\n\n\n\n<figure class=\"wp-block-embed is-type-rich is-provider-twitter wp-block-embed-twitter\"><div class=\"wp-block-embed__wrapper\">\n<blockquote class=\"twitter-tweet\" data-width=\"500\" data-dnt=\"true\"><p lang=\"en\" dir=\"ltr\">F you muslim terrorists! This is Bondi! F you eKaren, dare you to take this off <a href=\"https:\/\/twitter.com\/RitaPanahi?ref_src=twsrc%5Etfw\">@RitaPanahi<\/a> <a href=\"https:\/\/twitter.com\/elonmusk?ref_src=twsrc%5Etfw\">@elonmusk<\/a> <a href=\"https:\/\/twitter.com\/LauraLoomer?ref_src=twsrc%5Etfw\">@LauraLoomer<\/a> <a href=\"https:\/\/twitter.com\/OzraeliAvi?ref_src=twsrc%5Etfw\">@OzraeliAvi<\/a> <a href=\"https:\/\/t.co\/9eKrwDsBJy\">pic.twitter.com\/9eKrwDsBJy<\/a><\/p>&mdash; Mo Zed \ud83c\udde6\ud83c\uddfa\ud83c\uddfa\ud83c\uddf8\u271d\ufe0f (@Mozza777999888) <a href=\"https:\/\/twitter.com\/Mozza777999888\/status\/2000124110681342260?ref_src=twsrc%5Etfw\">December 14, 2025<\/a><\/blockquote><script async src=\"https:\/\/platform.twitter.com\/widgets.js\" charset=\"utf-8\"><\/script>\n<\/div><\/figure>","protected":false},"excerpt":{"rendered":"<p>U pucnjavi koju su australijske vlasti okarakterisale kao teroristi\u010dki napad, na proslavi Hanuke, jevrejskog praznika svjetlosti, na pla\u017ei Bondi u Sidneju ubijeno je najmanje 12 osoba, me\u0111u kojima je i jedan od dva napada\u010da, a povrije\u0111eno je vi\u0161e od 12 osoba, saop\u0161tila je danas policija australijske savezne dr\u017eave Novi Ju\u017eni Vels.<\/p>","protected":false},"author":1,"featured_media":913212,"comment_status":"open","ping_status":"open","sticky":false,"template":"","format":"standard","meta":{"_acf_changed":false,"footnotes":""},"categories":[144],"tags":[2239,2819,2084,2820],"naslovna":[],"class_list":["post-913211","post","type-post","status-publish","format-standard","has-post-thumbnail","hentry","category-svijet","tag-australija","tag-entoni-albaneze","tag-pucnjava","tag-sidnej"],"acf":[],"yoast_head":"<!-- This site is optimized with the Yoast SEO plugin v27.0 - https:\/\/yoast.com\/product\/yoast-seo-wordpress\/ -->\n<title>(VIDEO) Napad u Sidneju progla\u0161en teroristi\u010dkim: Najmanje 12 osoba ubijeno - dmcsrb.com<\/title>\n<meta name=\"robots\" content=\"index, follow, max-snippet:-1, max-image-preview:large, max-video-preview:-1\" \/>\n<link rel=\"canonical\" href=\"https:\/\/dmcsrb.com\/en\/svijet\/video-napad-u-sidneju-proglasen-teroristickim-najmanje-12-osoba-ubijeno\/\" \/>\n<meta property=\"og:locale\" content=\"en_GB\" \/>\n<meta property=\"og:type\" content=\"article\" \/>\n<meta property=\"og:title\" content=\"(VIDEO) Napad u Sidneju progla\u0161en teroristi\u010dkim: Najmanje 12 osoba ubijeno - dmcsrb.com\" \/>\n<meta property=\"og:description\" content=\"U pucnjavi koju su australijske vlasti okarakterisale kao teroristi\u010dki napad, na proslavi Hanuke, jevrejskog praznika svjetlosti, na pla\u017ei Bondi u Sidneju ubijeno je najmanje 12 osoba, me\u0111u kojima je i jedan od dva napada\u010da, a povrije\u0111eno je vi\u0161e od 12 osoba, saop\u0161tila je danas policija australijske savezne dr\u017eave Novi Ju\u017eni Vels.\" \/>\n<meta property=\"og:url\" content=\"https:\/\/dmcsrb.com\/en\/svijet\/video-napad-u-sidneju-proglasen-teroristickim-najmanje-12-osoba-ubijeno\/\" \/>\n<meta property=\"og:site_name\" content=\"dmcsrb.com\" \/>\n<meta property=\"article:published_time\" content=\"2025-12-14T09:54:38+00:00\" \/>\n<meta property=\"og:image\" content=\"https:\/\/dmcsrb.com\/wp-content\/uploads\/2026\/01\/Australija-pucnjava-foto-AP.jpg\" \/>\n\t<meta property=\"og:image:width\" content=\"956\" \/>\n\t<meta property=\"og:image:height\" content=\"627\" \/>\n\t<meta property=\"og:image:type\" content=\"image\/jpeg\" \/>\n<meta name=\"author\" content=\"dmcsrbija.com@gmail.com\" \/>\n<meta name=\"twitter:card\" content=\"summary_large_image\" \/>\n<meta name=\"twitter:label1\" content=\"Written by\" \/>\n\t<meta name=\"twitter:data1\" content=\"dmcsrbija.com@gmail.com\" \/>\n\t<meta name=\"twitter:label2\" content=\"Estimated reading time\" \/>\n\t<meta name=\"twitter:data2\" content=\"2 minutes\" \/>\n<script type=\"application\/ld+json\" class=\"yoast-schema-graph\">{\"@context\":\"https:\/\/schema.org\",\"@graph\":[{\"@type\":\"Article\",\"@id\":\"https:\/\/dmcsrb.com\/svijet\/video-napad-u-sidneju-proglasen-teroristickim-najmanje-12-osoba-ubijeno\/#article\",\"isPartOf\":{\"@id\":\"https:\/\/dmcsrb.com\/svijet\/video-napad-u-sidneju-proglasen-teroristickim-najmanje-12-osoba-ubijeno\/\"},\"author\":{\"name\":\"dmcsrbija.com@gmail.com\",\"@id\":\"https:\/\/dmcsrb.com\/#\/schema\/person\/5c39170f12db1b8b457732d0b5c854e2\"},\"headline\":\"(VIDEO) Napad u Sidneju progla\u0161en teroristi\u010dkim: Najmanje 12 osoba ubijeno\",\"datePublished\":\"2025-12-14T09:54:38+00:00\",\"mainEntityOfPage\":{\"@id\":\"https:\/\/dmcsrb.com\/svijet\/video-napad-u-sidneju-proglasen-teroristickim-najmanje-12-osoba-ubijeno\/\"},\"wordCount\":358,\"commentCount\":0,\"image\":{\"@id\":\"https:\/\/dmcsrb.com\/svijet\/video-napad-u-sidneju-proglasen-teroristickim-najmanje-12-osoba-ubijeno\/#primaryimage\"},\"thumbnailUrl\":\"https:\/\/dmcsrb.com\/wp-content\/uploads\/2026\/01\/Australija-pucnjava-foto-AP.jpg\",\"keywords\":[\"Australija\",\"Entoni Albaneze\",\"pucnjava\",\"Sidnej\"],\"articleSection\":[\"Svijet\"],\"inLanguage\":\"en-GB\",\"potentialAction\":[{\"@type\":\"CommentAction\",\"name\":\"Comment\",\"target\":[\"https:\/\/dmcsrb.com\/svijet\/video-napad-u-sidneju-proglasen-teroristickim-najmanje-12-osoba-ubijeno\/#respond\"]}]},{\"@type\":\"WebPage\",\"@id\":\"https:\/\/dmcsrb.com\/svijet\/video-napad-u-sidneju-proglasen-teroristickim-najmanje-12-osoba-ubijeno\/\",\"url\":\"https:\/\/dmcsrb.com\/svijet\/video-napad-u-sidneju-proglasen-teroristickim-najmanje-12-osoba-ubijeno\/\",\"name\":\"(VIDEO) Napad u Sidneju progla\u0161en teroristi\u010dkim: Najmanje 12 osoba ubijeno - dmcsrb.com\",\"isPartOf\":{\"@id\":\"https:\/\/dmcsrb.com\/#website\"},\"primaryImageOfPage\":{\"@id\":\"https:\/\/dmcsrb.com\/svijet\/video-napad-u-sidneju-proglasen-teroristickim-najmanje-12-osoba-ubijeno\/#primaryimage\"},\"image\":{\"@id\":\"https:\/\/dmcsrb.com\/svijet\/video-napad-u-sidneju-proglasen-teroristickim-najmanje-12-osoba-ubijeno\/#primaryimage\"},\"thumbnailUrl\":\"https:\/\/dmcsrb.com\/wp-content\/uploads\/2026\/01\/Australija-pucnjava-foto-AP.jpg\",\"datePublished\":\"2025-12-14T09:54:38+00:00\",\"author\":{\"@id\":\"https:\/\/dmcsrb.com\/#\/schema\/person\/5c39170f12db1b8b457732d0b5c854e2\"},\"breadcrumb\":{\"@id\":\"https:\/\/dmcsrb.com\/svijet\/video-napad-u-sidneju-proglasen-teroristickim-najmanje-12-osoba-ubijeno\/#breadcrumb\"},\"inLanguage\":\"en-GB\",\"potentialAction\":[{\"@type\":\"ReadAction\",\"target\":[\"https:\/\/dmcsrb.com\/svijet\/video-napad-u-sidneju-proglasen-teroristickim-najmanje-12-osoba-ubijeno\/\"]}]},{\"@type\":\"ImageObject\",\"inLanguage\":\"en-GB\",\"@id\":\"https:\/\/dmcsrb.com\/svijet\/video-napad-u-sidneju-proglasen-teroristickim-najmanje-12-osoba-ubijeno\/#primaryimage\",\"url\":\"https:\/\/dmcsrb.com\/wp-content\/uploads\/2026\/01\/Australija-pucnjava-foto-AP.jpg\",\"contentUrl\":\"https:\/\/dmcsrb.com\/wp-content\/uploads\/2026\/01\/Australija-pucnjava-foto-AP.jpg\",\"width\":956,\"height\":627},{\"@type\":\"BreadcrumbList\",\"@id\":\"https:\/\/dmcsrb.com\/svijet\/video-napad-u-sidneju-proglasen-teroristickim-najmanje-12-osoba-ubijeno\/#breadcrumb\",\"itemListElement\":[{\"@type\":\"ListItem\",\"position\":1,\"name\":\"Home\",\"item\":\"https:\/\/dmcsrb.com\/\"},{\"@type\":\"ListItem\",\"position\":2,\"name\":\"(VIDEO) Napad u Sidneju progla\u0161en teroristi\u010dkim: Najmanje 12 osoba ubijeno\"}]},{\"@type\":\"WebSite\",\"@id\":\"https:\/\/dmcsrb.com\/#website\",\"url\":\"https:\/\/dmcsrb.com\/\",\"name\":\"dmcsrb.com\",\"description\":\"\",\"potentialAction\":[{\"@type\":\"SearchAction\",\"target\":{\"@type\":\"EntryPoint\",\"urlTemplate\":\"https:\/\/dmcsrb.com\/?s={search_term_string}\"},\"query-input\":{\"@type\":\"PropertyValueSpecification\",\"valueRequired\":true,\"valueName\":\"search_term_string\"}}],\"inLanguage\":\"en-GB\"},{\"@type\":\"Person\",\"@id\":\"https:\/\/dmcsrb.com\/#\/schema\/person\/5c39170f12db1b8b457732d0b5c854e2\",\"name\":\"dmcsrbija.com@gmail.com\",\"image\":{\"@type\":\"ImageObject\",\"inLanguage\":\"en-GB\",\"@id\":\"https:\/\/dmcsrb.com\/#\/schema\/person\/image\/\",\"url\":\"https:\/\/secure.gravatar.com\/avatar\/68592660ad6347fad0fb587f8d5d8f1a7b44961362f56e4f2cd524feb87e9069?s=96&d=mm&r=g\",\"contentUrl\":\"https:\/\/secure.gravatar.com\/avatar\/68592660ad6347fad0fb587f8d5d8f1a7b44961362f56e4f2cd524feb87e9069?s=96&d=mm&r=g\",\"caption\":\"dmcsrbija.com@gmail.com\"},\"sameAs\":[\"https:\/\/dmcsrb.com\"],\"url\":\"https:\/\/dmcsrb.com\/en\/author\/dmcsrbija-comgmail-com\/\"}]}<\/script>\n<!-- \/ Yoast SEO plugin. -->","yoast_head_json":{"title":"(VIDEO) Napad u Sidneju progla\u0161en teroristi\u010dkim: Najmanje 12 osoba ubijeno - dmcsrb.com","robots":{"index":"index","follow":"follow","max-snippet":"max-snippet:-1","max-image-preview":"max-image-preview:large","max-video-preview":"max-video-preview:-1"},"canonical":"https:\/\/dmcsrb.com\/en\/svijet\/video-napad-u-sidneju-proglasen-teroristickim-najmanje-12-osoba-ubijeno\/","og_locale":"en_GB","og_type":"article","og_title":"(VIDEO) Napad u Sidneju progla\u0161en teroristi\u010dkim: Najmanje 12 osoba ubijeno - dmcsrb.com","og_description":"U pucnjavi koju su australijske vlasti okarakterisale kao teroristi\u010dki napad, na proslavi Hanuke, jevrejskog praznika svjetlosti, na pla\u017ei Bondi u Sidneju ubijeno je najmanje 12 osoba, me\u0111u kojima je i jedan od dva napada\u010da, a povrije\u0111eno je vi\u0161e od 12 osoba, saop\u0161tila je danas policija australijske savezne dr\u017eave Novi Ju\u017eni Vels.","og_url":"https:\/\/dmcsrb.com\/en\/svijet\/video-napad-u-sidneju-proglasen-teroristickim-najmanje-12-osoba-ubijeno\/","og_site_name":"dmcsrb.com","article_published_time":"2025-12-14T09:54:38+00:00","og_image":[{"width":956,"height":627,"url":"https:\/\/dmcsrb.com\/wp-content\/uploads\/2026\/01\/Australija-pucnjava-foto-AP.jpg","type":"image\/jpeg"}],"author":"dmcsrbija.com@gmail.com","twitter_card":"summary_large_image","twitter_misc":{"Written by":"dmcsrbija.com@gmail.com","Estimated reading time":"2 minutes"},"schema":{"@context":"https:\/\/schema.org","@graph":[{"@type":"Article","@id":"https:\/\/dmcsrb.com\/svijet\/video-napad-u-sidneju-proglasen-teroristickim-najmanje-12-osoba-ubijeno\/#article","isPartOf":{"@id":"https:\/\/dmcsrb.com\/svijet\/video-napad-u-sidneju-proglasen-teroristickim-najmanje-12-osoba-ubijeno\/"},"author":{"name":"dmcsrbija.com@gmail.com","@id":"https:\/\/dmcsrb.com\/#\/schema\/person\/5c39170f12db1b8b457732d0b5c854e2"},"headline":"(VIDEO) Napad u Sidneju progla\u0161en teroristi\u010dkim: Najmanje 12 osoba ubijeno","datePublished":"2025-12-14T09:54:38+00:00","mainEntityOfPage":{"@id":"https:\/\/dmcsrb.com\/svijet\/video-napad-u-sidneju-proglasen-teroristickim-najmanje-12-osoba-ubijeno\/"},"wordCount":358,"commentCount":0,"image":{"@id":"https:\/\/dmcsrb.com\/svijet\/video-napad-u-sidneju-proglasen-teroristickim-najmanje-12-osoba-ubijeno\/#primaryimage"},"thumbnailUrl":"https:\/\/dmcsrb.com\/wp-content\/uploads\/2026\/01\/Australija-pucnjava-foto-AP.jpg","keywords":["Australija","Entoni Albaneze","pucnjava","Sidnej"],"articleSection":["Svijet"],"inLanguage":"en-GB","potentialAction":[{"@type":"CommentAction","name":"Comment","target":["https:\/\/dmcsrb.com\/svijet\/video-napad-u-sidneju-proglasen-teroristickim-najmanje-12-osoba-ubijeno\/#respond"]}]},{"@type":"WebPage","@id":"https:\/\/dmcsrb.com\/svijet\/video-napad-u-sidneju-proglasen-teroristickim-najmanje-12-osoba-ubijeno\/","url":"https:\/\/dmcsrb.com\/svijet\/video-napad-u-sidneju-proglasen-teroristickim-najmanje-12-osoba-ubijeno\/","name":"(VIDEO) Napad u Sidneju progla\u0161en teroristi\u010dkim: Najmanje 12 osoba ubijeno - dmcsrb.com","isPartOf":{"@id":"https:\/\/dmcsrb.com\/#website"},"primaryImageOfPage":{"@id":"https:\/\/dmcsrb.com\/svijet\/video-napad-u-sidneju-proglasen-teroristickim-najmanje-12-osoba-ubijeno\/#primaryimage"},"image":{"@id":"https:\/\/dmcsrb.com\/svijet\/video-napad-u-sidneju-proglasen-teroristickim-najmanje-12-osoba-ubijeno\/#primaryimage"},"thumbnailUrl":"https:\/\/dmcsrb.com\/wp-content\/uploads\/2026\/01\/Australija-pucnjava-foto-AP.jpg","datePublished":"2025-12-14T09:54:38+00:00","author":{"@id":"https:\/\/dmcsrb.com\/#\/schema\/person\/5c39170f12db1b8b457732d0b5c854e2"},"breadcrumb":{"@id":"https:\/\/dmcsrb.com\/svijet\/video-napad-u-sidneju-proglasen-teroristickim-najmanje-12-osoba-ubijeno\/#breadcrumb"},"inLanguage":"en-GB","potentialAction":[{"@type":"ReadAction","target":["https:\/\/dmcsrb.com\/svijet\/video-napad-u-sidneju-proglasen-teroristickim-najmanje-12-osoba-ubijeno\/"]}]},{"@type":"ImageObject","inLanguage":"en-GB","@id":"https:\/\/dmcsrb.com\/svijet\/video-napad-u-sidneju-proglasen-teroristickim-najmanje-12-osoba-ubijeno\/#primaryimage","url":"https:\/\/dmcsrb.com\/wp-content\/uploads\/2026\/01\/Australija-pucnjava-foto-AP.jpg","contentUrl":"https:\/\/dmcsrb.com\/wp-content\/uploads\/2026\/01\/Australija-pucnjava-foto-AP.jpg","width":956,"height":627},{"@type":"BreadcrumbList","@id":"https:\/\/dmcsrb.com\/svijet\/video-napad-u-sidneju-proglasen-teroristickim-najmanje-12-osoba-ubijeno\/#breadcrumb","itemListElement":[{"@type":"ListItem","position":1,"name":"Home","item":"https:\/\/dmcsrb.com\/"},{"@type":"ListItem","position":2,"name":"(VIDEO) Napad u Sidneju progla\u0161en teroristi\u010dkim: Najmanje 12 osoba ubijeno"}]},{"@type":"WebSite","@id":"https:\/\/dmcsrb.com\/#website","url":"https:\/\/dmcsrb.com\/","name":"dmcsrb.com","description":"","potentialAction":[{"@type":"SearchAction","target":{"@type":"EntryPoint","urlTemplate":"https:\/\/dmcsrb.com\/?s={search_term_string}"},"query-input":{"@type":"PropertyValueSpecification","valueRequired":true,"valueName":"search_term_string"}}],"inLanguage":"en-GB"},{"@type":"Person","@id":"https:\/\/dmcsrb.com\/#\/schema\/person\/5c39170f12db1b8b457732d0b5c854e2","name":"dmcsrbija.com@gmail.com","image":{"@type":"ImageObject","inLanguage":"en-GB","@id":"https:\/\/dmcsrb.com\/#\/schema\/person\/image\/","url":"https:\/\/secure.gravatar.com\/avatar\/68592660ad6347fad0fb587f8d5d8f1a7b44961362f56e4f2cd524feb87e9069?s=96&d=mm&r=g","contentUrl":"https:\/\/secure.gravatar.com\/avatar\/68592660ad6347fad0fb587f8d5d8f1a7b44961362f56e4f2cd524feb87e9069?s=96&d=mm&r=g","caption":"dmcsrbija.com@gmail.com"},"sameAs":["https:\/\/dmcsrb.com"],"url":"https:\/\/dmcsrb.com\/en\/author\/dmcsrbija-comgmail-com\/"}]}},"_links":{"self":[{"href":"https:\/\/dmcsrb.com\/en\/wp-json\/wp\/v2\/posts\/913211","targetHints":{"allow":["GET"]}}],"collection":[{"href":"https:\/\/dmcsrb.com\/en\/wp-json\/wp\/v2\/posts"}],"about":[{"href":"https:\/\/dmcsrb.com\/en\/wp-json\/wp\/v2\/types\/post"}],"author":[{"embeddable":true,"href":"https:\/\/dmcsrb.com\/en\/wp-json\/wp\/v2\/users\/1"}],"replies":[{"embeddable":true,"href":"https:\/\/dmcsrb.com\/en\/wp-json\/wp\/v2\/comments?post=913211"}],"version-history":[{"count":0,"href":"https:\/\/dmcsrb.com\/en\/wp-json\/wp\/v2\/posts\/913211\/revisions"}],"wp:featuredmedia":[{"embeddable":true,"href":"https:\/\/dmcsrb.com\/en\/wp-json\/wp\/v2\/media\/913212"}],"wp:attachment":[{"href":"https:\/\/dmcsrb.com\/en\/wp-json\/wp\/v2\/media?parent=913211"}],"wp:term":[{"taxonomy":"category","embeddable":true,"href":"https:\/\/dmcsrb.com\/en\/wp-json\/wp\/v2\/categories?post=913211"},{"taxonomy":"post_tag","embeddable":true,"href":"https:\/\/dmcsrb.com\/en\/wp-json\/wp\/v2\/tags?post=913211"},{"taxonomy":"naslovna","embeddable":true,"href":"https:\/\/dmcsrb.com\/en\/wp-json\/wp\/v2\/naslovna?post=913211"}],"curies":[{"name":"wp","href":"https:\/\/api.w.org\/{rel}","templated":true}]}}