{"id":913173,"date":"2025-12-14T07:14:00","date_gmt":"2025-12-14T06:14:00","guid":{"rendered":"https:\/\/dmcsrb.com\/uncategorized\/ribari-zele-ulazak-crne-gore-u-eu-sto-prije\/"},"modified":"2025-12-14T07:14:00","modified_gmt":"2025-12-14T06:14:00","slug":"ribari-zele-ulazak-crne-gore-u-eu-sto-prije","status":"publish","type":"post","link":"https:\/\/dmcsrb.com\/en\/ekonomija\/ribari-zele-ulazak-crne-gore-u-eu-sto-prije\/","title":{"rendered":"Ribari \u017eele ulazak Crne Gore u EU \u0161to prije"},"content":{"rendered":"<p><\/p>\n\n\n\n<p>Iako se o\u010dekuje da poglavlje 13, ribarstvo, prema najavama Vlade, bude zatvoreno 16. decembra, ribare to ne raduje. Jer, kako je za Radio Crne Gore kazao predsjednik Nacionalnog udru\u017eenja proizvo\u0111a\u010da ribe, Marko Kise, nisu rije\u0161eni brojni problemi u toj oblasti.<\/p>\n\n\n\n<p>Na to su ukazali i ambasadoru EU, Johanu Satleru, koji im je zakazao sastanak za 19. decembar.<\/p>\n\n\n\n<p>\u201cDa \u0107e dobiti predstavnike Ministarstva poljoprivrede na jedan razgovor, da mi kod njega kao ono ko \u0111aci odgovaraju pred komisijom, a neko sa strane pospata da li to sve uti\u010de u dobrom putu\u201d, kazao je Kise.<\/p>\n\n\n\n<p>Kise navodi neke od brojnih problema ribara u Crnoj Gori.<\/p>\n\n\n\n<p>\u201cMi nemamo dovoljno ribara. Ovde u Kumboru je relativno dobar vez, pa po logici crnogorskog mentaliteta ne bih se trebao buniti, jer meni je dobro. Ali najvi\u0161e se bunim zato \u0161to moje kolege nemaju ovako dobar vez i moraju stajati na plu\u017ea\u010dama, na neza\u0161ti\u0107enim mjestima. Niko ne vjeruje u Crnu Goru. U Boki nemamo gdje da ve\u017eemo brodove ni barke, nemamo prvi iskret ribe, imamo velike poreze, i tra\u017eimo da se smanji PDV na uvoz novih i polovnih brodova\u201d, kazao je Kise.<\/p>\n\n\n\n<p>Kise ukazuje i na problem smanjenja ribe zbog kako tvrdi kruzera u Boki koji pla\u0161e ribu, pa se izlov u velikoj mjeri smanjio. O svojim problemima ribari su pisali brojnim evropskim, ali i doma\u0107im adresama, premijeru <strong>Milojku Spaji\u0107u<\/strong> i ministrima, ali, ka\u017ee Kise, odgovora do danas nema.<\/p>\n\n\n\n<p>Stavove Nacionalnog udru\u017eenja proizvo\u0111a\u010da ribe, ka\u017ee Kise, podr\u017eava ve\u0107ina ribara u zemlji, osim onih iz Ulcinja, gdje je planirana gradnja luke od 20 miliona eura.<\/p>\n\n\n\n<p>\u201cA mi nemamo gdje vezati brodove. 20 miliona, pa mo\u017ee se \u010detiri, pet ribarskih luka napraviti na pravim mjestima, gdje ne trebaju velike investicije\u201d, kazao je Kise.<\/p>\n\n\n\n<p>Ministarstvo poljoprivrede, \u0161umarstva i vodoprivrede je na vi\u0161e lokacija postavilo aparate za vaganje ribe, ledomate i vo\u0111enje elektronske evidencije ulova ribe, Kise ukazuje da to ne odgovara potrebama ribara.<\/p>\n\n\n\n<p>Ribari su spremni za sastanak 19.decembra&nbsp; gdje \u0107e tra\u017eiti rje\u0161enje svojih problema.<\/p>\n\n\n\n<p>\u201cAko 16. zatvorimo poglavlje 13, onda Evropska unija pokazuje da joj nije stalo kako \u0107e \u017eivjeti ljudi u prostoru koji treba da posatne dio njihove zajednice. Ako mi zatvaramo poglavlje 13. a ne rije\u0161imo problem ribara, \u010demu \u0107e nam onda Evropska unija\u201d, rekao je Kise.<\/p>\n\n\n\n<p>Kise se poru\u010duje da ribari \u017eele ulazak na\u0161e zemlje u EU \u0161to prije, ali i da u isto vrijeme njihov polo\u017eaj bude jednak kolegama u Uniji.<\/p>","protected":false},"excerpt":{"rendered":"<p>Nacionalno udru\u017eenje proizvo\u0111a\u010da ribe ve\u0107 nekoliko mjeseci ukazuje na probleme sa kojima se suo\u010davaju, a za Radio Crne Gore predsjednik tog udru\u017eenja Marko Kise isti\u010de da samo \u017eele da imaju ista prava i uslove za posao kao i kolege u Uniji. Ambasador EU u Crnoj Gori Johan Satler pozvao je ribare na sastanak 19. decembra.<\/p>","protected":false},"author":1,"featured_media":910122,"comment_status":"open","ping_status":"open","sticky":false,"template":"","format":"standard","meta":{"_acf_changed":false,"footnotes":""},"categories":[27],"tags":[10,970,1403,1405],"naslovna":[],"class_list":["post-913173","post","type-post","status-publish","format-standard","has-post-thumbnail","hentry","category-ekonomija","tag-eu","tag-johan-satler","tag-marko-kise","tag-ribari"],"acf":[],"yoast_head":"<!-- This site is optimized with the Yoast SEO plugin v27.0 - https:\/\/yoast.com\/product\/yoast-seo-wordpress\/ -->\n<title>Ribari \u017eele ulazak Crne Gore u EU \u0161to prije - dmcsrb.com<\/title>\n<meta name=\"robots\" content=\"index, follow, max-snippet:-1, max-image-preview:large, max-video-preview:-1\" \/>\n<link rel=\"canonical\" href=\"https:\/\/dmcsrb.com\/en\/ekonomija\/ribari-zele-ulazak-crne-gore-u-eu-sto-prije\/\" \/>\n<meta property=\"og:locale\" content=\"en_GB\" \/>\n<meta property=\"og:type\" content=\"article\" \/>\n<meta property=\"og:title\" content=\"Ribari \u017eele ulazak Crne Gore u EU \u0161to prije - dmcsrb.com\" \/>\n<meta property=\"og:description\" content=\"Nacionalno udru\u017eenje proizvo\u0111a\u010da ribe ve\u0107 nekoliko mjeseci ukazuje na probleme sa kojima se suo\u010davaju, a za Radio Crne Gore predsjednik tog udru\u017eenja Marko Kise isti\u010de da samo \u017eele da imaju ista prava i uslove za posao kao i kolege u Uniji. Ambasador EU u Crnoj Gori Johan Satler pozvao je ribare na sastanak 19. decembra.\" \/>\n<meta property=\"og:url\" content=\"https:\/\/dmcsrb.com\/en\/ekonomija\/ribari-zele-ulazak-crne-gore-u-eu-sto-prije\/\" \/>\n<meta property=\"og:site_name\" content=\"dmcsrb.com\" \/>\n<meta property=\"article:published_time\" content=\"2025-12-14T06:14:00+00:00\" \/>\n<meta property=\"og:image\" content=\"https:\/\/dmcsrb.com\/wp-content\/uploads\/2026\/01\/ribari_600x900.jpg\" \/>\n\t<meta property=\"og:image:width\" content=\"900\" \/>\n\t<meta property=\"og:image:height\" content=\"600\" \/>\n\t<meta property=\"og:image:type\" content=\"image\/jpeg\" \/>\n<meta name=\"author\" content=\"dmcsrbija.com@gmail.com\" \/>\n<meta name=\"twitter:card\" content=\"summary_large_image\" \/>\n<meta name=\"twitter:label1\" content=\"Written by\" \/>\n\t<meta name=\"twitter:data1\" content=\"dmcsrbija.com@gmail.com\" \/>\n\t<meta name=\"twitter:label2\" content=\"Estimated reading time\" \/>\n\t<meta name=\"twitter:data2\" content=\"2 minutes\" \/>\n<script type=\"application\/ld+json\" class=\"yoast-schema-graph\">{\"@context\":\"https:\/\/schema.org\",\"@graph\":[{\"@type\":\"Article\",\"@id\":\"https:\/\/dmcsrb.com\/ekonomija\/ribari-zele-ulazak-crne-gore-u-eu-sto-prije\/#article\",\"isPartOf\":{\"@id\":\"https:\/\/dmcsrb.com\/ekonomija\/ribari-zele-ulazak-crne-gore-u-eu-sto-prije\/\"},\"author\":{\"name\":\"dmcsrbija.com@gmail.com\",\"@id\":\"https:\/\/dmcsrb.com\/#\/schema\/person\/5c39170f12db1b8b457732d0b5c854e2\"},\"headline\":\"Ribari \u017eele ulazak Crne Gore u EU \u0161to prije\",\"datePublished\":\"2025-12-14T06:14:00+00:00\",\"mainEntityOfPage\":{\"@id\":\"https:\/\/dmcsrb.com\/ekonomija\/ribari-zele-ulazak-crne-gore-u-eu-sto-prije\/\"},\"wordCount\":430,\"commentCount\":0,\"image\":{\"@id\":\"https:\/\/dmcsrb.com\/ekonomija\/ribari-zele-ulazak-crne-gore-u-eu-sto-prije\/#primaryimage\"},\"thumbnailUrl\":\"https:\/\/dmcsrb.com\/wp-content\/uploads\/2026\/01\/ribari_600x900.jpg\",\"keywords\":[\"EU\",\"Johan Satler\",\"Marko Kise\",\"ribari\"],\"articleSection\":[\"Ekonomija\"],\"inLanguage\":\"en-GB\",\"potentialAction\":[{\"@type\":\"CommentAction\",\"name\":\"Comment\",\"target\":[\"https:\/\/dmcsrb.com\/ekonomija\/ribari-zele-ulazak-crne-gore-u-eu-sto-prije\/#respond\"]}]},{\"@type\":\"WebPage\",\"@id\":\"https:\/\/dmcsrb.com\/ekonomija\/ribari-zele-ulazak-crne-gore-u-eu-sto-prije\/\",\"url\":\"https:\/\/dmcsrb.com\/ekonomija\/ribari-zele-ulazak-crne-gore-u-eu-sto-prije\/\",\"name\":\"Ribari \u017eele ulazak Crne Gore u EU \u0161to prije - dmcsrb.com\",\"isPartOf\":{\"@id\":\"https:\/\/dmcsrb.com\/#website\"},\"primaryImageOfPage\":{\"@id\":\"https:\/\/dmcsrb.com\/ekonomija\/ribari-zele-ulazak-crne-gore-u-eu-sto-prije\/#primaryimage\"},\"image\":{\"@id\":\"https:\/\/dmcsrb.com\/ekonomija\/ribari-zele-ulazak-crne-gore-u-eu-sto-prije\/#primaryimage\"},\"thumbnailUrl\":\"https:\/\/dmcsrb.com\/wp-content\/uploads\/2026\/01\/ribari_600x900.jpg\",\"datePublished\":\"2025-12-14T06:14:00+00:00\",\"author\":{\"@id\":\"https:\/\/dmcsrb.com\/#\/schema\/person\/5c39170f12db1b8b457732d0b5c854e2\"},\"breadcrumb\":{\"@id\":\"https:\/\/dmcsrb.com\/ekonomija\/ribari-zele-ulazak-crne-gore-u-eu-sto-prije\/#breadcrumb\"},\"inLanguage\":\"en-GB\",\"potentialAction\":[{\"@type\":\"ReadAction\",\"target\":[\"https:\/\/dmcsrb.com\/ekonomija\/ribari-zele-ulazak-crne-gore-u-eu-sto-prije\/\"]}]},{\"@type\":\"ImageObject\",\"inLanguage\":\"en-GB\",\"@id\":\"https:\/\/dmcsrb.com\/ekonomija\/ribari-zele-ulazak-crne-gore-u-eu-sto-prije\/#primaryimage\",\"url\":\"https:\/\/dmcsrb.com\/wp-content\/uploads\/2026\/01\/ribari_600x900.jpg\",\"contentUrl\":\"https:\/\/dmcsrb.com\/wp-content\/uploads\/2026\/01\/ribari_600x900.jpg\",\"width\":900,\"height\":600},{\"@type\":\"BreadcrumbList\",\"@id\":\"https:\/\/dmcsrb.com\/ekonomija\/ribari-zele-ulazak-crne-gore-u-eu-sto-prije\/#breadcrumb\",\"itemListElement\":[{\"@type\":\"ListItem\",\"position\":1,\"name\":\"Home\",\"item\":\"https:\/\/dmcsrb.com\/\"},{\"@type\":\"ListItem\",\"position\":2,\"name\":\"Ribari \u017eele ulazak Crne Gore u EU \u0161to prije\"}]},{\"@type\":\"WebSite\",\"@id\":\"https:\/\/dmcsrb.com\/#website\",\"url\":\"https:\/\/dmcsrb.com\/\",\"name\":\"dmcsrb.com\",\"description\":\"\",\"potentialAction\":[{\"@type\":\"SearchAction\",\"target\":{\"@type\":\"EntryPoint\",\"urlTemplate\":\"https:\/\/dmcsrb.com\/?s={search_term_string}\"},\"query-input\":{\"@type\":\"PropertyValueSpecification\",\"valueRequired\":true,\"valueName\":\"search_term_string\"}}],\"inLanguage\":\"en-GB\"},{\"@type\":\"Person\",\"@id\":\"https:\/\/dmcsrb.com\/#\/schema\/person\/5c39170f12db1b8b457732d0b5c854e2\",\"name\":\"dmcsrbija.com@gmail.com\",\"image\":{\"@type\":\"ImageObject\",\"inLanguage\":\"en-GB\",\"@id\":\"https:\/\/dmcsrb.com\/#\/schema\/person\/image\/\",\"url\":\"https:\/\/secure.gravatar.com\/avatar\/68592660ad6347fad0fb587f8d5d8f1a7b44961362f56e4f2cd524feb87e9069?s=96&d=mm&r=g\",\"contentUrl\":\"https:\/\/secure.gravatar.com\/avatar\/68592660ad6347fad0fb587f8d5d8f1a7b44961362f56e4f2cd524feb87e9069?s=96&d=mm&r=g\",\"caption\":\"dmcsrbija.com@gmail.com\"},\"sameAs\":[\"https:\/\/dmcsrb.com\"],\"url\":\"https:\/\/dmcsrb.com\/en\/author\/dmcsrbija-comgmail-com\/\"}]}<\/script>\n<!-- \/ Yoast SEO plugin. -->","yoast_head_json":{"title":"Ribari \u017eele ulazak Crne Gore u EU \u0161to prije - dmcsrb.com","robots":{"index":"index","follow":"follow","max-snippet":"max-snippet:-1","max-image-preview":"max-image-preview:large","max-video-preview":"max-video-preview:-1"},"canonical":"https:\/\/dmcsrb.com\/en\/ekonomija\/ribari-zele-ulazak-crne-gore-u-eu-sto-prije\/","og_locale":"en_GB","og_type":"article","og_title":"Ribari \u017eele ulazak Crne Gore u EU \u0161to prije - dmcsrb.com","og_description":"Nacionalno udru\u017eenje proizvo\u0111a\u010da ribe ve\u0107 nekoliko mjeseci ukazuje na probleme sa kojima se suo\u010davaju, a za Radio Crne Gore predsjednik tog udru\u017eenja Marko Kise isti\u010de da samo \u017eele da imaju ista prava i uslove za posao kao i kolege u Uniji. Ambasador EU u Crnoj Gori Johan Satler pozvao je ribare na sastanak 19. decembra.","og_url":"https:\/\/dmcsrb.com\/en\/ekonomija\/ribari-zele-ulazak-crne-gore-u-eu-sto-prije\/","og_site_name":"dmcsrb.com","article_published_time":"2025-12-14T06:14:00+00:00","og_image":[{"width":900,"height":600,"url":"https:\/\/dmcsrb.com\/wp-content\/uploads\/2026\/01\/ribari_600x900.jpg","type":"image\/jpeg"}],"author":"dmcsrbija.com@gmail.com","twitter_card":"summary_large_image","twitter_misc":{"Written by":"dmcsrbija.com@gmail.com","Estimated reading time":"2 minutes"},"schema":{"@context":"https:\/\/schema.org","@graph":[{"@type":"Article","@id":"https:\/\/dmcsrb.com\/ekonomija\/ribari-zele-ulazak-crne-gore-u-eu-sto-prije\/#article","isPartOf":{"@id":"https:\/\/dmcsrb.com\/ekonomija\/ribari-zele-ulazak-crne-gore-u-eu-sto-prije\/"},"author":{"name":"dmcsrbija.com@gmail.com","@id":"https:\/\/dmcsrb.com\/#\/schema\/person\/5c39170f12db1b8b457732d0b5c854e2"},"headline":"Ribari \u017eele ulazak Crne Gore u EU \u0161to prije","datePublished":"2025-12-14T06:14:00+00:00","mainEntityOfPage":{"@id":"https:\/\/dmcsrb.com\/ekonomija\/ribari-zele-ulazak-crne-gore-u-eu-sto-prije\/"},"wordCount":430,"commentCount":0,"image":{"@id":"https:\/\/dmcsrb.com\/ekonomija\/ribari-zele-ulazak-crne-gore-u-eu-sto-prije\/#primaryimage"},"thumbnailUrl":"https:\/\/dmcsrb.com\/wp-content\/uploads\/2026\/01\/ribari_600x900.jpg","keywords":["EU","Johan Satler","Marko Kise","ribari"],"articleSection":["Ekonomija"],"inLanguage":"en-GB","potentialAction":[{"@type":"CommentAction","name":"Comment","target":["https:\/\/dmcsrb.com\/ekonomija\/ribari-zele-ulazak-crne-gore-u-eu-sto-prije\/#respond"]}]},{"@type":"WebPage","@id":"https:\/\/dmcsrb.com\/ekonomija\/ribari-zele-ulazak-crne-gore-u-eu-sto-prije\/","url":"https:\/\/dmcsrb.com\/ekonomija\/ribari-zele-ulazak-crne-gore-u-eu-sto-prije\/","name":"Ribari \u017eele ulazak Crne Gore u EU \u0161to prije - dmcsrb.com","isPartOf":{"@id":"https:\/\/dmcsrb.com\/#website"},"primaryImageOfPage":{"@id":"https:\/\/dmcsrb.com\/ekonomija\/ribari-zele-ulazak-crne-gore-u-eu-sto-prije\/#primaryimage"},"image":{"@id":"https:\/\/dmcsrb.com\/ekonomija\/ribari-zele-ulazak-crne-gore-u-eu-sto-prije\/#primaryimage"},"thumbnailUrl":"https:\/\/dmcsrb.com\/wp-content\/uploads\/2026\/01\/ribari_600x900.jpg","datePublished":"2025-12-14T06:14:00+00:00","author":{"@id":"https:\/\/dmcsrb.com\/#\/schema\/person\/5c39170f12db1b8b457732d0b5c854e2"},"breadcrumb":{"@id":"https:\/\/dmcsrb.com\/ekonomija\/ribari-zele-ulazak-crne-gore-u-eu-sto-prije\/#breadcrumb"},"inLanguage":"en-GB","potentialAction":[{"@type":"ReadAction","target":["https:\/\/dmcsrb.com\/ekonomija\/ribari-zele-ulazak-crne-gore-u-eu-sto-prije\/"]}]},{"@type":"ImageObject","inLanguage":"en-GB","@id":"https:\/\/dmcsrb.com\/ekonomija\/ribari-zele-ulazak-crne-gore-u-eu-sto-prije\/#primaryimage","url":"https:\/\/dmcsrb.com\/wp-content\/uploads\/2026\/01\/ribari_600x900.jpg","contentUrl":"https:\/\/dmcsrb.com\/wp-content\/uploads\/2026\/01\/ribari_600x900.jpg","width":900,"height":600},{"@type":"BreadcrumbList","@id":"https:\/\/dmcsrb.com\/ekonomija\/ribari-zele-ulazak-crne-gore-u-eu-sto-prije\/#breadcrumb","itemListElement":[{"@type":"ListItem","position":1,"name":"Home","item":"https:\/\/dmcsrb.com\/"},{"@type":"ListItem","position":2,"name":"Ribari \u017eele ulazak Crne Gore u EU \u0161to prije"}]},{"@type":"WebSite","@id":"https:\/\/dmcsrb.com\/#website","url":"https:\/\/dmcsrb.com\/","name":"dmcsrb.com","description":"","potentialAction":[{"@type":"SearchAction","target":{"@type":"EntryPoint","urlTemplate":"https:\/\/dmcsrb.com\/?s={search_term_string}"},"query-input":{"@type":"PropertyValueSpecification","valueRequired":true,"valueName":"search_term_string"}}],"inLanguage":"en-GB"},{"@type":"Person","@id":"https:\/\/dmcsrb.com\/#\/schema\/person\/5c39170f12db1b8b457732d0b5c854e2","name":"dmcsrbija.com@gmail.com","image":{"@type":"ImageObject","inLanguage":"en-GB","@id":"https:\/\/dmcsrb.com\/#\/schema\/person\/image\/","url":"https:\/\/secure.gravatar.com\/avatar\/68592660ad6347fad0fb587f8d5d8f1a7b44961362f56e4f2cd524feb87e9069?s=96&d=mm&r=g","contentUrl":"https:\/\/secure.gravatar.com\/avatar\/68592660ad6347fad0fb587f8d5d8f1a7b44961362f56e4f2cd524feb87e9069?s=96&d=mm&r=g","caption":"dmcsrbija.com@gmail.com"},"sameAs":["https:\/\/dmcsrb.com"],"url":"https:\/\/dmcsrb.com\/en\/author\/dmcsrbija-comgmail-com\/"}]}},"_links":{"self":[{"href":"https:\/\/dmcsrb.com\/en\/wp-json\/wp\/v2\/posts\/913173","targetHints":{"allow":["GET"]}}],"collection":[{"href":"https:\/\/dmcsrb.com\/en\/wp-json\/wp\/v2\/posts"}],"about":[{"href":"https:\/\/dmcsrb.com\/en\/wp-json\/wp\/v2\/types\/post"}],"author":[{"embeddable":true,"href":"https:\/\/dmcsrb.com\/en\/wp-json\/wp\/v2\/users\/1"}],"replies":[{"embeddable":true,"href":"https:\/\/dmcsrb.com\/en\/wp-json\/wp\/v2\/comments?post=913173"}],"version-history":[{"count":0,"href":"https:\/\/dmcsrb.com\/en\/wp-json\/wp\/v2\/posts\/913173\/revisions"}],"wp:featuredmedia":[{"embeddable":true,"href":"https:\/\/dmcsrb.com\/en\/wp-json\/wp\/v2\/media\/910122"}],"wp:attachment":[{"href":"https:\/\/dmcsrb.com\/en\/wp-json\/wp\/v2\/media?parent=913173"}],"wp:term":[{"taxonomy":"category","embeddable":true,"href":"https:\/\/dmcsrb.com\/en\/wp-json\/wp\/v2\/categories?post=913173"},{"taxonomy":"post_tag","embeddable":true,"href":"https:\/\/dmcsrb.com\/en\/wp-json\/wp\/v2\/tags?post=913173"},{"taxonomy":"naslovna","embeddable":true,"href":"https:\/\/dmcsrb.com\/en\/wp-json\/wp\/v2\/naslovna?post=913173"}],"curies":[{"name":"wp","href":"https:\/\/api.w.org\/{rel}","templated":true}]}}