{"id":913146,"date":"2025-12-13T21:35:00","date_gmt":"2025-12-13T20:35:00","guid":{"rendered":"https:\/\/dmcsrb.com\/uncategorized\/fico-srbija-i-crna-gora-mnogo-bolje-pripremljene-za-clanstvo-u-eu-od-ukrajine\/"},"modified":"2025-12-13T21:35:00","modified_gmt":"2025-12-13T20:35:00","slug":"fico-srbija-i-crna-gora-mnogo-bolje-pripremljene-za-clanstvo-u-eu-od-ukrajine","status":"publish","type":"post","link":"https:\/\/dmcsrb.com\/en\/svijet\/fico-srbija-i-crna-gora-mnogo-bolje-pripremljene-za-clanstvo-u-eu-od-ukrajine\/","title":{"rendered":"Fico: Srbija i Crna Gora mnogo bolje pripremljene za \u010dlanstvo u EU od Ukrajine"},"content":{"rendered":"<p><\/p>\n\n\n\n<p>Fico je istakao da nije realno pristupanje Ukrajine EU u doglednoj budu\u0107nosti, a kao dobro pripremljenu za pro\u0161irenje je naveo i Albaniju.<\/p>\n\n\n\n<p>Napomenuo je da bi \u010dlanstvo Kijeva u EU zahtijevalo jednoglasno odobrenje svih \u010dlanica, a velike zemlje bile bi prve koje bi ga blokirale.<\/p>\n\n\n\n<p>Slova\u010dki premijer je kritikovao i visok nivo korupcije u Ukrajini, ukazuju\u0107i na desetine milijardi evra koje je EU ve\u0107 izdvojila, prenosi Srna.<\/p>\n\n\n\n<p>On je jo\u0161 jednom ponovio da ne \u017eeli da u\u010destvuje u planovima za izdvajanje novih sredstava za vojnu opremu, te da obe\u0107ava da \u0107e na sastancima Evropskog savjeta blokirati sve finansijske odluke usmjerene na kupovinu oru\u017eja za Kijev.<\/p>","protected":false},"excerpt":{"rendered":"<p>Srbija i Crna Gora su mnogo bolje pripremljene za \u010dlanstvo u EU od Ukrajine, ali se stalno suo\u010davaju sa novim politi\u010dkim zahtjevima, izjavio je slova\u010dki premijer Robert Fico.<\/p>","protected":false},"author":1,"featured_media":913147,"comment_status":"open","ping_status":"open","sticky":false,"template":"","format":"standard","meta":{"_acf_changed":false,"footnotes":""},"categories":[144],"tags":[1937,95,10,2775,2776,22,234],"naslovna":[],"class_list":["post-913146","post","type-post","status-publish","format-standard","has-post-thumbnail","hentry","category-svijet","tag-albanija","tag-crna-gora","tag-eu","tag-robert-fico","tag-slovacka-2","tag-srbija","tag-ukrajina"],"acf":[],"yoast_head":"<!-- This site is optimized with the Yoast SEO plugin v27.4 - https:\/\/yoast.com\/product\/yoast-seo-wordpress\/ -->\n<title>Fico: Srbija i Crna Gora mnogo bolje pripremljene za \u010dlanstvo u EU od Ukrajine - dmcsrb.com<\/title>\n<meta name=\"robots\" content=\"index, follow, max-snippet:-1, max-image-preview:large, max-video-preview:-1\" \/>\n<link rel=\"canonical\" href=\"https:\/\/dmcsrb.com\/en\/svijet\/fico-srbija-i-crna-gora-mnogo-bolje-pripremljene-za-clanstvo-u-eu-od-ukrajine\/\" \/>\n<meta property=\"og:locale\" content=\"en_GB\" \/>\n<meta property=\"og:type\" content=\"article\" \/>\n<meta property=\"og:title\" content=\"Fico: Srbija i Crna Gora mnogo bolje pripremljene za \u010dlanstvo u EU od Ukrajine - dmcsrb.com\" \/>\n<meta property=\"og:description\" content=\"Srbija i Crna Gora su mnogo bolje pripremljene za \u010dlanstvo u EU od Ukrajine, ali se stalno suo\u010davaju sa novim politi\u010dkim zahtjevima, izjavio je slova\u010dki premijer Robert Fico.\" \/>\n<meta property=\"og:url\" content=\"https:\/\/dmcsrb.com\/en\/svijet\/fico-srbija-i-crna-gora-mnogo-bolje-pripremljene-za-clanstvo-u-eu-od-ukrajine\/\" \/>\n<meta property=\"og:site_name\" content=\"dmcsrb.com\" \/>\n<meta property=\"article:published_time\" content=\"2025-12-13T20:35:00+00:00\" \/>\n<meta property=\"og:image\" content=\"https:\/\/dmcsrb.com\/wp-content\/uploads\/2026\/01\/240606-Robert-Fico-al-0741-ccf3be.webp\" \/>\n\t<meta property=\"og:image:width\" content=\"1000\" \/>\n\t<meta property=\"og:image:height\" content=\"667\" \/>\n\t<meta property=\"og:image:type\" content=\"image\/webp\" \/>\n<meta name=\"author\" content=\"dmcsrbija.com@gmail.com\" \/>\n<meta name=\"twitter:card\" content=\"summary_large_image\" \/>\n<meta name=\"twitter:label1\" content=\"Written by\" \/>\n\t<meta name=\"twitter:data1\" content=\"dmcsrbija.com@gmail.com\" \/>\n\t<meta name=\"twitter:label2\" content=\"Estimated reading time\" \/>\n\t<meta name=\"twitter:data2\" content=\"1 minute\" \/>\n<script type=\"application\/ld+json\" class=\"yoast-schema-graph\">{\"@context\":\"https:\\\/\\\/schema.org\",\"@graph\":[{\"@type\":\"Article\",\"@id\":\"https:\\\/\\\/dmcsrb.com\\\/en\\\/svijet\\\/fico-srbija-i-crna-gora-mnogo-bolje-pripremljene-za-clanstvo-u-eu-od-ukrajine\\\/#article\",\"isPartOf\":{\"@id\":\"https:\\\/\\\/dmcsrb.com\\\/en\\\/svijet\\\/fico-srbija-i-crna-gora-mnogo-bolje-pripremljene-za-clanstvo-u-eu-od-ukrajine\\\/\"},\"author\":{\"name\":\"dmcsrbija.com@gmail.com\",\"@id\":\"https:\\\/\\\/dmcsrb.com\\\/#\\\/schema\\\/person\\\/5c39170f12db1b8b457732d0b5c854e2\"},\"headline\":\"Fico: Srbija i Crna Gora mnogo bolje pripremljene za \u010dlanstvo u EU od Ukrajine\",\"datePublished\":\"2025-12-13T20:35:00+00:00\",\"mainEntityOfPage\":{\"@id\":\"https:\\\/\\\/dmcsrb.com\\\/en\\\/svijet\\\/fico-srbija-i-crna-gora-mnogo-bolje-pripremljene-za-clanstvo-u-eu-od-ukrajine\\\/\"},\"wordCount\":126,\"commentCount\":0,\"image\":{\"@id\":\"https:\\\/\\\/dmcsrb.com\\\/en\\\/svijet\\\/fico-srbija-i-crna-gora-mnogo-bolje-pripremljene-za-clanstvo-u-eu-od-ukrajine\\\/#primaryimage\"},\"thumbnailUrl\":\"https:\\\/\\\/dmcsrb.com\\\/wp-content\\\/uploads\\\/2026\\\/01\\\/240606-Robert-Fico-al-0741-ccf3be.webp\",\"keywords\":[\"Albanija\",\"Crna Gora\",\"EU\",\"robert fico\",\"Slova\u010dka\",\"Srbija\",\"Ukrajina\"],\"articleSection\":[\"Svijet\"],\"inLanguage\":\"en-GB\",\"potentialAction\":[{\"@type\":\"CommentAction\",\"name\":\"Comment\",\"target\":[\"https:\\\/\\\/dmcsrb.com\\\/en\\\/svijet\\\/fico-srbija-i-crna-gora-mnogo-bolje-pripremljene-za-clanstvo-u-eu-od-ukrajine\\\/#respond\"]}]},{\"@type\":\"WebPage\",\"@id\":\"https:\\\/\\\/dmcsrb.com\\\/en\\\/svijet\\\/fico-srbija-i-crna-gora-mnogo-bolje-pripremljene-za-clanstvo-u-eu-od-ukrajine\\\/\",\"url\":\"https:\\\/\\\/dmcsrb.com\\\/en\\\/svijet\\\/fico-srbija-i-crna-gora-mnogo-bolje-pripremljene-za-clanstvo-u-eu-od-ukrajine\\\/\",\"name\":\"Fico: Srbija i Crna Gora mnogo bolje pripremljene za \u010dlanstvo u EU od Ukrajine - dmcsrb.com\",\"isPartOf\":{\"@id\":\"https:\\\/\\\/dmcsrb.com\\\/#website\"},\"primaryImageOfPage\":{\"@id\":\"https:\\\/\\\/dmcsrb.com\\\/en\\\/svijet\\\/fico-srbija-i-crna-gora-mnogo-bolje-pripremljene-za-clanstvo-u-eu-od-ukrajine\\\/#primaryimage\"},\"image\":{\"@id\":\"https:\\\/\\\/dmcsrb.com\\\/en\\\/svijet\\\/fico-srbija-i-crna-gora-mnogo-bolje-pripremljene-za-clanstvo-u-eu-od-ukrajine\\\/#primaryimage\"},\"thumbnailUrl\":\"https:\\\/\\\/dmcsrb.com\\\/wp-content\\\/uploads\\\/2026\\\/01\\\/240606-Robert-Fico-al-0741-ccf3be.webp\",\"datePublished\":\"2025-12-13T20:35:00+00:00\",\"author\":{\"@id\":\"https:\\\/\\\/dmcsrb.com\\\/#\\\/schema\\\/person\\\/5c39170f12db1b8b457732d0b5c854e2\"},\"breadcrumb\":{\"@id\":\"https:\\\/\\\/dmcsrb.com\\\/en\\\/svijet\\\/fico-srbija-i-crna-gora-mnogo-bolje-pripremljene-za-clanstvo-u-eu-od-ukrajine\\\/#breadcrumb\"},\"inLanguage\":\"en-GB\",\"potentialAction\":[{\"@type\":\"ReadAction\",\"target\":[\"https:\\\/\\\/dmcsrb.com\\\/en\\\/svijet\\\/fico-srbija-i-crna-gora-mnogo-bolje-pripremljene-za-clanstvo-u-eu-od-ukrajine\\\/\"]}]},{\"@type\":\"ImageObject\",\"inLanguage\":\"en-GB\",\"@id\":\"https:\\\/\\\/dmcsrb.com\\\/en\\\/svijet\\\/fico-srbija-i-crna-gora-mnogo-bolje-pripremljene-za-clanstvo-u-eu-od-ukrajine\\\/#primaryimage\",\"url\":\"https:\\\/\\\/dmcsrb.com\\\/wp-content\\\/uploads\\\/2026\\\/01\\\/240606-Robert-Fico-al-0741-ccf3be.webp\",\"contentUrl\":\"https:\\\/\\\/dmcsrb.com\\\/wp-content\\\/uploads\\\/2026\\\/01\\\/240606-Robert-Fico-al-0741-ccf3be.webp\",\"width\":1000,\"height\":667},{\"@type\":\"BreadcrumbList\",\"@id\":\"https:\\\/\\\/dmcsrb.com\\\/en\\\/svijet\\\/fico-srbija-i-crna-gora-mnogo-bolje-pripremljene-za-clanstvo-u-eu-od-ukrajine\\\/#breadcrumb\",\"itemListElement\":[{\"@type\":\"ListItem\",\"position\":1,\"name\":\"Home\",\"item\":\"https:\\\/\\\/dmcsrb.com\\\/\"},{\"@type\":\"ListItem\",\"position\":2,\"name\":\"Fico: Srbija i Crna Gora mnogo bolje pripremljene za \u010dlanstvo u EU od Ukrajine\"}]},{\"@type\":\"WebSite\",\"@id\":\"https:\\\/\\\/dmcsrb.com\\\/#website\",\"url\":\"https:\\\/\\\/dmcsrb.com\\\/\",\"name\":\"dmcsrb.com\",\"description\":\"\",\"potentialAction\":[{\"@type\":\"SearchAction\",\"target\":{\"@type\":\"EntryPoint\",\"urlTemplate\":\"https:\\\/\\\/dmcsrb.com\\\/?s={search_term_string}\"},\"query-input\":{\"@type\":\"PropertyValueSpecification\",\"valueRequired\":true,\"valueName\":\"search_term_string\"}}],\"inLanguage\":\"en-GB\"},{\"@type\":\"Person\",\"@id\":\"https:\\\/\\\/dmcsrb.com\\\/#\\\/schema\\\/person\\\/5c39170f12db1b8b457732d0b5c854e2\",\"name\":\"dmcsrbija.com@gmail.com\",\"image\":{\"@type\":\"ImageObject\",\"inLanguage\":\"en-GB\",\"@id\":\"https:\\\/\\\/secure.gravatar.com\\\/avatar\\\/68592660ad6347fad0fb587f8d5d8f1a7b44961362f56e4f2cd524feb87e9069?s=96&d=mm&r=g\",\"url\":\"https:\\\/\\\/secure.gravatar.com\\\/avatar\\\/68592660ad6347fad0fb587f8d5d8f1a7b44961362f56e4f2cd524feb87e9069?s=96&d=mm&r=g\",\"contentUrl\":\"https:\\\/\\\/secure.gravatar.com\\\/avatar\\\/68592660ad6347fad0fb587f8d5d8f1a7b44961362f56e4f2cd524feb87e9069?s=96&d=mm&r=g\",\"caption\":\"dmcsrbija.com@gmail.com\"},\"sameAs\":[\"https:\\\/\\\/dmcsrb.com\"],\"url\":\"https:\\\/\\\/dmcsrb.com\\\/en\\\/author\\\/dmcsrbija-comgmail-com\\\/\"}]}<\/script>\n<!-- \/ Yoast SEO plugin. -->","yoast_head_json":{"title":"Fico: Srbija i Crna Gora mnogo bolje pripremljene za \u010dlanstvo u EU od Ukrajine - dmcsrb.com","robots":{"index":"index","follow":"follow","max-snippet":"max-snippet:-1","max-image-preview":"max-image-preview:large","max-video-preview":"max-video-preview:-1"},"canonical":"https:\/\/dmcsrb.com\/en\/svijet\/fico-srbija-i-crna-gora-mnogo-bolje-pripremljene-za-clanstvo-u-eu-od-ukrajine\/","og_locale":"en_GB","og_type":"article","og_title":"Fico: Srbija i Crna Gora mnogo bolje pripremljene za \u010dlanstvo u EU od Ukrajine - dmcsrb.com","og_description":"Srbija i Crna Gora su mnogo bolje pripremljene za \u010dlanstvo u EU od Ukrajine, ali se stalno suo\u010davaju sa novim politi\u010dkim zahtjevima, izjavio je slova\u010dki premijer Robert Fico.","og_url":"https:\/\/dmcsrb.com\/en\/svijet\/fico-srbija-i-crna-gora-mnogo-bolje-pripremljene-za-clanstvo-u-eu-od-ukrajine\/","og_site_name":"dmcsrb.com","article_published_time":"2025-12-13T20:35:00+00:00","og_image":[{"width":1000,"height":667,"url":"https:\/\/dmcsrb.com\/wp-content\/uploads\/2026\/01\/240606-Robert-Fico-al-0741-ccf3be.webp","type":"image\/webp"}],"author":"dmcsrbija.com@gmail.com","twitter_card":"summary_large_image","twitter_misc":{"Written by":"dmcsrbija.com@gmail.com","Estimated reading time":"1 minute"},"schema":{"@context":"https:\/\/schema.org","@graph":[{"@type":"Article","@id":"https:\/\/dmcsrb.com\/en\/svijet\/fico-srbija-i-crna-gora-mnogo-bolje-pripremljene-za-clanstvo-u-eu-od-ukrajine\/#article","isPartOf":{"@id":"https:\/\/dmcsrb.com\/en\/svijet\/fico-srbija-i-crna-gora-mnogo-bolje-pripremljene-za-clanstvo-u-eu-od-ukrajine\/"},"author":{"name":"dmcsrbija.com@gmail.com","@id":"https:\/\/dmcsrb.com\/#\/schema\/person\/5c39170f12db1b8b457732d0b5c854e2"},"headline":"Fico: Srbija i Crna Gora mnogo bolje pripremljene za \u010dlanstvo u EU od Ukrajine","datePublished":"2025-12-13T20:35:00+00:00","mainEntityOfPage":{"@id":"https:\/\/dmcsrb.com\/en\/svijet\/fico-srbija-i-crna-gora-mnogo-bolje-pripremljene-za-clanstvo-u-eu-od-ukrajine\/"},"wordCount":126,"commentCount":0,"image":{"@id":"https:\/\/dmcsrb.com\/en\/svijet\/fico-srbija-i-crna-gora-mnogo-bolje-pripremljene-za-clanstvo-u-eu-od-ukrajine\/#primaryimage"},"thumbnailUrl":"https:\/\/dmcsrb.com\/wp-content\/uploads\/2026\/01\/240606-Robert-Fico-al-0741-ccf3be.webp","keywords":["Albanija","Crna Gora","EU","robert fico","Slova\u010dka","Srbija","Ukrajina"],"articleSection":["Svijet"],"inLanguage":"en-GB","potentialAction":[{"@type":"CommentAction","name":"Comment","target":["https:\/\/dmcsrb.com\/en\/svijet\/fico-srbija-i-crna-gora-mnogo-bolje-pripremljene-za-clanstvo-u-eu-od-ukrajine\/#respond"]}]},{"@type":"WebPage","@id":"https:\/\/dmcsrb.com\/en\/svijet\/fico-srbija-i-crna-gora-mnogo-bolje-pripremljene-za-clanstvo-u-eu-od-ukrajine\/","url":"https:\/\/dmcsrb.com\/en\/svijet\/fico-srbija-i-crna-gora-mnogo-bolje-pripremljene-za-clanstvo-u-eu-od-ukrajine\/","name":"Fico: Srbija i Crna Gora mnogo bolje pripremljene za \u010dlanstvo u EU od Ukrajine - dmcsrb.com","isPartOf":{"@id":"https:\/\/dmcsrb.com\/#website"},"primaryImageOfPage":{"@id":"https:\/\/dmcsrb.com\/en\/svijet\/fico-srbija-i-crna-gora-mnogo-bolje-pripremljene-za-clanstvo-u-eu-od-ukrajine\/#primaryimage"},"image":{"@id":"https:\/\/dmcsrb.com\/en\/svijet\/fico-srbija-i-crna-gora-mnogo-bolje-pripremljene-za-clanstvo-u-eu-od-ukrajine\/#primaryimage"},"thumbnailUrl":"https:\/\/dmcsrb.com\/wp-content\/uploads\/2026\/01\/240606-Robert-Fico-al-0741-ccf3be.webp","datePublished":"2025-12-13T20:35:00+00:00","author":{"@id":"https:\/\/dmcsrb.com\/#\/schema\/person\/5c39170f12db1b8b457732d0b5c854e2"},"breadcrumb":{"@id":"https:\/\/dmcsrb.com\/en\/svijet\/fico-srbija-i-crna-gora-mnogo-bolje-pripremljene-za-clanstvo-u-eu-od-ukrajine\/#breadcrumb"},"inLanguage":"en-GB","potentialAction":[{"@type":"ReadAction","target":["https:\/\/dmcsrb.com\/en\/svijet\/fico-srbija-i-crna-gora-mnogo-bolje-pripremljene-za-clanstvo-u-eu-od-ukrajine\/"]}]},{"@type":"ImageObject","inLanguage":"en-GB","@id":"https:\/\/dmcsrb.com\/en\/svijet\/fico-srbija-i-crna-gora-mnogo-bolje-pripremljene-za-clanstvo-u-eu-od-ukrajine\/#primaryimage","url":"https:\/\/dmcsrb.com\/wp-content\/uploads\/2026\/01\/240606-Robert-Fico-al-0741-ccf3be.webp","contentUrl":"https:\/\/dmcsrb.com\/wp-content\/uploads\/2026\/01\/240606-Robert-Fico-al-0741-ccf3be.webp","width":1000,"height":667},{"@type":"BreadcrumbList","@id":"https:\/\/dmcsrb.com\/en\/svijet\/fico-srbija-i-crna-gora-mnogo-bolje-pripremljene-za-clanstvo-u-eu-od-ukrajine\/#breadcrumb","itemListElement":[{"@type":"ListItem","position":1,"name":"Home","item":"https:\/\/dmcsrb.com\/"},{"@type":"ListItem","position":2,"name":"Fico: Srbija i Crna Gora mnogo bolje pripremljene za \u010dlanstvo u EU od Ukrajine"}]},{"@type":"WebSite","@id":"https:\/\/dmcsrb.com\/#website","url":"https:\/\/dmcsrb.com\/","name":"dmcsrb.com","description":"","potentialAction":[{"@type":"SearchAction","target":{"@type":"EntryPoint","urlTemplate":"https:\/\/dmcsrb.com\/?s={search_term_string}"},"query-input":{"@type":"PropertyValueSpecification","valueRequired":true,"valueName":"search_term_string"}}],"inLanguage":"en-GB"},{"@type":"Person","@id":"https:\/\/dmcsrb.com\/#\/schema\/person\/5c39170f12db1b8b457732d0b5c854e2","name":"dmcsrbija.com@gmail.com","image":{"@type":"ImageObject","inLanguage":"en-GB","@id":"https:\/\/secure.gravatar.com\/avatar\/68592660ad6347fad0fb587f8d5d8f1a7b44961362f56e4f2cd524feb87e9069?s=96&d=mm&r=g","url":"https:\/\/secure.gravatar.com\/avatar\/68592660ad6347fad0fb587f8d5d8f1a7b44961362f56e4f2cd524feb87e9069?s=96&d=mm&r=g","contentUrl":"https:\/\/secure.gravatar.com\/avatar\/68592660ad6347fad0fb587f8d5d8f1a7b44961362f56e4f2cd524feb87e9069?s=96&d=mm&r=g","caption":"dmcsrbija.com@gmail.com"},"sameAs":["https:\/\/dmcsrb.com"],"url":"https:\/\/dmcsrb.com\/en\/author\/dmcsrbija-comgmail-com\/"}]}},"_links":{"self":[{"href":"https:\/\/dmcsrb.com\/en\/wp-json\/wp\/v2\/posts\/913146","targetHints":{"allow":["GET"]}}],"collection":[{"href":"https:\/\/dmcsrb.com\/en\/wp-json\/wp\/v2\/posts"}],"about":[{"href":"https:\/\/dmcsrb.com\/en\/wp-json\/wp\/v2\/types\/post"}],"author":[{"embeddable":true,"href":"https:\/\/dmcsrb.com\/en\/wp-json\/wp\/v2\/users\/1"}],"replies":[{"embeddable":true,"href":"https:\/\/dmcsrb.com\/en\/wp-json\/wp\/v2\/comments?post=913146"}],"version-history":[{"count":0,"href":"https:\/\/dmcsrb.com\/en\/wp-json\/wp\/v2\/posts\/913146\/revisions"}],"wp:featuredmedia":[{"embeddable":true,"href":"https:\/\/dmcsrb.com\/en\/wp-json\/wp\/v2\/media\/913147"}],"wp:attachment":[{"href":"https:\/\/dmcsrb.com\/en\/wp-json\/wp\/v2\/media?parent=913146"}],"wp:term":[{"taxonomy":"category","embeddable":true,"href":"https:\/\/dmcsrb.com\/en\/wp-json\/wp\/v2\/categories?post=913146"},{"taxonomy":"post_tag","embeddable":true,"href":"https:\/\/dmcsrb.com\/en\/wp-json\/wp\/v2\/tags?post=913146"},{"taxonomy":"naslovna","embeddable":true,"href":"https:\/\/dmcsrb.com\/en\/wp-json\/wp\/v2\/naslovna?post=913146"}],"curies":[{"name":"wp","href":"https:\/\/api.w.org\/{rel}","templated":true}]}}