{"id":913013,"date":"2025-12-13T10:48:00","date_gmt":"2025-12-13T09:48:00","guid":{"rendered":"https:\/\/dmcsrb.com\/uncategorized\/saranovic-rajnke-krupnim-koracima-ka-digitalnoj-transformaciji-bezbjednosnog-sektora\/"},"modified":"2025-12-13T10:48:00","modified_gmt":"2025-12-13T09:48:00","slug":"saranovic-rajnke-krupnim-koracima-ka-digitalnoj-transformaciji-bezbjednosnog-sektora","status":"publish","type":"post","link":"https:\/\/dmcsrb.com\/en\/politika\/saranovic-rajnke-krupnim-koracima-ka-digitalnoj-transformaciji-bezbjednosnog-sektora\/","title":{"rendered":"\u0160aranovi\u0107 \u2013 Rajnke: Krupnim koracima ka digitalnoj transformaciji bezbjednosnog sektora"},"content":{"rendered":"<p><\/p>\n\n\n\n<p>Donacija obuhvata Modularni data centar najnovije generacije, uz ranije isporu\u010dene UPS sisteme, servere i HVAC jedinice, ukupne vrijednosti vi\u0161e od 1,18 miliona eura. Nova oprema predstavlja klju\u010dnu osnovu za dalji razvoj integrisanih informacionih rje\u0161enja MUP-a, uklju\u010duju\u0107i objedinjavanje centralnih policijskih informacionih sistema CMS i EMS, te podizanje nivoa bezbjednosti i pouzdanosti podataka, navode iz MUP-a.<\/p>\n\n\n\n<p>Ministar unutra\u0161njih poslova Danilo \u0160aranovi\u0107 istakao je da donacija dolazi u trenutku kada MUP sprovodi proces digitalne transformacije, usmjeren ka modernizaciji rada, unapre\u0111enju pru\u017eanja javnih usluga i ja\u010danju kapaciteta za borbu protiv savremenih bezbjednosnih izazova.<\/p>\n\n\n\n<p>\u201eOvo je va\u017ean korak u modernizaciji na\u0161e infrastrukture i ja\u010danju kapaciteta policije za efikasno i bezbjedno upravljanje podacima. U okviru sveobuhvatne digitalne transformacije, koju smo nedavno pokrenuli, radimo na unapre\u0111enju svih klju\u010dnih informacionih sistema, pove\u0107anju otpornosti na hibridne prijetnje i pobolj\u0161anju usluga koje pru\u017eamo gra\u0111anima. Danas donirana oprema zna\u010dajno \u0107e doprinijeti tim naporima\u201c, poru\u010dio je \u0160aranovi\u0107.<\/p>\n\n\n\n<figure class=\"wp-block-image size-large\"><img decoding=\"async\" src=\"https:\/\/gradski.me\/wp-content\/uploads\/2025\/12\/thumbnail_image00008-1024x768.jpg\" alt=\"\" class=\"wp-image-891641\"\/><\/figure>\n\n\n\n<p>Ambasadorka SAD u Crnoj Gori D\u017eudi Rajzing Rajnke izrazila je zadovoljstvo \u0161to Vlada SAD mo\u017ee da doprinese unapre\u0111enju kapaciteta crnogorskog bezbjednosnog sektora, isti\u010du\u0107i da \u0107e nova oprema biti od velike koristi u ja\u010danju rada institucija, posebno u kontekstu globalnih prijetnji sa kojima se suo\u010davaju dr\u017eave \u010dlanice i partneri NATO-a.<\/p>\n\n\n\n<p>Rajnke je istakla: \u201eOvo je jedna od najve\u0107ih donacija Vlade SAD Crnoj Gori u prethodnih nekoliko godina koja \u0107e unaprijediti kapacitete Crne Gore u oblasti borbe protiv organizovanog kriminala, sna\u017eenja vladavine prava i za\u0161tite gra\u0111ana. Ovim je napravljen zna\u010dajan iskorak u modernizaciji Uprave policije.&#8221;<\/p>\n\n\n\n<p>V.d. direktora Uprave policije Lazar \u0160\u0107epanovi\u0107 naglasio je da \u0107e Data centar oja\u010dati informaciono-komunikacione kapacitete za dalji razvoj Uprave policije, \u010dime su stvoreni institucionalni uslovi za razvoj i primjenu savremenih sistema, i koji \u0107e omogu\u0107iti proaktivan rad policije vo\u0111en obavje\u0161tajnim radom, br\u017ee i bezbjednije procese, poput prikupljanja, obrade, generisanja i analizu podataka, dobijenih iz digitalnih ure\u0111aja, kao i uvo\u0111enje Case management sistema u Upravi policije koji omogu\u0107ava kvalitetnije planiranje i efikasnije realizovanje procesa rada.<\/p>\n\n\n\n<p>\u201eOva donacija i konstantna podr\u0161ka na\u0161ih partnera iz SAD dodatno nas osna\u017euje u izgradnji sistema koji prati razvoj savremene tehnologije i stvara uslove da organi za sprovo\u0111enje zakona odgovore na visokorangirane bezbjednosne izazove. Dosada\u0161njim radom izgradili smo \u010dvrste temelje u me\u0111unarodno obavje\u0161tajnoj zajednici za budu\u0107e uspjehe, a podr\u0161ka na\u0161ih partnera ima klju\u010dnu ulogu u realizaciji na\u0161e strate\u0161ke misije.\u201c zaklju\u010dio je \u0160\u0107epanovi\u0107.<\/p>\n\n\n\n<p>&#8221;Uvo\u0111enje Modularnog data centra predstavlja jedan od klju\u010dnih infrastrukturnih koraka u nastavku modernizacije rada Ministarstva unutra\u0161njih poslova i Uprave policije, uz podr\u0161ku me\u0111unarodnih partnera i u skladu sa strate\u0161kim ciljevima ja\u010danja bezbjednosti i institucionalne otpornosti&#8221;, zaklju\u010duju iz MUP-a.<\/p>","protected":false},"excerpt":{"rendered":"<p>U prostorijama Uprave policije danas je zvani\u010dno uru\u010dena donacija Modularnog data centra (MDC) i prate\u0107e IT opreme koju je Vlada Sjedinjenih Ameri\u010dkih Dr\u017eava obezbijedila kroz ICITAP program, \u010dime je zna\u010dajno oja\u010dana digitalna infrastruktura Ministarstva unutra\u0161njih poslova i Uprave policije, saop\u0161teno je iz Ministarstva unutra\u0161njih poslova.<\/p>","protected":false},"author":1,"featured_media":913014,"comment_status":"open","ping_status":"open","sticky":false,"template":"","format":"standard","meta":{"_acf_changed":false,"footnotes":""},"categories":[12],"tags":[244,245,2668,2669],"naslovna":[],"class_list":["post-913013","post","type-post","status-publish","format-standard","has-post-thumbnail","hentry","category-politika","tag-bezbjednosni-sektor","tag-danilo-saranovic","tag-digitalna-transformacija","tag-rajzing-ranke"],"acf":[],"yoast_head":"<!-- This site is optimized with the Yoast SEO plugin v27.4 - https:\/\/yoast.com\/product\/yoast-seo-wordpress\/ -->\n<title>\u0160aranovi\u0107 \u2013 Rajnke: Krupnim koracima ka digitalnoj transformaciji bezbjednosnog sektora - dmcsrb.com<\/title>\n<meta name=\"robots\" content=\"index, follow, max-snippet:-1, max-image-preview:large, max-video-preview:-1\" \/>\n<link rel=\"canonical\" href=\"https:\/\/dmcsrb.com\/en\/politika\/saranovic-rajnke-krupnim-koracima-ka-digitalnoj-transformaciji-bezbjednosnog-sektora\/\" \/>\n<meta property=\"og:locale\" content=\"en_GB\" \/>\n<meta property=\"og:type\" content=\"article\" \/>\n<meta property=\"og:title\" content=\"\u0160aranovi\u0107 \u2013 Rajnke: Krupnim koracima ka digitalnoj transformaciji bezbjednosnog sektora - dmcsrb.com\" \/>\n<meta property=\"og:description\" content=\"U prostorijama Uprave policije danas je zvani\u010dno uru\u010dena donacija Modularnog data centra (MDC) i prate\u0107e IT opreme koju je Vlada Sjedinjenih Ameri\u010dkih Dr\u017eava obezbijedila kroz ICITAP program, \u010dime je zna\u010dajno oja\u010dana digitalna infrastruktura Ministarstva unutra\u0161njih poslova i Uprave policije, saop\u0161teno je iz Ministarstva unutra\u0161njih poslova.\" \/>\n<meta property=\"og:url\" content=\"https:\/\/dmcsrb.com\/en\/politika\/saranovic-rajnke-krupnim-koracima-ka-digitalnoj-transformaciji-bezbjednosnog-sektora\/\" \/>\n<meta property=\"og:site_name\" content=\"dmcsrb.com\" \/>\n<meta property=\"article:published_time\" content=\"2025-12-13T09:48:00+00:00\" \/>\n<meta property=\"og:image\" content=\"https:\/\/dmcsrb.com\/wp-content\/uploads\/2026\/01\/thumbnail_image00003.jpg\" \/>\n\t<meta property=\"og:image:width\" content=\"1920\" \/>\n\t<meta property=\"og:image:height\" content=\"1309\" \/>\n\t<meta property=\"og:image:type\" content=\"image\/jpeg\" \/>\n<meta name=\"author\" content=\"dmcsrbija.com@gmail.com\" \/>\n<meta name=\"twitter:card\" content=\"summary_large_image\" \/>\n<meta name=\"twitter:label1\" content=\"Written by\" \/>\n\t<meta name=\"twitter:data1\" content=\"dmcsrbija.com@gmail.com\" \/>\n\t<meta name=\"twitter:label2\" content=\"Estimated reading time\" \/>\n\t<meta name=\"twitter:data2\" content=\"2 minutes\" \/>\n<script type=\"application\/ld+json\" class=\"yoast-schema-graph\">{\"@context\":\"https:\\\/\\\/schema.org\",\"@graph\":[{\"@type\":\"Article\",\"@id\":\"https:\\\/\\\/dmcsrb.com\\\/en\\\/politika\\\/saranovic-rajnke-krupnim-koracima-ka-digitalnoj-transformaciji-bezbjednosnog-sektora\\\/#article\",\"isPartOf\":{\"@id\":\"https:\\\/\\\/dmcsrb.com\\\/en\\\/politika\\\/saranovic-rajnke-krupnim-koracima-ka-digitalnoj-transformaciji-bezbjednosnog-sektora\\\/\"},\"author\":{\"name\":\"dmcsrbija.com@gmail.com\",\"@id\":\"https:\\\/\\\/dmcsrb.com\\\/#\\\/schema\\\/person\\\/5c39170f12db1b8b457732d0b5c854e2\"},\"headline\":\"\u0160aranovi\u0107 \u2013 Rajnke: Krupnim koracima ka digitalnoj transformaciji bezbjednosnog sektora\",\"datePublished\":\"2025-12-13T09:48:00+00:00\",\"mainEntityOfPage\":{\"@id\":\"https:\\\/\\\/dmcsrb.com\\\/en\\\/politika\\\/saranovic-rajnke-krupnim-koracima-ka-digitalnoj-transformaciji-bezbjednosnog-sektora\\\/\"},\"wordCount\":484,\"commentCount\":0,\"image\":{\"@id\":\"https:\\\/\\\/dmcsrb.com\\\/en\\\/politika\\\/saranovic-rajnke-krupnim-koracima-ka-digitalnoj-transformaciji-bezbjednosnog-sektora\\\/#primaryimage\"},\"thumbnailUrl\":\"https:\\\/\\\/dmcsrb.com\\\/wp-content\\\/uploads\\\/2026\\\/01\\\/thumbnail_image00003.jpg\",\"keywords\":[\"Bezbjednosni sektor\",\"Danilo \u0160aranovi\u0107\",\"digitalna transformacija\",\"Rajzing Ranke\"],\"articleSection\":[\"Politika\"],\"inLanguage\":\"en-GB\",\"potentialAction\":[{\"@type\":\"CommentAction\",\"name\":\"Comment\",\"target\":[\"https:\\\/\\\/dmcsrb.com\\\/en\\\/politika\\\/saranovic-rajnke-krupnim-koracima-ka-digitalnoj-transformaciji-bezbjednosnog-sektora\\\/#respond\"]}]},{\"@type\":\"WebPage\",\"@id\":\"https:\\\/\\\/dmcsrb.com\\\/en\\\/politika\\\/saranovic-rajnke-krupnim-koracima-ka-digitalnoj-transformaciji-bezbjednosnog-sektora\\\/\",\"url\":\"https:\\\/\\\/dmcsrb.com\\\/en\\\/politika\\\/saranovic-rajnke-krupnim-koracima-ka-digitalnoj-transformaciji-bezbjednosnog-sektora\\\/\",\"name\":\"\u0160aranovi\u0107 \u2013 Rajnke: Krupnim koracima ka digitalnoj transformaciji bezbjednosnog sektora - dmcsrb.com\",\"isPartOf\":{\"@id\":\"https:\\\/\\\/dmcsrb.com\\\/#website\"},\"primaryImageOfPage\":{\"@id\":\"https:\\\/\\\/dmcsrb.com\\\/en\\\/politika\\\/saranovic-rajnke-krupnim-koracima-ka-digitalnoj-transformaciji-bezbjednosnog-sektora\\\/#primaryimage\"},\"image\":{\"@id\":\"https:\\\/\\\/dmcsrb.com\\\/en\\\/politika\\\/saranovic-rajnke-krupnim-koracima-ka-digitalnoj-transformaciji-bezbjednosnog-sektora\\\/#primaryimage\"},\"thumbnailUrl\":\"https:\\\/\\\/dmcsrb.com\\\/wp-content\\\/uploads\\\/2026\\\/01\\\/thumbnail_image00003.jpg\",\"datePublished\":\"2025-12-13T09:48:00+00:00\",\"author\":{\"@id\":\"https:\\\/\\\/dmcsrb.com\\\/#\\\/schema\\\/person\\\/5c39170f12db1b8b457732d0b5c854e2\"},\"breadcrumb\":{\"@id\":\"https:\\\/\\\/dmcsrb.com\\\/en\\\/politika\\\/saranovic-rajnke-krupnim-koracima-ka-digitalnoj-transformaciji-bezbjednosnog-sektora\\\/#breadcrumb\"},\"inLanguage\":\"en-GB\",\"potentialAction\":[{\"@type\":\"ReadAction\",\"target\":[\"https:\\\/\\\/dmcsrb.com\\\/en\\\/politika\\\/saranovic-rajnke-krupnim-koracima-ka-digitalnoj-transformaciji-bezbjednosnog-sektora\\\/\"]}]},{\"@type\":\"ImageObject\",\"inLanguage\":\"en-GB\",\"@id\":\"https:\\\/\\\/dmcsrb.com\\\/en\\\/politika\\\/saranovic-rajnke-krupnim-koracima-ka-digitalnoj-transformaciji-bezbjednosnog-sektora\\\/#primaryimage\",\"url\":\"https:\\\/\\\/dmcsrb.com\\\/wp-content\\\/uploads\\\/2026\\\/01\\\/thumbnail_image00003.jpg\",\"contentUrl\":\"https:\\\/\\\/dmcsrb.com\\\/wp-content\\\/uploads\\\/2026\\\/01\\\/thumbnail_image00003.jpg\",\"width\":1920,\"height\":1309},{\"@type\":\"BreadcrumbList\",\"@id\":\"https:\\\/\\\/dmcsrb.com\\\/en\\\/politika\\\/saranovic-rajnke-krupnim-koracima-ka-digitalnoj-transformaciji-bezbjednosnog-sektora\\\/#breadcrumb\",\"itemListElement\":[{\"@type\":\"ListItem\",\"position\":1,\"name\":\"Home\",\"item\":\"https:\\\/\\\/dmcsrb.com\\\/\"},{\"@type\":\"ListItem\",\"position\":2,\"name\":\"\u0160aranovi\u0107 \u2013 Rajnke: Krupnim koracima ka digitalnoj transformaciji bezbjednosnog sektora\"}]},{\"@type\":\"WebSite\",\"@id\":\"https:\\\/\\\/dmcsrb.com\\\/#website\",\"url\":\"https:\\\/\\\/dmcsrb.com\\\/\",\"name\":\"dmcsrb.com\",\"description\":\"\",\"potentialAction\":[{\"@type\":\"SearchAction\",\"target\":{\"@type\":\"EntryPoint\",\"urlTemplate\":\"https:\\\/\\\/dmcsrb.com\\\/?s={search_term_string}\"},\"query-input\":{\"@type\":\"PropertyValueSpecification\",\"valueRequired\":true,\"valueName\":\"search_term_string\"}}],\"inLanguage\":\"en-GB\"},{\"@type\":\"Person\",\"@id\":\"https:\\\/\\\/dmcsrb.com\\\/#\\\/schema\\\/person\\\/5c39170f12db1b8b457732d0b5c854e2\",\"name\":\"dmcsrbija.com@gmail.com\",\"image\":{\"@type\":\"ImageObject\",\"inLanguage\":\"en-GB\",\"@id\":\"https:\\\/\\\/secure.gravatar.com\\\/avatar\\\/68592660ad6347fad0fb587f8d5d8f1a7b44961362f56e4f2cd524feb87e9069?s=96&d=mm&r=g\",\"url\":\"https:\\\/\\\/secure.gravatar.com\\\/avatar\\\/68592660ad6347fad0fb587f8d5d8f1a7b44961362f56e4f2cd524feb87e9069?s=96&d=mm&r=g\",\"contentUrl\":\"https:\\\/\\\/secure.gravatar.com\\\/avatar\\\/68592660ad6347fad0fb587f8d5d8f1a7b44961362f56e4f2cd524feb87e9069?s=96&d=mm&r=g\",\"caption\":\"dmcsrbija.com@gmail.com\"},\"sameAs\":[\"https:\\\/\\\/dmcsrb.com\"],\"url\":\"https:\\\/\\\/dmcsrb.com\\\/en\\\/author\\\/dmcsrbija-comgmail-com\\\/\"}]}<\/script>\n<!-- \/ Yoast SEO plugin. -->","yoast_head_json":{"title":"\u0160aranovi\u0107 \u2013 Rajnke: Krupnim koracima ka digitalnoj transformaciji bezbjednosnog sektora - dmcsrb.com","robots":{"index":"index","follow":"follow","max-snippet":"max-snippet:-1","max-image-preview":"max-image-preview:large","max-video-preview":"max-video-preview:-1"},"canonical":"https:\/\/dmcsrb.com\/en\/politika\/saranovic-rajnke-krupnim-koracima-ka-digitalnoj-transformaciji-bezbjednosnog-sektora\/","og_locale":"en_GB","og_type":"article","og_title":"\u0160aranovi\u0107 \u2013 Rajnke: Krupnim koracima ka digitalnoj transformaciji bezbjednosnog sektora - dmcsrb.com","og_description":"U prostorijama Uprave policije danas je zvani\u010dno uru\u010dena donacija Modularnog data centra (MDC) i prate\u0107e IT opreme koju je Vlada Sjedinjenih Ameri\u010dkih Dr\u017eava obezbijedila kroz ICITAP program, \u010dime je zna\u010dajno oja\u010dana digitalna infrastruktura Ministarstva unutra\u0161njih poslova i Uprave policije, saop\u0161teno je iz Ministarstva unutra\u0161njih poslova.","og_url":"https:\/\/dmcsrb.com\/en\/politika\/saranovic-rajnke-krupnim-koracima-ka-digitalnoj-transformaciji-bezbjednosnog-sektora\/","og_site_name":"dmcsrb.com","article_published_time":"2025-12-13T09:48:00+00:00","og_image":[{"width":1920,"height":1309,"url":"https:\/\/dmcsrb.com\/wp-content\/uploads\/2026\/01\/thumbnail_image00003.jpg","type":"image\/jpeg"}],"author":"dmcsrbija.com@gmail.com","twitter_card":"summary_large_image","twitter_misc":{"Written by":"dmcsrbija.com@gmail.com","Estimated reading time":"2 minutes"},"schema":{"@context":"https:\/\/schema.org","@graph":[{"@type":"Article","@id":"https:\/\/dmcsrb.com\/en\/politika\/saranovic-rajnke-krupnim-koracima-ka-digitalnoj-transformaciji-bezbjednosnog-sektora\/#article","isPartOf":{"@id":"https:\/\/dmcsrb.com\/en\/politika\/saranovic-rajnke-krupnim-koracima-ka-digitalnoj-transformaciji-bezbjednosnog-sektora\/"},"author":{"name":"dmcsrbija.com@gmail.com","@id":"https:\/\/dmcsrb.com\/#\/schema\/person\/5c39170f12db1b8b457732d0b5c854e2"},"headline":"\u0160aranovi\u0107 \u2013 Rajnke: Krupnim koracima ka digitalnoj transformaciji bezbjednosnog sektora","datePublished":"2025-12-13T09:48:00+00:00","mainEntityOfPage":{"@id":"https:\/\/dmcsrb.com\/en\/politika\/saranovic-rajnke-krupnim-koracima-ka-digitalnoj-transformaciji-bezbjednosnog-sektora\/"},"wordCount":484,"commentCount":0,"image":{"@id":"https:\/\/dmcsrb.com\/en\/politika\/saranovic-rajnke-krupnim-koracima-ka-digitalnoj-transformaciji-bezbjednosnog-sektora\/#primaryimage"},"thumbnailUrl":"https:\/\/dmcsrb.com\/wp-content\/uploads\/2026\/01\/thumbnail_image00003.jpg","keywords":["Bezbjednosni sektor","Danilo \u0160aranovi\u0107","digitalna transformacija","Rajzing Ranke"],"articleSection":["Politika"],"inLanguage":"en-GB","potentialAction":[{"@type":"CommentAction","name":"Comment","target":["https:\/\/dmcsrb.com\/en\/politika\/saranovic-rajnke-krupnim-koracima-ka-digitalnoj-transformaciji-bezbjednosnog-sektora\/#respond"]}]},{"@type":"WebPage","@id":"https:\/\/dmcsrb.com\/en\/politika\/saranovic-rajnke-krupnim-koracima-ka-digitalnoj-transformaciji-bezbjednosnog-sektora\/","url":"https:\/\/dmcsrb.com\/en\/politika\/saranovic-rajnke-krupnim-koracima-ka-digitalnoj-transformaciji-bezbjednosnog-sektora\/","name":"\u0160aranovi\u0107 \u2013 Rajnke: Krupnim koracima ka digitalnoj transformaciji bezbjednosnog sektora - dmcsrb.com","isPartOf":{"@id":"https:\/\/dmcsrb.com\/#website"},"primaryImageOfPage":{"@id":"https:\/\/dmcsrb.com\/en\/politika\/saranovic-rajnke-krupnim-koracima-ka-digitalnoj-transformaciji-bezbjednosnog-sektora\/#primaryimage"},"image":{"@id":"https:\/\/dmcsrb.com\/en\/politika\/saranovic-rajnke-krupnim-koracima-ka-digitalnoj-transformaciji-bezbjednosnog-sektora\/#primaryimage"},"thumbnailUrl":"https:\/\/dmcsrb.com\/wp-content\/uploads\/2026\/01\/thumbnail_image00003.jpg","datePublished":"2025-12-13T09:48:00+00:00","author":{"@id":"https:\/\/dmcsrb.com\/#\/schema\/person\/5c39170f12db1b8b457732d0b5c854e2"},"breadcrumb":{"@id":"https:\/\/dmcsrb.com\/en\/politika\/saranovic-rajnke-krupnim-koracima-ka-digitalnoj-transformaciji-bezbjednosnog-sektora\/#breadcrumb"},"inLanguage":"en-GB","potentialAction":[{"@type":"ReadAction","target":["https:\/\/dmcsrb.com\/en\/politika\/saranovic-rajnke-krupnim-koracima-ka-digitalnoj-transformaciji-bezbjednosnog-sektora\/"]}]},{"@type":"ImageObject","inLanguage":"en-GB","@id":"https:\/\/dmcsrb.com\/en\/politika\/saranovic-rajnke-krupnim-koracima-ka-digitalnoj-transformaciji-bezbjednosnog-sektora\/#primaryimage","url":"https:\/\/dmcsrb.com\/wp-content\/uploads\/2026\/01\/thumbnail_image00003.jpg","contentUrl":"https:\/\/dmcsrb.com\/wp-content\/uploads\/2026\/01\/thumbnail_image00003.jpg","width":1920,"height":1309},{"@type":"BreadcrumbList","@id":"https:\/\/dmcsrb.com\/en\/politika\/saranovic-rajnke-krupnim-koracima-ka-digitalnoj-transformaciji-bezbjednosnog-sektora\/#breadcrumb","itemListElement":[{"@type":"ListItem","position":1,"name":"Home","item":"https:\/\/dmcsrb.com\/"},{"@type":"ListItem","position":2,"name":"\u0160aranovi\u0107 \u2013 Rajnke: Krupnim koracima ka digitalnoj transformaciji bezbjednosnog sektora"}]},{"@type":"WebSite","@id":"https:\/\/dmcsrb.com\/#website","url":"https:\/\/dmcsrb.com\/","name":"dmcsrb.com","description":"","potentialAction":[{"@type":"SearchAction","target":{"@type":"EntryPoint","urlTemplate":"https:\/\/dmcsrb.com\/?s={search_term_string}"},"query-input":{"@type":"PropertyValueSpecification","valueRequired":true,"valueName":"search_term_string"}}],"inLanguage":"en-GB"},{"@type":"Person","@id":"https:\/\/dmcsrb.com\/#\/schema\/person\/5c39170f12db1b8b457732d0b5c854e2","name":"dmcsrbija.com@gmail.com","image":{"@type":"ImageObject","inLanguage":"en-GB","@id":"https:\/\/secure.gravatar.com\/avatar\/68592660ad6347fad0fb587f8d5d8f1a7b44961362f56e4f2cd524feb87e9069?s=96&d=mm&r=g","url":"https:\/\/secure.gravatar.com\/avatar\/68592660ad6347fad0fb587f8d5d8f1a7b44961362f56e4f2cd524feb87e9069?s=96&d=mm&r=g","contentUrl":"https:\/\/secure.gravatar.com\/avatar\/68592660ad6347fad0fb587f8d5d8f1a7b44961362f56e4f2cd524feb87e9069?s=96&d=mm&r=g","caption":"dmcsrbija.com@gmail.com"},"sameAs":["https:\/\/dmcsrb.com"],"url":"https:\/\/dmcsrb.com\/en\/author\/dmcsrbija-comgmail-com\/"}]}},"_links":{"self":[{"href":"https:\/\/dmcsrb.com\/en\/wp-json\/wp\/v2\/posts\/913013","targetHints":{"allow":["GET"]}}],"collection":[{"href":"https:\/\/dmcsrb.com\/en\/wp-json\/wp\/v2\/posts"}],"about":[{"href":"https:\/\/dmcsrb.com\/en\/wp-json\/wp\/v2\/types\/post"}],"author":[{"embeddable":true,"href":"https:\/\/dmcsrb.com\/en\/wp-json\/wp\/v2\/users\/1"}],"replies":[{"embeddable":true,"href":"https:\/\/dmcsrb.com\/en\/wp-json\/wp\/v2\/comments?post=913013"}],"version-history":[{"count":0,"href":"https:\/\/dmcsrb.com\/en\/wp-json\/wp\/v2\/posts\/913013\/revisions"}],"wp:featuredmedia":[{"embeddable":true,"href":"https:\/\/dmcsrb.com\/en\/wp-json\/wp\/v2\/media\/913014"}],"wp:attachment":[{"href":"https:\/\/dmcsrb.com\/en\/wp-json\/wp\/v2\/media?parent=913013"}],"wp:term":[{"taxonomy":"category","embeddable":true,"href":"https:\/\/dmcsrb.com\/en\/wp-json\/wp\/v2\/categories?post=913013"},{"taxonomy":"post_tag","embeddable":true,"href":"https:\/\/dmcsrb.com\/en\/wp-json\/wp\/v2\/tags?post=913013"},{"taxonomy":"naslovna","embeddable":true,"href":"https:\/\/dmcsrb.com\/en\/wp-json\/wp\/v2\/naslovna?post=913013"}],"curies":[{"name":"wp","href":"https:\/\/api.w.org\/{rel}","templated":true}]}}