{"id":912953,"date":"2025-12-12T21:30:00","date_gmt":"2025-12-12T20:30:00","guid":{"rendered":"https:\/\/dmcsrb.com\/uncategorized\/jokovic-u-stalnoj-smo-komunikaciji-sa-francuskom-imaju-odredjene-sanse-da-promijene-njihovu-odluku\/"},"modified":"2025-12-12T21:30:00","modified_gmt":"2025-12-12T20:30:00","slug":"jokovic-u-stalnoj-smo-komunikaciji-sa-francuskom-imaju-odredjene-sanse-da-promijene-njihovu-odluku","status":"publish","type":"post","link":"https:\/\/dmcsrb.com\/en\/politika\/jokovic-u-stalnoj-smo-komunikaciji-sa-francuskom-imaju-odredjene-sanse-da-promijene-njihovu-odluku\/","title":{"rendered":"Jokovi\u0107: U stalnoj smo komunikaciji sa Francuskom, imaju odre\u0111ene \u0161anse da promijene njihovu odluku"},"content":{"rendered":"<p><\/p>\n\n\n\n<p>Tu informaciju za Antenu M potvrdio je ministar poljoprivrede <strong>Vladimir Jokovi\u0107<\/strong>.<\/p>\n\n\n\n<p>On je kazao da je Ministarstvo poljoprivrede, \u0161umarstva i vodoprivrede sve \u0161to je tra\u017eila Evropska komisija ispunilo i uradilo u procesu zatvaranja pomenuta dva poglavlja. Dodaje da su dobili pozitivnu ocjenu od Ministarstva poljoprivrede EU i od 26. zemalja \u010dlanica.<\/p>\n\n\n\n<p>&#8220;Za ovo su glasali i Italija, \u0160panija, Njema\u010dka, Austrija, Holandija, Danska&#8230; Zbog \u010dega jedino od 27. dr\u017eava \u010dlanica EU, ova poglavlja nijesu dobila jedino podr\u0161ku Francuske, to je pitanje na koje mi nemamo odgovor&#8221;, isti\u010de Jokovi\u0107.<\/p>\n\n\n\n<p>Jokovi\u0107 nagla\u0161ava da resorno ministarstvo nije dobilo nikakvo obrazlo\u017eenje \u0161ta nije u redu.<\/p>\n\n\n\n<p>&#8220;Nikakvih drugih zahtjeva nije bilo, sve je ura\u0111eno \u0161to je trebalo. U komunikaciji smo stalno sa Francuskom, imaju jo\u0161 odre\u0111ene \u0161anse da njihovu odluku promijene&#8221;, poru\u010duje ministar.<\/p>\n\n\n\n<p>Jokovi\u0107 smatra da je odluka Francuske politi\u010dka. Na pitanje u kom smislu, Jokovi\u0107 ka\u017ee da jedini odgovor na to pitanje zna Francuska.&nbsp;<\/p>\n\n\n\n<p>\u201ePonavljam da nam nijesu rekli razloge, sve \u0161to je bilo po agendi EK je zavr\u0161eno i kako se druga\u010dije mo\u017ee tuma\u010diti njihova odluka bez tako&#8221;, navodi lider SNP-a.<\/p>\n\n\n\n<p><\/p>","protected":false},"excerpt":{"rendered":"<p>Crna Gora \u0107e najvjerovatnije do kraja godine zatvoriti tri od o\u010dekivanih pet poglavlja. Kako javljaju pojedina crnogorska glasila, predstavnici Francuske u radnim tijelima Evropske unije danas su blokirali zatvaranje dva poglavlja \u2014 11 (Poljoprivreda i ruralni razvoj) i 13 (Ribarstvo).<\/p>","protected":false},"author":1,"featured_media":909488,"comment_status":"open","ping_status":"open","sticky":false,"template":"","format":"standard","meta":{"_acf_changed":false,"footnotes":""},"categories":[12],"tags":[2587,2610,2611,786],"naslovna":[],"class_list":["post-912953","post","type-post","status-publish","format-standard","has-post-thumbnail","hentry","category-politika","tag-francuska","tag-komunikacija","tag-promjena-odluke","tag-vladimir-jokovic"],"acf":[],"yoast_head":"<!-- This site is optimized with the Yoast SEO plugin v27.4 - https:\/\/yoast.com\/product\/yoast-seo-wordpress\/ -->\n<title>Jokovi\u0107: U stalnoj smo komunikaciji sa Francuskom, imaju odre\u0111ene \u0161anse da promijene njihovu odluku - dmcsrb.com<\/title>\n<meta name=\"robots\" content=\"index, follow, max-snippet:-1, max-image-preview:large, max-video-preview:-1\" \/>\n<link rel=\"canonical\" href=\"https:\/\/dmcsrb.com\/en\/politika\/jokovic-u-stalnoj-smo-komunikaciji-sa-francuskom-imaju-odredjene-sanse-da-promijene-njihovu-odluku\/\" \/>\n<meta property=\"og:locale\" content=\"en_GB\" \/>\n<meta property=\"og:type\" content=\"article\" \/>\n<meta property=\"og:title\" content=\"Jokovi\u0107: U stalnoj smo komunikaciji sa Francuskom, imaju odre\u0111ene \u0161anse da promijene njihovu odluku - dmcsrb.com\" \/>\n<meta property=\"og:description\" content=\"Crna Gora \u0107e najvjerovatnije do kraja godine zatvoriti tri od o\u010dekivanih pet poglavlja. Kako javljaju pojedina crnogorska glasila, predstavnici Francuske u radnim tijelima Evropske unije danas su blokirali zatvaranje dva poglavlja \u2014 11 (Poljoprivreda i ruralni razvoj) i 13 (Ribarstvo).\" \/>\n<meta property=\"og:url\" content=\"https:\/\/dmcsrb.com\/en\/politika\/jokovic-u-stalnoj-smo-komunikaciji-sa-francuskom-imaju-odredjene-sanse-da-promijene-njihovu-odluku\/\" \/>\n<meta property=\"og:site_name\" content=\"dmcsrb.com\" \/>\n<meta property=\"article:published_time\" content=\"2025-12-12T20:30:00+00:00\" \/>\n<meta property=\"og:image\" content=\"https:\/\/dmcsrb.com\/wp-content\/uploads\/2026\/01\/54413528488_cc883106d4_o-1024x682.jpg\" \/>\n\t<meta property=\"og:image:width\" content=\"1024\" \/>\n\t<meta property=\"og:image:height\" content=\"682\" \/>\n\t<meta property=\"og:image:type\" content=\"image\/jpeg\" \/>\n<meta name=\"author\" content=\"dmcsrbija.com@gmail.com\" \/>\n<meta name=\"twitter:card\" content=\"summary_large_image\" \/>\n<meta name=\"twitter:label1\" content=\"Written by\" \/>\n\t<meta name=\"twitter:data1\" content=\"dmcsrbija.com@gmail.com\" \/>\n\t<meta name=\"twitter:label2\" content=\"Estimated reading time\" \/>\n\t<meta name=\"twitter:data2\" content=\"1 minute\" \/>\n<script type=\"application\/ld+json\" class=\"yoast-schema-graph\">{\"@context\":\"https:\\\/\\\/schema.org\",\"@graph\":[{\"@type\":\"Article\",\"@id\":\"https:\\\/\\\/dmcsrb.com\\\/politika\\\/jokovic-u-stalnoj-smo-komunikaciji-sa-francuskom-imaju-odredjene-sanse-da-promijene-njihovu-odluku\\\/#article\",\"isPartOf\":{\"@id\":\"https:\\\/\\\/dmcsrb.com\\\/politika\\\/jokovic-u-stalnoj-smo-komunikaciji-sa-francuskom-imaju-odredjene-sanse-da-promijene-njihovu-odluku\\\/\"},\"author\":{\"name\":\"dmcsrbija.com@gmail.com\",\"@id\":\"https:\\\/\\\/dmcsrb.com\\\/#\\\/schema\\\/person\\\/5c39170f12db1b8b457732d0b5c854e2\"},\"headline\":\"Jokovi\u0107: U stalnoj smo komunikaciji sa Francuskom, imaju odre\u0111ene \u0161anse da promijene njihovu odluku\",\"datePublished\":\"2025-12-12T20:30:00+00:00\",\"mainEntityOfPage\":{\"@id\":\"https:\\\/\\\/dmcsrb.com\\\/politika\\\/jokovic-u-stalnoj-smo-komunikaciji-sa-francuskom-imaju-odredjene-sanse-da-promijene-njihovu-odluku\\\/\"},\"wordCount\":207,\"commentCount\":0,\"image\":{\"@id\":\"https:\\\/\\\/dmcsrb.com\\\/politika\\\/jokovic-u-stalnoj-smo-komunikaciji-sa-francuskom-imaju-odredjene-sanse-da-promijene-njihovu-odluku\\\/#primaryimage\"},\"thumbnailUrl\":\"https:\\\/\\\/dmcsrb.com\\\/wp-content\\\/uploads\\\/2026\\\/01\\\/54413528488_cc883106d4_o.jpg\",\"keywords\":[\"Francuska\",\"komunikacija\",\"Promjena odluke\",\"Vladimir Jokovi\u0107\"],\"articleSection\":[\"Politika\"],\"inLanguage\":\"en-GB\",\"potentialAction\":[{\"@type\":\"CommentAction\",\"name\":\"Comment\",\"target\":[\"https:\\\/\\\/dmcsrb.com\\\/politika\\\/jokovic-u-stalnoj-smo-komunikaciji-sa-francuskom-imaju-odredjene-sanse-da-promijene-njihovu-odluku\\\/#respond\"]}]},{\"@type\":\"WebPage\",\"@id\":\"https:\\\/\\\/dmcsrb.com\\\/politika\\\/jokovic-u-stalnoj-smo-komunikaciji-sa-francuskom-imaju-odredjene-sanse-da-promijene-njihovu-odluku\\\/\",\"url\":\"https:\\\/\\\/dmcsrb.com\\\/politika\\\/jokovic-u-stalnoj-smo-komunikaciji-sa-francuskom-imaju-odredjene-sanse-da-promijene-njihovu-odluku\\\/\",\"name\":\"Jokovi\u0107: U stalnoj smo komunikaciji sa Francuskom, imaju odre\u0111ene \u0161anse da promijene njihovu odluku - dmcsrb.com\",\"isPartOf\":{\"@id\":\"https:\\\/\\\/dmcsrb.com\\\/#website\"},\"primaryImageOfPage\":{\"@id\":\"https:\\\/\\\/dmcsrb.com\\\/politika\\\/jokovic-u-stalnoj-smo-komunikaciji-sa-francuskom-imaju-odredjene-sanse-da-promijene-njihovu-odluku\\\/#primaryimage\"},\"image\":{\"@id\":\"https:\\\/\\\/dmcsrb.com\\\/politika\\\/jokovic-u-stalnoj-smo-komunikaciji-sa-francuskom-imaju-odredjene-sanse-da-promijene-njihovu-odluku\\\/#primaryimage\"},\"thumbnailUrl\":\"https:\\\/\\\/dmcsrb.com\\\/wp-content\\\/uploads\\\/2026\\\/01\\\/54413528488_cc883106d4_o.jpg\",\"datePublished\":\"2025-12-12T20:30:00+00:00\",\"author\":{\"@id\":\"https:\\\/\\\/dmcsrb.com\\\/#\\\/schema\\\/person\\\/5c39170f12db1b8b457732d0b5c854e2\"},\"breadcrumb\":{\"@id\":\"https:\\\/\\\/dmcsrb.com\\\/politika\\\/jokovic-u-stalnoj-smo-komunikaciji-sa-francuskom-imaju-odredjene-sanse-da-promijene-njihovu-odluku\\\/#breadcrumb\"},\"inLanguage\":\"en-GB\",\"potentialAction\":[{\"@type\":\"ReadAction\",\"target\":[\"https:\\\/\\\/dmcsrb.com\\\/politika\\\/jokovic-u-stalnoj-smo-komunikaciji-sa-francuskom-imaju-odredjene-sanse-da-promijene-njihovu-odluku\\\/\"]}]},{\"@type\":\"ImageObject\",\"inLanguage\":\"en-GB\",\"@id\":\"https:\\\/\\\/dmcsrb.com\\\/politika\\\/jokovic-u-stalnoj-smo-komunikaciji-sa-francuskom-imaju-odredjene-sanse-da-promijene-njihovu-odluku\\\/#primaryimage\",\"url\":\"https:\\\/\\\/dmcsrb.com\\\/wp-content\\\/uploads\\\/2026\\\/01\\\/54413528488_cc883106d4_o.jpg\",\"contentUrl\":\"https:\\\/\\\/dmcsrb.com\\\/wp-content\\\/uploads\\\/2026\\\/01\\\/54413528488_cc883106d4_o.jpg\",\"width\":2500,\"height\":1665},{\"@type\":\"BreadcrumbList\",\"@id\":\"https:\\\/\\\/dmcsrb.com\\\/politika\\\/jokovic-u-stalnoj-smo-komunikaciji-sa-francuskom-imaju-odredjene-sanse-da-promijene-njihovu-odluku\\\/#breadcrumb\",\"itemListElement\":[{\"@type\":\"ListItem\",\"position\":1,\"name\":\"Home\",\"item\":\"https:\\\/\\\/dmcsrb.com\\\/\"},{\"@type\":\"ListItem\",\"position\":2,\"name\":\"Jokovi\u0107: U stalnoj smo komunikaciji sa Francuskom, imaju odre\u0111ene \u0161anse da promijene njihovu odluku\"}]},{\"@type\":\"WebSite\",\"@id\":\"https:\\\/\\\/dmcsrb.com\\\/#website\",\"url\":\"https:\\\/\\\/dmcsrb.com\\\/\",\"name\":\"dmcsrb.com\",\"description\":\"\",\"potentialAction\":[{\"@type\":\"SearchAction\",\"target\":{\"@type\":\"EntryPoint\",\"urlTemplate\":\"https:\\\/\\\/dmcsrb.com\\\/?s={search_term_string}\"},\"query-input\":{\"@type\":\"PropertyValueSpecification\",\"valueRequired\":true,\"valueName\":\"search_term_string\"}}],\"inLanguage\":\"en-GB\"},{\"@type\":\"Person\",\"@id\":\"https:\\\/\\\/dmcsrb.com\\\/#\\\/schema\\\/person\\\/5c39170f12db1b8b457732d0b5c854e2\",\"name\":\"dmcsrbija.com@gmail.com\",\"image\":{\"@type\":\"ImageObject\",\"inLanguage\":\"en-GB\",\"@id\":\"https:\\\/\\\/secure.gravatar.com\\\/avatar\\\/68592660ad6347fad0fb587f8d5d8f1a7b44961362f56e4f2cd524feb87e9069?s=96&d=mm&r=g\",\"url\":\"https:\\\/\\\/secure.gravatar.com\\\/avatar\\\/68592660ad6347fad0fb587f8d5d8f1a7b44961362f56e4f2cd524feb87e9069?s=96&d=mm&r=g\",\"contentUrl\":\"https:\\\/\\\/secure.gravatar.com\\\/avatar\\\/68592660ad6347fad0fb587f8d5d8f1a7b44961362f56e4f2cd524feb87e9069?s=96&d=mm&r=g\",\"caption\":\"dmcsrbija.com@gmail.com\"},\"sameAs\":[\"https:\\\/\\\/dmcsrb.com\"],\"url\":\"https:\\\/\\\/dmcsrb.com\\\/en\\\/author\\\/dmcsrbija-comgmail-com\\\/\"}]}<\/script>\n<!-- \/ Yoast SEO plugin. -->","yoast_head_json":{"title":"Jokovi\u0107: U stalnoj smo komunikaciji sa Francuskom, imaju odre\u0111ene \u0161anse da promijene njihovu odluku - dmcsrb.com","robots":{"index":"index","follow":"follow","max-snippet":"max-snippet:-1","max-image-preview":"max-image-preview:large","max-video-preview":"max-video-preview:-1"},"canonical":"https:\/\/dmcsrb.com\/en\/politika\/jokovic-u-stalnoj-smo-komunikaciji-sa-francuskom-imaju-odredjene-sanse-da-promijene-njihovu-odluku\/","og_locale":"en_GB","og_type":"article","og_title":"Jokovi\u0107: U stalnoj smo komunikaciji sa Francuskom, imaju odre\u0111ene \u0161anse da promijene njihovu odluku - dmcsrb.com","og_description":"Crna Gora \u0107e najvjerovatnije do kraja godine zatvoriti tri od o\u010dekivanih pet poglavlja. Kako javljaju pojedina crnogorska glasila, predstavnici Francuske u radnim tijelima Evropske unije danas su blokirali zatvaranje dva poglavlja \u2014 11 (Poljoprivreda i ruralni razvoj) i 13 (Ribarstvo).","og_url":"https:\/\/dmcsrb.com\/en\/politika\/jokovic-u-stalnoj-smo-komunikaciji-sa-francuskom-imaju-odredjene-sanse-da-promijene-njihovu-odluku\/","og_site_name":"dmcsrb.com","article_published_time":"2025-12-12T20:30:00+00:00","og_image":[{"width":1024,"height":682,"url":"https:\/\/dmcsrb.com\/wp-content\/uploads\/2026\/01\/54413528488_cc883106d4_o-1024x682.jpg","type":"image\/jpeg"}],"author":"dmcsrbija.com@gmail.com","twitter_card":"summary_large_image","twitter_misc":{"Written by":"dmcsrbija.com@gmail.com","Estimated reading time":"1 minute"},"schema":{"@context":"https:\/\/schema.org","@graph":[{"@type":"Article","@id":"https:\/\/dmcsrb.com\/politika\/jokovic-u-stalnoj-smo-komunikaciji-sa-francuskom-imaju-odredjene-sanse-da-promijene-njihovu-odluku\/#article","isPartOf":{"@id":"https:\/\/dmcsrb.com\/politika\/jokovic-u-stalnoj-smo-komunikaciji-sa-francuskom-imaju-odredjene-sanse-da-promijene-njihovu-odluku\/"},"author":{"name":"dmcsrbija.com@gmail.com","@id":"https:\/\/dmcsrb.com\/#\/schema\/person\/5c39170f12db1b8b457732d0b5c854e2"},"headline":"Jokovi\u0107: U stalnoj smo komunikaciji sa Francuskom, imaju odre\u0111ene \u0161anse da promijene njihovu odluku","datePublished":"2025-12-12T20:30:00+00:00","mainEntityOfPage":{"@id":"https:\/\/dmcsrb.com\/politika\/jokovic-u-stalnoj-smo-komunikaciji-sa-francuskom-imaju-odredjene-sanse-da-promijene-njihovu-odluku\/"},"wordCount":207,"commentCount":0,"image":{"@id":"https:\/\/dmcsrb.com\/politika\/jokovic-u-stalnoj-smo-komunikaciji-sa-francuskom-imaju-odredjene-sanse-da-promijene-njihovu-odluku\/#primaryimage"},"thumbnailUrl":"https:\/\/dmcsrb.com\/wp-content\/uploads\/2026\/01\/54413528488_cc883106d4_o.jpg","keywords":["Francuska","komunikacija","Promjena odluke","Vladimir Jokovi\u0107"],"articleSection":["Politika"],"inLanguage":"en-GB","potentialAction":[{"@type":"CommentAction","name":"Comment","target":["https:\/\/dmcsrb.com\/politika\/jokovic-u-stalnoj-smo-komunikaciji-sa-francuskom-imaju-odredjene-sanse-da-promijene-njihovu-odluku\/#respond"]}]},{"@type":"WebPage","@id":"https:\/\/dmcsrb.com\/politika\/jokovic-u-stalnoj-smo-komunikaciji-sa-francuskom-imaju-odredjene-sanse-da-promijene-njihovu-odluku\/","url":"https:\/\/dmcsrb.com\/politika\/jokovic-u-stalnoj-smo-komunikaciji-sa-francuskom-imaju-odredjene-sanse-da-promijene-njihovu-odluku\/","name":"Jokovi\u0107: U stalnoj smo komunikaciji sa Francuskom, imaju odre\u0111ene \u0161anse da promijene njihovu odluku - dmcsrb.com","isPartOf":{"@id":"https:\/\/dmcsrb.com\/#website"},"primaryImageOfPage":{"@id":"https:\/\/dmcsrb.com\/politika\/jokovic-u-stalnoj-smo-komunikaciji-sa-francuskom-imaju-odredjene-sanse-da-promijene-njihovu-odluku\/#primaryimage"},"image":{"@id":"https:\/\/dmcsrb.com\/politika\/jokovic-u-stalnoj-smo-komunikaciji-sa-francuskom-imaju-odredjene-sanse-da-promijene-njihovu-odluku\/#primaryimage"},"thumbnailUrl":"https:\/\/dmcsrb.com\/wp-content\/uploads\/2026\/01\/54413528488_cc883106d4_o.jpg","datePublished":"2025-12-12T20:30:00+00:00","author":{"@id":"https:\/\/dmcsrb.com\/#\/schema\/person\/5c39170f12db1b8b457732d0b5c854e2"},"breadcrumb":{"@id":"https:\/\/dmcsrb.com\/politika\/jokovic-u-stalnoj-smo-komunikaciji-sa-francuskom-imaju-odredjene-sanse-da-promijene-njihovu-odluku\/#breadcrumb"},"inLanguage":"en-GB","potentialAction":[{"@type":"ReadAction","target":["https:\/\/dmcsrb.com\/politika\/jokovic-u-stalnoj-smo-komunikaciji-sa-francuskom-imaju-odredjene-sanse-da-promijene-njihovu-odluku\/"]}]},{"@type":"ImageObject","inLanguage":"en-GB","@id":"https:\/\/dmcsrb.com\/politika\/jokovic-u-stalnoj-smo-komunikaciji-sa-francuskom-imaju-odredjene-sanse-da-promijene-njihovu-odluku\/#primaryimage","url":"https:\/\/dmcsrb.com\/wp-content\/uploads\/2026\/01\/54413528488_cc883106d4_o.jpg","contentUrl":"https:\/\/dmcsrb.com\/wp-content\/uploads\/2026\/01\/54413528488_cc883106d4_o.jpg","width":2500,"height":1665},{"@type":"BreadcrumbList","@id":"https:\/\/dmcsrb.com\/politika\/jokovic-u-stalnoj-smo-komunikaciji-sa-francuskom-imaju-odredjene-sanse-da-promijene-njihovu-odluku\/#breadcrumb","itemListElement":[{"@type":"ListItem","position":1,"name":"Home","item":"https:\/\/dmcsrb.com\/"},{"@type":"ListItem","position":2,"name":"Jokovi\u0107: U stalnoj smo komunikaciji sa Francuskom, imaju odre\u0111ene \u0161anse da promijene njihovu odluku"}]},{"@type":"WebSite","@id":"https:\/\/dmcsrb.com\/#website","url":"https:\/\/dmcsrb.com\/","name":"dmcsrb.com","description":"","potentialAction":[{"@type":"SearchAction","target":{"@type":"EntryPoint","urlTemplate":"https:\/\/dmcsrb.com\/?s={search_term_string}"},"query-input":{"@type":"PropertyValueSpecification","valueRequired":true,"valueName":"search_term_string"}}],"inLanguage":"en-GB"},{"@type":"Person","@id":"https:\/\/dmcsrb.com\/#\/schema\/person\/5c39170f12db1b8b457732d0b5c854e2","name":"dmcsrbija.com@gmail.com","image":{"@type":"ImageObject","inLanguage":"en-GB","@id":"https:\/\/secure.gravatar.com\/avatar\/68592660ad6347fad0fb587f8d5d8f1a7b44961362f56e4f2cd524feb87e9069?s=96&d=mm&r=g","url":"https:\/\/secure.gravatar.com\/avatar\/68592660ad6347fad0fb587f8d5d8f1a7b44961362f56e4f2cd524feb87e9069?s=96&d=mm&r=g","contentUrl":"https:\/\/secure.gravatar.com\/avatar\/68592660ad6347fad0fb587f8d5d8f1a7b44961362f56e4f2cd524feb87e9069?s=96&d=mm&r=g","caption":"dmcsrbija.com@gmail.com"},"sameAs":["https:\/\/dmcsrb.com"],"url":"https:\/\/dmcsrb.com\/en\/author\/dmcsrbija-comgmail-com\/"}]}},"_links":{"self":[{"href":"https:\/\/dmcsrb.com\/en\/wp-json\/wp\/v2\/posts\/912953","targetHints":{"allow":["GET"]}}],"collection":[{"href":"https:\/\/dmcsrb.com\/en\/wp-json\/wp\/v2\/posts"}],"about":[{"href":"https:\/\/dmcsrb.com\/en\/wp-json\/wp\/v2\/types\/post"}],"author":[{"embeddable":true,"href":"https:\/\/dmcsrb.com\/en\/wp-json\/wp\/v2\/users\/1"}],"replies":[{"embeddable":true,"href":"https:\/\/dmcsrb.com\/en\/wp-json\/wp\/v2\/comments?post=912953"}],"version-history":[{"count":0,"href":"https:\/\/dmcsrb.com\/en\/wp-json\/wp\/v2\/posts\/912953\/revisions"}],"wp:featuredmedia":[{"embeddable":true,"href":"https:\/\/dmcsrb.com\/en\/wp-json\/wp\/v2\/media\/909488"}],"wp:attachment":[{"href":"https:\/\/dmcsrb.com\/en\/wp-json\/wp\/v2\/media?parent=912953"}],"wp:term":[{"taxonomy":"category","embeddable":true,"href":"https:\/\/dmcsrb.com\/en\/wp-json\/wp\/v2\/categories?post=912953"},{"taxonomy":"post_tag","embeddable":true,"href":"https:\/\/dmcsrb.com\/en\/wp-json\/wp\/v2\/tags?post=912953"},{"taxonomy":"naslovna","embeddable":true,"href":"https:\/\/dmcsrb.com\/en\/wp-json\/wp\/v2\/naslovna?post=912953"}],"curies":[{"name":"wp","href":"https:\/\/api.w.org\/{rel}","templated":true}]}}