{"id":912893,"date":"2025-12-12T16:03:54","date_gmt":"2025-12-12T15:03:54","guid":{"rendered":"https:\/\/dmcsrb.com\/uncategorized\/skupstina-glavnog-grada-izabrani-vrsioci-duznosti-predsjednika-savjeta-svih-mjesnih-zajednica-na-teritoriji-podgorice\/"},"modified":"2025-12-12T16:03:54","modified_gmt":"2025-12-12T15:03:54","slug":"skupstina-glavnog-grada-izabrani-vrsioci-duznosti-predsjednika-savjeta-svih-mjesnih-zajednica-na-teritoriji-podgorice","status":"publish","type":"post","link":"https:\/\/dmcsrb.com\/en\/podgorica\/skupstina-glavnog-grada-izabrani-vrsioci-duznosti-predsjednika-savjeta-svih-mjesnih-zajednica-na-teritoriji-podgorice\/","title":{"rendered":"Skup\u0161tina Glavnog grada: Izabrani vr\u0161ioci du\u017enosti predsjednika savjeta svih mjesnih zajednica na teritoriji Podgorice"},"content":{"rendered":"<p>,,Ovom odlukom stvaraju se uslovi za kona\u010dno vra\u0107anje mjesnih zajednica njihovoj punoj ulozi u sistemu lokalne demokratije i neposrednog u\u010de\u0161\u0107a gra\u0111anki i gra\u0111ana u odlu\u010divanju o pitanjima od zna\u010daja za svakodnevni \u017eivot\u201d, poru\u010dila je predsjednica Skup\u0161tine dr Jelena Borovini\u0107 Bojovi\u0107.<\/p>\n\n\n\n<p>Imenovani su vr\u0161ioci du\u017enosti predsjednika savjeta mjesnih zajednica na teritoriji Glavnog grada i to u sljede\u0107im mjesnim zajednicama:<\/p>\n\n\n\n<p>Stara Varo\u0161, Dra\u010d, Gorica, Ljubovi\u0107, Nova Varo\u0161, Momi\u0161i\u0107i, Kru\u0161evac, Stari Aerodrom, Donja Gorica, Gornja Gorica, Dajbabe, Jedinstvo, Zabjelo, Zagori\u010d, 19. Decembar, Konik, Blok V i VI, Tolo\u0161i I, Tolo\u0161i II, Masline, 13. Jul, Zlatica, 1. Maj, kao i u mjesnim zajednicama koje se nalaze u vangradskom (ruralnom) podru\u010dju: Lje\u0161kopolje, Barutana, Gradac, Lijeva Rijeka, Brskut, Doljani, Komani, Stijena, Ubli, Fundina, Trmanje, Pelev Brijeg, Rogami, Proleter, Velje Brdo i Bio\u010de.<\/p>\n\n\n\n<p>Skup\u0161tina Glavnog grada, kroz rad Odbora za izbor i imenovanja i ostalih radnih tijela, nastavlja da djeluje posve\u0107eno i odgovorno, sa ciljem da mjesne zajednice budu funkcionalne i otvorene, u slu\u017ebi stvarnih potreba sugra\u0111anki i sugra\u0111ana, kako u urbanom, tako i u ruralnom dijelu Podgorice.<\/p>","protected":false},"excerpt":{"rendered":"<p>Odbor za izbor i imenovanja Skup\u0161tine Glavnog grada je danas, na sjednici odr\u017eanoj 12. decembra 2025. godine, donio rje\u0161enja o imenovanju vr\u0161ilaca du\u017enosti predsjednika savjeta svih mjesnih zajednica na teritoriji Glavnog grada Podgorice, \u010dime je na\u010dinjen va\u017ean iskorak ka odgovornoj i funkcionalnoj lokalnoj samoupravi.<\/p>","protected":false},"author":1,"featured_media":912894,"comment_status":"open","ping_status":"open","sticky":false,"template":"","format":"standard","meta":{"_acf_changed":false,"footnotes":""},"categories":[56],"tags":[2546,31],"naslovna":[],"class_list":["post-912893","post","type-post","status-publish","format-standard","has-post-thumbnail","hentry","category-podgorica","tag-mjesne-zajednice","tag-podgorica"],"acf":[],"yoast_head":"<!-- This site is optimized with the Yoast SEO plugin v27.0 - https:\/\/yoast.com\/product\/yoast-seo-wordpress\/ -->\n<title>Skup\u0161tina Glavnog grada: Izabrani vr\u0161ioci du\u017enosti predsjednika savjeta svih mjesnih zajednica na teritoriji Podgorice - dmcsrb.com<\/title>\n<meta name=\"robots\" content=\"index, follow, max-snippet:-1, max-image-preview:large, max-video-preview:-1\" \/>\n<link rel=\"canonical\" href=\"https:\/\/dmcsrb.com\/en\/podgorica\/skupstina-glavnog-grada-izabrani-vrsioci-duznosti-predsjednika-savjeta-svih-mjesnih-zajednica-na-teritoriji-podgorice\/\" \/>\n<meta property=\"og:locale\" content=\"en_GB\" \/>\n<meta property=\"og:type\" content=\"article\" \/>\n<meta property=\"og:title\" content=\"Skup\u0161tina Glavnog grada: Izabrani vr\u0161ioci du\u017enosti predsjednika savjeta svih mjesnih zajednica na teritoriji Podgorice - dmcsrb.com\" \/>\n<meta property=\"og:description\" content=\"Odbor za izbor i imenovanja Skup\u0161tine Glavnog grada je danas, na sjednici odr\u017eanoj 12. decembra 2025. godine, donio rje\u0161enja o imenovanju vr\u0161ilaca du\u017enosti predsjednika savjeta svih mjesnih zajednica na teritoriji Glavnog grada Podgorice, \u010dime je na\u010dinjen va\u017ean iskorak ka odgovornoj i funkcionalnoj lokalnoj samoupravi.\" \/>\n<meta property=\"og:url\" content=\"https:\/\/dmcsrb.com\/en\/podgorica\/skupstina-glavnog-grada-izabrani-vrsioci-duznosti-predsjednika-savjeta-svih-mjesnih-zajednica-na-teritoriji-podgorice\/\" \/>\n<meta property=\"og:site_name\" content=\"dmcsrb.com\" \/>\n<meta property=\"article:published_time\" content=\"2025-12-12T15:03:54+00:00\" \/>\n<meta property=\"og:image\" content=\"https:\/\/dmcsrb.com\/wp-content\/uploads\/2026\/01\/Skupstina-glavnog-grada.jpg\" \/>\n\t<meta property=\"og:image:width\" content=\"1024\" \/>\n\t<meta property=\"og:image:height\" content=\"768\" \/>\n\t<meta property=\"og:image:type\" content=\"image\/jpeg\" \/>\n<meta name=\"author\" content=\"dmcsrbija.com@gmail.com\" \/>\n<meta name=\"twitter:card\" content=\"summary_large_image\" \/>\n<meta name=\"twitter:label1\" content=\"Written by\" \/>\n\t<meta name=\"twitter:data1\" content=\"dmcsrbija.com@gmail.com\" \/>\n\t<meta name=\"twitter:label2\" content=\"Estimated reading time\" \/>\n\t<meta name=\"twitter:data2\" content=\"1 minute\" \/>\n<script type=\"application\/ld+json\" class=\"yoast-schema-graph\">{\"@context\":\"https:\/\/schema.org\",\"@graph\":[{\"@type\":\"Article\",\"@id\":\"https:\/\/dmcsrb.com\/podgorica\/skupstina-glavnog-grada-izabrani-vrsioci-duznosti-predsjednika-savjeta-svih-mjesnih-zajednica-na-teritoriji-podgorice\/#article\",\"isPartOf\":{\"@id\":\"https:\/\/dmcsrb.com\/podgorica\/skupstina-glavnog-grada-izabrani-vrsioci-duznosti-predsjednika-savjeta-svih-mjesnih-zajednica-na-teritoriji-podgorice\/\"},\"author\":{\"name\":\"dmcsrbija.com@gmail.com\",\"@id\":\"https:\/\/dmcsrb.com\/#\/schema\/person\/5c39170f12db1b8b457732d0b5c854e2\"},\"headline\":\"Skup\u0161tina Glavnog grada: Izabrani vr\u0161ioci du\u017enosti predsjednika savjeta svih mjesnih zajednica na teritoriji Podgorice\",\"datePublished\":\"2025-12-12T15:03:54+00:00\",\"mainEntityOfPage\":{\"@id\":\"https:\/\/dmcsrb.com\/podgorica\/skupstina-glavnog-grada-izabrani-vrsioci-duznosti-predsjednika-savjeta-svih-mjesnih-zajednica-na-teritoriji-podgorice\/\"},\"wordCount\":211,\"commentCount\":0,\"image\":{\"@id\":\"https:\/\/dmcsrb.com\/podgorica\/skupstina-glavnog-grada-izabrani-vrsioci-duznosti-predsjednika-savjeta-svih-mjesnih-zajednica-na-teritoriji-podgorice\/#primaryimage\"},\"thumbnailUrl\":\"https:\/\/dmcsrb.com\/wp-content\/uploads\/2026\/01\/Skupstina-glavnog-grada.jpg\",\"keywords\":[\"mjesne zajednice\",\"Podgorica\"],\"articleSection\":[\"Podgorica\"],\"inLanguage\":\"en-GB\",\"potentialAction\":[{\"@type\":\"CommentAction\",\"name\":\"Comment\",\"target\":[\"https:\/\/dmcsrb.com\/podgorica\/skupstina-glavnog-grada-izabrani-vrsioci-duznosti-predsjednika-savjeta-svih-mjesnih-zajednica-na-teritoriji-podgorice\/#respond\"]}]},{\"@type\":\"WebPage\",\"@id\":\"https:\/\/dmcsrb.com\/podgorica\/skupstina-glavnog-grada-izabrani-vrsioci-duznosti-predsjednika-savjeta-svih-mjesnih-zajednica-na-teritoriji-podgorice\/\",\"url\":\"https:\/\/dmcsrb.com\/podgorica\/skupstina-glavnog-grada-izabrani-vrsioci-duznosti-predsjednika-savjeta-svih-mjesnih-zajednica-na-teritoriji-podgorice\/\",\"name\":\"Skup\u0161tina Glavnog grada: Izabrani vr\u0161ioci du\u017enosti predsjednika savjeta svih mjesnih zajednica na teritoriji Podgorice - dmcsrb.com\",\"isPartOf\":{\"@id\":\"https:\/\/dmcsrb.com\/#website\"},\"primaryImageOfPage\":{\"@id\":\"https:\/\/dmcsrb.com\/podgorica\/skupstina-glavnog-grada-izabrani-vrsioci-duznosti-predsjednika-savjeta-svih-mjesnih-zajednica-na-teritoriji-podgorice\/#primaryimage\"},\"image\":{\"@id\":\"https:\/\/dmcsrb.com\/podgorica\/skupstina-glavnog-grada-izabrani-vrsioci-duznosti-predsjednika-savjeta-svih-mjesnih-zajednica-na-teritoriji-podgorice\/#primaryimage\"},\"thumbnailUrl\":\"https:\/\/dmcsrb.com\/wp-content\/uploads\/2026\/01\/Skupstina-glavnog-grada.jpg\",\"datePublished\":\"2025-12-12T15:03:54+00:00\",\"author\":{\"@id\":\"https:\/\/dmcsrb.com\/#\/schema\/person\/5c39170f12db1b8b457732d0b5c854e2\"},\"breadcrumb\":{\"@id\":\"https:\/\/dmcsrb.com\/podgorica\/skupstina-glavnog-grada-izabrani-vrsioci-duznosti-predsjednika-savjeta-svih-mjesnih-zajednica-na-teritoriji-podgorice\/#breadcrumb\"},\"inLanguage\":\"en-GB\",\"potentialAction\":[{\"@type\":\"ReadAction\",\"target\":[\"https:\/\/dmcsrb.com\/podgorica\/skupstina-glavnog-grada-izabrani-vrsioci-duznosti-predsjednika-savjeta-svih-mjesnih-zajednica-na-teritoriji-podgorice\/\"]}]},{\"@type\":\"ImageObject\",\"inLanguage\":\"en-GB\",\"@id\":\"https:\/\/dmcsrb.com\/podgorica\/skupstina-glavnog-grada-izabrani-vrsioci-duznosti-predsjednika-savjeta-svih-mjesnih-zajednica-na-teritoriji-podgorice\/#primaryimage\",\"url\":\"https:\/\/dmcsrb.com\/wp-content\/uploads\/2026\/01\/Skupstina-glavnog-grada.jpg\",\"contentUrl\":\"https:\/\/dmcsrb.com\/wp-content\/uploads\/2026\/01\/Skupstina-glavnog-grada.jpg\",\"width\":1024,\"height\":768},{\"@type\":\"BreadcrumbList\",\"@id\":\"https:\/\/dmcsrb.com\/podgorica\/skupstina-glavnog-grada-izabrani-vrsioci-duznosti-predsjednika-savjeta-svih-mjesnih-zajednica-na-teritoriji-podgorice\/#breadcrumb\",\"itemListElement\":[{\"@type\":\"ListItem\",\"position\":1,\"name\":\"Home\",\"item\":\"https:\/\/dmcsrb.com\/\"},{\"@type\":\"ListItem\",\"position\":2,\"name\":\"Skup\u0161tina Glavnog grada: Izabrani vr\u0161ioci du\u017enosti predsjednika savjeta svih mjesnih zajednica na teritoriji Podgorice\"}]},{\"@type\":\"WebSite\",\"@id\":\"https:\/\/dmcsrb.com\/#website\",\"url\":\"https:\/\/dmcsrb.com\/\",\"name\":\"dmcsrb.com\",\"description\":\"\",\"potentialAction\":[{\"@type\":\"SearchAction\",\"target\":{\"@type\":\"EntryPoint\",\"urlTemplate\":\"https:\/\/dmcsrb.com\/?s={search_term_string}\"},\"query-input\":{\"@type\":\"PropertyValueSpecification\",\"valueRequired\":true,\"valueName\":\"search_term_string\"}}],\"inLanguage\":\"en-GB\"},{\"@type\":\"Person\",\"@id\":\"https:\/\/dmcsrb.com\/#\/schema\/person\/5c39170f12db1b8b457732d0b5c854e2\",\"name\":\"dmcsrbija.com@gmail.com\",\"image\":{\"@type\":\"ImageObject\",\"inLanguage\":\"en-GB\",\"@id\":\"https:\/\/dmcsrb.com\/#\/schema\/person\/image\/\",\"url\":\"https:\/\/secure.gravatar.com\/avatar\/68592660ad6347fad0fb587f8d5d8f1a7b44961362f56e4f2cd524feb87e9069?s=96&d=mm&r=g\",\"contentUrl\":\"https:\/\/secure.gravatar.com\/avatar\/68592660ad6347fad0fb587f8d5d8f1a7b44961362f56e4f2cd524feb87e9069?s=96&d=mm&r=g\",\"caption\":\"dmcsrbija.com@gmail.com\"},\"sameAs\":[\"https:\/\/dmcsrb.com\"],\"url\":\"https:\/\/dmcsrb.com\/en\/author\/dmcsrbija-comgmail-com\/\"}]}<\/script>\n<!-- \/ Yoast SEO plugin. -->","yoast_head_json":{"title":"Skup\u0161tina Glavnog grada: Izabrani vr\u0161ioci du\u017enosti predsjednika savjeta svih mjesnih zajednica na teritoriji Podgorice - dmcsrb.com","robots":{"index":"index","follow":"follow","max-snippet":"max-snippet:-1","max-image-preview":"max-image-preview:large","max-video-preview":"max-video-preview:-1"},"canonical":"https:\/\/dmcsrb.com\/en\/podgorica\/skupstina-glavnog-grada-izabrani-vrsioci-duznosti-predsjednika-savjeta-svih-mjesnih-zajednica-na-teritoriji-podgorice\/","og_locale":"en_GB","og_type":"article","og_title":"Skup\u0161tina Glavnog grada: Izabrani vr\u0161ioci du\u017enosti predsjednika savjeta svih mjesnih zajednica na teritoriji Podgorice - dmcsrb.com","og_description":"Odbor za izbor i imenovanja Skup\u0161tine Glavnog grada je danas, na sjednici odr\u017eanoj 12. decembra 2025. godine, donio rje\u0161enja o imenovanju vr\u0161ilaca du\u017enosti predsjednika savjeta svih mjesnih zajednica na teritoriji Glavnog grada Podgorice, \u010dime je na\u010dinjen va\u017ean iskorak ka odgovornoj i funkcionalnoj lokalnoj samoupravi.","og_url":"https:\/\/dmcsrb.com\/en\/podgorica\/skupstina-glavnog-grada-izabrani-vrsioci-duznosti-predsjednika-savjeta-svih-mjesnih-zajednica-na-teritoriji-podgorice\/","og_site_name":"dmcsrb.com","article_published_time":"2025-12-12T15:03:54+00:00","og_image":[{"width":1024,"height":768,"url":"https:\/\/dmcsrb.com\/wp-content\/uploads\/2026\/01\/Skupstina-glavnog-grada.jpg","type":"image\/jpeg"}],"author":"dmcsrbija.com@gmail.com","twitter_card":"summary_large_image","twitter_misc":{"Written by":"dmcsrbija.com@gmail.com","Estimated reading time":"1 minute"},"schema":{"@context":"https:\/\/schema.org","@graph":[{"@type":"Article","@id":"https:\/\/dmcsrb.com\/podgorica\/skupstina-glavnog-grada-izabrani-vrsioci-duznosti-predsjednika-savjeta-svih-mjesnih-zajednica-na-teritoriji-podgorice\/#article","isPartOf":{"@id":"https:\/\/dmcsrb.com\/podgorica\/skupstina-glavnog-grada-izabrani-vrsioci-duznosti-predsjednika-savjeta-svih-mjesnih-zajednica-na-teritoriji-podgorice\/"},"author":{"name":"dmcsrbija.com@gmail.com","@id":"https:\/\/dmcsrb.com\/#\/schema\/person\/5c39170f12db1b8b457732d0b5c854e2"},"headline":"Skup\u0161tina Glavnog grada: Izabrani vr\u0161ioci du\u017enosti predsjednika savjeta svih mjesnih zajednica na teritoriji Podgorice","datePublished":"2025-12-12T15:03:54+00:00","mainEntityOfPage":{"@id":"https:\/\/dmcsrb.com\/podgorica\/skupstina-glavnog-grada-izabrani-vrsioci-duznosti-predsjednika-savjeta-svih-mjesnih-zajednica-na-teritoriji-podgorice\/"},"wordCount":211,"commentCount":0,"image":{"@id":"https:\/\/dmcsrb.com\/podgorica\/skupstina-glavnog-grada-izabrani-vrsioci-duznosti-predsjednika-savjeta-svih-mjesnih-zajednica-na-teritoriji-podgorice\/#primaryimage"},"thumbnailUrl":"https:\/\/dmcsrb.com\/wp-content\/uploads\/2026\/01\/Skupstina-glavnog-grada.jpg","keywords":["mjesne zajednice","Podgorica"],"articleSection":["Podgorica"],"inLanguage":"en-GB","potentialAction":[{"@type":"CommentAction","name":"Comment","target":["https:\/\/dmcsrb.com\/podgorica\/skupstina-glavnog-grada-izabrani-vrsioci-duznosti-predsjednika-savjeta-svih-mjesnih-zajednica-na-teritoriji-podgorice\/#respond"]}]},{"@type":"WebPage","@id":"https:\/\/dmcsrb.com\/podgorica\/skupstina-glavnog-grada-izabrani-vrsioci-duznosti-predsjednika-savjeta-svih-mjesnih-zajednica-na-teritoriji-podgorice\/","url":"https:\/\/dmcsrb.com\/podgorica\/skupstina-glavnog-grada-izabrani-vrsioci-duznosti-predsjednika-savjeta-svih-mjesnih-zajednica-na-teritoriji-podgorice\/","name":"Skup\u0161tina Glavnog grada: Izabrani vr\u0161ioci du\u017enosti predsjednika savjeta svih mjesnih zajednica na teritoriji Podgorice - dmcsrb.com","isPartOf":{"@id":"https:\/\/dmcsrb.com\/#website"},"primaryImageOfPage":{"@id":"https:\/\/dmcsrb.com\/podgorica\/skupstina-glavnog-grada-izabrani-vrsioci-duznosti-predsjednika-savjeta-svih-mjesnih-zajednica-na-teritoriji-podgorice\/#primaryimage"},"image":{"@id":"https:\/\/dmcsrb.com\/podgorica\/skupstina-glavnog-grada-izabrani-vrsioci-duznosti-predsjednika-savjeta-svih-mjesnih-zajednica-na-teritoriji-podgorice\/#primaryimage"},"thumbnailUrl":"https:\/\/dmcsrb.com\/wp-content\/uploads\/2026\/01\/Skupstina-glavnog-grada.jpg","datePublished":"2025-12-12T15:03:54+00:00","author":{"@id":"https:\/\/dmcsrb.com\/#\/schema\/person\/5c39170f12db1b8b457732d0b5c854e2"},"breadcrumb":{"@id":"https:\/\/dmcsrb.com\/podgorica\/skupstina-glavnog-grada-izabrani-vrsioci-duznosti-predsjednika-savjeta-svih-mjesnih-zajednica-na-teritoriji-podgorice\/#breadcrumb"},"inLanguage":"en-GB","potentialAction":[{"@type":"ReadAction","target":["https:\/\/dmcsrb.com\/podgorica\/skupstina-glavnog-grada-izabrani-vrsioci-duznosti-predsjednika-savjeta-svih-mjesnih-zajednica-na-teritoriji-podgorice\/"]}]},{"@type":"ImageObject","inLanguage":"en-GB","@id":"https:\/\/dmcsrb.com\/podgorica\/skupstina-glavnog-grada-izabrani-vrsioci-duznosti-predsjednika-savjeta-svih-mjesnih-zajednica-na-teritoriji-podgorice\/#primaryimage","url":"https:\/\/dmcsrb.com\/wp-content\/uploads\/2026\/01\/Skupstina-glavnog-grada.jpg","contentUrl":"https:\/\/dmcsrb.com\/wp-content\/uploads\/2026\/01\/Skupstina-glavnog-grada.jpg","width":1024,"height":768},{"@type":"BreadcrumbList","@id":"https:\/\/dmcsrb.com\/podgorica\/skupstina-glavnog-grada-izabrani-vrsioci-duznosti-predsjednika-savjeta-svih-mjesnih-zajednica-na-teritoriji-podgorice\/#breadcrumb","itemListElement":[{"@type":"ListItem","position":1,"name":"Home","item":"https:\/\/dmcsrb.com\/"},{"@type":"ListItem","position":2,"name":"Skup\u0161tina Glavnog grada: Izabrani vr\u0161ioci du\u017enosti predsjednika savjeta svih mjesnih zajednica na teritoriji Podgorice"}]},{"@type":"WebSite","@id":"https:\/\/dmcsrb.com\/#website","url":"https:\/\/dmcsrb.com\/","name":"dmcsrb.com","description":"","potentialAction":[{"@type":"SearchAction","target":{"@type":"EntryPoint","urlTemplate":"https:\/\/dmcsrb.com\/?s={search_term_string}"},"query-input":{"@type":"PropertyValueSpecification","valueRequired":true,"valueName":"search_term_string"}}],"inLanguage":"en-GB"},{"@type":"Person","@id":"https:\/\/dmcsrb.com\/#\/schema\/person\/5c39170f12db1b8b457732d0b5c854e2","name":"dmcsrbija.com@gmail.com","image":{"@type":"ImageObject","inLanguage":"en-GB","@id":"https:\/\/dmcsrb.com\/#\/schema\/person\/image\/","url":"https:\/\/secure.gravatar.com\/avatar\/68592660ad6347fad0fb587f8d5d8f1a7b44961362f56e4f2cd524feb87e9069?s=96&d=mm&r=g","contentUrl":"https:\/\/secure.gravatar.com\/avatar\/68592660ad6347fad0fb587f8d5d8f1a7b44961362f56e4f2cd524feb87e9069?s=96&d=mm&r=g","caption":"dmcsrbija.com@gmail.com"},"sameAs":["https:\/\/dmcsrb.com"],"url":"https:\/\/dmcsrb.com\/en\/author\/dmcsrbija-comgmail-com\/"}]}},"_links":{"self":[{"href":"https:\/\/dmcsrb.com\/en\/wp-json\/wp\/v2\/posts\/912893","targetHints":{"allow":["GET"]}}],"collection":[{"href":"https:\/\/dmcsrb.com\/en\/wp-json\/wp\/v2\/posts"}],"about":[{"href":"https:\/\/dmcsrb.com\/en\/wp-json\/wp\/v2\/types\/post"}],"author":[{"embeddable":true,"href":"https:\/\/dmcsrb.com\/en\/wp-json\/wp\/v2\/users\/1"}],"replies":[{"embeddable":true,"href":"https:\/\/dmcsrb.com\/en\/wp-json\/wp\/v2\/comments?post=912893"}],"version-history":[{"count":0,"href":"https:\/\/dmcsrb.com\/en\/wp-json\/wp\/v2\/posts\/912893\/revisions"}],"wp:featuredmedia":[{"embeddable":true,"href":"https:\/\/dmcsrb.com\/en\/wp-json\/wp\/v2\/media\/912894"}],"wp:attachment":[{"href":"https:\/\/dmcsrb.com\/en\/wp-json\/wp\/v2\/media?parent=912893"}],"wp:term":[{"taxonomy":"category","embeddable":true,"href":"https:\/\/dmcsrb.com\/en\/wp-json\/wp\/v2\/categories?post=912893"},{"taxonomy":"post_tag","embeddable":true,"href":"https:\/\/dmcsrb.com\/en\/wp-json\/wp\/v2\/tags?post=912893"},{"taxonomy":"naslovna","embeddable":true,"href":"https:\/\/dmcsrb.com\/en\/wp-json\/wp\/v2\/naslovna?post=912893"}],"curies":[{"name":"wp","href":"https:\/\/api.w.org\/{rel}","templated":true}]}}