{"id":912772,"date":"2025-12-12T09:35:11","date_gmt":"2025-12-12T08:35:11","guid":{"rendered":"https:\/\/dmcsrb.com\/uncategorized\/up-od-pocetka-decembra-donijeto-669-mjera-naplaceno-oko-670-000-eura-kazni\/"},"modified":"2025-12-12T09:35:11","modified_gmt":"2025-12-12T08:35:11","slug":"up-od-pocetka-decembra-donijeto-669-mjera-naplaceno-oko-670-000-eura-kazni","status":"publish","type":"post","link":"https:\/\/dmcsrb.com\/en\/hronika\/up-od-pocetka-decembra-donijeto-669-mjera-naplaceno-oko-670-000-eura-kazni\/","title":{"rendered":"UP: Od po\u010detka decembra donijeto 669 mjera, napla\u0107eno oko 670.000 eura kazni"},"content":{"rendered":"<p>U okviru kojih je:<\/p>\n\n\n\n<ul class=\"wp-block-list\">\n<li>iniciran <strong>prestanak privremenog boravka<\/strong> za <strong>199 stranih dr\u017eavljana,<\/strong><\/li>\n\n\n\n<li>donijeto <strong>101 rje\u0161enje o povratku lica,<\/strong><\/li>\n\n\n\n<li><strong>otkazan boravak<\/strong> za <strong>43 <\/strong>strana dr\u017eavljanina,<\/li>\n\n\n\n<li><strong>protjerano \u0161est <\/strong>stranih dr\u017eavljana<strong>,<\/strong><\/li>\n\n\n\n<li><strong>prinudno udaljeno 11 <\/strong>stranih dr\u017eavljana<strong>,<\/strong><\/li>\n\n\n\n<li>izdato <strong>309 prekr\u0161ajnih <\/strong>naloga, odnosno podnijeto prijava.<\/li>\n<\/ul>\n\n\n\n<p>&#8220;Od po\u010detka 2025. godine, u okviru akcije Stranac donijeto je <strong>17.815 represivnih mjera<\/strong> u okviru kojih je: podnijeto 10.877 prekr\u0161ajnih prijava, odnosno izdato naloga, donijeto 1.891 rje\u0161enje o povratku lica, prinudno udaljena 223 lica, dok su 192 strana dr\u017eavljanina protjerana iz Crne Gore. Otkazan je boravak za 2.032 lica, dok je za 2.600 lica iniciran prestanak privremenog boravka&#8221;, naveli su iz policije.<\/p>\n\n\n\n<p>Kako su kazali, u istom periodu je napla\u0107eno blizu <strong>670.000 eura nov\u010danih kazni <\/strong>shodno prekr\u0161ajnim nalozima.<\/p>","protected":false},"excerpt":{"rendered":"<p>Slu\u017ebenici Uprave policije su u prvih 11 dana decembra, u okviru akcije\u201cStranac\u201d shodno Zakonu o strancima, realizovali 669 represivnih mjera prema stranim dr\u017eavljanima, saop\u0161teno je iz Uprave policije.<\/p>","protected":false},"author":1,"featured_media":912773,"comment_status":"open","ping_status":"open","sticky":false,"template":"","format":"standard","meta":{"_acf_changed":false,"footnotes":""},"categories":[17],"tags":[2479,72],"naslovna":[],"class_list":["post-912772","post","type-post","status-publish","format-standard","has-post-thumbnail","hentry","category-hronika","tag-kazne","tag-uprava-policije"],"acf":[],"yoast_head":"<!-- This site is optimized with the Yoast SEO plugin v27.4 - https:\/\/yoast.com\/product\/yoast-seo-wordpress\/ -->\n<title>UP: Od po\u010detka decembra donijeto 669 mjera, napla\u0107eno oko 670.000 eura kazni - dmcsrb.com<\/title>\n<meta name=\"robots\" content=\"index, follow, max-snippet:-1, max-image-preview:large, max-video-preview:-1\" \/>\n<link rel=\"canonical\" href=\"https:\/\/dmcsrb.com\/en\/hronika\/up-od-pocetka-decembra-donijeto-669-mjera-naplaceno-oko-670-000-eura-kazni\/\" \/>\n<meta property=\"og:locale\" content=\"en_GB\" \/>\n<meta property=\"og:type\" content=\"article\" \/>\n<meta property=\"og:title\" content=\"UP: Od po\u010detka decembra donijeto 669 mjera, napla\u0107eno oko 670.000 eura kazni - dmcsrb.com\" \/>\n<meta property=\"og:description\" content=\"Slu\u017ebenici Uprave policije su u prvih 11 dana decembra, u okviru akcije\u201cStranac\u201d shodno Zakonu o strancima, realizovali 669 represivnih mjera prema stranim dr\u017eavljanima, saop\u0161teno je iz Uprave policije.\" \/>\n<meta property=\"og:url\" content=\"https:\/\/dmcsrb.com\/en\/hronika\/up-od-pocetka-decembra-donijeto-669-mjera-naplaceno-oko-670-000-eura-kazni\/\" \/>\n<meta property=\"og:site_name\" content=\"dmcsrb.com\" \/>\n<meta property=\"article:published_time\" content=\"2025-12-12T08:35:11+00:00\" \/>\n<meta property=\"og:image\" content=\"https:\/\/dmcsrb.com\/wp-content\/uploads\/2026\/01\/Uprava-policije.jpg\" \/>\n\t<meta property=\"og:image:width\" content=\"960\" \/>\n\t<meta property=\"og:image:height\" content=\"600\" \/>\n\t<meta property=\"og:image:type\" content=\"image\/jpeg\" \/>\n<meta name=\"author\" content=\"dmcsrbija.com@gmail.com\" \/>\n<meta name=\"twitter:card\" content=\"summary_large_image\" \/>\n<meta name=\"twitter:label1\" content=\"Written by\" \/>\n\t<meta name=\"twitter:data1\" content=\"dmcsrbija.com@gmail.com\" \/>\n\t<meta name=\"twitter:label2\" content=\"Estimated reading time\" \/>\n\t<meta name=\"twitter:data2\" content=\"1 minute\" \/>\n<script type=\"application\/ld+json\" class=\"yoast-schema-graph\">{\"@context\":\"https:\\\/\\\/schema.org\",\"@graph\":[{\"@type\":\"Article\",\"@id\":\"https:\\\/\\\/dmcsrb.com\\\/hronika\\\/up-od-pocetka-decembra-donijeto-669-mjera-naplaceno-oko-670-000-eura-kazni\\\/#article\",\"isPartOf\":{\"@id\":\"https:\\\/\\\/dmcsrb.com\\\/hronika\\\/up-od-pocetka-decembra-donijeto-669-mjera-naplaceno-oko-670-000-eura-kazni\\\/\"},\"author\":{\"name\":\"dmcsrbija.com@gmail.com\",\"@id\":\"https:\\\/\\\/dmcsrb.com\\\/#\\\/schema\\\/person\\\/5c39170f12db1b8b457732d0b5c854e2\"},\"headline\":\"UP: Od po\u010detka decembra donijeto 669 mjera, napla\u0107eno oko 670.000 eura kazni\",\"datePublished\":\"2025-12-12T08:35:11+00:00\",\"mainEntityOfPage\":{\"@id\":\"https:\\\/\\\/dmcsrb.com\\\/hronika\\\/up-od-pocetka-decembra-donijeto-669-mjera-naplaceno-oko-670-000-eura-kazni\\\/\"},\"wordCount\":129,\"commentCount\":0,\"image\":{\"@id\":\"https:\\\/\\\/dmcsrb.com\\\/hronika\\\/up-od-pocetka-decembra-donijeto-669-mjera-naplaceno-oko-670-000-eura-kazni\\\/#primaryimage\"},\"thumbnailUrl\":\"https:\\\/\\\/dmcsrb.com\\\/wp-content\\\/uploads\\\/2026\\\/01\\\/Uprava-policije.jpg\",\"keywords\":[\"kazne\",\"Uprava policije\"],\"articleSection\":[\"Hronika\"],\"inLanguage\":\"en-GB\",\"potentialAction\":[{\"@type\":\"CommentAction\",\"name\":\"Comment\",\"target\":[\"https:\\\/\\\/dmcsrb.com\\\/hronika\\\/up-od-pocetka-decembra-donijeto-669-mjera-naplaceno-oko-670-000-eura-kazni\\\/#respond\"]}]},{\"@type\":\"WebPage\",\"@id\":\"https:\\\/\\\/dmcsrb.com\\\/hronika\\\/up-od-pocetka-decembra-donijeto-669-mjera-naplaceno-oko-670-000-eura-kazni\\\/\",\"url\":\"https:\\\/\\\/dmcsrb.com\\\/hronika\\\/up-od-pocetka-decembra-donijeto-669-mjera-naplaceno-oko-670-000-eura-kazni\\\/\",\"name\":\"UP: Od po\u010detka decembra donijeto 669 mjera, napla\u0107eno oko 670.000 eura kazni - dmcsrb.com\",\"isPartOf\":{\"@id\":\"https:\\\/\\\/dmcsrb.com\\\/#website\"},\"primaryImageOfPage\":{\"@id\":\"https:\\\/\\\/dmcsrb.com\\\/hronika\\\/up-od-pocetka-decembra-donijeto-669-mjera-naplaceno-oko-670-000-eura-kazni\\\/#primaryimage\"},\"image\":{\"@id\":\"https:\\\/\\\/dmcsrb.com\\\/hronika\\\/up-od-pocetka-decembra-donijeto-669-mjera-naplaceno-oko-670-000-eura-kazni\\\/#primaryimage\"},\"thumbnailUrl\":\"https:\\\/\\\/dmcsrb.com\\\/wp-content\\\/uploads\\\/2026\\\/01\\\/Uprava-policije.jpg\",\"datePublished\":\"2025-12-12T08:35:11+00:00\",\"author\":{\"@id\":\"https:\\\/\\\/dmcsrb.com\\\/#\\\/schema\\\/person\\\/5c39170f12db1b8b457732d0b5c854e2\"},\"breadcrumb\":{\"@id\":\"https:\\\/\\\/dmcsrb.com\\\/hronika\\\/up-od-pocetka-decembra-donijeto-669-mjera-naplaceno-oko-670-000-eura-kazni\\\/#breadcrumb\"},\"inLanguage\":\"en-GB\",\"potentialAction\":[{\"@type\":\"ReadAction\",\"target\":[\"https:\\\/\\\/dmcsrb.com\\\/hronika\\\/up-od-pocetka-decembra-donijeto-669-mjera-naplaceno-oko-670-000-eura-kazni\\\/\"]}]},{\"@type\":\"ImageObject\",\"inLanguage\":\"en-GB\",\"@id\":\"https:\\\/\\\/dmcsrb.com\\\/hronika\\\/up-od-pocetka-decembra-donijeto-669-mjera-naplaceno-oko-670-000-eura-kazni\\\/#primaryimage\",\"url\":\"https:\\\/\\\/dmcsrb.com\\\/wp-content\\\/uploads\\\/2026\\\/01\\\/Uprava-policije.jpg\",\"contentUrl\":\"https:\\\/\\\/dmcsrb.com\\\/wp-content\\\/uploads\\\/2026\\\/01\\\/Uprava-policije.jpg\",\"width\":960,\"height\":600},{\"@type\":\"BreadcrumbList\",\"@id\":\"https:\\\/\\\/dmcsrb.com\\\/hronika\\\/up-od-pocetka-decembra-donijeto-669-mjera-naplaceno-oko-670-000-eura-kazni\\\/#breadcrumb\",\"itemListElement\":[{\"@type\":\"ListItem\",\"position\":1,\"name\":\"Home\",\"item\":\"https:\\\/\\\/dmcsrb.com\\\/\"},{\"@type\":\"ListItem\",\"position\":2,\"name\":\"UP: Od po\u010detka decembra donijeto 669 mjera, napla\u0107eno oko 670.000 eura kazni\"}]},{\"@type\":\"WebSite\",\"@id\":\"https:\\\/\\\/dmcsrb.com\\\/#website\",\"url\":\"https:\\\/\\\/dmcsrb.com\\\/\",\"name\":\"dmcsrb.com\",\"description\":\"\",\"potentialAction\":[{\"@type\":\"SearchAction\",\"target\":{\"@type\":\"EntryPoint\",\"urlTemplate\":\"https:\\\/\\\/dmcsrb.com\\\/?s={search_term_string}\"},\"query-input\":{\"@type\":\"PropertyValueSpecification\",\"valueRequired\":true,\"valueName\":\"search_term_string\"}}],\"inLanguage\":\"en-GB\"},{\"@type\":\"Person\",\"@id\":\"https:\\\/\\\/dmcsrb.com\\\/#\\\/schema\\\/person\\\/5c39170f12db1b8b457732d0b5c854e2\",\"name\":\"dmcsrbija.com@gmail.com\",\"image\":{\"@type\":\"ImageObject\",\"inLanguage\":\"en-GB\",\"@id\":\"https:\\\/\\\/secure.gravatar.com\\\/avatar\\\/68592660ad6347fad0fb587f8d5d8f1a7b44961362f56e4f2cd524feb87e9069?s=96&d=mm&r=g\",\"url\":\"https:\\\/\\\/secure.gravatar.com\\\/avatar\\\/68592660ad6347fad0fb587f8d5d8f1a7b44961362f56e4f2cd524feb87e9069?s=96&d=mm&r=g\",\"contentUrl\":\"https:\\\/\\\/secure.gravatar.com\\\/avatar\\\/68592660ad6347fad0fb587f8d5d8f1a7b44961362f56e4f2cd524feb87e9069?s=96&d=mm&r=g\",\"caption\":\"dmcsrbija.com@gmail.com\"},\"sameAs\":[\"https:\\\/\\\/dmcsrb.com\"],\"url\":\"https:\\\/\\\/dmcsrb.com\\\/en\\\/author\\\/dmcsrbija-comgmail-com\\\/\"}]}<\/script>\n<!-- \/ Yoast SEO plugin. -->","yoast_head_json":{"title":"UP: Od po\u010detka decembra donijeto 669 mjera, napla\u0107eno oko 670.000 eura kazni - dmcsrb.com","robots":{"index":"index","follow":"follow","max-snippet":"max-snippet:-1","max-image-preview":"max-image-preview:large","max-video-preview":"max-video-preview:-1"},"canonical":"https:\/\/dmcsrb.com\/en\/hronika\/up-od-pocetka-decembra-donijeto-669-mjera-naplaceno-oko-670-000-eura-kazni\/","og_locale":"en_GB","og_type":"article","og_title":"UP: Od po\u010detka decembra donijeto 669 mjera, napla\u0107eno oko 670.000 eura kazni - dmcsrb.com","og_description":"Slu\u017ebenici Uprave policije su u prvih 11 dana decembra, u okviru akcije\u201cStranac\u201d shodno Zakonu o strancima, realizovali 669 represivnih mjera prema stranim dr\u017eavljanima, saop\u0161teno je iz Uprave policije.","og_url":"https:\/\/dmcsrb.com\/en\/hronika\/up-od-pocetka-decembra-donijeto-669-mjera-naplaceno-oko-670-000-eura-kazni\/","og_site_name":"dmcsrb.com","article_published_time":"2025-12-12T08:35:11+00:00","og_image":[{"width":960,"height":600,"url":"https:\/\/dmcsrb.com\/wp-content\/uploads\/2026\/01\/Uprava-policije.jpg","type":"image\/jpeg"}],"author":"dmcsrbija.com@gmail.com","twitter_card":"summary_large_image","twitter_misc":{"Written by":"dmcsrbija.com@gmail.com","Estimated reading time":"1 minute"},"schema":{"@context":"https:\/\/schema.org","@graph":[{"@type":"Article","@id":"https:\/\/dmcsrb.com\/hronika\/up-od-pocetka-decembra-donijeto-669-mjera-naplaceno-oko-670-000-eura-kazni\/#article","isPartOf":{"@id":"https:\/\/dmcsrb.com\/hronika\/up-od-pocetka-decembra-donijeto-669-mjera-naplaceno-oko-670-000-eura-kazni\/"},"author":{"name":"dmcsrbija.com@gmail.com","@id":"https:\/\/dmcsrb.com\/#\/schema\/person\/5c39170f12db1b8b457732d0b5c854e2"},"headline":"UP: Od po\u010detka decembra donijeto 669 mjera, napla\u0107eno oko 670.000 eura kazni","datePublished":"2025-12-12T08:35:11+00:00","mainEntityOfPage":{"@id":"https:\/\/dmcsrb.com\/hronika\/up-od-pocetka-decembra-donijeto-669-mjera-naplaceno-oko-670-000-eura-kazni\/"},"wordCount":129,"commentCount":0,"image":{"@id":"https:\/\/dmcsrb.com\/hronika\/up-od-pocetka-decembra-donijeto-669-mjera-naplaceno-oko-670-000-eura-kazni\/#primaryimage"},"thumbnailUrl":"https:\/\/dmcsrb.com\/wp-content\/uploads\/2026\/01\/Uprava-policije.jpg","keywords":["kazne","Uprava policije"],"articleSection":["Hronika"],"inLanguage":"en-GB","potentialAction":[{"@type":"CommentAction","name":"Comment","target":["https:\/\/dmcsrb.com\/hronika\/up-od-pocetka-decembra-donijeto-669-mjera-naplaceno-oko-670-000-eura-kazni\/#respond"]}]},{"@type":"WebPage","@id":"https:\/\/dmcsrb.com\/hronika\/up-od-pocetka-decembra-donijeto-669-mjera-naplaceno-oko-670-000-eura-kazni\/","url":"https:\/\/dmcsrb.com\/hronika\/up-od-pocetka-decembra-donijeto-669-mjera-naplaceno-oko-670-000-eura-kazni\/","name":"UP: Od po\u010detka decembra donijeto 669 mjera, napla\u0107eno oko 670.000 eura kazni - dmcsrb.com","isPartOf":{"@id":"https:\/\/dmcsrb.com\/#website"},"primaryImageOfPage":{"@id":"https:\/\/dmcsrb.com\/hronika\/up-od-pocetka-decembra-donijeto-669-mjera-naplaceno-oko-670-000-eura-kazni\/#primaryimage"},"image":{"@id":"https:\/\/dmcsrb.com\/hronika\/up-od-pocetka-decembra-donijeto-669-mjera-naplaceno-oko-670-000-eura-kazni\/#primaryimage"},"thumbnailUrl":"https:\/\/dmcsrb.com\/wp-content\/uploads\/2026\/01\/Uprava-policije.jpg","datePublished":"2025-12-12T08:35:11+00:00","author":{"@id":"https:\/\/dmcsrb.com\/#\/schema\/person\/5c39170f12db1b8b457732d0b5c854e2"},"breadcrumb":{"@id":"https:\/\/dmcsrb.com\/hronika\/up-od-pocetka-decembra-donijeto-669-mjera-naplaceno-oko-670-000-eura-kazni\/#breadcrumb"},"inLanguage":"en-GB","potentialAction":[{"@type":"ReadAction","target":["https:\/\/dmcsrb.com\/hronika\/up-od-pocetka-decembra-donijeto-669-mjera-naplaceno-oko-670-000-eura-kazni\/"]}]},{"@type":"ImageObject","inLanguage":"en-GB","@id":"https:\/\/dmcsrb.com\/hronika\/up-od-pocetka-decembra-donijeto-669-mjera-naplaceno-oko-670-000-eura-kazni\/#primaryimage","url":"https:\/\/dmcsrb.com\/wp-content\/uploads\/2026\/01\/Uprava-policije.jpg","contentUrl":"https:\/\/dmcsrb.com\/wp-content\/uploads\/2026\/01\/Uprava-policije.jpg","width":960,"height":600},{"@type":"BreadcrumbList","@id":"https:\/\/dmcsrb.com\/hronika\/up-od-pocetka-decembra-donijeto-669-mjera-naplaceno-oko-670-000-eura-kazni\/#breadcrumb","itemListElement":[{"@type":"ListItem","position":1,"name":"Home","item":"https:\/\/dmcsrb.com\/"},{"@type":"ListItem","position":2,"name":"UP: Od po\u010detka decembra donijeto 669 mjera, napla\u0107eno oko 670.000 eura kazni"}]},{"@type":"WebSite","@id":"https:\/\/dmcsrb.com\/#website","url":"https:\/\/dmcsrb.com\/","name":"dmcsrb.com","description":"","potentialAction":[{"@type":"SearchAction","target":{"@type":"EntryPoint","urlTemplate":"https:\/\/dmcsrb.com\/?s={search_term_string}"},"query-input":{"@type":"PropertyValueSpecification","valueRequired":true,"valueName":"search_term_string"}}],"inLanguage":"en-GB"},{"@type":"Person","@id":"https:\/\/dmcsrb.com\/#\/schema\/person\/5c39170f12db1b8b457732d0b5c854e2","name":"dmcsrbija.com@gmail.com","image":{"@type":"ImageObject","inLanguage":"en-GB","@id":"https:\/\/secure.gravatar.com\/avatar\/68592660ad6347fad0fb587f8d5d8f1a7b44961362f56e4f2cd524feb87e9069?s=96&d=mm&r=g","url":"https:\/\/secure.gravatar.com\/avatar\/68592660ad6347fad0fb587f8d5d8f1a7b44961362f56e4f2cd524feb87e9069?s=96&d=mm&r=g","contentUrl":"https:\/\/secure.gravatar.com\/avatar\/68592660ad6347fad0fb587f8d5d8f1a7b44961362f56e4f2cd524feb87e9069?s=96&d=mm&r=g","caption":"dmcsrbija.com@gmail.com"},"sameAs":["https:\/\/dmcsrb.com"],"url":"https:\/\/dmcsrb.com\/en\/author\/dmcsrbija-comgmail-com\/"}]}},"_links":{"self":[{"href":"https:\/\/dmcsrb.com\/en\/wp-json\/wp\/v2\/posts\/912772","targetHints":{"allow":["GET"]}}],"collection":[{"href":"https:\/\/dmcsrb.com\/en\/wp-json\/wp\/v2\/posts"}],"about":[{"href":"https:\/\/dmcsrb.com\/en\/wp-json\/wp\/v2\/types\/post"}],"author":[{"embeddable":true,"href":"https:\/\/dmcsrb.com\/en\/wp-json\/wp\/v2\/users\/1"}],"replies":[{"embeddable":true,"href":"https:\/\/dmcsrb.com\/en\/wp-json\/wp\/v2\/comments?post=912772"}],"version-history":[{"count":0,"href":"https:\/\/dmcsrb.com\/en\/wp-json\/wp\/v2\/posts\/912772\/revisions"}],"wp:featuredmedia":[{"embeddable":true,"href":"https:\/\/dmcsrb.com\/en\/wp-json\/wp\/v2\/media\/912773"}],"wp:attachment":[{"href":"https:\/\/dmcsrb.com\/en\/wp-json\/wp\/v2\/media?parent=912772"}],"wp:term":[{"taxonomy":"category","embeddable":true,"href":"https:\/\/dmcsrb.com\/en\/wp-json\/wp\/v2\/categories?post=912772"},{"taxonomy":"post_tag","embeddable":true,"href":"https:\/\/dmcsrb.com\/en\/wp-json\/wp\/v2\/tags?post=912772"},{"taxonomy":"naslovna","embeddable":true,"href":"https:\/\/dmcsrb.com\/en\/wp-json\/wp\/v2\/naslovna?post=912772"}],"curies":[{"name":"wp","href":"https:\/\/api.w.org\/{rel}","templated":true}]}}