{"id":912770,"date":"2025-12-12T10:05:55","date_gmt":"2025-12-12T09:05:55","guid":{"rendered":"https:\/\/dmcsrb.com\/uncategorized\/milatovic-sloboda-koju-su-branili-nasi-preci-je-ustavom-iz-1905-godine-dobila-svoj-institucionalni-i-pravni-karakter\/"},"modified":"2025-12-12T10:05:55","modified_gmt":"2025-12-12T09:05:55","slug":"milatovic-sloboda-koju-su-branili-nasi-preci-je-ustavom-iz-1905-godine-dobila-svoj-institucionalni-i-pravni-karakter","status":"publish","type":"post","link":"https:\/\/dmcsrb.com\/en\/drustvo\/milatovic-sloboda-koju-su-branili-nasi-preci-je-ustavom-iz-1905-godine-dobila-svoj-institucionalni-i-pravni-karakter\/","title":{"rendered":"Milatovi\u0107: Sloboda koju su branili na\u0161i preci je Ustavom iz 1905. godine dobila svoj institucionalni i pravni karakter"},"content":{"rendered":"<p><\/p>\n\n\n\n<p>&#8220;Izlo\u017eba je posve\u0107ena crnogorskim ustavima, sa posebnim akcentom na Nikoljdanski ustav iz 1905. godine. Ove godine obilje\u017eavamo 120 godina od trenutka kada je <strong>Montenegro<\/strong> svrstala sebe u red dr\u017eava sa ustavnim poretkom. Nikoljdanskim ustavom Crna Gora je pokazala da zna ko je, \u0161ta je i gdje pripada. Za jednu malu dr\u017eavu, to je bio veliki civilizacijski iskorak&#8221;, kazao je dekan Pravnog fakulteta Vladimir Savkovi\u0107.<\/p>\n\n\n\n<figure class=\"wp-block-image size-large\"><img decoding=\"async\" src=\"https:\/\/gradski.me\/wp-content\/uploads\/2025\/12\/IMG_3658-1024x768.jpeg\" alt=\"\" class=\"wp-image-890817\"\/><figcaption class=\"wp-element-caption\">foto: RTV Podgorica<\/figcaption><\/figure>\n\n\n\n<p>Po njegovim rije\u010dima, Crna Gora u Evropsku uniju ulazi sa svojom tradicijom i pravnim naslje\u0111em, te kako ka\u017ee, kao \u0161to \u0107e gotovo izvjesno postati 28. \u010dlanica EU, a dodaje da je tako jo\u0161 1878. godine bila priznata kao 27. dr\u017eava svijeta.<\/p>\n\n\n\n<figure class=\"wp-block-image size-large\"><img decoding=\"async\" src=\"https:\/\/gradski.me\/wp-content\/uploads\/2025\/12\/IMG_3659-1024x768.jpeg\" alt=\"\" class=\"wp-image-890818\"\/><figcaption class=\"wp-element-caption\">foto: RTV Podgorica<\/figcaption><\/figure>\n\n\n\n<p>&#8220;Ustavi od 1905. godine do 2007.  svjedoci su na\u0161e istorije i borbe naroda za slobodu, pravo, \u010dast Crne Gore. Neka ova izlozba pokaze da \u010duvaju\u0107i Ustav, \u010duvamo Crnu Goru&#8221;, istakao je direktor Dr\u017eavnog arhiva Danilo Mrvaljevi\u0107.<\/p>\n\n\n\n<p>Predsjednik Jakov Milatovi\u0107 je kazao da, kada je donesen, ovaj Ustav nije bio samo jo\u0161 jedan akt vlasti.<\/p>\n\n\n\n<p>&#8220;Sloboda koju su branili na\u0161i preci, Ustavom iz 1905. godine dobila je svoj institucionalni i pravni karakter. Tim \u010dinom Crna Gora je u\u0161la u red evropskih ustavnih dr\u017eava. Osvrt na na\u0161u pro\u0161lost vodi nas ka izazovima sada\u0161njosti. Ustavnost u Crnoj Gori suo\u010dava se s brojnim izazovima \u2013 od politi\u010dkih rasprava o sadr\u017eini Ustava do razli\u010ditih tuma\u010denja njegovih odredbi. Na te pojave gledam kao na znak dinami\u010dnosti ustavne demokratije, \u010diji cilj treba biti ja\u010danje institucija. Zato je va\u017eno da \u0161to prije izaberemo sudije Ustavnog suda i obezbijedimo njegovu punu funkcionalnost&#8221;, poru\u010dio je Milatovi\u0107.<\/p>\n\n\n\n<figure class=\"wp-block-image size-large\"><img decoding=\"async\" src=\"https:\/\/gradski.me\/wp-content\/uploads\/2025\/12\/IMG_3666-1024x768.jpeg\" alt=\"\" class=\"wp-image-890830\"\/><figcaption class=\"wp-element-caption\">foto: RTV Podgorica<\/figcaption><\/figure>\n\n\n\n<p><\/p>","protected":false},"excerpt":{"rendered":"<p>Povodom obilje\u017eavanja 120 godina crnogorske ustavnosti, Dr\u017eavni arhiv Crne Gore, u saradnji sa Pravnim fakultetom Univerziteta Crne Gore i Udru\u017eenjem pravnika Crne Gore, organizuje danas sve\u010danost posve\u0107enu jednom od najzna\u010dajnijih dokumenata crnogorske pravne istorije.<\/p>","protected":false},"author":1,"featured_media":912771,"comment_status":"open","ping_status":"open","sticky":false,"template":"","format":"standard","meta":{"_acf_changed":false,"footnotes":""},"categories":[2],"tags":[2477,90,759,2478],"naslovna":[],"class_list":["post-912770","post","type-post","status-publish","format-standard","has-post-thumbnail","hentry","category-drustvo","tag-danilo-mrvaljevic","tag-jakov-milatovic","tag-ustav","tag-vladimir-savkovic"],"acf":[],"yoast_head":"<!-- This site is optimized with the Yoast SEO plugin v27.4 - https:\/\/yoast.com\/product\/yoast-seo-wordpress\/ -->\n<title>Milatovi\u0107: Sloboda koju su branili na\u0161i preci je Ustavom iz 1905. godine dobila svoj institucionalni i pravni karakter - dmcsrb.com<\/title>\n<meta name=\"robots\" content=\"index, follow, max-snippet:-1, max-image-preview:large, max-video-preview:-1\" \/>\n<link rel=\"canonical\" href=\"https:\/\/dmcsrb.com\/en\/drustvo\/milatovic-sloboda-koju-su-branili-nasi-preci-je-ustavom-iz-1905-godine-dobila-svoj-institucionalni-i-pravni-karakter\/\" \/>\n<meta property=\"og:locale\" content=\"en_GB\" \/>\n<meta property=\"og:type\" content=\"article\" \/>\n<meta property=\"og:title\" content=\"Milatovi\u0107: Sloboda koju su branili na\u0161i preci je Ustavom iz 1905. godine dobila svoj institucionalni i pravni karakter - dmcsrb.com\" \/>\n<meta property=\"og:description\" content=\"Povodom obilje\u017eavanja 120 godina crnogorske ustavnosti, Dr\u017eavni arhiv Crne Gore, u saradnji sa Pravnim fakultetom Univerziteta Crne Gore i Udru\u017eenjem pravnika Crne Gore, organizuje danas sve\u010danost posve\u0107enu jednom od najzna\u010dajnijih dokumenata crnogorske pravne istorije.\" \/>\n<meta property=\"og:url\" content=\"https:\/\/dmcsrb.com\/en\/drustvo\/milatovic-sloboda-koju-su-branili-nasi-preci-je-ustavom-iz-1905-godine-dobila-svoj-institucionalni-i-pravni-karakter\/\" \/>\n<meta property=\"og:site_name\" content=\"dmcsrb.com\" \/>\n<meta property=\"article:published_time\" content=\"2025-12-12T09:05:55+00:00\" \/>\n<meta property=\"og:image\" content=\"https:\/\/dmcsrb.com\/wp-content\/uploads\/2026\/01\/IMG_3661.jpeg\" \/>\n\t<meta property=\"og:image:width\" content=\"1600\" \/>\n\t<meta property=\"og:image:height\" content=\"1200\" \/>\n\t<meta property=\"og:image:type\" content=\"image\/jpeg\" \/>\n<meta name=\"author\" content=\"dmcsrbija.com@gmail.com\" \/>\n<meta name=\"twitter:card\" content=\"summary_large_image\" \/>\n<meta name=\"twitter:label1\" content=\"Written by\" \/>\n\t<meta name=\"twitter:data1\" content=\"dmcsrbija.com@gmail.com\" \/>\n\t<meta name=\"twitter:label2\" content=\"Estimated reading time\" \/>\n\t<meta name=\"twitter:data2\" content=\"1 minute\" \/>\n<script type=\"application\/ld+json\" class=\"yoast-schema-graph\">{\"@context\":\"https:\\\/\\\/schema.org\",\"@graph\":[{\"@type\":\"Article\",\"@id\":\"https:\\\/\\\/dmcsrb.com\\\/drustvo\\\/milatovic-sloboda-koju-su-branili-nasi-preci-je-ustavom-iz-1905-godine-dobila-svoj-institucionalni-i-pravni-karakter\\\/#article\",\"isPartOf\":{\"@id\":\"https:\\\/\\\/dmcsrb.com\\\/drustvo\\\/milatovic-sloboda-koju-su-branili-nasi-preci-je-ustavom-iz-1905-godine-dobila-svoj-institucionalni-i-pravni-karakter\\\/\"},\"author\":{\"name\":\"dmcsrbija.com@gmail.com\",\"@id\":\"https:\\\/\\\/dmcsrb.com\\\/#\\\/schema\\\/person\\\/5c39170f12db1b8b457732d0b5c854e2\"},\"headline\":\"Milatovi\u0107: Sloboda koju su branili na\u0161i preci je Ustavom iz 1905. godine dobila svoj institucionalni i pravni karakter\",\"datePublished\":\"2025-12-12T09:05:55+00:00\",\"mainEntityOfPage\":{\"@id\":\"https:\\\/\\\/dmcsrb.com\\\/drustvo\\\/milatovic-sloboda-koju-su-branili-nasi-preci-je-ustavom-iz-1905-godine-dobila-svoj-institucionalni-i-pravni-karakter\\\/\"},\"wordCount\":297,\"commentCount\":0,\"image\":{\"@id\":\"https:\\\/\\\/dmcsrb.com\\\/drustvo\\\/milatovic-sloboda-koju-su-branili-nasi-preci-je-ustavom-iz-1905-godine-dobila-svoj-institucionalni-i-pravni-karakter\\\/#primaryimage\"},\"thumbnailUrl\":\"https:\\\/\\\/dmcsrb.com\\\/wp-content\\\/uploads\\\/2026\\\/01\\\/IMG_3661.jpeg\",\"keywords\":[\"Danilo Mrvaljevi\u0107\",\"Jakov Milatovi\u0107\",\"Ustav\",\"Vladimir Savkovi\u0107\"],\"articleSection\":[\"Dru\u0161tvo\"],\"inLanguage\":\"en-GB\",\"potentialAction\":[{\"@type\":\"CommentAction\",\"name\":\"Comment\",\"target\":[\"https:\\\/\\\/dmcsrb.com\\\/drustvo\\\/milatovic-sloboda-koju-su-branili-nasi-preci-je-ustavom-iz-1905-godine-dobila-svoj-institucionalni-i-pravni-karakter\\\/#respond\"]}]},{\"@type\":\"WebPage\",\"@id\":\"https:\\\/\\\/dmcsrb.com\\\/drustvo\\\/milatovic-sloboda-koju-su-branili-nasi-preci-je-ustavom-iz-1905-godine-dobila-svoj-institucionalni-i-pravni-karakter\\\/\",\"url\":\"https:\\\/\\\/dmcsrb.com\\\/drustvo\\\/milatovic-sloboda-koju-su-branili-nasi-preci-je-ustavom-iz-1905-godine-dobila-svoj-institucionalni-i-pravni-karakter\\\/\",\"name\":\"Milatovi\u0107: Sloboda koju su branili na\u0161i preci je Ustavom iz 1905. godine dobila svoj institucionalni i pravni karakter - dmcsrb.com\",\"isPartOf\":{\"@id\":\"https:\\\/\\\/dmcsrb.com\\\/#website\"},\"primaryImageOfPage\":{\"@id\":\"https:\\\/\\\/dmcsrb.com\\\/drustvo\\\/milatovic-sloboda-koju-su-branili-nasi-preci-je-ustavom-iz-1905-godine-dobila-svoj-institucionalni-i-pravni-karakter\\\/#primaryimage\"},\"image\":{\"@id\":\"https:\\\/\\\/dmcsrb.com\\\/drustvo\\\/milatovic-sloboda-koju-su-branili-nasi-preci-je-ustavom-iz-1905-godine-dobila-svoj-institucionalni-i-pravni-karakter\\\/#primaryimage\"},\"thumbnailUrl\":\"https:\\\/\\\/dmcsrb.com\\\/wp-content\\\/uploads\\\/2026\\\/01\\\/IMG_3661.jpeg\",\"datePublished\":\"2025-12-12T09:05:55+00:00\",\"author\":{\"@id\":\"https:\\\/\\\/dmcsrb.com\\\/#\\\/schema\\\/person\\\/5c39170f12db1b8b457732d0b5c854e2\"},\"breadcrumb\":{\"@id\":\"https:\\\/\\\/dmcsrb.com\\\/drustvo\\\/milatovic-sloboda-koju-su-branili-nasi-preci-je-ustavom-iz-1905-godine-dobila-svoj-institucionalni-i-pravni-karakter\\\/#breadcrumb\"},\"inLanguage\":\"en-GB\",\"potentialAction\":[{\"@type\":\"ReadAction\",\"target\":[\"https:\\\/\\\/dmcsrb.com\\\/drustvo\\\/milatovic-sloboda-koju-su-branili-nasi-preci-je-ustavom-iz-1905-godine-dobila-svoj-institucionalni-i-pravni-karakter\\\/\"]}]},{\"@type\":\"ImageObject\",\"inLanguage\":\"en-GB\",\"@id\":\"https:\\\/\\\/dmcsrb.com\\\/drustvo\\\/milatovic-sloboda-koju-su-branili-nasi-preci-je-ustavom-iz-1905-godine-dobila-svoj-institucionalni-i-pravni-karakter\\\/#primaryimage\",\"url\":\"https:\\\/\\\/dmcsrb.com\\\/wp-content\\\/uploads\\\/2026\\\/01\\\/IMG_3661.jpeg\",\"contentUrl\":\"https:\\\/\\\/dmcsrb.com\\\/wp-content\\\/uploads\\\/2026\\\/01\\\/IMG_3661.jpeg\",\"width\":1600,\"height\":1200},{\"@type\":\"BreadcrumbList\",\"@id\":\"https:\\\/\\\/dmcsrb.com\\\/drustvo\\\/milatovic-sloboda-koju-su-branili-nasi-preci-je-ustavom-iz-1905-godine-dobila-svoj-institucionalni-i-pravni-karakter\\\/#breadcrumb\",\"itemListElement\":[{\"@type\":\"ListItem\",\"position\":1,\"name\":\"Home\",\"item\":\"https:\\\/\\\/dmcsrb.com\\\/\"},{\"@type\":\"ListItem\",\"position\":2,\"name\":\"Milatovi\u0107: Sloboda koju su branili na\u0161i preci je Ustavom iz 1905. godine dobila svoj institucionalni i pravni karakter\"}]},{\"@type\":\"WebSite\",\"@id\":\"https:\\\/\\\/dmcsrb.com\\\/#website\",\"url\":\"https:\\\/\\\/dmcsrb.com\\\/\",\"name\":\"dmcsrb.com\",\"description\":\"\",\"potentialAction\":[{\"@type\":\"SearchAction\",\"target\":{\"@type\":\"EntryPoint\",\"urlTemplate\":\"https:\\\/\\\/dmcsrb.com\\\/?s={search_term_string}\"},\"query-input\":{\"@type\":\"PropertyValueSpecification\",\"valueRequired\":true,\"valueName\":\"search_term_string\"}}],\"inLanguage\":\"en-GB\"},{\"@type\":\"Person\",\"@id\":\"https:\\\/\\\/dmcsrb.com\\\/#\\\/schema\\\/person\\\/5c39170f12db1b8b457732d0b5c854e2\",\"name\":\"dmcsrbija.com@gmail.com\",\"image\":{\"@type\":\"ImageObject\",\"inLanguage\":\"en-GB\",\"@id\":\"https:\\\/\\\/secure.gravatar.com\\\/avatar\\\/68592660ad6347fad0fb587f8d5d8f1a7b44961362f56e4f2cd524feb87e9069?s=96&d=mm&r=g\",\"url\":\"https:\\\/\\\/secure.gravatar.com\\\/avatar\\\/68592660ad6347fad0fb587f8d5d8f1a7b44961362f56e4f2cd524feb87e9069?s=96&d=mm&r=g\",\"contentUrl\":\"https:\\\/\\\/secure.gravatar.com\\\/avatar\\\/68592660ad6347fad0fb587f8d5d8f1a7b44961362f56e4f2cd524feb87e9069?s=96&d=mm&r=g\",\"caption\":\"dmcsrbija.com@gmail.com\"},\"sameAs\":[\"https:\\\/\\\/dmcsrb.com\"],\"url\":\"https:\\\/\\\/dmcsrb.com\\\/en\\\/author\\\/dmcsrbija-comgmail-com\\\/\"}]}<\/script>\n<!-- \/ Yoast SEO plugin. -->","yoast_head_json":{"title":"Milatovi\u0107: Sloboda koju su branili na\u0161i preci je Ustavom iz 1905. godine dobila svoj institucionalni i pravni karakter - dmcsrb.com","robots":{"index":"index","follow":"follow","max-snippet":"max-snippet:-1","max-image-preview":"max-image-preview:large","max-video-preview":"max-video-preview:-1"},"canonical":"https:\/\/dmcsrb.com\/en\/drustvo\/milatovic-sloboda-koju-su-branili-nasi-preci-je-ustavom-iz-1905-godine-dobila-svoj-institucionalni-i-pravni-karakter\/","og_locale":"en_GB","og_type":"article","og_title":"Milatovi\u0107: Sloboda koju su branili na\u0161i preci je Ustavom iz 1905. godine dobila svoj institucionalni i pravni karakter - dmcsrb.com","og_description":"Povodom obilje\u017eavanja 120 godina crnogorske ustavnosti, Dr\u017eavni arhiv Crne Gore, u saradnji sa Pravnim fakultetom Univerziteta Crne Gore i Udru\u017eenjem pravnika Crne Gore, organizuje danas sve\u010danost posve\u0107enu jednom od najzna\u010dajnijih dokumenata crnogorske pravne istorije.","og_url":"https:\/\/dmcsrb.com\/en\/drustvo\/milatovic-sloboda-koju-su-branili-nasi-preci-je-ustavom-iz-1905-godine-dobila-svoj-institucionalni-i-pravni-karakter\/","og_site_name":"dmcsrb.com","article_published_time":"2025-12-12T09:05:55+00:00","og_image":[{"width":1600,"height":1200,"url":"https:\/\/dmcsrb.com\/wp-content\/uploads\/2026\/01\/IMG_3661.jpeg","type":"image\/jpeg"}],"author":"dmcsrbija.com@gmail.com","twitter_card":"summary_large_image","twitter_misc":{"Written by":"dmcsrbija.com@gmail.com","Estimated reading time":"1 minute"},"schema":{"@context":"https:\/\/schema.org","@graph":[{"@type":"Article","@id":"https:\/\/dmcsrb.com\/drustvo\/milatovic-sloboda-koju-su-branili-nasi-preci-je-ustavom-iz-1905-godine-dobila-svoj-institucionalni-i-pravni-karakter\/#article","isPartOf":{"@id":"https:\/\/dmcsrb.com\/drustvo\/milatovic-sloboda-koju-su-branili-nasi-preci-je-ustavom-iz-1905-godine-dobila-svoj-institucionalni-i-pravni-karakter\/"},"author":{"name":"dmcsrbija.com@gmail.com","@id":"https:\/\/dmcsrb.com\/#\/schema\/person\/5c39170f12db1b8b457732d0b5c854e2"},"headline":"Milatovi\u0107: Sloboda koju su branili na\u0161i preci je Ustavom iz 1905. godine dobila svoj institucionalni i pravni karakter","datePublished":"2025-12-12T09:05:55+00:00","mainEntityOfPage":{"@id":"https:\/\/dmcsrb.com\/drustvo\/milatovic-sloboda-koju-su-branili-nasi-preci-je-ustavom-iz-1905-godine-dobila-svoj-institucionalni-i-pravni-karakter\/"},"wordCount":297,"commentCount":0,"image":{"@id":"https:\/\/dmcsrb.com\/drustvo\/milatovic-sloboda-koju-su-branili-nasi-preci-je-ustavom-iz-1905-godine-dobila-svoj-institucionalni-i-pravni-karakter\/#primaryimage"},"thumbnailUrl":"https:\/\/dmcsrb.com\/wp-content\/uploads\/2026\/01\/IMG_3661.jpeg","keywords":["Danilo Mrvaljevi\u0107","Jakov Milatovi\u0107","Ustav","Vladimir Savkovi\u0107"],"articleSection":["Dru\u0161tvo"],"inLanguage":"en-GB","potentialAction":[{"@type":"CommentAction","name":"Comment","target":["https:\/\/dmcsrb.com\/drustvo\/milatovic-sloboda-koju-su-branili-nasi-preci-je-ustavom-iz-1905-godine-dobila-svoj-institucionalni-i-pravni-karakter\/#respond"]}]},{"@type":"WebPage","@id":"https:\/\/dmcsrb.com\/drustvo\/milatovic-sloboda-koju-su-branili-nasi-preci-je-ustavom-iz-1905-godine-dobila-svoj-institucionalni-i-pravni-karakter\/","url":"https:\/\/dmcsrb.com\/drustvo\/milatovic-sloboda-koju-su-branili-nasi-preci-je-ustavom-iz-1905-godine-dobila-svoj-institucionalni-i-pravni-karakter\/","name":"Milatovi\u0107: Sloboda koju su branili na\u0161i preci je Ustavom iz 1905. godine dobila svoj institucionalni i pravni karakter - dmcsrb.com","isPartOf":{"@id":"https:\/\/dmcsrb.com\/#website"},"primaryImageOfPage":{"@id":"https:\/\/dmcsrb.com\/drustvo\/milatovic-sloboda-koju-su-branili-nasi-preci-je-ustavom-iz-1905-godine-dobila-svoj-institucionalni-i-pravni-karakter\/#primaryimage"},"image":{"@id":"https:\/\/dmcsrb.com\/drustvo\/milatovic-sloboda-koju-su-branili-nasi-preci-je-ustavom-iz-1905-godine-dobila-svoj-institucionalni-i-pravni-karakter\/#primaryimage"},"thumbnailUrl":"https:\/\/dmcsrb.com\/wp-content\/uploads\/2026\/01\/IMG_3661.jpeg","datePublished":"2025-12-12T09:05:55+00:00","author":{"@id":"https:\/\/dmcsrb.com\/#\/schema\/person\/5c39170f12db1b8b457732d0b5c854e2"},"breadcrumb":{"@id":"https:\/\/dmcsrb.com\/drustvo\/milatovic-sloboda-koju-su-branili-nasi-preci-je-ustavom-iz-1905-godine-dobila-svoj-institucionalni-i-pravni-karakter\/#breadcrumb"},"inLanguage":"en-GB","potentialAction":[{"@type":"ReadAction","target":["https:\/\/dmcsrb.com\/drustvo\/milatovic-sloboda-koju-su-branili-nasi-preci-je-ustavom-iz-1905-godine-dobila-svoj-institucionalni-i-pravni-karakter\/"]}]},{"@type":"ImageObject","inLanguage":"en-GB","@id":"https:\/\/dmcsrb.com\/drustvo\/milatovic-sloboda-koju-su-branili-nasi-preci-je-ustavom-iz-1905-godine-dobila-svoj-institucionalni-i-pravni-karakter\/#primaryimage","url":"https:\/\/dmcsrb.com\/wp-content\/uploads\/2026\/01\/IMG_3661.jpeg","contentUrl":"https:\/\/dmcsrb.com\/wp-content\/uploads\/2026\/01\/IMG_3661.jpeg","width":1600,"height":1200},{"@type":"BreadcrumbList","@id":"https:\/\/dmcsrb.com\/drustvo\/milatovic-sloboda-koju-su-branili-nasi-preci-je-ustavom-iz-1905-godine-dobila-svoj-institucionalni-i-pravni-karakter\/#breadcrumb","itemListElement":[{"@type":"ListItem","position":1,"name":"Home","item":"https:\/\/dmcsrb.com\/"},{"@type":"ListItem","position":2,"name":"Milatovi\u0107: Sloboda koju su branili na\u0161i preci je Ustavom iz 1905. godine dobila svoj institucionalni i pravni karakter"}]},{"@type":"WebSite","@id":"https:\/\/dmcsrb.com\/#website","url":"https:\/\/dmcsrb.com\/","name":"dmcsrb.com","description":"","potentialAction":[{"@type":"SearchAction","target":{"@type":"EntryPoint","urlTemplate":"https:\/\/dmcsrb.com\/?s={search_term_string}"},"query-input":{"@type":"PropertyValueSpecification","valueRequired":true,"valueName":"search_term_string"}}],"inLanguage":"en-GB"},{"@type":"Person","@id":"https:\/\/dmcsrb.com\/#\/schema\/person\/5c39170f12db1b8b457732d0b5c854e2","name":"dmcsrbija.com@gmail.com","image":{"@type":"ImageObject","inLanguage":"en-GB","@id":"https:\/\/secure.gravatar.com\/avatar\/68592660ad6347fad0fb587f8d5d8f1a7b44961362f56e4f2cd524feb87e9069?s=96&d=mm&r=g","url":"https:\/\/secure.gravatar.com\/avatar\/68592660ad6347fad0fb587f8d5d8f1a7b44961362f56e4f2cd524feb87e9069?s=96&d=mm&r=g","contentUrl":"https:\/\/secure.gravatar.com\/avatar\/68592660ad6347fad0fb587f8d5d8f1a7b44961362f56e4f2cd524feb87e9069?s=96&d=mm&r=g","caption":"dmcsrbija.com@gmail.com"},"sameAs":["https:\/\/dmcsrb.com"],"url":"https:\/\/dmcsrb.com\/en\/author\/dmcsrbija-comgmail-com\/"}]}},"_links":{"self":[{"href":"https:\/\/dmcsrb.com\/en\/wp-json\/wp\/v2\/posts\/912770","targetHints":{"allow":["GET"]}}],"collection":[{"href":"https:\/\/dmcsrb.com\/en\/wp-json\/wp\/v2\/posts"}],"about":[{"href":"https:\/\/dmcsrb.com\/en\/wp-json\/wp\/v2\/types\/post"}],"author":[{"embeddable":true,"href":"https:\/\/dmcsrb.com\/en\/wp-json\/wp\/v2\/users\/1"}],"replies":[{"embeddable":true,"href":"https:\/\/dmcsrb.com\/en\/wp-json\/wp\/v2\/comments?post=912770"}],"version-history":[{"count":0,"href":"https:\/\/dmcsrb.com\/en\/wp-json\/wp\/v2\/posts\/912770\/revisions"}],"wp:featuredmedia":[{"embeddable":true,"href":"https:\/\/dmcsrb.com\/en\/wp-json\/wp\/v2\/media\/912771"}],"wp:attachment":[{"href":"https:\/\/dmcsrb.com\/en\/wp-json\/wp\/v2\/media?parent=912770"}],"wp:term":[{"taxonomy":"category","embeddable":true,"href":"https:\/\/dmcsrb.com\/en\/wp-json\/wp\/v2\/categories?post=912770"},{"taxonomy":"post_tag","embeddable":true,"href":"https:\/\/dmcsrb.com\/en\/wp-json\/wp\/v2\/tags?post=912770"},{"taxonomy":"naslovna","embeddable":true,"href":"https:\/\/dmcsrb.com\/en\/wp-json\/wp\/v2\/naslovna?post=912770"}],"curies":[{"name":"wp","href":"https:\/\/api.w.org\/{rel}","templated":true}]}}