{"id":912709,"date":"2025-12-11T21:21:00","date_gmt":"2025-12-11T20:21:00","guid":{"rendered":"https:\/\/dmcsrb.com\/uncategorized\/pala-vlada-u-bugarskoj-cujemo-glas-demonstranata\/"},"modified":"2025-12-11T21:21:00","modified_gmt":"2025-12-11T20:21:00","slug":"pala-vlada-u-bugarskoj-cujemo-glas-demonstranata","status":"publish","type":"post","link":"https:\/\/dmcsrb.com\/en\/svijet\/pala-vlada-u-bugarskoj-cujemo-glas-demonstranata\/","title":{"rendered":"Pala vlada u Bugarskoj: &#8220;\u010cujemo glas demonstranata&#8221;"},"content":{"rendered":"<p>\u201eVlada je podnijela ostavku. Na\u0161a koalicija se sastala i razmotrila trenutnu situaciju, kao i odluke koje moramo donijeti. Protest treba da iznjedri svoje lidere i da saop\u0161ti kako \u0107e se odvijati tranzicija i upravljanje tokom narednih turbulentnih mjeseci. Tranzicija mora biti garantovana. To mora biti jasno prije glasanja o bud\u017eetu za 2026. godinu\u201c, izjavio je premijer Rosen \u017deljazkov.<\/p>\n\n\n\n<p>Ranije danas glasanje o \u0161estom glasanju o nepoverenju bilo je prekinuto i odlo\u017eeno za pola sata, nakon \u0161to su opozicioni poslanici po\u010deli da skandiraju \u201eOstavka\u201c.<\/p>\n\n\n\n<p>Gra\u0111ani treba da izaberu svoje formalne lidere \u2013 to nije izazov upu\u0107en Asenu Vasilevu, Bo\u017eidaru Bo\u017eanovu, Atanasu Atanasovu, \u010dak ni predsjedniku Rumenu Radevu, naglasio je \u017deljazkov, prenosi Fakti.bg.<\/p>\n\n\n\n<p>\u201eNa\u0161a \u017eelja je da budemo na nivou koji dru\u0161tvo od nas o\u010dekuje. \u010cujemo glas demonstranata\u201c, rekao je premijer.<\/p>\n\n\n\n<p>\u201eMladi i stari su podigli glas za na\u0161u ostavku. Protest je bio na\u0161a prevelika samouvjerenost. Ovaj protest je protest za vrijednosti, pona\u0161anje i odnos\u201c, istakao je \u017deljazkov.<\/p>\n\n\n\n<p>Do sada je njegov kabinet pre\u017eivio pet glasanja o nepoverenju. Posljednje je bilo sredinom septembra, kada je vlada dobila podr\u0161ku 133 poslanika iz GERB-SDS, DPS-Novo po\u010detak, BSP i ITN.<\/p>\n\n\n\n<p>Prethodna glasanja o nepoverenju, sva neuspjela, odnosila su se na navodne neuspjehe u ekolo\u0161koj politici, spoljnoj politici, borbi protiv korupcije i fiskalnoj politici.<\/p>","protected":false},"excerpt":{"rendered":"<p>Vlada u Bugarskoj je pala nakon brojnih protesta zbog zakona o bud\u017eetu.<\/p>","protected":false},"author":1,"featured_media":912710,"comment_status":"open","ping_status":"open","sticky":false,"template":"","format":"standard","meta":{"_acf_changed":false,"footnotes":""},"categories":[144],"tags":[1963,2440],"naslovna":[],"class_list":["post-912709","post","type-post","status-publish","format-standard","has-post-thumbnail","hentry","category-svijet","tag-bugarska","tag-vlada-bugarske"],"acf":[],"yoast_head":"<!-- This site is optimized with the Yoast SEO plugin v27.4 - https:\/\/yoast.com\/product\/yoast-seo-wordpress\/ -->\n<title>Pala vlada u Bugarskoj: &quot;\u010cujemo glas demonstranata&quot; - dmcsrb.com<\/title>\n<meta name=\"robots\" content=\"index, follow, max-snippet:-1, max-image-preview:large, max-video-preview:-1\" \/>\n<link rel=\"canonical\" href=\"https:\/\/dmcsrb.com\/en\/svijet\/pala-vlada-u-bugarskoj-cujemo-glas-demonstranata\/\" \/>\n<meta property=\"og:locale\" content=\"en_GB\" \/>\n<meta property=\"og:type\" content=\"article\" \/>\n<meta property=\"og:title\" content=\"Pala vlada u Bugarskoj: &quot;\u010cujemo glas demonstranata&quot; - dmcsrb.com\" \/>\n<meta property=\"og:description\" content=\"Vlada u Bugarskoj je pala nakon brojnih protesta zbog zakona o bud\u017eetu.\" \/>\n<meta property=\"og:url\" content=\"https:\/\/dmcsrb.com\/en\/svijet\/pala-vlada-u-bugarskoj-cujemo-glas-demonstranata\/\" \/>\n<meta property=\"og:site_name\" content=\"dmcsrb.com\" \/>\n<meta property=\"article:published_time\" content=\"2025-12-11T20:21:00+00:00\" \/>\n<meta property=\"og:image\" content=\"https:\/\/dmcsrb.com\/wp-content\/uploads\/2026\/01\/Bugarska-zastava-foto-pixabay.jpg\" \/>\n\t<meta property=\"og:image:width\" content=\"640\" \/>\n\t<meta property=\"og:image:height\" content=\"426\" \/>\n\t<meta property=\"og:image:type\" content=\"image\/jpeg\" \/>\n<meta name=\"author\" content=\"dmcsrbija.com@gmail.com\" \/>\n<meta name=\"twitter:card\" content=\"summary_large_image\" \/>\n<meta name=\"twitter:label1\" content=\"Written by\" \/>\n\t<meta name=\"twitter:data1\" content=\"dmcsrbija.com@gmail.com\" \/>\n\t<meta name=\"twitter:label2\" content=\"Estimated reading time\" \/>\n\t<meta name=\"twitter:data2\" content=\"1 minute\" \/>\n<script type=\"application\/ld+json\" class=\"yoast-schema-graph\">{\"@context\":\"https:\\\/\\\/schema.org\",\"@graph\":[{\"@type\":\"Article\",\"@id\":\"https:\\\/\\\/dmcsrb.com\\\/svijet\\\/pala-vlada-u-bugarskoj-cujemo-glas-demonstranata\\\/#article\",\"isPartOf\":{\"@id\":\"https:\\\/\\\/dmcsrb.com\\\/svijet\\\/pala-vlada-u-bugarskoj-cujemo-glas-demonstranata\\\/\"},\"author\":{\"name\":\"dmcsrbija.com@gmail.com\",\"@id\":\"https:\\\/\\\/dmcsrb.com\\\/#\\\/schema\\\/person\\\/5c39170f12db1b8b457732d0b5c854e2\"},\"headline\":\"Pala vlada u Bugarskoj: &#8220;\u010cujemo glas demonstranata&#8221;\",\"datePublished\":\"2025-12-11T20:21:00+00:00\",\"mainEntityOfPage\":{\"@id\":\"https:\\\/\\\/dmcsrb.com\\\/svijet\\\/pala-vlada-u-bugarskoj-cujemo-glas-demonstranata\\\/\"},\"wordCount\":232,\"commentCount\":0,\"image\":{\"@id\":\"https:\\\/\\\/dmcsrb.com\\\/svijet\\\/pala-vlada-u-bugarskoj-cujemo-glas-demonstranata\\\/#primaryimage\"},\"thumbnailUrl\":\"https:\\\/\\\/dmcsrb.com\\\/wp-content\\\/uploads\\\/2026\\\/01\\\/Bugarska-zastava-foto-pixabay.jpg\",\"keywords\":[\"Bugarska\",\"vlada bugarske\"],\"articleSection\":[\"Svijet\"],\"inLanguage\":\"en-GB\",\"potentialAction\":[{\"@type\":\"CommentAction\",\"name\":\"Comment\",\"target\":[\"https:\\\/\\\/dmcsrb.com\\\/svijet\\\/pala-vlada-u-bugarskoj-cujemo-glas-demonstranata\\\/#respond\"]}]},{\"@type\":\"WebPage\",\"@id\":\"https:\\\/\\\/dmcsrb.com\\\/svijet\\\/pala-vlada-u-bugarskoj-cujemo-glas-demonstranata\\\/\",\"url\":\"https:\\\/\\\/dmcsrb.com\\\/svijet\\\/pala-vlada-u-bugarskoj-cujemo-glas-demonstranata\\\/\",\"name\":\"Pala vlada u Bugarskoj: \\\"\u010cujemo glas demonstranata\\\" - dmcsrb.com\",\"isPartOf\":{\"@id\":\"https:\\\/\\\/dmcsrb.com\\\/#website\"},\"primaryImageOfPage\":{\"@id\":\"https:\\\/\\\/dmcsrb.com\\\/svijet\\\/pala-vlada-u-bugarskoj-cujemo-glas-demonstranata\\\/#primaryimage\"},\"image\":{\"@id\":\"https:\\\/\\\/dmcsrb.com\\\/svijet\\\/pala-vlada-u-bugarskoj-cujemo-glas-demonstranata\\\/#primaryimage\"},\"thumbnailUrl\":\"https:\\\/\\\/dmcsrb.com\\\/wp-content\\\/uploads\\\/2026\\\/01\\\/Bugarska-zastava-foto-pixabay.jpg\",\"datePublished\":\"2025-12-11T20:21:00+00:00\",\"author\":{\"@id\":\"https:\\\/\\\/dmcsrb.com\\\/#\\\/schema\\\/person\\\/5c39170f12db1b8b457732d0b5c854e2\"},\"breadcrumb\":{\"@id\":\"https:\\\/\\\/dmcsrb.com\\\/svijet\\\/pala-vlada-u-bugarskoj-cujemo-glas-demonstranata\\\/#breadcrumb\"},\"inLanguage\":\"en-GB\",\"potentialAction\":[{\"@type\":\"ReadAction\",\"target\":[\"https:\\\/\\\/dmcsrb.com\\\/svijet\\\/pala-vlada-u-bugarskoj-cujemo-glas-demonstranata\\\/\"]}]},{\"@type\":\"ImageObject\",\"inLanguage\":\"en-GB\",\"@id\":\"https:\\\/\\\/dmcsrb.com\\\/svijet\\\/pala-vlada-u-bugarskoj-cujemo-glas-demonstranata\\\/#primaryimage\",\"url\":\"https:\\\/\\\/dmcsrb.com\\\/wp-content\\\/uploads\\\/2026\\\/01\\\/Bugarska-zastava-foto-pixabay.jpg\",\"contentUrl\":\"https:\\\/\\\/dmcsrb.com\\\/wp-content\\\/uploads\\\/2026\\\/01\\\/Bugarska-zastava-foto-pixabay.jpg\",\"width\":640,\"height\":426},{\"@type\":\"BreadcrumbList\",\"@id\":\"https:\\\/\\\/dmcsrb.com\\\/svijet\\\/pala-vlada-u-bugarskoj-cujemo-glas-demonstranata\\\/#breadcrumb\",\"itemListElement\":[{\"@type\":\"ListItem\",\"position\":1,\"name\":\"Home\",\"item\":\"https:\\\/\\\/dmcsrb.com\\\/\"},{\"@type\":\"ListItem\",\"position\":2,\"name\":\"Pala vlada u Bugarskoj: &#8220;\u010cujemo glas demonstranata&#8221;\"}]},{\"@type\":\"WebSite\",\"@id\":\"https:\\\/\\\/dmcsrb.com\\\/#website\",\"url\":\"https:\\\/\\\/dmcsrb.com\\\/\",\"name\":\"dmcsrb.com\",\"description\":\"\",\"potentialAction\":[{\"@type\":\"SearchAction\",\"target\":{\"@type\":\"EntryPoint\",\"urlTemplate\":\"https:\\\/\\\/dmcsrb.com\\\/?s={search_term_string}\"},\"query-input\":{\"@type\":\"PropertyValueSpecification\",\"valueRequired\":true,\"valueName\":\"search_term_string\"}}],\"inLanguage\":\"en-GB\"},{\"@type\":\"Person\",\"@id\":\"https:\\\/\\\/dmcsrb.com\\\/#\\\/schema\\\/person\\\/5c39170f12db1b8b457732d0b5c854e2\",\"name\":\"dmcsrbija.com@gmail.com\",\"image\":{\"@type\":\"ImageObject\",\"inLanguage\":\"en-GB\",\"@id\":\"https:\\\/\\\/secure.gravatar.com\\\/avatar\\\/68592660ad6347fad0fb587f8d5d8f1a7b44961362f56e4f2cd524feb87e9069?s=96&d=mm&r=g\",\"url\":\"https:\\\/\\\/secure.gravatar.com\\\/avatar\\\/68592660ad6347fad0fb587f8d5d8f1a7b44961362f56e4f2cd524feb87e9069?s=96&d=mm&r=g\",\"contentUrl\":\"https:\\\/\\\/secure.gravatar.com\\\/avatar\\\/68592660ad6347fad0fb587f8d5d8f1a7b44961362f56e4f2cd524feb87e9069?s=96&d=mm&r=g\",\"caption\":\"dmcsrbija.com@gmail.com\"},\"sameAs\":[\"https:\\\/\\\/dmcsrb.com\"],\"url\":\"https:\\\/\\\/dmcsrb.com\\\/en\\\/author\\\/dmcsrbija-comgmail-com\\\/\"}]}<\/script>\n<!-- \/ Yoast SEO plugin. -->","yoast_head_json":{"title":"Pala vlada u Bugarskoj: \"\u010cujemo glas demonstranata\" - dmcsrb.com","robots":{"index":"index","follow":"follow","max-snippet":"max-snippet:-1","max-image-preview":"max-image-preview:large","max-video-preview":"max-video-preview:-1"},"canonical":"https:\/\/dmcsrb.com\/en\/svijet\/pala-vlada-u-bugarskoj-cujemo-glas-demonstranata\/","og_locale":"en_GB","og_type":"article","og_title":"Pala vlada u Bugarskoj: \"\u010cujemo glas demonstranata\" - dmcsrb.com","og_description":"Vlada u Bugarskoj je pala nakon brojnih protesta zbog zakona o bud\u017eetu.","og_url":"https:\/\/dmcsrb.com\/en\/svijet\/pala-vlada-u-bugarskoj-cujemo-glas-demonstranata\/","og_site_name":"dmcsrb.com","article_published_time":"2025-12-11T20:21:00+00:00","og_image":[{"width":640,"height":426,"url":"https:\/\/dmcsrb.com\/wp-content\/uploads\/2026\/01\/Bugarska-zastava-foto-pixabay.jpg","type":"image\/jpeg"}],"author":"dmcsrbija.com@gmail.com","twitter_card":"summary_large_image","twitter_misc":{"Written by":"dmcsrbija.com@gmail.com","Estimated reading time":"1 minute"},"schema":{"@context":"https:\/\/schema.org","@graph":[{"@type":"Article","@id":"https:\/\/dmcsrb.com\/svijet\/pala-vlada-u-bugarskoj-cujemo-glas-demonstranata\/#article","isPartOf":{"@id":"https:\/\/dmcsrb.com\/svijet\/pala-vlada-u-bugarskoj-cujemo-glas-demonstranata\/"},"author":{"name":"dmcsrbija.com@gmail.com","@id":"https:\/\/dmcsrb.com\/#\/schema\/person\/5c39170f12db1b8b457732d0b5c854e2"},"headline":"Pala vlada u Bugarskoj: &#8220;\u010cujemo glas demonstranata&#8221;","datePublished":"2025-12-11T20:21:00+00:00","mainEntityOfPage":{"@id":"https:\/\/dmcsrb.com\/svijet\/pala-vlada-u-bugarskoj-cujemo-glas-demonstranata\/"},"wordCount":232,"commentCount":0,"image":{"@id":"https:\/\/dmcsrb.com\/svijet\/pala-vlada-u-bugarskoj-cujemo-glas-demonstranata\/#primaryimage"},"thumbnailUrl":"https:\/\/dmcsrb.com\/wp-content\/uploads\/2026\/01\/Bugarska-zastava-foto-pixabay.jpg","keywords":["Bugarska","vlada bugarske"],"articleSection":["Svijet"],"inLanguage":"en-GB","potentialAction":[{"@type":"CommentAction","name":"Comment","target":["https:\/\/dmcsrb.com\/svijet\/pala-vlada-u-bugarskoj-cujemo-glas-demonstranata\/#respond"]}]},{"@type":"WebPage","@id":"https:\/\/dmcsrb.com\/svijet\/pala-vlada-u-bugarskoj-cujemo-glas-demonstranata\/","url":"https:\/\/dmcsrb.com\/svijet\/pala-vlada-u-bugarskoj-cujemo-glas-demonstranata\/","name":"Pala vlada u Bugarskoj: \"\u010cujemo glas demonstranata\" - dmcsrb.com","isPartOf":{"@id":"https:\/\/dmcsrb.com\/#website"},"primaryImageOfPage":{"@id":"https:\/\/dmcsrb.com\/svijet\/pala-vlada-u-bugarskoj-cujemo-glas-demonstranata\/#primaryimage"},"image":{"@id":"https:\/\/dmcsrb.com\/svijet\/pala-vlada-u-bugarskoj-cujemo-glas-demonstranata\/#primaryimage"},"thumbnailUrl":"https:\/\/dmcsrb.com\/wp-content\/uploads\/2026\/01\/Bugarska-zastava-foto-pixabay.jpg","datePublished":"2025-12-11T20:21:00+00:00","author":{"@id":"https:\/\/dmcsrb.com\/#\/schema\/person\/5c39170f12db1b8b457732d0b5c854e2"},"breadcrumb":{"@id":"https:\/\/dmcsrb.com\/svijet\/pala-vlada-u-bugarskoj-cujemo-glas-demonstranata\/#breadcrumb"},"inLanguage":"en-GB","potentialAction":[{"@type":"ReadAction","target":["https:\/\/dmcsrb.com\/svijet\/pala-vlada-u-bugarskoj-cujemo-glas-demonstranata\/"]}]},{"@type":"ImageObject","inLanguage":"en-GB","@id":"https:\/\/dmcsrb.com\/svijet\/pala-vlada-u-bugarskoj-cujemo-glas-demonstranata\/#primaryimage","url":"https:\/\/dmcsrb.com\/wp-content\/uploads\/2026\/01\/Bugarska-zastava-foto-pixabay.jpg","contentUrl":"https:\/\/dmcsrb.com\/wp-content\/uploads\/2026\/01\/Bugarska-zastava-foto-pixabay.jpg","width":640,"height":426},{"@type":"BreadcrumbList","@id":"https:\/\/dmcsrb.com\/svijet\/pala-vlada-u-bugarskoj-cujemo-glas-demonstranata\/#breadcrumb","itemListElement":[{"@type":"ListItem","position":1,"name":"Home","item":"https:\/\/dmcsrb.com\/"},{"@type":"ListItem","position":2,"name":"Pala vlada u Bugarskoj: &#8220;\u010cujemo glas demonstranata&#8221;"}]},{"@type":"WebSite","@id":"https:\/\/dmcsrb.com\/#website","url":"https:\/\/dmcsrb.com\/","name":"dmcsrb.com","description":"","potentialAction":[{"@type":"SearchAction","target":{"@type":"EntryPoint","urlTemplate":"https:\/\/dmcsrb.com\/?s={search_term_string}"},"query-input":{"@type":"PropertyValueSpecification","valueRequired":true,"valueName":"search_term_string"}}],"inLanguage":"en-GB"},{"@type":"Person","@id":"https:\/\/dmcsrb.com\/#\/schema\/person\/5c39170f12db1b8b457732d0b5c854e2","name":"dmcsrbija.com@gmail.com","image":{"@type":"ImageObject","inLanguage":"en-GB","@id":"https:\/\/secure.gravatar.com\/avatar\/68592660ad6347fad0fb587f8d5d8f1a7b44961362f56e4f2cd524feb87e9069?s=96&d=mm&r=g","url":"https:\/\/secure.gravatar.com\/avatar\/68592660ad6347fad0fb587f8d5d8f1a7b44961362f56e4f2cd524feb87e9069?s=96&d=mm&r=g","contentUrl":"https:\/\/secure.gravatar.com\/avatar\/68592660ad6347fad0fb587f8d5d8f1a7b44961362f56e4f2cd524feb87e9069?s=96&d=mm&r=g","caption":"dmcsrbija.com@gmail.com"},"sameAs":["https:\/\/dmcsrb.com"],"url":"https:\/\/dmcsrb.com\/en\/author\/dmcsrbija-comgmail-com\/"}]}},"_links":{"self":[{"href":"https:\/\/dmcsrb.com\/en\/wp-json\/wp\/v2\/posts\/912709","targetHints":{"allow":["GET"]}}],"collection":[{"href":"https:\/\/dmcsrb.com\/en\/wp-json\/wp\/v2\/posts"}],"about":[{"href":"https:\/\/dmcsrb.com\/en\/wp-json\/wp\/v2\/types\/post"}],"author":[{"embeddable":true,"href":"https:\/\/dmcsrb.com\/en\/wp-json\/wp\/v2\/users\/1"}],"replies":[{"embeddable":true,"href":"https:\/\/dmcsrb.com\/en\/wp-json\/wp\/v2\/comments?post=912709"}],"version-history":[{"count":0,"href":"https:\/\/dmcsrb.com\/en\/wp-json\/wp\/v2\/posts\/912709\/revisions"}],"wp:featuredmedia":[{"embeddable":true,"href":"https:\/\/dmcsrb.com\/en\/wp-json\/wp\/v2\/media\/912710"}],"wp:attachment":[{"href":"https:\/\/dmcsrb.com\/en\/wp-json\/wp\/v2\/media?parent=912709"}],"wp:term":[{"taxonomy":"category","embeddable":true,"href":"https:\/\/dmcsrb.com\/en\/wp-json\/wp\/v2\/categories?post=912709"},{"taxonomy":"post_tag","embeddable":true,"href":"https:\/\/dmcsrb.com\/en\/wp-json\/wp\/v2\/tags?post=912709"},{"taxonomy":"naslovna","embeddable":true,"href":"https:\/\/dmcsrb.com\/en\/wp-json\/wp\/v2\/naslovna?post=912709"}],"curies":[{"name":"wp","href":"https:\/\/api.w.org\/{rel}","templated":true}]}}