{"id":912703,"date":"2025-12-11T19:15:00","date_gmt":"2025-12-11T18:15:00","guid":{"rendered":"https:\/\/dmcsrb.com\/uncategorized\/ministarka-kulture-i-medija-u-zvanicnoj-posjeti-sjevernoj-makedoniji\/"},"modified":"2025-12-11T19:15:00","modified_gmt":"2025-12-11T18:15:00","slug":"ministarka-kulture-i-medija-u-zvanicnoj-posjeti-sjevernoj-makedoniji","status":"publish","type":"post","link":"https:\/\/dmcsrb.com\/en\/kultura\/ministarka-kulture-i-medija-u-zvanicnoj-posjeti-sjevernoj-makedoniji\/","title":{"rendered":"Ministarka kulture i medija u zvani\u010dnoj posjeti Sjevernoj Makedoniji"},"content":{"rendered":"<p>Sastanak se organizuje na temu \u201eOdr\u017eivi kulturni modeli za budu\u0107nost\u201c, a bi\u0107e baziran na razvoju politika koje se odnose na kulturnu ba\u0161tinu, njenu otpornost na vi\u0161estruke uticaje, upotrebu digitalnih tehnologija sa ciljem njenog o\u010duvanja, ali i uspostavljanje novih, modernih politika i praksi, kao i ja\u010danje regionalne i me\u0111unarodne saradnje.<\/p>\n\n\n\n<p>Podsje\u0107amo da je pro\u0161logodi\u0161nje zasjedanje CoMoCoSEE-a kojim je predsjedavala ministarka dr Tamara Vujovi\u0107 odr\u017eano u Herceg Novom, kada je, usvojena hercegnovska deklaracija &#8220;Kultura i umjetnost za odr\u017eivi razvoj&#8221; .<\/p>\n\n\n\n<p>CoMoCoSEE predstavlja va\u017enu regionalnu platfromu u oblasti kulture, koja slu\u017ei razmjeni iskustava, uspostavljanju novih, zajedni\u010dkih modela saradnje i usagla\u0161avanju prioriteta kulturnih politika.<\/p>\n\n\n\n<p>Savjet ministara kulture zemalja Jugisto\u010dne Evrope, formiran 2005. godine na sastanku u Kopenhagenu, broji 14 dr\u017eava \u010dlanica, \u010diji se ministri kulture sastaju na godi\u0161njem nivou kako bi diskutovali o zajedni\u010dkim projektima i programima. \u010clanice Comocosee-a su Albanija, Bosna i Hercegovina, Bugarska, Hrvatska, Gr\u010dka, Crna Gora, Republika Moldavija, Rumunija, Srbija, Slovenija, Sjeverna Makedonija i Turska, a posmatra\u010di su Italija i Austrija.<\/p>","protected":false},"excerpt":{"rendered":"<p>U\u010destvuje na godi\u0161njem zasjedanju Savjeta ministara kulture Jugoisto\u010dne Evrope (CoMoCoSEE) u Ohridu.<\/p>","protected":false},"author":1,"featured_media":912704,"comment_status":"open","ping_status":"open","sticky":false,"template":"","format":"standard","meta":{"_acf_changed":false,"footnotes":""},"categories":[50],"tags":[2424,2425,910],"naslovna":[],"class_list":["post-912703","post","type-post","status-publish","format-standard","has-post-thumbnail","hentry","category-kultura","tag-comocosee","tag-sjeverna-makedonija","tag-tamara-vujovic"],"acf":[],"yoast_head":"<!-- This site is optimized with the Yoast SEO plugin v27.4 - https:\/\/yoast.com\/product\/yoast-seo-wordpress\/ -->\n<title>Ministarka kulture i medija u zvani\u010dnoj posjeti Sjevernoj Makedoniji - dmcsrb.com<\/title>\n<meta name=\"robots\" content=\"index, follow, max-snippet:-1, max-image-preview:large, max-video-preview:-1\" \/>\n<link rel=\"canonical\" href=\"https:\/\/dmcsrb.com\/en\/kultura\/ministarka-kulture-i-medija-u-zvanicnoj-posjeti-sjevernoj-makedoniji\/\" \/>\n<meta property=\"og:locale\" content=\"en_GB\" \/>\n<meta property=\"og:type\" content=\"article\" \/>\n<meta property=\"og:title\" content=\"Ministarka kulture i medija u zvani\u010dnoj posjeti Sjevernoj Makedoniji - dmcsrb.com\" \/>\n<meta property=\"og:description\" content=\"U\u010destvuje na godi\u0161njem zasjedanju Savjeta ministara kulture Jugoisto\u010dne Evrope (CoMoCoSEE) u Ohridu.\" \/>\n<meta property=\"og:url\" content=\"https:\/\/dmcsrb.com\/en\/kultura\/ministarka-kulture-i-medija-u-zvanicnoj-posjeti-sjevernoj-makedoniji\/\" \/>\n<meta property=\"og:site_name\" content=\"dmcsrb.com\" \/>\n<meta property=\"article:published_time\" content=\"2025-12-11T18:15:00+00:00\" \/>\n<meta property=\"og:image\" content=\"https:\/\/dmcsrb.com\/wp-content\/uploads\/2026\/01\/Tamara-Vujovic-ministarka-foto-pr-centar.jpg\" \/>\n\t<meta property=\"og:image:width\" content=\"1041\" \/>\n\t<meta property=\"og:image:height\" content=\"618\" \/>\n\t<meta property=\"og:image:type\" content=\"image\/jpeg\" \/>\n<meta name=\"author\" content=\"dmcsrbija.com@gmail.com\" \/>\n<meta name=\"twitter:card\" content=\"summary_large_image\" \/>\n<meta name=\"twitter:label1\" content=\"Written by\" \/>\n\t<meta name=\"twitter:data1\" content=\"dmcsrbija.com@gmail.com\" \/>\n\t<meta name=\"twitter:label2\" content=\"Estimated reading time\" \/>\n\t<meta name=\"twitter:data2\" content=\"1 minute\" \/>\n<script type=\"application\/ld+json\" class=\"yoast-schema-graph\">{\"@context\":\"https:\\\/\\\/schema.org\",\"@graph\":[{\"@type\":\"Article\",\"@id\":\"https:\\\/\\\/dmcsrb.com\\\/kultura\\\/ministarka-kulture-i-medija-u-zvanicnoj-posjeti-sjevernoj-makedoniji\\\/#article\",\"isPartOf\":{\"@id\":\"https:\\\/\\\/dmcsrb.com\\\/kultura\\\/ministarka-kulture-i-medija-u-zvanicnoj-posjeti-sjevernoj-makedoniji\\\/\"},\"author\":{\"name\":\"dmcsrbija.com@gmail.com\",\"@id\":\"https:\\\/\\\/dmcsrb.com\\\/#\\\/schema\\\/person\\\/5c39170f12db1b8b457732d0b5c854e2\"},\"headline\":\"Ministarka kulture i medija u zvani\u010dnoj posjeti Sjevernoj Makedoniji\",\"datePublished\":\"2025-12-11T18:15:00+00:00\",\"mainEntityOfPage\":{\"@id\":\"https:\\\/\\\/dmcsrb.com\\\/kultura\\\/ministarka-kulture-i-medija-u-zvanicnoj-posjeti-sjevernoj-makedoniji\\\/\"},\"wordCount\":190,\"commentCount\":0,\"image\":{\"@id\":\"https:\\\/\\\/dmcsrb.com\\\/kultura\\\/ministarka-kulture-i-medija-u-zvanicnoj-posjeti-sjevernoj-makedoniji\\\/#primaryimage\"},\"thumbnailUrl\":\"https:\\\/\\\/dmcsrb.com\\\/wp-content\\\/uploads\\\/2026\\\/01\\\/Tamara-Vujovic-ministarka-foto-pr-centar.jpg\",\"keywords\":[\"CoMoCoSEE\",\"Sjeverna Makedonija\",\"Tamara Vujovi\u0107\"],\"articleSection\":[\"Kultura\"],\"inLanguage\":\"en-GB\",\"potentialAction\":[{\"@type\":\"CommentAction\",\"name\":\"Comment\",\"target\":[\"https:\\\/\\\/dmcsrb.com\\\/kultura\\\/ministarka-kulture-i-medija-u-zvanicnoj-posjeti-sjevernoj-makedoniji\\\/#respond\"]}]},{\"@type\":\"WebPage\",\"@id\":\"https:\\\/\\\/dmcsrb.com\\\/kultura\\\/ministarka-kulture-i-medija-u-zvanicnoj-posjeti-sjevernoj-makedoniji\\\/\",\"url\":\"https:\\\/\\\/dmcsrb.com\\\/kultura\\\/ministarka-kulture-i-medija-u-zvanicnoj-posjeti-sjevernoj-makedoniji\\\/\",\"name\":\"Ministarka kulture i medija u zvani\u010dnoj posjeti Sjevernoj Makedoniji - dmcsrb.com\",\"isPartOf\":{\"@id\":\"https:\\\/\\\/dmcsrb.com\\\/#website\"},\"primaryImageOfPage\":{\"@id\":\"https:\\\/\\\/dmcsrb.com\\\/kultura\\\/ministarka-kulture-i-medija-u-zvanicnoj-posjeti-sjevernoj-makedoniji\\\/#primaryimage\"},\"image\":{\"@id\":\"https:\\\/\\\/dmcsrb.com\\\/kultura\\\/ministarka-kulture-i-medija-u-zvanicnoj-posjeti-sjevernoj-makedoniji\\\/#primaryimage\"},\"thumbnailUrl\":\"https:\\\/\\\/dmcsrb.com\\\/wp-content\\\/uploads\\\/2026\\\/01\\\/Tamara-Vujovic-ministarka-foto-pr-centar.jpg\",\"datePublished\":\"2025-12-11T18:15:00+00:00\",\"author\":{\"@id\":\"https:\\\/\\\/dmcsrb.com\\\/#\\\/schema\\\/person\\\/5c39170f12db1b8b457732d0b5c854e2\"},\"breadcrumb\":{\"@id\":\"https:\\\/\\\/dmcsrb.com\\\/kultura\\\/ministarka-kulture-i-medija-u-zvanicnoj-posjeti-sjevernoj-makedoniji\\\/#breadcrumb\"},\"inLanguage\":\"en-GB\",\"potentialAction\":[{\"@type\":\"ReadAction\",\"target\":[\"https:\\\/\\\/dmcsrb.com\\\/kultura\\\/ministarka-kulture-i-medija-u-zvanicnoj-posjeti-sjevernoj-makedoniji\\\/\"]}]},{\"@type\":\"ImageObject\",\"inLanguage\":\"en-GB\",\"@id\":\"https:\\\/\\\/dmcsrb.com\\\/kultura\\\/ministarka-kulture-i-medija-u-zvanicnoj-posjeti-sjevernoj-makedoniji\\\/#primaryimage\",\"url\":\"https:\\\/\\\/dmcsrb.com\\\/wp-content\\\/uploads\\\/2026\\\/01\\\/Tamara-Vujovic-ministarka-foto-pr-centar.jpg\",\"contentUrl\":\"https:\\\/\\\/dmcsrb.com\\\/wp-content\\\/uploads\\\/2026\\\/01\\\/Tamara-Vujovic-ministarka-foto-pr-centar.jpg\",\"width\":1041,\"height\":618},{\"@type\":\"BreadcrumbList\",\"@id\":\"https:\\\/\\\/dmcsrb.com\\\/kultura\\\/ministarka-kulture-i-medija-u-zvanicnoj-posjeti-sjevernoj-makedoniji\\\/#breadcrumb\",\"itemListElement\":[{\"@type\":\"ListItem\",\"position\":1,\"name\":\"Home\",\"item\":\"https:\\\/\\\/dmcsrb.com\\\/\"},{\"@type\":\"ListItem\",\"position\":2,\"name\":\"Ministarka kulture i medija u zvani\u010dnoj posjeti Sjevernoj Makedoniji\"}]},{\"@type\":\"WebSite\",\"@id\":\"https:\\\/\\\/dmcsrb.com\\\/#website\",\"url\":\"https:\\\/\\\/dmcsrb.com\\\/\",\"name\":\"dmcsrb.com\",\"description\":\"\",\"potentialAction\":[{\"@type\":\"SearchAction\",\"target\":{\"@type\":\"EntryPoint\",\"urlTemplate\":\"https:\\\/\\\/dmcsrb.com\\\/?s={search_term_string}\"},\"query-input\":{\"@type\":\"PropertyValueSpecification\",\"valueRequired\":true,\"valueName\":\"search_term_string\"}}],\"inLanguage\":\"en-GB\"},{\"@type\":\"Person\",\"@id\":\"https:\\\/\\\/dmcsrb.com\\\/#\\\/schema\\\/person\\\/5c39170f12db1b8b457732d0b5c854e2\",\"name\":\"dmcsrbija.com@gmail.com\",\"image\":{\"@type\":\"ImageObject\",\"inLanguage\":\"en-GB\",\"@id\":\"https:\\\/\\\/secure.gravatar.com\\\/avatar\\\/68592660ad6347fad0fb587f8d5d8f1a7b44961362f56e4f2cd524feb87e9069?s=96&d=mm&r=g\",\"url\":\"https:\\\/\\\/secure.gravatar.com\\\/avatar\\\/68592660ad6347fad0fb587f8d5d8f1a7b44961362f56e4f2cd524feb87e9069?s=96&d=mm&r=g\",\"contentUrl\":\"https:\\\/\\\/secure.gravatar.com\\\/avatar\\\/68592660ad6347fad0fb587f8d5d8f1a7b44961362f56e4f2cd524feb87e9069?s=96&d=mm&r=g\",\"caption\":\"dmcsrbija.com@gmail.com\"},\"sameAs\":[\"https:\\\/\\\/dmcsrb.com\"],\"url\":\"https:\\\/\\\/dmcsrb.com\\\/en\\\/author\\\/dmcsrbija-comgmail-com\\\/\"}]}<\/script>\n<!-- \/ Yoast SEO plugin. -->","yoast_head_json":{"title":"Ministarka kulture i medija u zvani\u010dnoj posjeti Sjevernoj Makedoniji - dmcsrb.com","robots":{"index":"index","follow":"follow","max-snippet":"max-snippet:-1","max-image-preview":"max-image-preview:large","max-video-preview":"max-video-preview:-1"},"canonical":"https:\/\/dmcsrb.com\/en\/kultura\/ministarka-kulture-i-medija-u-zvanicnoj-posjeti-sjevernoj-makedoniji\/","og_locale":"en_GB","og_type":"article","og_title":"Ministarka kulture i medija u zvani\u010dnoj posjeti Sjevernoj Makedoniji - dmcsrb.com","og_description":"U\u010destvuje na godi\u0161njem zasjedanju Savjeta ministara kulture Jugoisto\u010dne Evrope (CoMoCoSEE) u Ohridu.","og_url":"https:\/\/dmcsrb.com\/en\/kultura\/ministarka-kulture-i-medija-u-zvanicnoj-posjeti-sjevernoj-makedoniji\/","og_site_name":"dmcsrb.com","article_published_time":"2025-12-11T18:15:00+00:00","og_image":[{"width":1041,"height":618,"url":"https:\/\/dmcsrb.com\/wp-content\/uploads\/2026\/01\/Tamara-Vujovic-ministarka-foto-pr-centar.jpg","type":"image\/jpeg"}],"author":"dmcsrbija.com@gmail.com","twitter_card":"summary_large_image","twitter_misc":{"Written by":"dmcsrbija.com@gmail.com","Estimated reading time":"1 minute"},"schema":{"@context":"https:\/\/schema.org","@graph":[{"@type":"Article","@id":"https:\/\/dmcsrb.com\/kultura\/ministarka-kulture-i-medija-u-zvanicnoj-posjeti-sjevernoj-makedoniji\/#article","isPartOf":{"@id":"https:\/\/dmcsrb.com\/kultura\/ministarka-kulture-i-medija-u-zvanicnoj-posjeti-sjevernoj-makedoniji\/"},"author":{"name":"dmcsrbija.com@gmail.com","@id":"https:\/\/dmcsrb.com\/#\/schema\/person\/5c39170f12db1b8b457732d0b5c854e2"},"headline":"Ministarka kulture i medija u zvani\u010dnoj posjeti Sjevernoj Makedoniji","datePublished":"2025-12-11T18:15:00+00:00","mainEntityOfPage":{"@id":"https:\/\/dmcsrb.com\/kultura\/ministarka-kulture-i-medija-u-zvanicnoj-posjeti-sjevernoj-makedoniji\/"},"wordCount":190,"commentCount":0,"image":{"@id":"https:\/\/dmcsrb.com\/kultura\/ministarka-kulture-i-medija-u-zvanicnoj-posjeti-sjevernoj-makedoniji\/#primaryimage"},"thumbnailUrl":"https:\/\/dmcsrb.com\/wp-content\/uploads\/2026\/01\/Tamara-Vujovic-ministarka-foto-pr-centar.jpg","keywords":["CoMoCoSEE","Sjeverna Makedonija","Tamara Vujovi\u0107"],"articleSection":["Kultura"],"inLanguage":"en-GB","potentialAction":[{"@type":"CommentAction","name":"Comment","target":["https:\/\/dmcsrb.com\/kultura\/ministarka-kulture-i-medija-u-zvanicnoj-posjeti-sjevernoj-makedoniji\/#respond"]}]},{"@type":"WebPage","@id":"https:\/\/dmcsrb.com\/kultura\/ministarka-kulture-i-medija-u-zvanicnoj-posjeti-sjevernoj-makedoniji\/","url":"https:\/\/dmcsrb.com\/kultura\/ministarka-kulture-i-medija-u-zvanicnoj-posjeti-sjevernoj-makedoniji\/","name":"Ministarka kulture i medija u zvani\u010dnoj posjeti Sjevernoj Makedoniji - dmcsrb.com","isPartOf":{"@id":"https:\/\/dmcsrb.com\/#website"},"primaryImageOfPage":{"@id":"https:\/\/dmcsrb.com\/kultura\/ministarka-kulture-i-medija-u-zvanicnoj-posjeti-sjevernoj-makedoniji\/#primaryimage"},"image":{"@id":"https:\/\/dmcsrb.com\/kultura\/ministarka-kulture-i-medija-u-zvanicnoj-posjeti-sjevernoj-makedoniji\/#primaryimage"},"thumbnailUrl":"https:\/\/dmcsrb.com\/wp-content\/uploads\/2026\/01\/Tamara-Vujovic-ministarka-foto-pr-centar.jpg","datePublished":"2025-12-11T18:15:00+00:00","author":{"@id":"https:\/\/dmcsrb.com\/#\/schema\/person\/5c39170f12db1b8b457732d0b5c854e2"},"breadcrumb":{"@id":"https:\/\/dmcsrb.com\/kultura\/ministarka-kulture-i-medija-u-zvanicnoj-posjeti-sjevernoj-makedoniji\/#breadcrumb"},"inLanguage":"en-GB","potentialAction":[{"@type":"ReadAction","target":["https:\/\/dmcsrb.com\/kultura\/ministarka-kulture-i-medija-u-zvanicnoj-posjeti-sjevernoj-makedoniji\/"]}]},{"@type":"ImageObject","inLanguage":"en-GB","@id":"https:\/\/dmcsrb.com\/kultura\/ministarka-kulture-i-medija-u-zvanicnoj-posjeti-sjevernoj-makedoniji\/#primaryimage","url":"https:\/\/dmcsrb.com\/wp-content\/uploads\/2026\/01\/Tamara-Vujovic-ministarka-foto-pr-centar.jpg","contentUrl":"https:\/\/dmcsrb.com\/wp-content\/uploads\/2026\/01\/Tamara-Vujovic-ministarka-foto-pr-centar.jpg","width":1041,"height":618},{"@type":"BreadcrumbList","@id":"https:\/\/dmcsrb.com\/kultura\/ministarka-kulture-i-medija-u-zvanicnoj-posjeti-sjevernoj-makedoniji\/#breadcrumb","itemListElement":[{"@type":"ListItem","position":1,"name":"Home","item":"https:\/\/dmcsrb.com\/"},{"@type":"ListItem","position":2,"name":"Ministarka kulture i medija u zvani\u010dnoj posjeti Sjevernoj Makedoniji"}]},{"@type":"WebSite","@id":"https:\/\/dmcsrb.com\/#website","url":"https:\/\/dmcsrb.com\/","name":"dmcsrb.com","description":"","potentialAction":[{"@type":"SearchAction","target":{"@type":"EntryPoint","urlTemplate":"https:\/\/dmcsrb.com\/?s={search_term_string}"},"query-input":{"@type":"PropertyValueSpecification","valueRequired":true,"valueName":"search_term_string"}}],"inLanguage":"en-GB"},{"@type":"Person","@id":"https:\/\/dmcsrb.com\/#\/schema\/person\/5c39170f12db1b8b457732d0b5c854e2","name":"dmcsrbija.com@gmail.com","image":{"@type":"ImageObject","inLanguage":"en-GB","@id":"https:\/\/secure.gravatar.com\/avatar\/68592660ad6347fad0fb587f8d5d8f1a7b44961362f56e4f2cd524feb87e9069?s=96&d=mm&r=g","url":"https:\/\/secure.gravatar.com\/avatar\/68592660ad6347fad0fb587f8d5d8f1a7b44961362f56e4f2cd524feb87e9069?s=96&d=mm&r=g","contentUrl":"https:\/\/secure.gravatar.com\/avatar\/68592660ad6347fad0fb587f8d5d8f1a7b44961362f56e4f2cd524feb87e9069?s=96&d=mm&r=g","caption":"dmcsrbija.com@gmail.com"},"sameAs":["https:\/\/dmcsrb.com"],"url":"https:\/\/dmcsrb.com\/en\/author\/dmcsrbija-comgmail-com\/"}]}},"_links":{"self":[{"href":"https:\/\/dmcsrb.com\/en\/wp-json\/wp\/v2\/posts\/912703","targetHints":{"allow":["GET"]}}],"collection":[{"href":"https:\/\/dmcsrb.com\/en\/wp-json\/wp\/v2\/posts"}],"about":[{"href":"https:\/\/dmcsrb.com\/en\/wp-json\/wp\/v2\/types\/post"}],"author":[{"embeddable":true,"href":"https:\/\/dmcsrb.com\/en\/wp-json\/wp\/v2\/users\/1"}],"replies":[{"embeddable":true,"href":"https:\/\/dmcsrb.com\/en\/wp-json\/wp\/v2\/comments?post=912703"}],"version-history":[{"count":0,"href":"https:\/\/dmcsrb.com\/en\/wp-json\/wp\/v2\/posts\/912703\/revisions"}],"wp:featuredmedia":[{"embeddable":true,"href":"https:\/\/dmcsrb.com\/en\/wp-json\/wp\/v2\/media\/912704"}],"wp:attachment":[{"href":"https:\/\/dmcsrb.com\/en\/wp-json\/wp\/v2\/media?parent=912703"}],"wp:term":[{"taxonomy":"category","embeddable":true,"href":"https:\/\/dmcsrb.com\/en\/wp-json\/wp\/v2\/categories?post=912703"},{"taxonomy":"post_tag","embeddable":true,"href":"https:\/\/dmcsrb.com\/en\/wp-json\/wp\/v2\/tags?post=912703"},{"taxonomy":"naslovna","embeddable":true,"href":"https:\/\/dmcsrb.com\/en\/wp-json\/wp\/v2\/naslovna?post=912703"}],"curies":[{"name":"wp","href":"https:\/\/api.w.org\/{rel}","templated":true}]}}