{"id":912692,"date":"2025-12-11T17:50:00","date_gmt":"2025-12-11T16:50:00","guid":{"rendered":"https:\/\/dmcsrb.com\/uncategorized\/blistali-raicevic-i-roganovic\/"},"modified":"2025-12-11T17:50:00","modified_gmt":"2025-12-11T16:50:00","slug":"blistali-raicevic-i-roganovic","status":"publish","type":"post","link":"https:\/\/dmcsrb.com\/en\/sport\/blistali-raicevic-i-roganovic\/","title":{"rendered":"Blistali Rai\u010devi\u0107 i Roganovi\u0107"},"content":{"rendered":"<p>Sjajno izdanje u kategoriji do 50 kilograma Nikola Rai\u010devi\u0107, koji je pru\u017eio vrhunsku partiju i ostvario sjajnu pobjedu nad doma\u0107im reprezentativcem, Njemcem Davidom Khaledom. Rai\u010devi\u0107 je od prve do posljednje sekunde nametnuo ritam, kontrolisao distancu i takti\u010dki odradio me\u010d na zavidnom nivou, ostavljaju\u0107i Njemca bez rje\u0161enja, pa je jednoglasna odluka sudija bio o\u010dekivani ishod. U osmini finala \u010deka ga u subotu duel sa Grkom Dimostenisom Zikosom, koji je u \u0161esnestini finala eliminisao Italijana Brajana Lo Pikola. Borba sa Grkom predstavlja\u0107e za Rai\u010devi\u0107a novi veliki izazov, ali i<br>priliku da nastavi pobjedni\u010dki niz. <\/p>\n\n\n\n<p>Pravi spektakl priredio je Matija Roganovi\u0107, koji je u kategoriji do 80 kilograma u potpunosti demolirao Albanca Rezarta Muhu. Roganovi\u0107 je dominirao od samog starta, a borba je prekinuta u drugoj rundi nakon \u010dak tri brojanja, \u0161to je potvrdilo njegovu nadmo\u0107 i fizi\u010dku spremu. Na putu do \u010detvrtfinala u subotu \u0107e mu rival biti Izraelac George Araf, koji je u \u0161esnaestini eliminisao Hrvata Jakova Nemeta. <\/p>\n\n\n\n<p>Na\u017ealost, u kategoriji do 48 kilograma, Luka Ota\u0161evi\u0107 nije uspio da napravi iznena\u0111enje protiv talentovanog Engleza Vilijama Saundersa. Ota\u0161evi\u0107 tokom cijelog me\u010da nije mogao da skrati distancu i do\u0111e do svoje idealne pozicije za napad. Visoki i pokretljivi Saunders uspje\u0161no je koristio prednost u du\u017eini ruku, odr\u017eavaju\u0107i Luku na odstojanju i kontroli\u0161u\u0107i tok borbe do kraja. <\/p>\n\n\n\n<p>Selektor reprezentacije, Nikola Ru\u017ei\u0107, nije krio zadovoljstvo nakon uvodnog dana takmi\u010denja. <\/p>\n\n\n\n<p>-Zadovoljan sam prvim danom. Momci su pokazali borbenost, taktiku i hladnu glavu. Ovo je odli\u010dan po\u010detak i podstrek za nastavak \u0161ampionata. Prvog dana smo upisali dva trijumfa i jedan poraz, \u0161to je potvrda da su na\u0161i bokseri stigli u<br>Njema\u010dku spremni, motivisani i odlu\u010dni da ostave dubok trag na ovogodi\u0161njem Evropskom prvenstvu, rekao je Nikola Ru\u017ei\u0107. <\/p>\n\n\n\n<p>\u010cetvrti crnogorski predstavnik na Evropskom prvenstvu u Njema\u010dkoj Strahinja Mrdak \u0107e sjutra u ring u \u0161estaestini finala kategorije do 52 kilograma, u kojoj \u0107e mu rival biti njema\u010dki bokser Ahmed Sarmaut.<\/p>","protected":false},"excerpt":{"rendered":"<p>Crnogorski bokseri odli\u010dno su otvorili nastup na Evropskom prvenstvu za juniore u Njema\u010dkoj, upisav\u0161i prvog takmi\u010darskog dan dvije ubjedljive pobjede i jedan poraz.<\/p>","protected":false},"author":1,"featured_media":912693,"comment_status":"open","ping_status":"open","sticky":false,"template":"","format":"standard","meta":{"_acf_changed":false,"footnotes":""},"categories":[148],"tags":[1042,1043,2413,2414,2415,1046],"naslovna":[],"class_list":["post-912692","post","type-post","status-publish","format-standard","has-post-thumbnail","hentry","category-sport","tag-boks","tag-bscg","tag-evropsko-prvenstvo-za-juniore-u-boksu","tag-matija-roganovic","tag-nikola-raicevic","tag-nikola-ruzic"],"acf":[],"yoast_head":"<!-- This site is optimized with the Yoast SEO plugin v27.0 - https:\/\/yoast.com\/product\/yoast-seo-wordpress\/ -->\n<title>Blistali Rai\u010devi\u0107 i Roganovi\u0107 - dmcsrb.com<\/title>\n<meta name=\"robots\" content=\"index, follow, max-snippet:-1, max-image-preview:large, max-video-preview:-1\" \/>\n<link rel=\"canonical\" href=\"https:\/\/dmcsrb.com\/en\/sport\/blistali-raicevic-i-roganovic\/\" \/>\n<meta property=\"og:locale\" content=\"en_GB\" \/>\n<meta property=\"og:type\" content=\"article\" \/>\n<meta property=\"og:title\" content=\"Blistali Rai\u010devi\u0107 i Roganovi\u0107 - dmcsrb.com\" \/>\n<meta property=\"og:description\" content=\"Crnogorski bokseri odli\u010dno su otvorili nastup na Evropskom prvenstvu za juniore u Njema\u010dkoj, upisav\u0161i prvog takmi\u010darskog dan dvije ubjedljive pobjede i jedan poraz.\" \/>\n<meta property=\"og:url\" content=\"https:\/\/dmcsrb.com\/en\/sport\/blistali-raicevic-i-roganovic\/\" \/>\n<meta property=\"og:site_name\" content=\"dmcsrb.com\" \/>\n<meta property=\"article:published_time\" content=\"2025-12-11T16:50:00+00:00\" \/>\n<meta property=\"og:image\" content=\"https:\/\/dmcsrb.com\/wp-content\/uploads\/2026\/01\/Roganovic-sa-Strucnim-stabom.jpg\" \/>\n\t<meta property=\"og:image:width\" content=\"1200\" \/>\n\t<meta property=\"og:image:height\" content=\"1600\" \/>\n\t<meta property=\"og:image:type\" content=\"image\/jpeg\" \/>\n<meta name=\"author\" content=\"dmcsrbija.com@gmail.com\" \/>\n<meta name=\"twitter:card\" content=\"summary_large_image\" \/>\n<meta name=\"twitter:label1\" content=\"Written by\" \/>\n\t<meta name=\"twitter:data1\" content=\"dmcsrbija.com@gmail.com\" \/>\n\t<meta name=\"twitter:label2\" content=\"Estimated reading time\" \/>\n\t<meta name=\"twitter:data2\" content=\"2 minutes\" \/>\n<script type=\"application\/ld+json\" class=\"yoast-schema-graph\">{\"@context\":\"https:\/\/schema.org\",\"@graph\":[{\"@type\":\"Article\",\"@id\":\"https:\/\/dmcsrb.com\/sport\/blistali-raicevic-i-roganovic\/#article\",\"isPartOf\":{\"@id\":\"https:\/\/dmcsrb.com\/sport\/blistali-raicevic-i-roganovic\/\"},\"author\":{\"name\":\"dmcsrbija.com@gmail.com\",\"@id\":\"https:\/\/dmcsrb.com\/#\/schema\/person\/5c39170f12db1b8b457732d0b5c854e2\"},\"headline\":\"Blistali Rai\u010devi\u0107 i Roganovi\u0107\",\"datePublished\":\"2025-12-11T16:50:00+00:00\",\"mainEntityOfPage\":{\"@id\":\"https:\/\/dmcsrb.com\/sport\/blistali-raicevic-i-roganovic\/\"},\"wordCount\":346,\"commentCount\":0,\"image\":{\"@id\":\"https:\/\/dmcsrb.com\/sport\/blistali-raicevic-i-roganovic\/#primaryimage\"},\"thumbnailUrl\":\"https:\/\/dmcsrb.com\/wp-content\/uploads\/2026\/01\/Roganovic-sa-Strucnim-stabom.jpg\",\"keywords\":[\"Boks\",\"BSCG\",\"Evropsko prvenstvo za juniore u boksu\",\"Matija Roganovi\u0107\",\"Nikola Rai\u010devi\u0107\",\"Nikola Ru\u017ei\u0107\"],\"articleSection\":[\"Sport\"],\"inLanguage\":\"en-GB\",\"potentialAction\":[{\"@type\":\"CommentAction\",\"name\":\"Comment\",\"target\":[\"https:\/\/dmcsrb.com\/sport\/blistali-raicevic-i-roganovic\/#respond\"]}]},{\"@type\":\"WebPage\",\"@id\":\"https:\/\/dmcsrb.com\/sport\/blistali-raicevic-i-roganovic\/\",\"url\":\"https:\/\/dmcsrb.com\/sport\/blistali-raicevic-i-roganovic\/\",\"name\":\"Blistali Rai\u010devi\u0107 i Roganovi\u0107 - dmcsrb.com\",\"isPartOf\":{\"@id\":\"https:\/\/dmcsrb.com\/#website\"},\"primaryImageOfPage\":{\"@id\":\"https:\/\/dmcsrb.com\/sport\/blistali-raicevic-i-roganovic\/#primaryimage\"},\"image\":{\"@id\":\"https:\/\/dmcsrb.com\/sport\/blistali-raicevic-i-roganovic\/#primaryimage\"},\"thumbnailUrl\":\"https:\/\/dmcsrb.com\/wp-content\/uploads\/2026\/01\/Roganovic-sa-Strucnim-stabom.jpg\",\"datePublished\":\"2025-12-11T16:50:00+00:00\",\"author\":{\"@id\":\"https:\/\/dmcsrb.com\/#\/schema\/person\/5c39170f12db1b8b457732d0b5c854e2\"},\"breadcrumb\":{\"@id\":\"https:\/\/dmcsrb.com\/sport\/blistali-raicevic-i-roganovic\/#breadcrumb\"},\"inLanguage\":\"en-GB\",\"potentialAction\":[{\"@type\":\"ReadAction\",\"target\":[\"https:\/\/dmcsrb.com\/sport\/blistali-raicevic-i-roganovic\/\"]}]},{\"@type\":\"ImageObject\",\"inLanguage\":\"en-GB\",\"@id\":\"https:\/\/dmcsrb.com\/sport\/blistali-raicevic-i-roganovic\/#primaryimage\",\"url\":\"https:\/\/dmcsrb.com\/wp-content\/uploads\/2026\/01\/Roganovic-sa-Strucnim-stabom.jpg\",\"contentUrl\":\"https:\/\/dmcsrb.com\/wp-content\/uploads\/2026\/01\/Roganovic-sa-Strucnim-stabom.jpg\",\"width\":1200,\"height\":1600},{\"@type\":\"BreadcrumbList\",\"@id\":\"https:\/\/dmcsrb.com\/sport\/blistali-raicevic-i-roganovic\/#breadcrumb\",\"itemListElement\":[{\"@type\":\"ListItem\",\"position\":1,\"name\":\"Home\",\"item\":\"https:\/\/dmcsrb.com\/\"},{\"@type\":\"ListItem\",\"position\":2,\"name\":\"Blistali Rai\u010devi\u0107 i Roganovi\u0107\"}]},{\"@type\":\"WebSite\",\"@id\":\"https:\/\/dmcsrb.com\/#website\",\"url\":\"https:\/\/dmcsrb.com\/\",\"name\":\"dmcsrb.com\",\"description\":\"\",\"potentialAction\":[{\"@type\":\"SearchAction\",\"target\":{\"@type\":\"EntryPoint\",\"urlTemplate\":\"https:\/\/dmcsrb.com\/?s={search_term_string}\"},\"query-input\":{\"@type\":\"PropertyValueSpecification\",\"valueRequired\":true,\"valueName\":\"search_term_string\"}}],\"inLanguage\":\"en-GB\"},{\"@type\":\"Person\",\"@id\":\"https:\/\/dmcsrb.com\/#\/schema\/person\/5c39170f12db1b8b457732d0b5c854e2\",\"name\":\"dmcsrbija.com@gmail.com\",\"image\":{\"@type\":\"ImageObject\",\"inLanguage\":\"en-GB\",\"@id\":\"https:\/\/dmcsrb.com\/#\/schema\/person\/image\/\",\"url\":\"https:\/\/secure.gravatar.com\/avatar\/68592660ad6347fad0fb587f8d5d8f1a7b44961362f56e4f2cd524feb87e9069?s=96&d=mm&r=g\",\"contentUrl\":\"https:\/\/secure.gravatar.com\/avatar\/68592660ad6347fad0fb587f8d5d8f1a7b44961362f56e4f2cd524feb87e9069?s=96&d=mm&r=g\",\"caption\":\"dmcsrbija.com@gmail.com\"},\"sameAs\":[\"https:\/\/dmcsrb.com\"],\"url\":\"https:\/\/dmcsrb.com\/en\/author\/dmcsrbija-comgmail-com\/\"}]}<\/script>\n<!-- \/ Yoast SEO plugin. -->","yoast_head_json":{"title":"Blistali Rai\u010devi\u0107 i Roganovi\u0107 - dmcsrb.com","robots":{"index":"index","follow":"follow","max-snippet":"max-snippet:-1","max-image-preview":"max-image-preview:large","max-video-preview":"max-video-preview:-1"},"canonical":"https:\/\/dmcsrb.com\/en\/sport\/blistali-raicevic-i-roganovic\/","og_locale":"en_GB","og_type":"article","og_title":"Blistali Rai\u010devi\u0107 i Roganovi\u0107 - dmcsrb.com","og_description":"Crnogorski bokseri odli\u010dno su otvorili nastup na Evropskom prvenstvu za juniore u Njema\u010dkoj, upisav\u0161i prvog takmi\u010darskog dan dvije ubjedljive pobjede i jedan poraz.","og_url":"https:\/\/dmcsrb.com\/en\/sport\/blistali-raicevic-i-roganovic\/","og_site_name":"dmcsrb.com","article_published_time":"2025-12-11T16:50:00+00:00","og_image":[{"width":1200,"height":1600,"url":"https:\/\/dmcsrb.com\/wp-content\/uploads\/2026\/01\/Roganovic-sa-Strucnim-stabom.jpg","type":"image\/jpeg"}],"author":"dmcsrbija.com@gmail.com","twitter_card":"summary_large_image","twitter_misc":{"Written by":"dmcsrbija.com@gmail.com","Estimated reading time":"2 minutes"},"schema":{"@context":"https:\/\/schema.org","@graph":[{"@type":"Article","@id":"https:\/\/dmcsrb.com\/sport\/blistali-raicevic-i-roganovic\/#article","isPartOf":{"@id":"https:\/\/dmcsrb.com\/sport\/blistali-raicevic-i-roganovic\/"},"author":{"name":"dmcsrbija.com@gmail.com","@id":"https:\/\/dmcsrb.com\/#\/schema\/person\/5c39170f12db1b8b457732d0b5c854e2"},"headline":"Blistali Rai\u010devi\u0107 i Roganovi\u0107","datePublished":"2025-12-11T16:50:00+00:00","mainEntityOfPage":{"@id":"https:\/\/dmcsrb.com\/sport\/blistali-raicevic-i-roganovic\/"},"wordCount":346,"commentCount":0,"image":{"@id":"https:\/\/dmcsrb.com\/sport\/blistali-raicevic-i-roganovic\/#primaryimage"},"thumbnailUrl":"https:\/\/dmcsrb.com\/wp-content\/uploads\/2026\/01\/Roganovic-sa-Strucnim-stabom.jpg","keywords":["Boks","BSCG","Evropsko prvenstvo za juniore u boksu","Matija Roganovi\u0107","Nikola Rai\u010devi\u0107","Nikola Ru\u017ei\u0107"],"articleSection":["Sport"],"inLanguage":"en-GB","potentialAction":[{"@type":"CommentAction","name":"Comment","target":["https:\/\/dmcsrb.com\/sport\/blistali-raicevic-i-roganovic\/#respond"]}]},{"@type":"WebPage","@id":"https:\/\/dmcsrb.com\/sport\/blistali-raicevic-i-roganovic\/","url":"https:\/\/dmcsrb.com\/sport\/blistali-raicevic-i-roganovic\/","name":"Blistali Rai\u010devi\u0107 i Roganovi\u0107 - dmcsrb.com","isPartOf":{"@id":"https:\/\/dmcsrb.com\/#website"},"primaryImageOfPage":{"@id":"https:\/\/dmcsrb.com\/sport\/blistali-raicevic-i-roganovic\/#primaryimage"},"image":{"@id":"https:\/\/dmcsrb.com\/sport\/blistali-raicevic-i-roganovic\/#primaryimage"},"thumbnailUrl":"https:\/\/dmcsrb.com\/wp-content\/uploads\/2026\/01\/Roganovic-sa-Strucnim-stabom.jpg","datePublished":"2025-12-11T16:50:00+00:00","author":{"@id":"https:\/\/dmcsrb.com\/#\/schema\/person\/5c39170f12db1b8b457732d0b5c854e2"},"breadcrumb":{"@id":"https:\/\/dmcsrb.com\/sport\/blistali-raicevic-i-roganovic\/#breadcrumb"},"inLanguage":"en-GB","potentialAction":[{"@type":"ReadAction","target":["https:\/\/dmcsrb.com\/sport\/blistali-raicevic-i-roganovic\/"]}]},{"@type":"ImageObject","inLanguage":"en-GB","@id":"https:\/\/dmcsrb.com\/sport\/blistali-raicevic-i-roganovic\/#primaryimage","url":"https:\/\/dmcsrb.com\/wp-content\/uploads\/2026\/01\/Roganovic-sa-Strucnim-stabom.jpg","contentUrl":"https:\/\/dmcsrb.com\/wp-content\/uploads\/2026\/01\/Roganovic-sa-Strucnim-stabom.jpg","width":1200,"height":1600},{"@type":"BreadcrumbList","@id":"https:\/\/dmcsrb.com\/sport\/blistali-raicevic-i-roganovic\/#breadcrumb","itemListElement":[{"@type":"ListItem","position":1,"name":"Home","item":"https:\/\/dmcsrb.com\/"},{"@type":"ListItem","position":2,"name":"Blistali Rai\u010devi\u0107 i Roganovi\u0107"}]},{"@type":"WebSite","@id":"https:\/\/dmcsrb.com\/#website","url":"https:\/\/dmcsrb.com\/","name":"dmcsrb.com","description":"","potentialAction":[{"@type":"SearchAction","target":{"@type":"EntryPoint","urlTemplate":"https:\/\/dmcsrb.com\/?s={search_term_string}"},"query-input":{"@type":"PropertyValueSpecification","valueRequired":true,"valueName":"search_term_string"}}],"inLanguage":"en-GB"},{"@type":"Person","@id":"https:\/\/dmcsrb.com\/#\/schema\/person\/5c39170f12db1b8b457732d0b5c854e2","name":"dmcsrbija.com@gmail.com","image":{"@type":"ImageObject","inLanguage":"en-GB","@id":"https:\/\/dmcsrb.com\/#\/schema\/person\/image\/","url":"https:\/\/secure.gravatar.com\/avatar\/68592660ad6347fad0fb587f8d5d8f1a7b44961362f56e4f2cd524feb87e9069?s=96&d=mm&r=g","contentUrl":"https:\/\/secure.gravatar.com\/avatar\/68592660ad6347fad0fb587f8d5d8f1a7b44961362f56e4f2cd524feb87e9069?s=96&d=mm&r=g","caption":"dmcsrbija.com@gmail.com"},"sameAs":["https:\/\/dmcsrb.com"],"url":"https:\/\/dmcsrb.com\/en\/author\/dmcsrbija-comgmail-com\/"}]}},"_links":{"self":[{"href":"https:\/\/dmcsrb.com\/en\/wp-json\/wp\/v2\/posts\/912692","targetHints":{"allow":["GET"]}}],"collection":[{"href":"https:\/\/dmcsrb.com\/en\/wp-json\/wp\/v2\/posts"}],"about":[{"href":"https:\/\/dmcsrb.com\/en\/wp-json\/wp\/v2\/types\/post"}],"author":[{"embeddable":true,"href":"https:\/\/dmcsrb.com\/en\/wp-json\/wp\/v2\/users\/1"}],"replies":[{"embeddable":true,"href":"https:\/\/dmcsrb.com\/en\/wp-json\/wp\/v2\/comments?post=912692"}],"version-history":[{"count":0,"href":"https:\/\/dmcsrb.com\/en\/wp-json\/wp\/v2\/posts\/912692\/revisions"}],"wp:featuredmedia":[{"embeddable":true,"href":"https:\/\/dmcsrb.com\/en\/wp-json\/wp\/v2\/media\/912693"}],"wp:attachment":[{"href":"https:\/\/dmcsrb.com\/en\/wp-json\/wp\/v2\/media?parent=912692"}],"wp:term":[{"taxonomy":"category","embeddable":true,"href":"https:\/\/dmcsrb.com\/en\/wp-json\/wp\/v2\/categories?post=912692"},{"taxonomy":"post_tag","embeddable":true,"href":"https:\/\/dmcsrb.com\/en\/wp-json\/wp\/v2\/tags?post=912692"},{"taxonomy":"naslovna","embeddable":true,"href":"https:\/\/dmcsrb.com\/en\/wp-json\/wp\/v2\/naslovna?post=912692"}],"curies":[{"name":"wp","href":"https:\/\/api.w.org\/{rel}","templated":true}]}}