{"id":912690,"date":"2025-12-11T19:58:00","date_gmt":"2025-12-11T18:58:00","guid":{"rendered":"https:\/\/dmcsrb.com\/uncategorized\/terzic-budva-moze-podgorica-nece\/"},"modified":"2025-12-11T19:58:00","modified_gmt":"2025-12-11T18:58:00","slug":"terzic-budva-moze-podgorica-nece","status":"publish","type":"post","link":"https:\/\/dmcsrb.com\/en\/politika\/terzic-budva-moze-podgorica-nece\/","title":{"rendered":"Terzi\u0107: Budva mo\u017ee, Podgorica ne\u0107e"},"content":{"rendered":"<p>&#8220;Budva mo\u017ee, Podgorica ne\u0107e. Neko tu ili ne zna da upravlja ili ne \u017eeli. Da li je gradona\u010delnik odlu\u010dio da \u201cdisciplinuje\u201d zaposlene Glavnog grada ili se odluke kroje prema politi\u010dkom ukusu ve\u0107ine protiv neistomi\u0161ljenika? U oba slu\u010daja, ra\u010dun pla\u0107aju gra\u0111ani i radnici. Vrijeme je za odgovore, a ne izgovore. Politika ili Ljudi?&#8221;, stoji u objavi Terzi\u0107a.<\/p>\n\n\n\n<figure class=\"wp-block-embed is-type-rich is-provider-twitter wp-block-embed-twitter\"><div class=\"wp-block-embed__wrapper\">\n<blockquote class=\"twitter-tweet\" data-width=\"500\" data-dnt=\"true\"><p lang=\"und\" dir=\"ltr\">Glavni grad sa vi\u0161e nego duplo ve\u0107im bud\u017eetom od Budve ne mo\u017ee da isplati ni 500 \u20ac zimnice zaposlenima. <br>Budva mo\u017ee, Podgorica ne\u0107e.<br>Neko tu ili ne zna da upravlja ili ne \u017eeli.<br><br>Da li je gradona\u010delnik odlu\u010dio da \u201cdisciplinuje\u201d zaposlene Glavnog grada ili se odluke kroje prema\u2026 <a href=\"https:\/\/t.co\/9OcIhC1rNi\">https:\/\/t.co\/9OcIhC1rNi<\/a> <a href=\"https:\/\/t.co\/lPKs3lzG8C\">pic.twitter.com\/lPKs3lzG8C<\/a><\/p>&mdash; Filip Terzi\u0107 (@f_terzic) <a href=\"https:\/\/twitter.com\/f_terzic\/status\/1999167992538505573?ref_src=twsrc%5Etfw\">December 11, 2025<\/a><\/blockquote><script async src=\"https:\/\/platform.twitter.com\/widgets.js\" charset=\"utf-8\"><\/script>\n<\/div><\/figure>","protected":false},"excerpt":{"rendered":"<p>Predsjednik Savjeta mladih DPS Crne Gore i odbornika DPS-a u Skup\u0161tini Glavnog grada\u00a0Filip Terzi\u0107, kazao je na dru\u0161tvenoj mre\u017ei X da Glavni grad sa vi\u0161e nego duplo ve\u0107im bud\u017eetom od Budve ne mo\u017ee da isplati ni 500 eura zimnice zaposlenima.<\/p>","protected":false},"author":1,"featured_media":912691,"comment_status":"open","ping_status":"open","sticky":false,"template":"","format":"standard","meta":{"_acf_changed":false,"footnotes":""},"categories":[12],"tags":[63,2412],"naslovna":[],"class_list":["post-912690","post","type-post","status-publish","format-standard","has-post-thumbnail","hentry","category-politika","tag-dps","tag-filip-terzic"],"acf":[],"yoast_head":"<!-- This site is optimized with the Yoast SEO plugin v27.4 - https:\/\/yoast.com\/product\/yoast-seo-wordpress\/ -->\n<title>Terzi\u0107: Budva mo\u017ee, Podgorica ne\u0107e - dmcsrb.com<\/title>\n<meta name=\"robots\" content=\"index, follow, max-snippet:-1, max-image-preview:large, max-video-preview:-1\" \/>\n<link rel=\"canonical\" href=\"https:\/\/dmcsrb.com\/en\/politika\/terzic-budva-moze-podgorica-nece\/\" \/>\n<meta property=\"og:locale\" content=\"en_GB\" \/>\n<meta property=\"og:type\" content=\"article\" \/>\n<meta property=\"og:title\" content=\"Terzi\u0107: Budva mo\u017ee, Podgorica ne\u0107e - dmcsrb.com\" \/>\n<meta property=\"og:description\" content=\"Predsjednik Savjeta mladih DPS Crne Gore i odbornika DPS-a u Skup\u0161tini Glavnog grada\u00a0Filip Terzi\u0107, kazao je na dru\u0161tvenoj mre\u017ei X da Glavni grad sa vi\u0161e nego duplo ve\u0107im bud\u017eetom od Budve ne mo\u017ee da isplati ni 500 eura zimnice zaposlenima.\" \/>\n<meta property=\"og:url\" content=\"https:\/\/dmcsrb.com\/en\/politika\/terzic-budva-moze-podgorica-nece\/\" \/>\n<meta property=\"og:site_name\" content=\"dmcsrb.com\" \/>\n<meta property=\"article:published_time\" content=\"2025-12-11T18:58:00+00:00\" \/>\n<meta property=\"og:image\" content=\"https:\/\/dmcsrb.com\/wp-content\/uploads\/2026\/01\/terzic1.jpeg\" \/>\n\t<meta property=\"og:image:width\" content=\"1000\" \/>\n\t<meta property=\"og:image:height\" content=\"555\" \/>\n\t<meta property=\"og:image:type\" content=\"image\/jpeg\" \/>\n<meta name=\"author\" content=\"dmcsrbija.com@gmail.com\" \/>\n<meta name=\"twitter:card\" content=\"summary_large_image\" \/>\n<meta name=\"twitter:label1\" content=\"Written by\" \/>\n\t<meta name=\"twitter:data1\" content=\"dmcsrbija.com@gmail.com\" \/>\n\t<meta name=\"twitter:label2\" content=\"Estimated reading time\" \/>\n\t<meta name=\"twitter:data2\" content=\"1 minute\" \/>\n<script type=\"application\/ld+json\" class=\"yoast-schema-graph\">{\"@context\":\"https:\\\/\\\/schema.org\",\"@graph\":[{\"@type\":\"Article\",\"@id\":\"https:\\\/\\\/dmcsrb.com\\\/politika\\\/terzic-budva-moze-podgorica-nece\\\/#article\",\"isPartOf\":{\"@id\":\"https:\\\/\\\/dmcsrb.com\\\/politika\\\/terzic-budva-moze-podgorica-nece\\\/\"},\"author\":{\"name\":\"dmcsrbija.com@gmail.com\",\"@id\":\"https:\\\/\\\/dmcsrb.com\\\/#\\\/schema\\\/person\\\/5c39170f12db1b8b457732d0b5c854e2\"},\"headline\":\"Terzi\u0107: Budva mo\u017ee, Podgorica ne\u0107e\",\"datePublished\":\"2025-12-11T18:58:00+00:00\",\"mainEntityOfPage\":{\"@id\":\"https:\\\/\\\/dmcsrb.com\\\/politika\\\/terzic-budva-moze-podgorica-nece\\\/\"},\"wordCount\":115,\"commentCount\":0,\"image\":{\"@id\":\"https:\\\/\\\/dmcsrb.com\\\/politika\\\/terzic-budva-moze-podgorica-nece\\\/#primaryimage\"},\"thumbnailUrl\":\"https:\\\/\\\/dmcsrb.com\\\/wp-content\\\/uploads\\\/2026\\\/01\\\/terzic1.jpeg\",\"keywords\":[\"DPS\",\"Filip Terzi\u0107\"],\"articleSection\":[\"Politika\"],\"inLanguage\":\"en-GB\",\"potentialAction\":[{\"@type\":\"CommentAction\",\"name\":\"Comment\",\"target\":[\"https:\\\/\\\/dmcsrb.com\\\/politika\\\/terzic-budva-moze-podgorica-nece\\\/#respond\"]}]},{\"@type\":\"WebPage\",\"@id\":\"https:\\\/\\\/dmcsrb.com\\\/politika\\\/terzic-budva-moze-podgorica-nece\\\/\",\"url\":\"https:\\\/\\\/dmcsrb.com\\\/politika\\\/terzic-budva-moze-podgorica-nece\\\/\",\"name\":\"Terzi\u0107: Budva mo\u017ee, Podgorica ne\u0107e - dmcsrb.com\",\"isPartOf\":{\"@id\":\"https:\\\/\\\/dmcsrb.com\\\/#website\"},\"primaryImageOfPage\":{\"@id\":\"https:\\\/\\\/dmcsrb.com\\\/politika\\\/terzic-budva-moze-podgorica-nece\\\/#primaryimage\"},\"image\":{\"@id\":\"https:\\\/\\\/dmcsrb.com\\\/politika\\\/terzic-budva-moze-podgorica-nece\\\/#primaryimage\"},\"thumbnailUrl\":\"https:\\\/\\\/dmcsrb.com\\\/wp-content\\\/uploads\\\/2026\\\/01\\\/terzic1.jpeg\",\"datePublished\":\"2025-12-11T18:58:00+00:00\",\"author\":{\"@id\":\"https:\\\/\\\/dmcsrb.com\\\/#\\\/schema\\\/person\\\/5c39170f12db1b8b457732d0b5c854e2\"},\"breadcrumb\":{\"@id\":\"https:\\\/\\\/dmcsrb.com\\\/politika\\\/terzic-budva-moze-podgorica-nece\\\/#breadcrumb\"},\"inLanguage\":\"en-GB\",\"potentialAction\":[{\"@type\":\"ReadAction\",\"target\":[\"https:\\\/\\\/dmcsrb.com\\\/politika\\\/terzic-budva-moze-podgorica-nece\\\/\"]}]},{\"@type\":\"ImageObject\",\"inLanguage\":\"en-GB\",\"@id\":\"https:\\\/\\\/dmcsrb.com\\\/politika\\\/terzic-budva-moze-podgorica-nece\\\/#primaryimage\",\"url\":\"https:\\\/\\\/dmcsrb.com\\\/wp-content\\\/uploads\\\/2026\\\/01\\\/terzic1.jpeg\",\"contentUrl\":\"https:\\\/\\\/dmcsrb.com\\\/wp-content\\\/uploads\\\/2026\\\/01\\\/terzic1.jpeg\",\"width\":1000,\"height\":555},{\"@type\":\"BreadcrumbList\",\"@id\":\"https:\\\/\\\/dmcsrb.com\\\/politika\\\/terzic-budva-moze-podgorica-nece\\\/#breadcrumb\",\"itemListElement\":[{\"@type\":\"ListItem\",\"position\":1,\"name\":\"Home\",\"item\":\"https:\\\/\\\/dmcsrb.com\\\/\"},{\"@type\":\"ListItem\",\"position\":2,\"name\":\"Terzi\u0107: Budva mo\u017ee, Podgorica ne\u0107e\"}]},{\"@type\":\"WebSite\",\"@id\":\"https:\\\/\\\/dmcsrb.com\\\/#website\",\"url\":\"https:\\\/\\\/dmcsrb.com\\\/\",\"name\":\"dmcsrb.com\",\"description\":\"\",\"potentialAction\":[{\"@type\":\"SearchAction\",\"target\":{\"@type\":\"EntryPoint\",\"urlTemplate\":\"https:\\\/\\\/dmcsrb.com\\\/?s={search_term_string}\"},\"query-input\":{\"@type\":\"PropertyValueSpecification\",\"valueRequired\":true,\"valueName\":\"search_term_string\"}}],\"inLanguage\":\"en-GB\"},{\"@type\":\"Person\",\"@id\":\"https:\\\/\\\/dmcsrb.com\\\/#\\\/schema\\\/person\\\/5c39170f12db1b8b457732d0b5c854e2\",\"name\":\"dmcsrbija.com@gmail.com\",\"image\":{\"@type\":\"ImageObject\",\"inLanguage\":\"en-GB\",\"@id\":\"https:\\\/\\\/secure.gravatar.com\\\/avatar\\\/68592660ad6347fad0fb587f8d5d8f1a7b44961362f56e4f2cd524feb87e9069?s=96&d=mm&r=g\",\"url\":\"https:\\\/\\\/secure.gravatar.com\\\/avatar\\\/68592660ad6347fad0fb587f8d5d8f1a7b44961362f56e4f2cd524feb87e9069?s=96&d=mm&r=g\",\"contentUrl\":\"https:\\\/\\\/secure.gravatar.com\\\/avatar\\\/68592660ad6347fad0fb587f8d5d8f1a7b44961362f56e4f2cd524feb87e9069?s=96&d=mm&r=g\",\"caption\":\"dmcsrbija.com@gmail.com\"},\"sameAs\":[\"https:\\\/\\\/dmcsrb.com\"],\"url\":\"https:\\\/\\\/dmcsrb.com\\\/en\\\/author\\\/dmcsrbija-comgmail-com\\\/\"}]}<\/script>\n<!-- \/ Yoast SEO plugin. -->","yoast_head_json":{"title":"Terzi\u0107: Budva mo\u017ee, Podgorica ne\u0107e - dmcsrb.com","robots":{"index":"index","follow":"follow","max-snippet":"max-snippet:-1","max-image-preview":"max-image-preview:large","max-video-preview":"max-video-preview:-1"},"canonical":"https:\/\/dmcsrb.com\/en\/politika\/terzic-budva-moze-podgorica-nece\/","og_locale":"en_GB","og_type":"article","og_title":"Terzi\u0107: Budva mo\u017ee, Podgorica ne\u0107e - dmcsrb.com","og_description":"Predsjednik Savjeta mladih DPS Crne Gore i odbornika DPS-a u Skup\u0161tini Glavnog grada\u00a0Filip Terzi\u0107, kazao je na dru\u0161tvenoj mre\u017ei X da Glavni grad sa vi\u0161e nego duplo ve\u0107im bud\u017eetom od Budve ne mo\u017ee da isplati ni 500 eura zimnice zaposlenima.","og_url":"https:\/\/dmcsrb.com\/en\/politika\/terzic-budva-moze-podgorica-nece\/","og_site_name":"dmcsrb.com","article_published_time":"2025-12-11T18:58:00+00:00","og_image":[{"width":1000,"height":555,"url":"https:\/\/dmcsrb.com\/wp-content\/uploads\/2026\/01\/terzic1.jpeg","type":"image\/jpeg"}],"author":"dmcsrbija.com@gmail.com","twitter_card":"summary_large_image","twitter_misc":{"Written by":"dmcsrbija.com@gmail.com","Estimated reading time":"1 minute"},"schema":{"@context":"https:\/\/schema.org","@graph":[{"@type":"Article","@id":"https:\/\/dmcsrb.com\/politika\/terzic-budva-moze-podgorica-nece\/#article","isPartOf":{"@id":"https:\/\/dmcsrb.com\/politika\/terzic-budva-moze-podgorica-nece\/"},"author":{"name":"dmcsrbija.com@gmail.com","@id":"https:\/\/dmcsrb.com\/#\/schema\/person\/5c39170f12db1b8b457732d0b5c854e2"},"headline":"Terzi\u0107: Budva mo\u017ee, Podgorica ne\u0107e","datePublished":"2025-12-11T18:58:00+00:00","mainEntityOfPage":{"@id":"https:\/\/dmcsrb.com\/politika\/terzic-budva-moze-podgorica-nece\/"},"wordCount":115,"commentCount":0,"image":{"@id":"https:\/\/dmcsrb.com\/politika\/terzic-budva-moze-podgorica-nece\/#primaryimage"},"thumbnailUrl":"https:\/\/dmcsrb.com\/wp-content\/uploads\/2026\/01\/terzic1.jpeg","keywords":["DPS","Filip Terzi\u0107"],"articleSection":["Politika"],"inLanguage":"en-GB","potentialAction":[{"@type":"CommentAction","name":"Comment","target":["https:\/\/dmcsrb.com\/politika\/terzic-budva-moze-podgorica-nece\/#respond"]}]},{"@type":"WebPage","@id":"https:\/\/dmcsrb.com\/politika\/terzic-budva-moze-podgorica-nece\/","url":"https:\/\/dmcsrb.com\/politika\/terzic-budva-moze-podgorica-nece\/","name":"Terzi\u0107: Budva mo\u017ee, Podgorica ne\u0107e - dmcsrb.com","isPartOf":{"@id":"https:\/\/dmcsrb.com\/#website"},"primaryImageOfPage":{"@id":"https:\/\/dmcsrb.com\/politika\/terzic-budva-moze-podgorica-nece\/#primaryimage"},"image":{"@id":"https:\/\/dmcsrb.com\/politika\/terzic-budva-moze-podgorica-nece\/#primaryimage"},"thumbnailUrl":"https:\/\/dmcsrb.com\/wp-content\/uploads\/2026\/01\/terzic1.jpeg","datePublished":"2025-12-11T18:58:00+00:00","author":{"@id":"https:\/\/dmcsrb.com\/#\/schema\/person\/5c39170f12db1b8b457732d0b5c854e2"},"breadcrumb":{"@id":"https:\/\/dmcsrb.com\/politika\/terzic-budva-moze-podgorica-nece\/#breadcrumb"},"inLanguage":"en-GB","potentialAction":[{"@type":"ReadAction","target":["https:\/\/dmcsrb.com\/politika\/terzic-budva-moze-podgorica-nece\/"]}]},{"@type":"ImageObject","inLanguage":"en-GB","@id":"https:\/\/dmcsrb.com\/politika\/terzic-budva-moze-podgorica-nece\/#primaryimage","url":"https:\/\/dmcsrb.com\/wp-content\/uploads\/2026\/01\/terzic1.jpeg","contentUrl":"https:\/\/dmcsrb.com\/wp-content\/uploads\/2026\/01\/terzic1.jpeg","width":1000,"height":555},{"@type":"BreadcrumbList","@id":"https:\/\/dmcsrb.com\/politika\/terzic-budva-moze-podgorica-nece\/#breadcrumb","itemListElement":[{"@type":"ListItem","position":1,"name":"Home","item":"https:\/\/dmcsrb.com\/"},{"@type":"ListItem","position":2,"name":"Terzi\u0107: Budva mo\u017ee, Podgorica ne\u0107e"}]},{"@type":"WebSite","@id":"https:\/\/dmcsrb.com\/#website","url":"https:\/\/dmcsrb.com\/","name":"dmcsrb.com","description":"","potentialAction":[{"@type":"SearchAction","target":{"@type":"EntryPoint","urlTemplate":"https:\/\/dmcsrb.com\/?s={search_term_string}"},"query-input":{"@type":"PropertyValueSpecification","valueRequired":true,"valueName":"search_term_string"}}],"inLanguage":"en-GB"},{"@type":"Person","@id":"https:\/\/dmcsrb.com\/#\/schema\/person\/5c39170f12db1b8b457732d0b5c854e2","name":"dmcsrbija.com@gmail.com","image":{"@type":"ImageObject","inLanguage":"en-GB","@id":"https:\/\/secure.gravatar.com\/avatar\/68592660ad6347fad0fb587f8d5d8f1a7b44961362f56e4f2cd524feb87e9069?s=96&d=mm&r=g","url":"https:\/\/secure.gravatar.com\/avatar\/68592660ad6347fad0fb587f8d5d8f1a7b44961362f56e4f2cd524feb87e9069?s=96&d=mm&r=g","contentUrl":"https:\/\/secure.gravatar.com\/avatar\/68592660ad6347fad0fb587f8d5d8f1a7b44961362f56e4f2cd524feb87e9069?s=96&d=mm&r=g","caption":"dmcsrbija.com@gmail.com"},"sameAs":["https:\/\/dmcsrb.com"],"url":"https:\/\/dmcsrb.com\/en\/author\/dmcsrbija-comgmail-com\/"}]}},"_links":{"self":[{"href":"https:\/\/dmcsrb.com\/en\/wp-json\/wp\/v2\/posts\/912690","targetHints":{"allow":["GET"]}}],"collection":[{"href":"https:\/\/dmcsrb.com\/en\/wp-json\/wp\/v2\/posts"}],"about":[{"href":"https:\/\/dmcsrb.com\/en\/wp-json\/wp\/v2\/types\/post"}],"author":[{"embeddable":true,"href":"https:\/\/dmcsrb.com\/en\/wp-json\/wp\/v2\/users\/1"}],"replies":[{"embeddable":true,"href":"https:\/\/dmcsrb.com\/en\/wp-json\/wp\/v2\/comments?post=912690"}],"version-history":[{"count":0,"href":"https:\/\/dmcsrb.com\/en\/wp-json\/wp\/v2\/posts\/912690\/revisions"}],"wp:featuredmedia":[{"embeddable":true,"href":"https:\/\/dmcsrb.com\/en\/wp-json\/wp\/v2\/media\/912691"}],"wp:attachment":[{"href":"https:\/\/dmcsrb.com\/en\/wp-json\/wp\/v2\/media?parent=912690"}],"wp:term":[{"taxonomy":"category","embeddable":true,"href":"https:\/\/dmcsrb.com\/en\/wp-json\/wp\/v2\/categories?post=912690"},{"taxonomy":"post_tag","embeddable":true,"href":"https:\/\/dmcsrb.com\/en\/wp-json\/wp\/v2\/tags?post=912690"},{"taxonomy":"naslovna","embeddable":true,"href":"https:\/\/dmcsrb.com\/en\/wp-json\/wp\/v2\/naslovna?post=912690"}],"curies":[{"name":"wp","href":"https:\/\/api.w.org\/{rel}","templated":true}]}}