{"id":912679,"date":"2025-12-11T18:49:00","date_gmt":"2025-12-11T17:49:00","guid":{"rendered":"https:\/\/dmcsrb.com\/uncategorized\/video-radunovic-pocela-sanacija-spomenika-rodoljubima-strijel%d1%98anim-1941-godine-na-biocu\/"},"modified":"2025-12-11T18:49:00","modified_gmt":"2025-12-11T17:49:00","slug":"video-radunovic-pocela-sanacija-spomenika-rodoljubima-strijel%d1%98anim-1941-godine-na-biocu","status":"publish","type":"post","link":"https:\/\/dmcsrb.com\/en\/podgorica\/video-radunovic-pocela-sanacija-spomenika-rodoljubima-strijel%d1%98anim-1941-godine-na-biocu\/","title":{"rendered":"(VIDEO) Radunovi\u0107: Po\u010dela sanacija Spomenika rodoljubima strijel\u0458anim 1941. godine na Bio\u010du"},"content":{"rendered":"<p>Na teritoriji Podgorice je 250 spomen obilje\u017eja. Nadle\u017eni uvjeravaju da ih redovno odr\u017eavaju i po potrebi saniraju \u2013 prema listi prioriteta, na redu je Spomenik rodoljubima strijeljanim od 16. do 21. oktobra 1941. na Bio\u010du, koji je podignut 1995. godine.\u00a0<\/p>\n\n\n\n<p>&#8220;Bio je dosta zapu\u0161ten. Ljudi koji ovdje \u017eive koliko toliko kose ovaj dio. Mi smo odradili pranje kamene povr\u0161ine. Ovaj kamen je radio arhitekta Svetozar Radovi\u0107&#8221;, kazala je Magdalena Raduovi\u0107 iz JU Muzeji i galerije Podgorice.<\/p>\n\n\n\n<p>Spomen obilje\u017eje nalazi se na platou objekta koji je nekada bio \u0161kola, a danas je ustupljen na kori\u0161\u0107enje slikaru Nikoli Vujo\u0161evi\u0107u. Sanacija je, ka\u017ee, olak\u0161ana jer im je mje\u0161tanin, koji \u017eivi u blizini, omogu\u0107io pristup vodi.<\/p>\n\n\n\n<p>&#8220;\u0160to je najbolje u sanaciji da se lokalno stanovni\u0161tvo uklju\u010di i da oni shvate zna\u010daj spomen obilje\u017eja koje je postavljeno u njihovom kraju. To je slu\u010daj sa ovim, a apelovala bih i na druge, da vode ra\u010duna, jer bi to bilo lijepo&#8221;, navodi ona.<\/p>\n\n\n\n<p>Ipak, upozorava da su i spomenici na meti vandala.<\/p>\n\n\n\n<p>Sljede\u0107i na listi za sanaciju je spomenik u mjesnoj zajednici Gradac u Lje\u0161anskoj nahiji na koji je, tako\u0111e, uticao zub vremena. Radunovi\u0107 poru\u010duje kako je du\u017enost svih da \u010duvaju spomen obilje\u017eja, kao dijela crnogorske istorije i identiteta.<\/p>\n\n\n\n<figure class=\"wp-block-embed is-type-video is-provider-youtube wp-block-embed-youtube wp-embed-aspect-4-3 wp-has-aspect-ratio\"><div class=\"wp-block-embed__wrapper\">\n<iframe loading=\"lazy\" title=\"Radunovi\u0107: Po\u010dela sanacija Spomenika rodoljubima strijel\u0458anim 1941. godine na Bio\u010du\" width=\"500\" height=\"281\" src=\"https:\/\/www.youtube.com\/embed\/-eQ4u0LArJk?feature=oembed\" frameborder=\"0\" allow=\"accelerometer; autoplay; clipboard-write; encrypted-media; gyroscope; picture-in-picture; web-share\" referrerpolicy=\"strict-origin-when-cross-origin\" allowfullscreen><\/iframe>\n<\/div><\/figure>","protected":false},"excerpt":{"rendered":"<p>Na na meti vandala su i spomenici. Na Bio\u010du je po\u010dela sanacija Spomenika rodoljubima strijel\u0458anim 1941. godine. Rije\u010d je o jednom od 250 spomen-obilje\u017eja na teritoriji grada, o kojima redovno brine JU Muzeji i galerije Podgorice.<\/p>","protected":false},"author":1,"featured_media":912680,"comment_status":"open","ping_status":"open","sticky":false,"template":"","format":"standard","meta":{"_acf_changed":false,"footnotes":""},"categories":[56],"tags":[2405,2406,2407,2314,797],"naslovna":[],"class_list":["post-912679","post","type-post","status-publish","format-standard","has-post-thumbnail","hentry","category-podgorica","tag-bioce-3","tag-ju-muzeji-i-galerije-podgorice","tag-magdalena-radunovic","tag-rodoljubi","tag-spomenik"],"acf":[],"yoast_head":"<!-- This site is optimized with the Yoast SEO plugin v27.4 - https:\/\/yoast.com\/product\/yoast-seo-wordpress\/ -->\n<title>(VIDEO) Radunovi\u0107: Po\u010dela sanacija Spomenika rodoljubima strijel\u0458anim 1941. godine na Bio\u010du - dmcsrb.com<\/title>\n<meta name=\"robots\" content=\"index, follow, max-snippet:-1, max-image-preview:large, max-video-preview:-1\" \/>\n<link rel=\"canonical\" href=\"https:\/\/dmcsrb.com\/en\/podgorica\/video-radunovic-pocela-sanacija-spomenika-rodoljubima-strijel\u0458anim-1941-godine-na-biocu\/\" \/>\n<meta property=\"og:locale\" content=\"en_GB\" \/>\n<meta property=\"og:type\" content=\"article\" \/>\n<meta property=\"og:title\" content=\"(VIDEO) Radunovi\u0107: Po\u010dela sanacija Spomenika rodoljubima strijel\u0458anim 1941. godine na Bio\u010du - dmcsrb.com\" \/>\n<meta property=\"og:description\" content=\"Na na meti vandala su i spomenici. Na Bio\u010du je po\u010dela sanacija Spomenika rodoljubima strijel\u0458anim 1941. godine. Rije\u010d je o jednom od 250 spomen-obilje\u017eja na teritoriji grada, o kojima redovno brine JU Muzeji i galerije Podgorice.\" \/>\n<meta property=\"og:url\" content=\"https:\/\/dmcsrb.com\/en\/podgorica\/video-radunovic-pocela-sanacija-spomenika-rodoljubima-strijel\u0458anim-1941-godine-na-biocu\/\" \/>\n<meta property=\"og:site_name\" content=\"dmcsrb.com\" \/>\n<meta property=\"article:published_time\" content=\"2025-12-11T17:49:00+00:00\" \/>\n<meta property=\"og:image\" content=\"https:\/\/dmcsrb.com\/wp-content\/uploads\/2026\/01\/radunovic.jpg\" \/>\n\t<meta property=\"og:image:width\" content=\"1804\" \/>\n\t<meta property=\"og:image:height\" content=\"859\" \/>\n\t<meta property=\"og:image:type\" content=\"image\/jpeg\" \/>\n<meta name=\"author\" content=\"dmcsrbija.com@gmail.com\" \/>\n<meta name=\"twitter:card\" content=\"summary_large_image\" \/>\n<meta name=\"twitter:label1\" content=\"Written by\" \/>\n\t<meta name=\"twitter:data1\" content=\"dmcsrbija.com@gmail.com\" \/>\n\t<meta name=\"twitter:label2\" content=\"Estimated reading time\" \/>\n\t<meta name=\"twitter:data2\" content=\"1 minute\" \/>\n<script type=\"application\/ld+json\" class=\"yoast-schema-graph\">{\"@context\":\"https:\\\/\\\/schema.org\",\"@graph\":[{\"@type\":\"Article\",\"@id\":\"https:\\\/\\\/dmcsrb.com\\\/podgorica\\\/video-radunovic-pocela-sanacija-spomenika-rodoljubima-strijel%d1%98anim-1941-godine-na-biocu\\\/#article\",\"isPartOf\":{\"@id\":\"https:\\\/\\\/dmcsrb.com\\\/podgorica\\\/video-radunovic-pocela-sanacija-spomenika-rodoljubima-strijel%d1%98anim-1941-godine-na-biocu\\\/\"},\"author\":{\"name\":\"dmcsrbija.com@gmail.com\",\"@id\":\"https:\\\/\\\/dmcsrb.com\\\/#\\\/schema\\\/person\\\/5c39170f12db1b8b457732d0b5c854e2\"},\"headline\":\"(VIDEO) Radunovi\u0107: Po\u010dela sanacija Spomenika rodoljubima strijel\u0458anim 1941. godine na Bio\u010du\",\"datePublished\":\"2025-12-11T17:49:00+00:00\",\"mainEntityOfPage\":{\"@id\":\"https:\\\/\\\/dmcsrb.com\\\/podgorica\\\/video-radunovic-pocela-sanacija-spomenika-rodoljubima-strijel%d1%98anim-1941-godine-na-biocu\\\/\"},\"wordCount\":241,\"commentCount\":0,\"image\":{\"@id\":\"https:\\\/\\\/dmcsrb.com\\\/podgorica\\\/video-radunovic-pocela-sanacija-spomenika-rodoljubima-strijel%d1%98anim-1941-godine-na-biocu\\\/#primaryimage\"},\"thumbnailUrl\":\"https:\\\/\\\/dmcsrb.com\\\/wp-content\\\/uploads\\\/2026\\\/01\\\/radunovic.jpg\",\"keywords\":[\"Bio\u010de\",\"JU Muzeji i galerije Podgorice\",\"Magdalena Radunovi\u0107\",\"Rodoljubi\",\"spomenik\"],\"articleSection\":[\"Podgorica\"],\"inLanguage\":\"en-GB\",\"potentialAction\":[{\"@type\":\"CommentAction\",\"name\":\"Comment\",\"target\":[\"https:\\\/\\\/dmcsrb.com\\\/podgorica\\\/video-radunovic-pocela-sanacija-spomenika-rodoljubima-strijel%d1%98anim-1941-godine-na-biocu\\\/#respond\"]}]},{\"@type\":\"WebPage\",\"@id\":\"https:\\\/\\\/dmcsrb.com\\\/podgorica\\\/video-radunovic-pocela-sanacija-spomenika-rodoljubima-strijel%d1%98anim-1941-godine-na-biocu\\\/\",\"url\":\"https:\\\/\\\/dmcsrb.com\\\/podgorica\\\/video-radunovic-pocela-sanacija-spomenika-rodoljubima-strijel%d1%98anim-1941-godine-na-biocu\\\/\",\"name\":\"(VIDEO) Radunovi\u0107: Po\u010dela sanacija Spomenika rodoljubima strijel\u0458anim 1941. godine na Bio\u010du - dmcsrb.com\",\"isPartOf\":{\"@id\":\"https:\\\/\\\/dmcsrb.com\\\/#website\"},\"primaryImageOfPage\":{\"@id\":\"https:\\\/\\\/dmcsrb.com\\\/podgorica\\\/video-radunovic-pocela-sanacija-spomenika-rodoljubima-strijel%d1%98anim-1941-godine-na-biocu\\\/#primaryimage\"},\"image\":{\"@id\":\"https:\\\/\\\/dmcsrb.com\\\/podgorica\\\/video-radunovic-pocela-sanacija-spomenika-rodoljubima-strijel%d1%98anim-1941-godine-na-biocu\\\/#primaryimage\"},\"thumbnailUrl\":\"https:\\\/\\\/dmcsrb.com\\\/wp-content\\\/uploads\\\/2026\\\/01\\\/radunovic.jpg\",\"datePublished\":\"2025-12-11T17:49:00+00:00\",\"author\":{\"@id\":\"https:\\\/\\\/dmcsrb.com\\\/#\\\/schema\\\/person\\\/5c39170f12db1b8b457732d0b5c854e2\"},\"breadcrumb\":{\"@id\":\"https:\\\/\\\/dmcsrb.com\\\/podgorica\\\/video-radunovic-pocela-sanacija-spomenika-rodoljubima-strijel%d1%98anim-1941-godine-na-biocu\\\/#breadcrumb\"},\"inLanguage\":\"en-GB\",\"potentialAction\":[{\"@type\":\"ReadAction\",\"target\":[\"https:\\\/\\\/dmcsrb.com\\\/podgorica\\\/video-radunovic-pocela-sanacija-spomenika-rodoljubima-strijel%d1%98anim-1941-godine-na-biocu\\\/\"]}]},{\"@type\":\"ImageObject\",\"inLanguage\":\"en-GB\",\"@id\":\"https:\\\/\\\/dmcsrb.com\\\/podgorica\\\/video-radunovic-pocela-sanacija-spomenika-rodoljubima-strijel%d1%98anim-1941-godine-na-biocu\\\/#primaryimage\",\"url\":\"https:\\\/\\\/dmcsrb.com\\\/wp-content\\\/uploads\\\/2026\\\/01\\\/radunovic.jpg\",\"contentUrl\":\"https:\\\/\\\/dmcsrb.com\\\/wp-content\\\/uploads\\\/2026\\\/01\\\/radunovic.jpg\",\"width\":1804,\"height\":859},{\"@type\":\"BreadcrumbList\",\"@id\":\"https:\\\/\\\/dmcsrb.com\\\/podgorica\\\/video-radunovic-pocela-sanacija-spomenika-rodoljubima-strijel%d1%98anim-1941-godine-na-biocu\\\/#breadcrumb\",\"itemListElement\":[{\"@type\":\"ListItem\",\"position\":1,\"name\":\"Home\",\"item\":\"https:\\\/\\\/dmcsrb.com\\\/\"},{\"@type\":\"ListItem\",\"position\":2,\"name\":\"(VIDEO) Radunovi\u0107: Po\u010dela sanacija Spomenika rodoljubima strijel\u0458anim 1941. godine na Bio\u010du\"}]},{\"@type\":\"WebSite\",\"@id\":\"https:\\\/\\\/dmcsrb.com\\\/#website\",\"url\":\"https:\\\/\\\/dmcsrb.com\\\/\",\"name\":\"dmcsrb.com\",\"description\":\"\",\"potentialAction\":[{\"@type\":\"SearchAction\",\"target\":{\"@type\":\"EntryPoint\",\"urlTemplate\":\"https:\\\/\\\/dmcsrb.com\\\/?s={search_term_string}\"},\"query-input\":{\"@type\":\"PropertyValueSpecification\",\"valueRequired\":true,\"valueName\":\"search_term_string\"}}],\"inLanguage\":\"en-GB\"},{\"@type\":\"Person\",\"@id\":\"https:\\\/\\\/dmcsrb.com\\\/#\\\/schema\\\/person\\\/5c39170f12db1b8b457732d0b5c854e2\",\"name\":\"dmcsrbija.com@gmail.com\",\"image\":{\"@type\":\"ImageObject\",\"inLanguage\":\"en-GB\",\"@id\":\"https:\\\/\\\/secure.gravatar.com\\\/avatar\\\/68592660ad6347fad0fb587f8d5d8f1a7b44961362f56e4f2cd524feb87e9069?s=96&d=mm&r=g\",\"url\":\"https:\\\/\\\/secure.gravatar.com\\\/avatar\\\/68592660ad6347fad0fb587f8d5d8f1a7b44961362f56e4f2cd524feb87e9069?s=96&d=mm&r=g\",\"contentUrl\":\"https:\\\/\\\/secure.gravatar.com\\\/avatar\\\/68592660ad6347fad0fb587f8d5d8f1a7b44961362f56e4f2cd524feb87e9069?s=96&d=mm&r=g\",\"caption\":\"dmcsrbija.com@gmail.com\"},\"sameAs\":[\"https:\\\/\\\/dmcsrb.com\"],\"url\":\"https:\\\/\\\/dmcsrb.com\\\/en\\\/author\\\/dmcsrbija-comgmail-com\\\/\"}]}<\/script>\n<!-- \/ Yoast SEO plugin. -->","yoast_head_json":{"title":"(VIDEO) Radunovi\u0107: Po\u010dela sanacija Spomenika rodoljubima strijel\u0458anim 1941. godine na Bio\u010du - dmcsrb.com","robots":{"index":"index","follow":"follow","max-snippet":"max-snippet:-1","max-image-preview":"max-image-preview:large","max-video-preview":"max-video-preview:-1"},"canonical":"https:\/\/dmcsrb.com\/en\/podgorica\/video-radunovic-pocela-sanacija-spomenika-rodoljubima-strijel\u0458anim-1941-godine-na-biocu\/","og_locale":"en_GB","og_type":"article","og_title":"(VIDEO) Radunovi\u0107: Po\u010dela sanacija Spomenika rodoljubima strijel\u0458anim 1941. godine na Bio\u010du - dmcsrb.com","og_description":"Na na meti vandala su i spomenici. Na Bio\u010du je po\u010dela sanacija Spomenika rodoljubima strijel\u0458anim 1941. godine. Rije\u010d je o jednom od 250 spomen-obilje\u017eja na teritoriji grada, o kojima redovno brine JU Muzeji i galerije Podgorice.","og_url":"https:\/\/dmcsrb.com\/en\/podgorica\/video-radunovic-pocela-sanacija-spomenika-rodoljubima-strijel\u0458anim-1941-godine-na-biocu\/","og_site_name":"dmcsrb.com","article_published_time":"2025-12-11T17:49:00+00:00","og_image":[{"width":1804,"height":859,"url":"https:\/\/dmcsrb.com\/wp-content\/uploads\/2026\/01\/radunovic.jpg","type":"image\/jpeg"}],"author":"dmcsrbija.com@gmail.com","twitter_card":"summary_large_image","twitter_misc":{"Written by":"dmcsrbija.com@gmail.com","Estimated reading time":"1 minute"},"schema":{"@context":"https:\/\/schema.org","@graph":[{"@type":"Article","@id":"https:\/\/dmcsrb.com\/podgorica\/video-radunovic-pocela-sanacija-spomenika-rodoljubima-strijel%d1%98anim-1941-godine-na-biocu\/#article","isPartOf":{"@id":"https:\/\/dmcsrb.com\/podgorica\/video-radunovic-pocela-sanacija-spomenika-rodoljubima-strijel%d1%98anim-1941-godine-na-biocu\/"},"author":{"name":"dmcsrbija.com@gmail.com","@id":"https:\/\/dmcsrb.com\/#\/schema\/person\/5c39170f12db1b8b457732d0b5c854e2"},"headline":"(VIDEO) Radunovi\u0107: Po\u010dela sanacija Spomenika rodoljubima strijel\u0458anim 1941. godine na Bio\u010du","datePublished":"2025-12-11T17:49:00+00:00","mainEntityOfPage":{"@id":"https:\/\/dmcsrb.com\/podgorica\/video-radunovic-pocela-sanacija-spomenika-rodoljubima-strijel%d1%98anim-1941-godine-na-biocu\/"},"wordCount":241,"commentCount":0,"image":{"@id":"https:\/\/dmcsrb.com\/podgorica\/video-radunovic-pocela-sanacija-spomenika-rodoljubima-strijel%d1%98anim-1941-godine-na-biocu\/#primaryimage"},"thumbnailUrl":"https:\/\/dmcsrb.com\/wp-content\/uploads\/2026\/01\/radunovic.jpg","keywords":["Bio\u010de","JU Muzeji i galerije Podgorice","Magdalena Radunovi\u0107","Rodoljubi","spomenik"],"articleSection":["Podgorica"],"inLanguage":"en-GB","potentialAction":[{"@type":"CommentAction","name":"Comment","target":["https:\/\/dmcsrb.com\/podgorica\/video-radunovic-pocela-sanacija-spomenika-rodoljubima-strijel%d1%98anim-1941-godine-na-biocu\/#respond"]}]},{"@type":"WebPage","@id":"https:\/\/dmcsrb.com\/podgorica\/video-radunovic-pocela-sanacija-spomenika-rodoljubima-strijel%d1%98anim-1941-godine-na-biocu\/","url":"https:\/\/dmcsrb.com\/podgorica\/video-radunovic-pocela-sanacija-spomenika-rodoljubima-strijel%d1%98anim-1941-godine-na-biocu\/","name":"(VIDEO) Radunovi\u0107: Po\u010dela sanacija Spomenika rodoljubima strijel\u0458anim 1941. godine na Bio\u010du - dmcsrb.com","isPartOf":{"@id":"https:\/\/dmcsrb.com\/#website"},"primaryImageOfPage":{"@id":"https:\/\/dmcsrb.com\/podgorica\/video-radunovic-pocela-sanacija-spomenika-rodoljubima-strijel%d1%98anim-1941-godine-na-biocu\/#primaryimage"},"image":{"@id":"https:\/\/dmcsrb.com\/podgorica\/video-radunovic-pocela-sanacija-spomenika-rodoljubima-strijel%d1%98anim-1941-godine-na-biocu\/#primaryimage"},"thumbnailUrl":"https:\/\/dmcsrb.com\/wp-content\/uploads\/2026\/01\/radunovic.jpg","datePublished":"2025-12-11T17:49:00+00:00","author":{"@id":"https:\/\/dmcsrb.com\/#\/schema\/person\/5c39170f12db1b8b457732d0b5c854e2"},"breadcrumb":{"@id":"https:\/\/dmcsrb.com\/podgorica\/video-radunovic-pocela-sanacija-spomenika-rodoljubima-strijel%d1%98anim-1941-godine-na-biocu\/#breadcrumb"},"inLanguage":"en-GB","potentialAction":[{"@type":"ReadAction","target":["https:\/\/dmcsrb.com\/podgorica\/video-radunovic-pocela-sanacija-spomenika-rodoljubima-strijel%d1%98anim-1941-godine-na-biocu\/"]}]},{"@type":"ImageObject","inLanguage":"en-GB","@id":"https:\/\/dmcsrb.com\/podgorica\/video-radunovic-pocela-sanacija-spomenika-rodoljubima-strijel%d1%98anim-1941-godine-na-biocu\/#primaryimage","url":"https:\/\/dmcsrb.com\/wp-content\/uploads\/2026\/01\/radunovic.jpg","contentUrl":"https:\/\/dmcsrb.com\/wp-content\/uploads\/2026\/01\/radunovic.jpg","width":1804,"height":859},{"@type":"BreadcrumbList","@id":"https:\/\/dmcsrb.com\/podgorica\/video-radunovic-pocela-sanacija-spomenika-rodoljubima-strijel%d1%98anim-1941-godine-na-biocu\/#breadcrumb","itemListElement":[{"@type":"ListItem","position":1,"name":"Home","item":"https:\/\/dmcsrb.com\/"},{"@type":"ListItem","position":2,"name":"(VIDEO) Radunovi\u0107: Po\u010dela sanacija Spomenika rodoljubima strijel\u0458anim 1941. godine na Bio\u010du"}]},{"@type":"WebSite","@id":"https:\/\/dmcsrb.com\/#website","url":"https:\/\/dmcsrb.com\/","name":"dmcsrb.com","description":"","potentialAction":[{"@type":"SearchAction","target":{"@type":"EntryPoint","urlTemplate":"https:\/\/dmcsrb.com\/?s={search_term_string}"},"query-input":{"@type":"PropertyValueSpecification","valueRequired":true,"valueName":"search_term_string"}}],"inLanguage":"en-GB"},{"@type":"Person","@id":"https:\/\/dmcsrb.com\/#\/schema\/person\/5c39170f12db1b8b457732d0b5c854e2","name":"dmcsrbija.com@gmail.com","image":{"@type":"ImageObject","inLanguage":"en-GB","@id":"https:\/\/secure.gravatar.com\/avatar\/68592660ad6347fad0fb587f8d5d8f1a7b44961362f56e4f2cd524feb87e9069?s=96&d=mm&r=g","url":"https:\/\/secure.gravatar.com\/avatar\/68592660ad6347fad0fb587f8d5d8f1a7b44961362f56e4f2cd524feb87e9069?s=96&d=mm&r=g","contentUrl":"https:\/\/secure.gravatar.com\/avatar\/68592660ad6347fad0fb587f8d5d8f1a7b44961362f56e4f2cd524feb87e9069?s=96&d=mm&r=g","caption":"dmcsrbija.com@gmail.com"},"sameAs":["https:\/\/dmcsrb.com"],"url":"https:\/\/dmcsrb.com\/en\/author\/dmcsrbija-comgmail-com\/"}]}},"_links":{"self":[{"href":"https:\/\/dmcsrb.com\/en\/wp-json\/wp\/v2\/posts\/912679","targetHints":{"allow":["GET"]}}],"collection":[{"href":"https:\/\/dmcsrb.com\/en\/wp-json\/wp\/v2\/posts"}],"about":[{"href":"https:\/\/dmcsrb.com\/en\/wp-json\/wp\/v2\/types\/post"}],"author":[{"embeddable":true,"href":"https:\/\/dmcsrb.com\/en\/wp-json\/wp\/v2\/users\/1"}],"replies":[{"embeddable":true,"href":"https:\/\/dmcsrb.com\/en\/wp-json\/wp\/v2\/comments?post=912679"}],"version-history":[{"count":0,"href":"https:\/\/dmcsrb.com\/en\/wp-json\/wp\/v2\/posts\/912679\/revisions"}],"wp:featuredmedia":[{"embeddable":true,"href":"https:\/\/dmcsrb.com\/en\/wp-json\/wp\/v2\/media\/912680"}],"wp:attachment":[{"href":"https:\/\/dmcsrb.com\/en\/wp-json\/wp\/v2\/media?parent=912679"}],"wp:term":[{"taxonomy":"category","embeddable":true,"href":"https:\/\/dmcsrb.com\/en\/wp-json\/wp\/v2\/categories?post=912679"},{"taxonomy":"post_tag","embeddable":true,"href":"https:\/\/dmcsrb.com\/en\/wp-json\/wp\/v2\/tags?post=912679"},{"taxonomy":"naslovna","embeddable":true,"href":"https:\/\/dmcsrb.com\/en\/wp-json\/wp\/v2\/naslovna?post=912679"}],"curies":[{"name":"wp","href":"https:\/\/api.w.org\/{rel}","templated":true}]}}