{"id":912637,"date":"2025-12-11T14:55:00","date_gmt":"2025-12-11T13:55:00","guid":{"rendered":"https:\/\/dmcsrb.com\/uncategorized\/boskovic-prisustvovao-sastanku-bva-tehnicke-komisije-u-istanbulu\/"},"modified":"2025-12-11T14:55:00","modified_gmt":"2025-12-11T13:55:00","slug":"boskovic-prisustvovao-sastanku-bva-tehnicke-komisije-u-istanbulu","status":"publish","type":"post","link":"https:\/\/dmcsrb.com\/en\/sport\/boskovic-prisustvovao-sastanku-bva-tehnicke-komisije-u-istanbulu\/","title":{"rendered":"Bo\u0161kovi\u0107 prisustvovao sastanku BVA Tehni\u010dke komisije u Istanbulu"},"content":{"rendered":"<p>Sastanku je prisustvovao generalni sekretar OSCG&nbsp;<strong>Ivan Bo\u0161kovi\u0107<\/strong>, koji je dugogodi\u0161nji \u010dlan tehni\u010dke komisije BVA.<\/p>\n\n\n\n<p>Nakon uvodnog govora generalne sekretarke BVA\u00a0Nil\u00fcfer Ba\u015fak Shimonsky\u00a0i predsjednika Tehni\u010dke komisije BVA\u00a0Periklisa Bakodimosa, \u010dlanovi Tehni\u010dke komisije BVA razgovarali su o terminima i izazovima u organizaciji doga\u0111aja, kao i o uskla\u0111ivanju sa takmi\u010denjima CEV-a i FIVB-a za mla\u0111e kategorije.<\/p>\n\n\n\n<p>Sastanku su tako\u0111e prisustvovali \u010dlanovi Tehni\u010dke komisije BVA&nbsp;<strong>Dragutin \u0106uk&nbsp;<\/strong>(Srbija)<strong>, Valentin Pomakov&nbsp;<\/strong>(Bugarska)<strong>, Simon Gines&nbsp;<\/strong>(Sjeverna Makedonija) i&nbsp;<strong>Faruk Softi\u0107&nbsp;<\/strong>(Bosna i Hercegovina)<strong>.<\/strong><\/p>\n\n\n\n<p>Generalna skup\u0161tina BVA bi\u0107e odr\u017eana 24. januara 2026. godine u Sarajevu.<\/p>","protected":false},"excerpt":{"rendered":"<p>Tehni\u010dka komisija Balkanske odbojka\u0161ke Asocijacije (BVA)\u00a0danas je u hotelu \u201cVolley\u201d u Istanbulu odr\u017eala godi\u0161nji sastanak.<\/p>","protected":false},"author":1,"featured_media":912638,"comment_status":"open","ping_status":"open","sticky":false,"template":"","format":"standard","meta":{"_acf_changed":false,"footnotes":""},"categories":[148],"tags":[2373,2374,528,217],"naslovna":[],"class_list":["post-912637","post","type-post","status-publish","format-standard","has-post-thumbnail","hentry","category-sport","tag-bva","tag-ivan-boskovic","tag-odbojka","tag-oscg"],"acf":[],"yoast_head":"<!-- This site is optimized with the Yoast SEO plugin v27.0 - https:\/\/yoast.com\/product\/yoast-seo-wordpress\/ -->\n<title>Bo\u0161kovi\u0107 prisustvovao sastanku BVA Tehni\u010dke komisije u Istanbulu - dmcsrb.com<\/title>\n<meta name=\"robots\" content=\"index, follow, max-snippet:-1, max-image-preview:large, max-video-preview:-1\" \/>\n<link rel=\"canonical\" href=\"https:\/\/dmcsrb.com\/en\/sport\/boskovic-prisustvovao-sastanku-bva-tehnicke-komisije-u-istanbulu\/\" \/>\n<meta property=\"og:locale\" content=\"en_GB\" \/>\n<meta property=\"og:type\" content=\"article\" \/>\n<meta property=\"og:title\" content=\"Bo\u0161kovi\u0107 prisustvovao sastanku BVA Tehni\u010dke komisije u Istanbulu - dmcsrb.com\" \/>\n<meta property=\"og:description\" content=\"Tehni\u010dka komisija Balkanske odbojka\u0161ke Asocijacije (BVA)\u00a0danas je u hotelu \u201cVolley\u201d u Istanbulu odr\u017eala godi\u0161nji sastanak.\" \/>\n<meta property=\"og:url\" content=\"https:\/\/dmcsrb.com\/en\/sport\/boskovic-prisustvovao-sastanku-bva-tehnicke-komisije-u-istanbulu\/\" \/>\n<meta property=\"og:site_name\" content=\"dmcsrb.com\" \/>\n<meta property=\"article:published_time\" content=\"2025-12-11T13:55:00+00:00\" \/>\n<meta property=\"og:image\" content=\"https:\/\/dmcsrb.com\/wp-content\/uploads\/2026\/01\/Boskovic-BVA.jpg\" \/>\n\t<meta property=\"og:image:width\" content=\"1500\" \/>\n\t<meta property=\"og:image:height\" content=\"1000\" \/>\n\t<meta property=\"og:image:type\" content=\"image\/jpeg\" \/>\n<meta name=\"author\" content=\"dmcsrbija.com@gmail.com\" \/>\n<meta name=\"twitter:card\" content=\"summary_large_image\" \/>\n<meta name=\"twitter:label1\" content=\"Written by\" \/>\n\t<meta name=\"twitter:data1\" content=\"dmcsrbija.com@gmail.com\" \/>\n\t<meta name=\"twitter:label2\" content=\"Estimated reading time\" \/>\n\t<meta name=\"twitter:data2\" content=\"1 minute\" \/>\n<script type=\"application\/ld+json\" class=\"yoast-schema-graph\">{\"@context\":\"https:\/\/schema.org\",\"@graph\":[{\"@type\":\"Article\",\"@id\":\"https:\/\/dmcsrb.com\/sport\/boskovic-prisustvovao-sastanku-bva-tehnicke-komisije-u-istanbulu\/#article\",\"isPartOf\":{\"@id\":\"https:\/\/dmcsrb.com\/sport\/boskovic-prisustvovao-sastanku-bva-tehnicke-komisije-u-istanbulu\/\"},\"author\":{\"name\":\"dmcsrbija.com@gmail.com\",\"@id\":\"https:\/\/dmcsrb.com\/#\/schema\/person\/5c39170f12db1b8b457732d0b5c854e2\"},\"headline\":\"Bo\u0161kovi\u0107 prisustvovao sastanku BVA Tehni\u010dke komisije u Istanbulu\",\"datePublished\":\"2025-12-11T13:55:00+00:00\",\"mainEntityOfPage\":{\"@id\":\"https:\/\/dmcsrb.com\/sport\/boskovic-prisustvovao-sastanku-bva-tehnicke-komisije-u-istanbulu\/\"},\"wordCount\":122,\"commentCount\":0,\"image\":{\"@id\":\"https:\/\/dmcsrb.com\/sport\/boskovic-prisustvovao-sastanku-bva-tehnicke-komisije-u-istanbulu\/#primaryimage\"},\"thumbnailUrl\":\"https:\/\/dmcsrb.com\/wp-content\/uploads\/2026\/01\/Boskovic-BVA.jpg\",\"keywords\":[\"BVA\",\"Ivan Bo\u0161kovi\u0107\",\"odbojka\",\"OSCG\"],\"articleSection\":[\"Sport\"],\"inLanguage\":\"en-GB\",\"potentialAction\":[{\"@type\":\"CommentAction\",\"name\":\"Comment\",\"target\":[\"https:\/\/dmcsrb.com\/sport\/boskovic-prisustvovao-sastanku-bva-tehnicke-komisije-u-istanbulu\/#respond\"]}]},{\"@type\":\"WebPage\",\"@id\":\"https:\/\/dmcsrb.com\/sport\/boskovic-prisustvovao-sastanku-bva-tehnicke-komisije-u-istanbulu\/\",\"url\":\"https:\/\/dmcsrb.com\/sport\/boskovic-prisustvovao-sastanku-bva-tehnicke-komisije-u-istanbulu\/\",\"name\":\"Bo\u0161kovi\u0107 prisustvovao sastanku BVA Tehni\u010dke komisije u Istanbulu - dmcsrb.com\",\"isPartOf\":{\"@id\":\"https:\/\/dmcsrb.com\/#website\"},\"primaryImageOfPage\":{\"@id\":\"https:\/\/dmcsrb.com\/sport\/boskovic-prisustvovao-sastanku-bva-tehnicke-komisije-u-istanbulu\/#primaryimage\"},\"image\":{\"@id\":\"https:\/\/dmcsrb.com\/sport\/boskovic-prisustvovao-sastanku-bva-tehnicke-komisije-u-istanbulu\/#primaryimage\"},\"thumbnailUrl\":\"https:\/\/dmcsrb.com\/wp-content\/uploads\/2026\/01\/Boskovic-BVA.jpg\",\"datePublished\":\"2025-12-11T13:55:00+00:00\",\"author\":{\"@id\":\"https:\/\/dmcsrb.com\/#\/schema\/person\/5c39170f12db1b8b457732d0b5c854e2\"},\"breadcrumb\":{\"@id\":\"https:\/\/dmcsrb.com\/sport\/boskovic-prisustvovao-sastanku-bva-tehnicke-komisije-u-istanbulu\/#breadcrumb\"},\"inLanguage\":\"en-GB\",\"potentialAction\":[{\"@type\":\"ReadAction\",\"target\":[\"https:\/\/dmcsrb.com\/sport\/boskovic-prisustvovao-sastanku-bva-tehnicke-komisije-u-istanbulu\/\"]}]},{\"@type\":\"ImageObject\",\"inLanguage\":\"en-GB\",\"@id\":\"https:\/\/dmcsrb.com\/sport\/boskovic-prisustvovao-sastanku-bva-tehnicke-komisije-u-istanbulu\/#primaryimage\",\"url\":\"https:\/\/dmcsrb.com\/wp-content\/uploads\/2026\/01\/Boskovic-BVA.jpg\",\"contentUrl\":\"https:\/\/dmcsrb.com\/wp-content\/uploads\/2026\/01\/Boskovic-BVA.jpg\",\"width\":1500,\"height\":1000},{\"@type\":\"BreadcrumbList\",\"@id\":\"https:\/\/dmcsrb.com\/sport\/boskovic-prisustvovao-sastanku-bva-tehnicke-komisije-u-istanbulu\/#breadcrumb\",\"itemListElement\":[{\"@type\":\"ListItem\",\"position\":1,\"name\":\"Home\",\"item\":\"https:\/\/dmcsrb.com\/\"},{\"@type\":\"ListItem\",\"position\":2,\"name\":\"Bo\u0161kovi\u0107 prisustvovao sastanku BVA Tehni\u010dke komisije u Istanbulu\"}]},{\"@type\":\"WebSite\",\"@id\":\"https:\/\/dmcsrb.com\/#website\",\"url\":\"https:\/\/dmcsrb.com\/\",\"name\":\"dmcsrb.com\",\"description\":\"\",\"potentialAction\":[{\"@type\":\"SearchAction\",\"target\":{\"@type\":\"EntryPoint\",\"urlTemplate\":\"https:\/\/dmcsrb.com\/?s={search_term_string}\"},\"query-input\":{\"@type\":\"PropertyValueSpecification\",\"valueRequired\":true,\"valueName\":\"search_term_string\"}}],\"inLanguage\":\"en-GB\"},{\"@type\":\"Person\",\"@id\":\"https:\/\/dmcsrb.com\/#\/schema\/person\/5c39170f12db1b8b457732d0b5c854e2\",\"name\":\"dmcsrbija.com@gmail.com\",\"image\":{\"@type\":\"ImageObject\",\"inLanguage\":\"en-GB\",\"@id\":\"https:\/\/dmcsrb.com\/#\/schema\/person\/image\/\",\"url\":\"https:\/\/secure.gravatar.com\/avatar\/68592660ad6347fad0fb587f8d5d8f1a7b44961362f56e4f2cd524feb87e9069?s=96&d=mm&r=g\",\"contentUrl\":\"https:\/\/secure.gravatar.com\/avatar\/68592660ad6347fad0fb587f8d5d8f1a7b44961362f56e4f2cd524feb87e9069?s=96&d=mm&r=g\",\"caption\":\"dmcsrbija.com@gmail.com\"},\"sameAs\":[\"https:\/\/dmcsrb.com\"],\"url\":\"https:\/\/dmcsrb.com\/en\/author\/dmcsrbija-comgmail-com\/\"}]}<\/script>\n<!-- \/ Yoast SEO plugin. -->","yoast_head_json":{"title":"Bo\u0161kovi\u0107 prisustvovao sastanku BVA Tehni\u010dke komisije u Istanbulu - dmcsrb.com","robots":{"index":"index","follow":"follow","max-snippet":"max-snippet:-1","max-image-preview":"max-image-preview:large","max-video-preview":"max-video-preview:-1"},"canonical":"https:\/\/dmcsrb.com\/en\/sport\/boskovic-prisustvovao-sastanku-bva-tehnicke-komisije-u-istanbulu\/","og_locale":"en_GB","og_type":"article","og_title":"Bo\u0161kovi\u0107 prisustvovao sastanku BVA Tehni\u010dke komisije u Istanbulu - dmcsrb.com","og_description":"Tehni\u010dka komisija Balkanske odbojka\u0161ke Asocijacije (BVA)\u00a0danas je u hotelu \u201cVolley\u201d u Istanbulu odr\u017eala godi\u0161nji sastanak.","og_url":"https:\/\/dmcsrb.com\/en\/sport\/boskovic-prisustvovao-sastanku-bva-tehnicke-komisije-u-istanbulu\/","og_site_name":"dmcsrb.com","article_published_time":"2025-12-11T13:55:00+00:00","og_image":[{"width":1500,"height":1000,"url":"https:\/\/dmcsrb.com\/wp-content\/uploads\/2026\/01\/Boskovic-BVA.jpg","type":"image\/jpeg"}],"author":"dmcsrbija.com@gmail.com","twitter_card":"summary_large_image","twitter_misc":{"Written by":"dmcsrbija.com@gmail.com","Estimated reading time":"1 minute"},"schema":{"@context":"https:\/\/schema.org","@graph":[{"@type":"Article","@id":"https:\/\/dmcsrb.com\/sport\/boskovic-prisustvovao-sastanku-bva-tehnicke-komisije-u-istanbulu\/#article","isPartOf":{"@id":"https:\/\/dmcsrb.com\/sport\/boskovic-prisustvovao-sastanku-bva-tehnicke-komisije-u-istanbulu\/"},"author":{"name":"dmcsrbija.com@gmail.com","@id":"https:\/\/dmcsrb.com\/#\/schema\/person\/5c39170f12db1b8b457732d0b5c854e2"},"headline":"Bo\u0161kovi\u0107 prisustvovao sastanku BVA Tehni\u010dke komisije u Istanbulu","datePublished":"2025-12-11T13:55:00+00:00","mainEntityOfPage":{"@id":"https:\/\/dmcsrb.com\/sport\/boskovic-prisustvovao-sastanku-bva-tehnicke-komisije-u-istanbulu\/"},"wordCount":122,"commentCount":0,"image":{"@id":"https:\/\/dmcsrb.com\/sport\/boskovic-prisustvovao-sastanku-bva-tehnicke-komisije-u-istanbulu\/#primaryimage"},"thumbnailUrl":"https:\/\/dmcsrb.com\/wp-content\/uploads\/2026\/01\/Boskovic-BVA.jpg","keywords":["BVA","Ivan Bo\u0161kovi\u0107","odbojka","OSCG"],"articleSection":["Sport"],"inLanguage":"en-GB","potentialAction":[{"@type":"CommentAction","name":"Comment","target":["https:\/\/dmcsrb.com\/sport\/boskovic-prisustvovao-sastanku-bva-tehnicke-komisije-u-istanbulu\/#respond"]}]},{"@type":"WebPage","@id":"https:\/\/dmcsrb.com\/sport\/boskovic-prisustvovao-sastanku-bva-tehnicke-komisije-u-istanbulu\/","url":"https:\/\/dmcsrb.com\/sport\/boskovic-prisustvovao-sastanku-bva-tehnicke-komisije-u-istanbulu\/","name":"Bo\u0161kovi\u0107 prisustvovao sastanku BVA Tehni\u010dke komisije u Istanbulu - dmcsrb.com","isPartOf":{"@id":"https:\/\/dmcsrb.com\/#website"},"primaryImageOfPage":{"@id":"https:\/\/dmcsrb.com\/sport\/boskovic-prisustvovao-sastanku-bva-tehnicke-komisije-u-istanbulu\/#primaryimage"},"image":{"@id":"https:\/\/dmcsrb.com\/sport\/boskovic-prisustvovao-sastanku-bva-tehnicke-komisije-u-istanbulu\/#primaryimage"},"thumbnailUrl":"https:\/\/dmcsrb.com\/wp-content\/uploads\/2026\/01\/Boskovic-BVA.jpg","datePublished":"2025-12-11T13:55:00+00:00","author":{"@id":"https:\/\/dmcsrb.com\/#\/schema\/person\/5c39170f12db1b8b457732d0b5c854e2"},"breadcrumb":{"@id":"https:\/\/dmcsrb.com\/sport\/boskovic-prisustvovao-sastanku-bva-tehnicke-komisije-u-istanbulu\/#breadcrumb"},"inLanguage":"en-GB","potentialAction":[{"@type":"ReadAction","target":["https:\/\/dmcsrb.com\/sport\/boskovic-prisustvovao-sastanku-bva-tehnicke-komisije-u-istanbulu\/"]}]},{"@type":"ImageObject","inLanguage":"en-GB","@id":"https:\/\/dmcsrb.com\/sport\/boskovic-prisustvovao-sastanku-bva-tehnicke-komisije-u-istanbulu\/#primaryimage","url":"https:\/\/dmcsrb.com\/wp-content\/uploads\/2026\/01\/Boskovic-BVA.jpg","contentUrl":"https:\/\/dmcsrb.com\/wp-content\/uploads\/2026\/01\/Boskovic-BVA.jpg","width":1500,"height":1000},{"@type":"BreadcrumbList","@id":"https:\/\/dmcsrb.com\/sport\/boskovic-prisustvovao-sastanku-bva-tehnicke-komisije-u-istanbulu\/#breadcrumb","itemListElement":[{"@type":"ListItem","position":1,"name":"Home","item":"https:\/\/dmcsrb.com\/"},{"@type":"ListItem","position":2,"name":"Bo\u0161kovi\u0107 prisustvovao sastanku BVA Tehni\u010dke komisije u Istanbulu"}]},{"@type":"WebSite","@id":"https:\/\/dmcsrb.com\/#website","url":"https:\/\/dmcsrb.com\/","name":"dmcsrb.com","description":"","potentialAction":[{"@type":"SearchAction","target":{"@type":"EntryPoint","urlTemplate":"https:\/\/dmcsrb.com\/?s={search_term_string}"},"query-input":{"@type":"PropertyValueSpecification","valueRequired":true,"valueName":"search_term_string"}}],"inLanguage":"en-GB"},{"@type":"Person","@id":"https:\/\/dmcsrb.com\/#\/schema\/person\/5c39170f12db1b8b457732d0b5c854e2","name":"dmcsrbija.com@gmail.com","image":{"@type":"ImageObject","inLanguage":"en-GB","@id":"https:\/\/dmcsrb.com\/#\/schema\/person\/image\/","url":"https:\/\/secure.gravatar.com\/avatar\/68592660ad6347fad0fb587f8d5d8f1a7b44961362f56e4f2cd524feb87e9069?s=96&d=mm&r=g","contentUrl":"https:\/\/secure.gravatar.com\/avatar\/68592660ad6347fad0fb587f8d5d8f1a7b44961362f56e4f2cd524feb87e9069?s=96&d=mm&r=g","caption":"dmcsrbija.com@gmail.com"},"sameAs":["https:\/\/dmcsrb.com"],"url":"https:\/\/dmcsrb.com\/en\/author\/dmcsrbija-comgmail-com\/"}]}},"_links":{"self":[{"href":"https:\/\/dmcsrb.com\/en\/wp-json\/wp\/v2\/posts\/912637","targetHints":{"allow":["GET"]}}],"collection":[{"href":"https:\/\/dmcsrb.com\/en\/wp-json\/wp\/v2\/posts"}],"about":[{"href":"https:\/\/dmcsrb.com\/en\/wp-json\/wp\/v2\/types\/post"}],"author":[{"embeddable":true,"href":"https:\/\/dmcsrb.com\/en\/wp-json\/wp\/v2\/users\/1"}],"replies":[{"embeddable":true,"href":"https:\/\/dmcsrb.com\/en\/wp-json\/wp\/v2\/comments?post=912637"}],"version-history":[{"count":0,"href":"https:\/\/dmcsrb.com\/en\/wp-json\/wp\/v2\/posts\/912637\/revisions"}],"wp:featuredmedia":[{"embeddable":true,"href":"https:\/\/dmcsrb.com\/en\/wp-json\/wp\/v2\/media\/912638"}],"wp:attachment":[{"href":"https:\/\/dmcsrb.com\/en\/wp-json\/wp\/v2\/media?parent=912637"}],"wp:term":[{"taxonomy":"category","embeddable":true,"href":"https:\/\/dmcsrb.com\/en\/wp-json\/wp\/v2\/categories?post=912637"},{"taxonomy":"post_tag","embeddable":true,"href":"https:\/\/dmcsrb.com\/en\/wp-json\/wp\/v2\/tags?post=912637"},{"taxonomy":"naslovna","embeddable":true,"href":"https:\/\/dmcsrb.com\/en\/wp-json\/wp\/v2\/naslovna?post=912637"}],"curies":[{"name":"wp","href":"https:\/\/api.w.org\/{rel}","templated":true}]}}