{"id":912561,"date":"2025-12-11T11:33:55","date_gmt":"2025-12-11T10:33:55","guid":{"rendered":"https:\/\/dmcsrb.com\/uncategorized\/pocelo-ukrasavanje-jelke-na-trgu-nezavisnosti\/"},"modified":"2025-12-11T11:33:55","modified_gmt":"2025-12-11T10:33:55","slug":"pocelo-ukrasavanje-jelke-na-trgu-nezavisnosti","status":"publish","type":"post","link":"https:\/\/dmcsrb.com\/en\/podgorica\/pocelo-ukrasavanje-jelke-na-trgu-nezavisnosti\/","title":{"rendered":"Po\u010delo ukra\u0161avanje jelke na Trgu nezavisnosti"},"content":{"rendered":"<p>Podsje\u0107amo, Novogodi\u0161nji pazar bi\u0107e sve\u010dano otvoren na Trgu nezavisnosti 19. decembra, koji \u0107e trajati do 8. januara.<\/p>\n\n\n\n<p>Iz Glavnog grada ranije su najavili bogat i sadr\u017eajan program tokom praznika. <\/p>\n\n\n\n<p>\u201cPored bogatog muzi\u010dkog programa, posjetioce o\u010dekuju brojni \u0161tandovi sa ukusnim gastronomskim specijalitetima, unikatnim suvenirima i \u010darobnim prazni\u010dnim dekoracijama. Do\u017eivite duh praznika, dru\u017eenje i radost u najljep\u0161em ambijentu \u2013 na Trgu nezavisnosti u Podgorici\u201d, saop\u0161tili su ranije iz Glavnog grada.<\/p>","protected":false},"excerpt":{"rendered":"<p>U Podgorici je u toku postavljanje novogodi\u0161nje jelke na Trgu nezavisnosti, koju su novogodi\u0161njim ukrasima okitile ekipe iz Komunalnih usluga.<\/p>","protected":false},"author":1,"featured_media":912562,"comment_status":"open","ping_status":"open","sticky":false,"template":"","format":"standard","meta":{"_acf_changed":false,"footnotes":""},"categories":[56],"tags":[2327,31,2328,2329],"naslovna":[],"class_list":["post-912561","post","type-post","status-publish","format-standard","has-post-thumbnail","hentry","category-podgorica","tag-jelka","tag-podgorica","tag-podgoricki-pazar","tag-trg-nezavisnosti"],"acf":[],"yoast_head":"<!-- This site is optimized with the Yoast SEO plugin v27.0 - https:\/\/yoast.com\/product\/yoast-seo-wordpress\/ -->\n<title>Po\u010delo ukra\u0161avanje jelke na Trgu nezavisnosti - dmcsrb.com<\/title>\n<meta name=\"robots\" content=\"index, follow, max-snippet:-1, max-image-preview:large, max-video-preview:-1\" \/>\n<link rel=\"canonical\" href=\"https:\/\/dmcsrb.com\/en\/podgorica\/pocelo-ukrasavanje-jelke-na-trgu-nezavisnosti\/\" \/>\n<meta property=\"og:locale\" content=\"en_GB\" \/>\n<meta property=\"og:type\" content=\"article\" \/>\n<meta property=\"og:title\" content=\"Po\u010delo ukra\u0161avanje jelke na Trgu nezavisnosti - dmcsrb.com\" \/>\n<meta property=\"og:description\" content=\"U Podgorici je u toku postavljanje novogodi\u0161nje jelke na Trgu nezavisnosti, koju su novogodi\u0161njim ukrasima okitile ekipe iz Komunalnih usluga.\" \/>\n<meta property=\"og:url\" content=\"https:\/\/dmcsrb.com\/en\/podgorica\/pocelo-ukrasavanje-jelke-na-trgu-nezavisnosti\/\" \/>\n<meta property=\"og:site_name\" content=\"dmcsrb.com\" \/>\n<meta property=\"article:published_time\" content=\"2025-12-11T10:33:55+00:00\" \/>\n<meta property=\"og:image\" content=\"https:\/\/dmcsrb.com\/wp-content\/uploads\/2026\/01\/Screenshot-2025-12-11-122314.jpg\" \/>\n\t<meta property=\"og:image:width\" content=\"420\" \/>\n\t<meta property=\"og:image:height\" content=\"681\" \/>\n\t<meta property=\"og:image:type\" content=\"image\/jpeg\" \/>\n<meta name=\"author\" content=\"dmcsrbija.com@gmail.com\" \/>\n<meta name=\"twitter:card\" content=\"summary_large_image\" \/>\n<meta name=\"twitter:label1\" content=\"Written by\" \/>\n\t<meta name=\"twitter:data1\" content=\"dmcsrbija.com@gmail.com\" \/>\n<script type=\"application\/ld+json\" class=\"yoast-schema-graph\">{\"@context\":\"https:\/\/schema.org\",\"@graph\":[{\"@type\":\"Article\",\"@id\":\"https:\/\/dmcsrb.com\/podgorica\/pocelo-ukrasavanje-jelke-na-trgu-nezavisnosti\/#article\",\"isPartOf\":{\"@id\":\"https:\/\/dmcsrb.com\/podgorica\/pocelo-ukrasavanje-jelke-na-trgu-nezavisnosti\/\"},\"author\":{\"name\":\"dmcsrbija.com@gmail.com\",\"@id\":\"https:\/\/dmcsrb.com\/#\/schema\/person\/5c39170f12db1b8b457732d0b5c854e2\"},\"headline\":\"Po\u010delo ukra\u0161avanje jelke na Trgu nezavisnosti\",\"datePublished\":\"2025-12-11T10:33:55+00:00\",\"mainEntityOfPage\":{\"@id\":\"https:\/\/dmcsrb.com\/podgorica\/pocelo-ukrasavanje-jelke-na-trgu-nezavisnosti\/\"},\"wordCount\":85,\"commentCount\":0,\"image\":{\"@id\":\"https:\/\/dmcsrb.com\/podgorica\/pocelo-ukrasavanje-jelke-na-trgu-nezavisnosti\/#primaryimage\"},\"thumbnailUrl\":\"https:\/\/dmcsrb.com\/wp-content\/uploads\/2026\/01\/Screenshot-2025-12-11-122314.jpg\",\"keywords\":[\"jelka\",\"Podgorica\",\"podgori\u010dki pazar\",\"Trg nezavisnosti\"],\"articleSection\":[\"Podgorica\"],\"inLanguage\":\"en-GB\",\"potentialAction\":[{\"@type\":\"CommentAction\",\"name\":\"Comment\",\"target\":[\"https:\/\/dmcsrb.com\/podgorica\/pocelo-ukrasavanje-jelke-na-trgu-nezavisnosti\/#respond\"]}]},{\"@type\":\"WebPage\",\"@id\":\"https:\/\/dmcsrb.com\/podgorica\/pocelo-ukrasavanje-jelke-na-trgu-nezavisnosti\/\",\"url\":\"https:\/\/dmcsrb.com\/podgorica\/pocelo-ukrasavanje-jelke-na-trgu-nezavisnosti\/\",\"name\":\"Po\u010delo ukra\u0161avanje jelke na Trgu nezavisnosti - dmcsrb.com\",\"isPartOf\":{\"@id\":\"https:\/\/dmcsrb.com\/#website\"},\"primaryImageOfPage\":{\"@id\":\"https:\/\/dmcsrb.com\/podgorica\/pocelo-ukrasavanje-jelke-na-trgu-nezavisnosti\/#primaryimage\"},\"image\":{\"@id\":\"https:\/\/dmcsrb.com\/podgorica\/pocelo-ukrasavanje-jelke-na-trgu-nezavisnosti\/#primaryimage\"},\"thumbnailUrl\":\"https:\/\/dmcsrb.com\/wp-content\/uploads\/2026\/01\/Screenshot-2025-12-11-122314.jpg\",\"datePublished\":\"2025-12-11T10:33:55+00:00\",\"author\":{\"@id\":\"https:\/\/dmcsrb.com\/#\/schema\/person\/5c39170f12db1b8b457732d0b5c854e2\"},\"breadcrumb\":{\"@id\":\"https:\/\/dmcsrb.com\/podgorica\/pocelo-ukrasavanje-jelke-na-trgu-nezavisnosti\/#breadcrumb\"},\"inLanguage\":\"en-GB\",\"potentialAction\":[{\"@type\":\"ReadAction\",\"target\":[\"https:\/\/dmcsrb.com\/podgorica\/pocelo-ukrasavanje-jelke-na-trgu-nezavisnosti\/\"]}]},{\"@type\":\"ImageObject\",\"inLanguage\":\"en-GB\",\"@id\":\"https:\/\/dmcsrb.com\/podgorica\/pocelo-ukrasavanje-jelke-na-trgu-nezavisnosti\/#primaryimage\",\"url\":\"https:\/\/dmcsrb.com\/wp-content\/uploads\/2026\/01\/Screenshot-2025-12-11-122314.jpg\",\"contentUrl\":\"https:\/\/dmcsrb.com\/wp-content\/uploads\/2026\/01\/Screenshot-2025-12-11-122314.jpg\",\"width\":420,\"height\":681},{\"@type\":\"BreadcrumbList\",\"@id\":\"https:\/\/dmcsrb.com\/podgorica\/pocelo-ukrasavanje-jelke-na-trgu-nezavisnosti\/#breadcrumb\",\"itemListElement\":[{\"@type\":\"ListItem\",\"position\":1,\"name\":\"Home\",\"item\":\"https:\/\/dmcsrb.com\/\"},{\"@type\":\"ListItem\",\"position\":2,\"name\":\"Po\u010delo ukra\u0161avanje jelke na Trgu nezavisnosti\"}]},{\"@type\":\"WebSite\",\"@id\":\"https:\/\/dmcsrb.com\/#website\",\"url\":\"https:\/\/dmcsrb.com\/\",\"name\":\"dmcsrb.com\",\"description\":\"\",\"potentialAction\":[{\"@type\":\"SearchAction\",\"target\":{\"@type\":\"EntryPoint\",\"urlTemplate\":\"https:\/\/dmcsrb.com\/?s={search_term_string}\"},\"query-input\":{\"@type\":\"PropertyValueSpecification\",\"valueRequired\":true,\"valueName\":\"search_term_string\"}}],\"inLanguage\":\"en-GB\"},{\"@type\":\"Person\",\"@id\":\"https:\/\/dmcsrb.com\/#\/schema\/person\/5c39170f12db1b8b457732d0b5c854e2\",\"name\":\"dmcsrbija.com@gmail.com\",\"image\":{\"@type\":\"ImageObject\",\"inLanguage\":\"en-GB\",\"@id\":\"https:\/\/dmcsrb.com\/#\/schema\/person\/image\/\",\"url\":\"https:\/\/secure.gravatar.com\/avatar\/68592660ad6347fad0fb587f8d5d8f1a7b44961362f56e4f2cd524feb87e9069?s=96&d=mm&r=g\",\"contentUrl\":\"https:\/\/secure.gravatar.com\/avatar\/68592660ad6347fad0fb587f8d5d8f1a7b44961362f56e4f2cd524feb87e9069?s=96&d=mm&r=g\",\"caption\":\"dmcsrbija.com@gmail.com\"},\"sameAs\":[\"https:\/\/dmcsrb.com\"],\"url\":\"https:\/\/dmcsrb.com\/en\/author\/dmcsrbija-comgmail-com\/\"}]}<\/script>\n<!-- \/ Yoast SEO plugin. -->","yoast_head_json":{"title":"Po\u010delo ukra\u0161avanje jelke na Trgu nezavisnosti - dmcsrb.com","robots":{"index":"index","follow":"follow","max-snippet":"max-snippet:-1","max-image-preview":"max-image-preview:large","max-video-preview":"max-video-preview:-1"},"canonical":"https:\/\/dmcsrb.com\/en\/podgorica\/pocelo-ukrasavanje-jelke-na-trgu-nezavisnosti\/","og_locale":"en_GB","og_type":"article","og_title":"Po\u010delo ukra\u0161avanje jelke na Trgu nezavisnosti - dmcsrb.com","og_description":"U Podgorici je u toku postavljanje novogodi\u0161nje jelke na Trgu nezavisnosti, koju su novogodi\u0161njim ukrasima okitile ekipe iz Komunalnih usluga.","og_url":"https:\/\/dmcsrb.com\/en\/podgorica\/pocelo-ukrasavanje-jelke-na-trgu-nezavisnosti\/","og_site_name":"dmcsrb.com","article_published_time":"2025-12-11T10:33:55+00:00","og_image":[{"width":420,"height":681,"url":"https:\/\/dmcsrb.com\/wp-content\/uploads\/2026\/01\/Screenshot-2025-12-11-122314.jpg","type":"image\/jpeg"}],"author":"dmcsrbija.com@gmail.com","twitter_card":"summary_large_image","twitter_misc":{"Written by":"dmcsrbija.com@gmail.com"},"schema":{"@context":"https:\/\/schema.org","@graph":[{"@type":"Article","@id":"https:\/\/dmcsrb.com\/podgorica\/pocelo-ukrasavanje-jelke-na-trgu-nezavisnosti\/#article","isPartOf":{"@id":"https:\/\/dmcsrb.com\/podgorica\/pocelo-ukrasavanje-jelke-na-trgu-nezavisnosti\/"},"author":{"name":"dmcsrbija.com@gmail.com","@id":"https:\/\/dmcsrb.com\/#\/schema\/person\/5c39170f12db1b8b457732d0b5c854e2"},"headline":"Po\u010delo ukra\u0161avanje jelke na Trgu nezavisnosti","datePublished":"2025-12-11T10:33:55+00:00","mainEntityOfPage":{"@id":"https:\/\/dmcsrb.com\/podgorica\/pocelo-ukrasavanje-jelke-na-trgu-nezavisnosti\/"},"wordCount":85,"commentCount":0,"image":{"@id":"https:\/\/dmcsrb.com\/podgorica\/pocelo-ukrasavanje-jelke-na-trgu-nezavisnosti\/#primaryimage"},"thumbnailUrl":"https:\/\/dmcsrb.com\/wp-content\/uploads\/2026\/01\/Screenshot-2025-12-11-122314.jpg","keywords":["jelka","Podgorica","podgori\u010dki pazar","Trg nezavisnosti"],"articleSection":["Podgorica"],"inLanguage":"en-GB","potentialAction":[{"@type":"CommentAction","name":"Comment","target":["https:\/\/dmcsrb.com\/podgorica\/pocelo-ukrasavanje-jelke-na-trgu-nezavisnosti\/#respond"]}]},{"@type":"WebPage","@id":"https:\/\/dmcsrb.com\/podgorica\/pocelo-ukrasavanje-jelke-na-trgu-nezavisnosti\/","url":"https:\/\/dmcsrb.com\/podgorica\/pocelo-ukrasavanje-jelke-na-trgu-nezavisnosti\/","name":"Po\u010delo ukra\u0161avanje jelke na Trgu nezavisnosti - dmcsrb.com","isPartOf":{"@id":"https:\/\/dmcsrb.com\/#website"},"primaryImageOfPage":{"@id":"https:\/\/dmcsrb.com\/podgorica\/pocelo-ukrasavanje-jelke-na-trgu-nezavisnosti\/#primaryimage"},"image":{"@id":"https:\/\/dmcsrb.com\/podgorica\/pocelo-ukrasavanje-jelke-na-trgu-nezavisnosti\/#primaryimage"},"thumbnailUrl":"https:\/\/dmcsrb.com\/wp-content\/uploads\/2026\/01\/Screenshot-2025-12-11-122314.jpg","datePublished":"2025-12-11T10:33:55+00:00","author":{"@id":"https:\/\/dmcsrb.com\/#\/schema\/person\/5c39170f12db1b8b457732d0b5c854e2"},"breadcrumb":{"@id":"https:\/\/dmcsrb.com\/podgorica\/pocelo-ukrasavanje-jelke-na-trgu-nezavisnosti\/#breadcrumb"},"inLanguage":"en-GB","potentialAction":[{"@type":"ReadAction","target":["https:\/\/dmcsrb.com\/podgorica\/pocelo-ukrasavanje-jelke-na-trgu-nezavisnosti\/"]}]},{"@type":"ImageObject","inLanguage":"en-GB","@id":"https:\/\/dmcsrb.com\/podgorica\/pocelo-ukrasavanje-jelke-na-trgu-nezavisnosti\/#primaryimage","url":"https:\/\/dmcsrb.com\/wp-content\/uploads\/2026\/01\/Screenshot-2025-12-11-122314.jpg","contentUrl":"https:\/\/dmcsrb.com\/wp-content\/uploads\/2026\/01\/Screenshot-2025-12-11-122314.jpg","width":420,"height":681},{"@type":"BreadcrumbList","@id":"https:\/\/dmcsrb.com\/podgorica\/pocelo-ukrasavanje-jelke-na-trgu-nezavisnosti\/#breadcrumb","itemListElement":[{"@type":"ListItem","position":1,"name":"Home","item":"https:\/\/dmcsrb.com\/"},{"@type":"ListItem","position":2,"name":"Po\u010delo ukra\u0161avanje jelke na Trgu nezavisnosti"}]},{"@type":"WebSite","@id":"https:\/\/dmcsrb.com\/#website","url":"https:\/\/dmcsrb.com\/","name":"dmcsrb.com","description":"","potentialAction":[{"@type":"SearchAction","target":{"@type":"EntryPoint","urlTemplate":"https:\/\/dmcsrb.com\/?s={search_term_string}"},"query-input":{"@type":"PropertyValueSpecification","valueRequired":true,"valueName":"search_term_string"}}],"inLanguage":"en-GB"},{"@type":"Person","@id":"https:\/\/dmcsrb.com\/#\/schema\/person\/5c39170f12db1b8b457732d0b5c854e2","name":"dmcsrbija.com@gmail.com","image":{"@type":"ImageObject","inLanguage":"en-GB","@id":"https:\/\/dmcsrb.com\/#\/schema\/person\/image\/","url":"https:\/\/secure.gravatar.com\/avatar\/68592660ad6347fad0fb587f8d5d8f1a7b44961362f56e4f2cd524feb87e9069?s=96&d=mm&r=g","contentUrl":"https:\/\/secure.gravatar.com\/avatar\/68592660ad6347fad0fb587f8d5d8f1a7b44961362f56e4f2cd524feb87e9069?s=96&d=mm&r=g","caption":"dmcsrbija.com@gmail.com"},"sameAs":["https:\/\/dmcsrb.com"],"url":"https:\/\/dmcsrb.com\/en\/author\/dmcsrbija-comgmail-com\/"}]}},"_links":{"self":[{"href":"https:\/\/dmcsrb.com\/en\/wp-json\/wp\/v2\/posts\/912561","targetHints":{"allow":["GET"]}}],"collection":[{"href":"https:\/\/dmcsrb.com\/en\/wp-json\/wp\/v2\/posts"}],"about":[{"href":"https:\/\/dmcsrb.com\/en\/wp-json\/wp\/v2\/types\/post"}],"author":[{"embeddable":true,"href":"https:\/\/dmcsrb.com\/en\/wp-json\/wp\/v2\/users\/1"}],"replies":[{"embeddable":true,"href":"https:\/\/dmcsrb.com\/en\/wp-json\/wp\/v2\/comments?post=912561"}],"version-history":[{"count":0,"href":"https:\/\/dmcsrb.com\/en\/wp-json\/wp\/v2\/posts\/912561\/revisions"}],"wp:featuredmedia":[{"embeddable":true,"href":"https:\/\/dmcsrb.com\/en\/wp-json\/wp\/v2\/media\/912562"}],"wp:attachment":[{"href":"https:\/\/dmcsrb.com\/en\/wp-json\/wp\/v2\/media?parent=912561"}],"wp:term":[{"taxonomy":"category","embeddable":true,"href":"https:\/\/dmcsrb.com\/en\/wp-json\/wp\/v2\/categories?post=912561"},{"taxonomy":"post_tag","embeddable":true,"href":"https:\/\/dmcsrb.com\/en\/wp-json\/wp\/v2\/tags?post=912561"},{"taxonomy":"naslovna","embeddable":true,"href":"https:\/\/dmcsrb.com\/en\/wp-json\/wp\/v2\/naslovna?post=912561"}],"curies":[{"name":"wp","href":"https:\/\/api.w.org\/{rel}","templated":true}]}}