{"id":912550,"date":"2025-12-11T11:44:21","date_gmt":"2025-12-11T10:44:21","guid":{"rendered":"https:\/\/dmcsrb.com\/uncategorized\/borovinic-bojovic-portal-odgovorno-org-vazan-iskorak-ka-modernizaciji-rada-skupstine-glavnog-grada\/"},"modified":"2025-12-11T11:44:21","modified_gmt":"2025-12-11T10:44:21","slug":"borovinic-bojovic-portal-odgovorno-org-vazan-iskorak-ka-modernizaciji-rada-skupstine-glavnog-grada","status":"publish","type":"post","link":"https:\/\/dmcsrb.com\/en\/drustvo\/borovinic-bojovic-portal-odgovorno-org-vazan-iskorak-ka-modernizaciji-rada-skupstine-glavnog-grada\/","title":{"rendered":"Borovini\u0107 Bojovi\u0107: Portal &#8220;Odgovorno.org&#8221; va\u017ean iskorak ka modernizaciji rada Skup\u0161tine Glavnog grada"},"content":{"rendered":"<p><\/p>\n\n\n\n<p>Digitalna platforma Skup\u0161tine Glavnog grada\u00a0<a href=\"https:\/\/odgovorno.org\/\">Odgovorno.org<\/a>\u00a0predstavlja savremen alat koji unapre\u0111uje transparentnost, omogu\u0107ava dvosmjernu komunikaciju i olak\u0161ava pristup gradskim servisima za gra\u0111ane Podgorice, potvr\u0111uju\u0107i time jasno opredjeljenje da se glas svakog gra\u0111anina \u010duje, cijeni i uva\u017eava, saop\u0161tila je Predsjednica Skup\u0161tine Glavnog grada, dr Jelena Borovini\u0107 Bojovi\u0107, na sve\u010danom predstavljanju nove digitalne usluge<\/p>\n\n\n\n<p>Borovini\u0107 Bojovi\u0107\u00a0kazala je da je platforma logi\u010dan nastavak napora koje je gradska Skup\u0161tina prethodnih mjeseci usmjeravala ka ve\u0107oj transparentnosti, otvorenosti i boljoj komunikaciji sa gra\u0111anima.<\/p>\n\n\n\n<p>Pojasnila je da je ideja o \u201eOdgovorno.org\u201c nastala iz svakodnevne saradnje sa gra\u0111anima, ali i iz potrebe za modernizacijom administrativnih procesa, kao i da je ovaj projekat dio \u0161ire transformacije ka savremenoj, digitalnoj i dostupnoj lokalnoj upravi.<\/p>\n\n\n\n<p>Borovini\u0107 Bojovi\u0107 je posebno osvrnula na iskustva iz razgovora sa profesorima informatike, koji su, kako je kazala, dali zna\u010dajan doprinos razvoju koncepta platforme.<\/p>\n\n\n\n<p>\u201ePlatforma Odgovorno.org ima za cilj uspostavljanje dvosmjerne komunikacije i ve\u0107u dostupnost gradskih servisa. Ona omogu\u0107ava da gra\u0111ani bez prepreka prona\u0111u sve \u0161to ih zanima o radu Skup\u0161tine. Institucije moraju da se pona\u0161aju odgovorno. Podgorica mora da \u010duje glas svakog svog gra\u0111anina, bez obzira na to gdje \u017eivi\u201c, poru\u010dila je Borovini\u0107 Bojovi\u0107.<\/p>\n\n\n\n<p>Portal \u201eOdgovorno.org\u201c realizovan je uz podr\u0161ku kompanije MTEL, kao primjer uspje\u0161ne saradnje institucija i dru\u0161tveno-odgovornih kompanija koje svojim znanjem, resursima i vizijom doprinose ja\u010danju digitalizacije i transparentnosti u na\u0161em dru\u0161tvu.<\/p>\n\n\n\n<p><strong>Direktor kompanije MTEL, Zoran Milovanovi\u0107<\/strong>&nbsp;kazao je da je u proteklih 18 godina stvorena izuzetno razvijena telekomunikaciona infrastruktura, izgra\u0111ena prema svjetskim i evropskim standardima, koja predstavlja osnovu za dalje uvo\u0111enje digitalnih servisa i nastavak digitalne transformacije.<\/p>\n\n\n\n<p>\u201eOno \u0161to je va\u017eno ista\u0107i jeste da nam je veoma zna\u010dajno i predstavlja posebnu \u010dast \u0161to smo imali priliku da u\u010destvujemo u jednom segmentu digitalne transformacije procesa Glavnog grada. Na taj na\u010din sigurni smo da \u0107e efikasnost odvijanja procesa biti podignuta na mnogo vi\u0161i nivo, a samim tim i zadovoljstvo gra\u0111ana, \u0161to nam je i osnovni cilj\u201c, istakao je Milovanovi\u0107.<\/p>\n\n\n\n<p>U ime&nbsp;<strong>kompanije Citrus<\/strong>&nbsp;<strong>codes<\/strong>, koja je tehni\u010dki omogu\u0107ila realizaciju ovog projekta,&nbsp;<strong>direktor kompanije Bojan Lozo&nbsp;<\/strong>je rekao da je projekat realizovao relativno mlad tim iz Podgorice, navode\u0107i da to potvr\u0111uje da kompleksna digitalna rje\u0161enja ne moraju biti autsorsovana van Crne Gore.<\/p>\n\n\n\n<p>\u201eOvaj projekat pokazuje da Podgorica ima sna\u017enu zajednicu stru\u010dnjaka koji mogu iznijeti ovako zahtjevne projekte, koji \u0107e na kraju slu\u017eiti svim gra\u0111anima kao alat i primjer\u201c, istakao je Lozo.<\/p>\n\n\n\n<p>On je kazao da \u010desto platforme olak\u0161avaju rad samo jednoj strani ili gra\u0111anima ili administraciji.<\/p>\n\n\n\n<p>\u201eOvdje imamo rje\u0161enje koje digitalno transformi\u0161e obje strane. Platforma olak\u0161ava i unapre\u0111uje rad administrativnih slu\u017ebenika, ali istovremeno zna\u010dajno skra\u0107uje i pojednostavljuje procese za gra\u0111ane\u201c, rekao je Lozo.<\/p>\n\n\n\n<p><a href=\"https:\/\/www.prcentar.me\/tag\/3064\"><\/a><\/p>","protected":false},"excerpt":{"rendered":"<p>Portal \u201eOdgovorno\u201c predstavlja va\u017ean iskorak ka modernizaciji rada Skup\u0161tine Glavnog grada, otvaranju institucija prema javnosti i ja\u010danju partnerstva sa zajednicom, kazala je predsjednica Skup\u0161tine Glavnog grada Jelena Borovini\u0107 -Bojovi\u0107.<\/p>","protected":false},"author":1,"featured_media":912551,"comment_status":"open","ping_status":"open","sticky":false,"template":"","format":"standard","meta":{"_acf_changed":false,"footnotes":""},"categories":[2],"tags":[574,1997],"naslovna":[],"class_list":["post-912550","post","type-post","status-publish","format-standard","has-post-thumbnail","hentry","category-drustvo","tag-jelena-borovinic-bojovic","tag-portal-odgovorno"],"acf":[],"yoast_head":"<!-- This site is optimized with the Yoast SEO plugin v27.4 - https:\/\/yoast.com\/product\/yoast-seo-wordpress\/ -->\n<title>Borovini\u0107 Bojovi\u0107: Portal &quot;Odgovorno.org&quot; va\u017ean iskorak ka modernizaciji rada Skup\u0161tine Glavnog grada - dmcsrb.com<\/title>\n<meta name=\"robots\" content=\"index, follow, max-snippet:-1, max-image-preview:large, max-video-preview:-1\" \/>\n<link rel=\"canonical\" href=\"https:\/\/dmcsrb.com\/en\/drustvo\/borovinic-bojovic-portal-odgovorno-org-vazan-iskorak-ka-modernizaciji-rada-skupstine-glavnog-grada\/\" \/>\n<meta property=\"og:locale\" content=\"en_GB\" \/>\n<meta property=\"og:type\" content=\"article\" \/>\n<meta property=\"og:title\" content=\"Borovini\u0107 Bojovi\u0107: Portal &quot;Odgovorno.org&quot; va\u017ean iskorak ka modernizaciji rada Skup\u0161tine Glavnog grada - dmcsrb.com\" \/>\n<meta property=\"og:description\" content=\"Portal \u201eOdgovorno\u201c predstavlja va\u017ean iskorak ka modernizaciji rada Skup\u0161tine Glavnog grada, otvaranju institucija prema javnosti i ja\u010danju partnerstva sa zajednicom, kazala je predsjednica Skup\u0161tine Glavnog grada Jelena Borovini\u0107 -Bojovi\u0107.\" \/>\n<meta property=\"og:url\" content=\"https:\/\/dmcsrb.com\/en\/drustvo\/borovinic-bojovic-portal-odgovorno-org-vazan-iskorak-ka-modernizaciji-rada-skupstine-glavnog-grada\/\" \/>\n<meta property=\"og:site_name\" content=\"dmcsrb.com\" \/>\n<meta property=\"article:published_time\" content=\"2025-12-11T10:44:21+00:00\" \/>\n<meta property=\"og:image\" content=\"https:\/\/dmcsrb.com\/wp-content\/uploads\/2026\/01\/viber_image_2025-12-11_12-31-29-698.jpg\" \/>\n\t<meta property=\"og:image:width\" content=\"800\" \/>\n\t<meta property=\"og:image:height\" content=\"533\" \/>\n\t<meta property=\"og:image:type\" content=\"image\/jpeg\" \/>\n<meta name=\"author\" content=\"dmcsrbija.com@gmail.com\" \/>\n<meta name=\"twitter:card\" content=\"summary_large_image\" \/>\n<meta name=\"twitter:label1\" content=\"Written by\" \/>\n\t<meta name=\"twitter:data1\" content=\"dmcsrbija.com@gmail.com\" \/>\n\t<meta name=\"twitter:label2\" content=\"Estimated reading time\" \/>\n\t<meta name=\"twitter:data2\" content=\"2 minutes\" \/>\n<script type=\"application\/ld+json\" class=\"yoast-schema-graph\">{\"@context\":\"https:\\\/\\\/schema.org\",\"@graph\":[{\"@type\":\"Article\",\"@id\":\"https:\\\/\\\/dmcsrb.com\\\/drustvo\\\/borovinic-bojovic-portal-odgovorno-org-vazan-iskorak-ka-modernizaciji-rada-skupstine-glavnog-grada\\\/#article\",\"isPartOf\":{\"@id\":\"https:\\\/\\\/dmcsrb.com\\\/drustvo\\\/borovinic-bojovic-portal-odgovorno-org-vazan-iskorak-ka-modernizaciji-rada-skupstine-glavnog-grada\\\/\"},\"author\":{\"name\":\"dmcsrbija.com@gmail.com\",\"@id\":\"https:\\\/\\\/dmcsrb.com\\\/#\\\/schema\\\/person\\\/5c39170f12db1b8b457732d0b5c854e2\"},\"headline\":\"Borovini\u0107 Bojovi\u0107: Portal &#8220;Odgovorno.org&#8221; va\u017ean iskorak ka modernizaciji rada Skup\u0161tine Glavnog grada\",\"datePublished\":\"2025-12-11T10:44:21+00:00\",\"mainEntityOfPage\":{\"@id\":\"https:\\\/\\\/dmcsrb.com\\\/drustvo\\\/borovinic-bojovic-portal-odgovorno-org-vazan-iskorak-ka-modernizaciji-rada-skupstine-glavnog-grada\\\/\"},\"wordCount\":511,\"commentCount\":0,\"image\":{\"@id\":\"https:\\\/\\\/dmcsrb.com\\\/drustvo\\\/borovinic-bojovic-portal-odgovorno-org-vazan-iskorak-ka-modernizaciji-rada-skupstine-glavnog-grada\\\/#primaryimage\"},\"thumbnailUrl\":\"https:\\\/\\\/dmcsrb.com\\\/wp-content\\\/uploads\\\/2026\\\/01\\\/viber_image_2025-12-11_12-31-29-698.jpg\",\"keywords\":[\"Jelena Borovini\u0107 Bojovi\u0107\",\"portal Odgovorno\"],\"articleSection\":[\"Dru\u0161tvo\"],\"inLanguage\":\"en-GB\",\"potentialAction\":[{\"@type\":\"CommentAction\",\"name\":\"Comment\",\"target\":[\"https:\\\/\\\/dmcsrb.com\\\/drustvo\\\/borovinic-bojovic-portal-odgovorno-org-vazan-iskorak-ka-modernizaciji-rada-skupstine-glavnog-grada\\\/#respond\"]}]},{\"@type\":\"WebPage\",\"@id\":\"https:\\\/\\\/dmcsrb.com\\\/drustvo\\\/borovinic-bojovic-portal-odgovorno-org-vazan-iskorak-ka-modernizaciji-rada-skupstine-glavnog-grada\\\/\",\"url\":\"https:\\\/\\\/dmcsrb.com\\\/drustvo\\\/borovinic-bojovic-portal-odgovorno-org-vazan-iskorak-ka-modernizaciji-rada-skupstine-glavnog-grada\\\/\",\"name\":\"Borovini\u0107 Bojovi\u0107: Portal \\\"Odgovorno.org\\\" va\u017ean iskorak ka modernizaciji rada Skup\u0161tine Glavnog grada - dmcsrb.com\",\"isPartOf\":{\"@id\":\"https:\\\/\\\/dmcsrb.com\\\/#website\"},\"primaryImageOfPage\":{\"@id\":\"https:\\\/\\\/dmcsrb.com\\\/drustvo\\\/borovinic-bojovic-portal-odgovorno-org-vazan-iskorak-ka-modernizaciji-rada-skupstine-glavnog-grada\\\/#primaryimage\"},\"image\":{\"@id\":\"https:\\\/\\\/dmcsrb.com\\\/drustvo\\\/borovinic-bojovic-portal-odgovorno-org-vazan-iskorak-ka-modernizaciji-rada-skupstine-glavnog-grada\\\/#primaryimage\"},\"thumbnailUrl\":\"https:\\\/\\\/dmcsrb.com\\\/wp-content\\\/uploads\\\/2026\\\/01\\\/viber_image_2025-12-11_12-31-29-698.jpg\",\"datePublished\":\"2025-12-11T10:44:21+00:00\",\"author\":{\"@id\":\"https:\\\/\\\/dmcsrb.com\\\/#\\\/schema\\\/person\\\/5c39170f12db1b8b457732d0b5c854e2\"},\"breadcrumb\":{\"@id\":\"https:\\\/\\\/dmcsrb.com\\\/drustvo\\\/borovinic-bojovic-portal-odgovorno-org-vazan-iskorak-ka-modernizaciji-rada-skupstine-glavnog-grada\\\/#breadcrumb\"},\"inLanguage\":\"en-GB\",\"potentialAction\":[{\"@type\":\"ReadAction\",\"target\":[\"https:\\\/\\\/dmcsrb.com\\\/drustvo\\\/borovinic-bojovic-portal-odgovorno-org-vazan-iskorak-ka-modernizaciji-rada-skupstine-glavnog-grada\\\/\"]}]},{\"@type\":\"ImageObject\",\"inLanguage\":\"en-GB\",\"@id\":\"https:\\\/\\\/dmcsrb.com\\\/drustvo\\\/borovinic-bojovic-portal-odgovorno-org-vazan-iskorak-ka-modernizaciji-rada-skupstine-glavnog-grada\\\/#primaryimage\",\"url\":\"https:\\\/\\\/dmcsrb.com\\\/wp-content\\\/uploads\\\/2026\\\/01\\\/viber_image_2025-12-11_12-31-29-698.jpg\",\"contentUrl\":\"https:\\\/\\\/dmcsrb.com\\\/wp-content\\\/uploads\\\/2026\\\/01\\\/viber_image_2025-12-11_12-31-29-698.jpg\",\"width\":800,\"height\":533},{\"@type\":\"BreadcrumbList\",\"@id\":\"https:\\\/\\\/dmcsrb.com\\\/drustvo\\\/borovinic-bojovic-portal-odgovorno-org-vazan-iskorak-ka-modernizaciji-rada-skupstine-glavnog-grada\\\/#breadcrumb\",\"itemListElement\":[{\"@type\":\"ListItem\",\"position\":1,\"name\":\"Home\",\"item\":\"https:\\\/\\\/dmcsrb.com\\\/\"},{\"@type\":\"ListItem\",\"position\":2,\"name\":\"Borovini\u0107 Bojovi\u0107: Portal &#8220;Odgovorno.org&#8221; va\u017ean iskorak ka modernizaciji rada Skup\u0161tine Glavnog grada\"}]},{\"@type\":\"WebSite\",\"@id\":\"https:\\\/\\\/dmcsrb.com\\\/#website\",\"url\":\"https:\\\/\\\/dmcsrb.com\\\/\",\"name\":\"dmcsrb.com\",\"description\":\"\",\"potentialAction\":[{\"@type\":\"SearchAction\",\"target\":{\"@type\":\"EntryPoint\",\"urlTemplate\":\"https:\\\/\\\/dmcsrb.com\\\/?s={search_term_string}\"},\"query-input\":{\"@type\":\"PropertyValueSpecification\",\"valueRequired\":true,\"valueName\":\"search_term_string\"}}],\"inLanguage\":\"en-GB\"},{\"@type\":\"Person\",\"@id\":\"https:\\\/\\\/dmcsrb.com\\\/#\\\/schema\\\/person\\\/5c39170f12db1b8b457732d0b5c854e2\",\"name\":\"dmcsrbija.com@gmail.com\",\"image\":{\"@type\":\"ImageObject\",\"inLanguage\":\"en-GB\",\"@id\":\"https:\\\/\\\/secure.gravatar.com\\\/avatar\\\/68592660ad6347fad0fb587f8d5d8f1a7b44961362f56e4f2cd524feb87e9069?s=96&d=mm&r=g\",\"url\":\"https:\\\/\\\/secure.gravatar.com\\\/avatar\\\/68592660ad6347fad0fb587f8d5d8f1a7b44961362f56e4f2cd524feb87e9069?s=96&d=mm&r=g\",\"contentUrl\":\"https:\\\/\\\/secure.gravatar.com\\\/avatar\\\/68592660ad6347fad0fb587f8d5d8f1a7b44961362f56e4f2cd524feb87e9069?s=96&d=mm&r=g\",\"caption\":\"dmcsrbija.com@gmail.com\"},\"sameAs\":[\"https:\\\/\\\/dmcsrb.com\"],\"url\":\"https:\\\/\\\/dmcsrb.com\\\/en\\\/author\\\/dmcsrbija-comgmail-com\\\/\"}]}<\/script>\n<!-- \/ Yoast SEO plugin. -->","yoast_head_json":{"title":"Borovini\u0107 Bojovi\u0107: Portal \"Odgovorno.org\" va\u017ean iskorak ka modernizaciji rada Skup\u0161tine Glavnog grada - dmcsrb.com","robots":{"index":"index","follow":"follow","max-snippet":"max-snippet:-1","max-image-preview":"max-image-preview:large","max-video-preview":"max-video-preview:-1"},"canonical":"https:\/\/dmcsrb.com\/en\/drustvo\/borovinic-bojovic-portal-odgovorno-org-vazan-iskorak-ka-modernizaciji-rada-skupstine-glavnog-grada\/","og_locale":"en_GB","og_type":"article","og_title":"Borovini\u0107 Bojovi\u0107: Portal \"Odgovorno.org\" va\u017ean iskorak ka modernizaciji rada Skup\u0161tine Glavnog grada - dmcsrb.com","og_description":"Portal \u201eOdgovorno\u201c predstavlja va\u017ean iskorak ka modernizaciji rada Skup\u0161tine Glavnog grada, otvaranju institucija prema javnosti i ja\u010danju partnerstva sa zajednicom, kazala je predsjednica Skup\u0161tine Glavnog grada Jelena Borovini\u0107 -Bojovi\u0107.","og_url":"https:\/\/dmcsrb.com\/en\/drustvo\/borovinic-bojovic-portal-odgovorno-org-vazan-iskorak-ka-modernizaciji-rada-skupstine-glavnog-grada\/","og_site_name":"dmcsrb.com","article_published_time":"2025-12-11T10:44:21+00:00","og_image":[{"width":800,"height":533,"url":"https:\/\/dmcsrb.com\/wp-content\/uploads\/2026\/01\/viber_image_2025-12-11_12-31-29-698.jpg","type":"image\/jpeg"}],"author":"dmcsrbija.com@gmail.com","twitter_card":"summary_large_image","twitter_misc":{"Written by":"dmcsrbija.com@gmail.com","Estimated reading time":"2 minutes"},"schema":{"@context":"https:\/\/schema.org","@graph":[{"@type":"Article","@id":"https:\/\/dmcsrb.com\/drustvo\/borovinic-bojovic-portal-odgovorno-org-vazan-iskorak-ka-modernizaciji-rada-skupstine-glavnog-grada\/#article","isPartOf":{"@id":"https:\/\/dmcsrb.com\/drustvo\/borovinic-bojovic-portal-odgovorno-org-vazan-iskorak-ka-modernizaciji-rada-skupstine-glavnog-grada\/"},"author":{"name":"dmcsrbija.com@gmail.com","@id":"https:\/\/dmcsrb.com\/#\/schema\/person\/5c39170f12db1b8b457732d0b5c854e2"},"headline":"Borovini\u0107 Bojovi\u0107: Portal &#8220;Odgovorno.org&#8221; va\u017ean iskorak ka modernizaciji rada Skup\u0161tine Glavnog grada","datePublished":"2025-12-11T10:44:21+00:00","mainEntityOfPage":{"@id":"https:\/\/dmcsrb.com\/drustvo\/borovinic-bojovic-portal-odgovorno-org-vazan-iskorak-ka-modernizaciji-rada-skupstine-glavnog-grada\/"},"wordCount":511,"commentCount":0,"image":{"@id":"https:\/\/dmcsrb.com\/drustvo\/borovinic-bojovic-portal-odgovorno-org-vazan-iskorak-ka-modernizaciji-rada-skupstine-glavnog-grada\/#primaryimage"},"thumbnailUrl":"https:\/\/dmcsrb.com\/wp-content\/uploads\/2026\/01\/viber_image_2025-12-11_12-31-29-698.jpg","keywords":["Jelena Borovini\u0107 Bojovi\u0107","portal Odgovorno"],"articleSection":["Dru\u0161tvo"],"inLanguage":"en-GB","potentialAction":[{"@type":"CommentAction","name":"Comment","target":["https:\/\/dmcsrb.com\/drustvo\/borovinic-bojovic-portal-odgovorno-org-vazan-iskorak-ka-modernizaciji-rada-skupstine-glavnog-grada\/#respond"]}]},{"@type":"WebPage","@id":"https:\/\/dmcsrb.com\/drustvo\/borovinic-bojovic-portal-odgovorno-org-vazan-iskorak-ka-modernizaciji-rada-skupstine-glavnog-grada\/","url":"https:\/\/dmcsrb.com\/drustvo\/borovinic-bojovic-portal-odgovorno-org-vazan-iskorak-ka-modernizaciji-rada-skupstine-glavnog-grada\/","name":"Borovini\u0107 Bojovi\u0107: Portal \"Odgovorno.org\" va\u017ean iskorak ka modernizaciji rada Skup\u0161tine Glavnog grada - dmcsrb.com","isPartOf":{"@id":"https:\/\/dmcsrb.com\/#website"},"primaryImageOfPage":{"@id":"https:\/\/dmcsrb.com\/drustvo\/borovinic-bojovic-portal-odgovorno-org-vazan-iskorak-ka-modernizaciji-rada-skupstine-glavnog-grada\/#primaryimage"},"image":{"@id":"https:\/\/dmcsrb.com\/drustvo\/borovinic-bojovic-portal-odgovorno-org-vazan-iskorak-ka-modernizaciji-rada-skupstine-glavnog-grada\/#primaryimage"},"thumbnailUrl":"https:\/\/dmcsrb.com\/wp-content\/uploads\/2026\/01\/viber_image_2025-12-11_12-31-29-698.jpg","datePublished":"2025-12-11T10:44:21+00:00","author":{"@id":"https:\/\/dmcsrb.com\/#\/schema\/person\/5c39170f12db1b8b457732d0b5c854e2"},"breadcrumb":{"@id":"https:\/\/dmcsrb.com\/drustvo\/borovinic-bojovic-portal-odgovorno-org-vazan-iskorak-ka-modernizaciji-rada-skupstine-glavnog-grada\/#breadcrumb"},"inLanguage":"en-GB","potentialAction":[{"@type":"ReadAction","target":["https:\/\/dmcsrb.com\/drustvo\/borovinic-bojovic-portal-odgovorno-org-vazan-iskorak-ka-modernizaciji-rada-skupstine-glavnog-grada\/"]}]},{"@type":"ImageObject","inLanguage":"en-GB","@id":"https:\/\/dmcsrb.com\/drustvo\/borovinic-bojovic-portal-odgovorno-org-vazan-iskorak-ka-modernizaciji-rada-skupstine-glavnog-grada\/#primaryimage","url":"https:\/\/dmcsrb.com\/wp-content\/uploads\/2026\/01\/viber_image_2025-12-11_12-31-29-698.jpg","contentUrl":"https:\/\/dmcsrb.com\/wp-content\/uploads\/2026\/01\/viber_image_2025-12-11_12-31-29-698.jpg","width":800,"height":533},{"@type":"BreadcrumbList","@id":"https:\/\/dmcsrb.com\/drustvo\/borovinic-bojovic-portal-odgovorno-org-vazan-iskorak-ka-modernizaciji-rada-skupstine-glavnog-grada\/#breadcrumb","itemListElement":[{"@type":"ListItem","position":1,"name":"Home","item":"https:\/\/dmcsrb.com\/"},{"@type":"ListItem","position":2,"name":"Borovini\u0107 Bojovi\u0107: Portal &#8220;Odgovorno.org&#8221; va\u017ean iskorak ka modernizaciji rada Skup\u0161tine Glavnog grada"}]},{"@type":"WebSite","@id":"https:\/\/dmcsrb.com\/#website","url":"https:\/\/dmcsrb.com\/","name":"dmcsrb.com","description":"","potentialAction":[{"@type":"SearchAction","target":{"@type":"EntryPoint","urlTemplate":"https:\/\/dmcsrb.com\/?s={search_term_string}"},"query-input":{"@type":"PropertyValueSpecification","valueRequired":true,"valueName":"search_term_string"}}],"inLanguage":"en-GB"},{"@type":"Person","@id":"https:\/\/dmcsrb.com\/#\/schema\/person\/5c39170f12db1b8b457732d0b5c854e2","name":"dmcsrbija.com@gmail.com","image":{"@type":"ImageObject","inLanguage":"en-GB","@id":"https:\/\/secure.gravatar.com\/avatar\/68592660ad6347fad0fb587f8d5d8f1a7b44961362f56e4f2cd524feb87e9069?s=96&d=mm&r=g","url":"https:\/\/secure.gravatar.com\/avatar\/68592660ad6347fad0fb587f8d5d8f1a7b44961362f56e4f2cd524feb87e9069?s=96&d=mm&r=g","contentUrl":"https:\/\/secure.gravatar.com\/avatar\/68592660ad6347fad0fb587f8d5d8f1a7b44961362f56e4f2cd524feb87e9069?s=96&d=mm&r=g","caption":"dmcsrbija.com@gmail.com"},"sameAs":["https:\/\/dmcsrb.com"],"url":"https:\/\/dmcsrb.com\/en\/author\/dmcsrbija-comgmail-com\/"}]}},"_links":{"self":[{"href":"https:\/\/dmcsrb.com\/en\/wp-json\/wp\/v2\/posts\/912550","targetHints":{"allow":["GET"]}}],"collection":[{"href":"https:\/\/dmcsrb.com\/en\/wp-json\/wp\/v2\/posts"}],"about":[{"href":"https:\/\/dmcsrb.com\/en\/wp-json\/wp\/v2\/types\/post"}],"author":[{"embeddable":true,"href":"https:\/\/dmcsrb.com\/en\/wp-json\/wp\/v2\/users\/1"}],"replies":[{"embeddable":true,"href":"https:\/\/dmcsrb.com\/en\/wp-json\/wp\/v2\/comments?post=912550"}],"version-history":[{"count":0,"href":"https:\/\/dmcsrb.com\/en\/wp-json\/wp\/v2\/posts\/912550\/revisions"}],"wp:featuredmedia":[{"embeddable":true,"href":"https:\/\/dmcsrb.com\/en\/wp-json\/wp\/v2\/media\/912551"}],"wp:attachment":[{"href":"https:\/\/dmcsrb.com\/en\/wp-json\/wp\/v2\/media?parent=912550"}],"wp:term":[{"taxonomy":"category","embeddable":true,"href":"https:\/\/dmcsrb.com\/en\/wp-json\/wp\/v2\/categories?post=912550"},{"taxonomy":"post_tag","embeddable":true,"href":"https:\/\/dmcsrb.com\/en\/wp-json\/wp\/v2\/tags?post=912550"},{"taxonomy":"naslovna","embeddable":true,"href":"https:\/\/dmcsrb.com\/en\/wp-json\/wp\/v2\/naslovna?post=912550"}],"curies":[{"name":"wp","href":"https:\/\/api.w.org\/{rel}","templated":true}]}}