{"id":912389,"date":"2025-12-10T16:00:00","date_gmt":"2025-12-10T15:00:00","guid":{"rendered":"https:\/\/dmcsrb.com\/uncategorized\/vlada-usvojila-nacionalni-klimatski-i-energetski-plan-i-zakon-o-prekogranicnoj-razmjeni-elektricne-energije-i-prirodnog-gasa\/"},"modified":"2025-12-10T16:00:00","modified_gmt":"2025-12-10T15:00:00","slug":"vlada-usvojila-nacionalni-klimatski-i-energetski-plan-i-zakon-o-prekogranicnoj-razmjeni-elektricne-energije-i-prirodnog-gasa","status":"publish","type":"post","link":"https:\/\/dmcsrb.com\/en\/ekonomija\/vlada-usvojila-nacionalni-klimatski-i-energetski-plan-i-zakon-o-prekogranicnoj-razmjeni-elektricne-energije-i-prirodnog-gasa\/","title":{"rendered":"Vlada usvojila Nacionalni klimatski i energetski plan i Zakon o prekograni\u010dnoj razmjeni elektri\u010dne energije i prirodnog gasa"},"content":{"rendered":"<p><\/p>\n\n\n\n<p>\u201cU proteklih osam mjeseci ulo\u017eili smo ogroman trud da privedemo kraju dva klju\u010dna dokumenta na koja se \u010deka godinama i koja su od presudnog zna\u010daja za na\u0161e evropske obaveze. Danas smo usvojili Nacionalni energetski i klimatski plan, krovnu strategiju koja jasno odre\u0111uje gdje Crna Gora treba da bude 2030. godine: 55 odsto manje emisija, najmanje 50 odsto obnovljivih izvora energije i sna\u017ean napredak u energetskoj efikasnosti. Ovo je plan koji omogu\u0107ava nove investicije, nove elektrane iz OIE, modernu mre\u017enu infrastrukturu i sigurnu tranziciju Pljevalja\u201d, saop\u0161tio je ministar energetike i rudarstva<\/p>\n\n\n\n<p>Prema njegovim rije\u010dima drugi dokument je Zakon o prekograni\u010dnoj razmjeni elektri\u010dne energije i gasa, jedan od najva\u017enijih zakona u oblasti energetike u ovom mandatu.<\/p>\n\n\n\n<p>\u201cOvo nije samo tehni\u010dko pitanje. Ovaj zakon nam otvara vrata jedinstvenom evropskom tr\u017ei\u0161tu, direktno uti\u010de na zatvaranje Poglavlja 15 i daje puni smisao povezivanju sa Italijom i EU tr\u017ei\u0161tem. To zna\u010di ve\u0107u sigurnost snabdijevanja, bolju konkurenciju, stabilnije cijene i bolju poziciju na\u0161e privrede. Posebno mi je va\u017eno \u0161to je najnoviji Izvje\u0161taj Evropske komisije potvrdio da smo ostvarili napredak, a dana\u0161nje odluke Vlade to najbolje potvr\u0111uju. Ovo su temelji energetski sigurnije, modernije i evropske Crne Gore i imamo razloga da budemo zadovoljni napretkom koji smo ostvarili\u201c, poru\u010dio je \u0160ahmanovi\u0107.<\/p>\n\n\n\n<p>Kako je kazao usvajanjem ova dva strate\u0161ka dokumenta, Crna Gora pravi sna\u017ean iskorak u procesu uskla\u0111ivanja sa evropskim energetskim pravilima. Nacionalni energetski i klimatski plan po prvi put integri\u0161e energetske, klimatske i razvojne politike u jedinstven okvir, daje jasne ciljeve i mjerljive rezultate, te postavlja temelje dugoro\u010dne energetske tranzicije Crne Gore. Njegova implementacija omogu\u0107i\u0107e br\u017ei razvoj obnovljivih izvora, modernizaciju elektroenergetske infrastrukture, ve\u0107u energetsku efikasnost, kao i efikasnije upravljanje emisijama i klimatskim rizicima.<\/p>\n\n\n\n<p>Zakon o prekograni\u010dnoj razmjeni elektri\u010dne energije i gasa predstavlja najobimniju reformu energetskog zakonodavstva u posljednjoj deceniji, prelazak sa osnovnog regulatornog okvira na puni evropski sistem tr\u017ei\u0161nih, tehni\u010dkih i bezbjednosnih pravila. Time se stvaraju preduslovi za u\u010de\u0161\u0107e Crne Gore u mehanizmima zajedni\u010dkog evropskog tr\u017ei\u0161ta, za ja\u010danje energetske sigurnosti i za razvoj konkurentnog okru\u017eenja koje podsti\u010de investicije.<\/p>\n\n\n\n<p>\u201cOva dva dokumenta zajedno predstavljaju najva\u017eniji reformski paket u sektoru energetike u posljednjim godinama, potpuno uskla\u0111en sa evropskom legislativom i strate\u0161kim prioritetima EU. Oni ja\u010daju kredibilitet Crne Gore u procesu pregovora, otvaraju nove ekonomske i razvojne mogu\u0107nosti i stvaraju temelje otpornog, modernog i odr\u017eivog energetskog sistema. Vlada Crne Gore i ministarstvo energetike i rudarstva \u0107e nastaviti sprovo\u0111enje energetskih i klimatskih reformi, uz uvjerenje da \u0107e ostvareni napredak omogu\u0107iti jo\u0161 br\u017ee pribli\u017eavanje Evropskoj uniji i sigurniju energetsku budu\u0107nost za gra\u0111ane i privredu\u201d, zaklju\u010dio je on.<\/p>","protected":false},"excerpt":{"rendered":"<p>Vlada je na dana\u0161njoj sjednici usvojila Nacionalni klimatski i energetski plan i Zakon o prekograni\u010dnoj razmjeni elektri\u010dne energije i prirodnog gasa.<\/p>","protected":false},"author":1,"featured_media":912390,"comment_status":"open","ping_status":"open","sticky":false,"template":"","format":"standard","meta":{"_acf_changed":false,"footnotes":""},"categories":[27],"tags":[1808,1809],"naslovna":[],"class_list":["post-912389","post","type-post","status-publish","format-standard","has-post-thumbnail","hentry","category-ekonomija","tag-admir-sahmanovic","tag-ministarstvo-energetike-i-rudarstva"],"acf":[],"yoast_head":"<!-- This site is optimized with the Yoast SEO plugin v27.0 - https:\/\/yoast.com\/product\/yoast-seo-wordpress\/ -->\n<title>Vlada usvojila Nacionalni klimatski i energetski plan i Zakon o prekograni\u010dnoj razmjeni elektri\u010dne energije i prirodnog gasa - dmcsrb.com<\/title>\n<meta name=\"robots\" content=\"index, follow, max-snippet:-1, max-image-preview:large, max-video-preview:-1\" \/>\n<link rel=\"canonical\" href=\"https:\/\/dmcsrb.com\/en\/ekonomija\/vlada-usvojila-nacionalni-klimatski-i-energetski-plan-i-zakon-o-prekogranicnoj-razmjeni-elektricne-energije-i-prirodnog-gasa\/\" \/>\n<meta property=\"og:locale\" content=\"en_GB\" \/>\n<meta property=\"og:type\" content=\"article\" \/>\n<meta property=\"og:title\" content=\"Vlada usvojila Nacionalni klimatski i energetski plan i Zakon o prekograni\u010dnoj razmjeni elektri\u010dne energije i prirodnog gasa - dmcsrb.com\" \/>\n<meta property=\"og:description\" content=\"Vlada je na dana\u0161njoj sjednici usvojila Nacionalni klimatski i energetski plan i Zakon o prekograni\u010dnoj razmjeni elektri\u010dne energije i prirodnog gasa.\" \/>\n<meta property=\"og:url\" content=\"https:\/\/dmcsrb.com\/en\/ekonomija\/vlada-usvojila-nacionalni-klimatski-i-energetski-plan-i-zakon-o-prekogranicnoj-razmjeni-elektricne-energije-i-prirodnog-gasa\/\" \/>\n<meta property=\"og:site_name\" content=\"dmcsrb.com\" \/>\n<meta property=\"article:published_time\" content=\"2025-12-10T15:00:00+00:00\" \/>\n<meta property=\"og:image\" content=\"https:\/\/dmcsrb.com\/wp-content\/uploads\/2026\/01\/admir-sahmanovic.jpg\" \/>\n\t<meta property=\"og:image:width\" content=\"960\" \/>\n\t<meta property=\"og:image:height\" content=\"600\" \/>\n\t<meta property=\"og:image:type\" content=\"image\/jpeg\" \/>\n<meta name=\"author\" content=\"dmcsrbija.com@gmail.com\" \/>\n<meta name=\"twitter:card\" content=\"summary_large_image\" \/>\n<meta name=\"twitter:label1\" content=\"Written by\" \/>\n\t<meta name=\"twitter:data1\" content=\"dmcsrbija.com@gmail.com\" \/>\n\t<meta name=\"twitter:label2\" content=\"Estimated reading time\" \/>\n\t<meta name=\"twitter:data2\" content=\"2 minutes\" \/>\n<script type=\"application\/ld+json\" class=\"yoast-schema-graph\">{\"@context\":\"https:\/\/schema.org\",\"@graph\":[{\"@type\":\"Article\",\"@id\":\"https:\/\/dmcsrb.com\/ekonomija\/vlada-usvojila-nacionalni-klimatski-i-energetski-plan-i-zakon-o-prekogranicnoj-razmjeni-elektricne-energije-i-prirodnog-gasa\/#article\",\"isPartOf\":{\"@id\":\"https:\/\/dmcsrb.com\/ekonomija\/vlada-usvojila-nacionalni-klimatski-i-energetski-plan-i-zakon-o-prekogranicnoj-razmjeni-elektricne-energije-i-prirodnog-gasa\/\"},\"author\":{\"name\":\"dmcsrbija.com@gmail.com\",\"@id\":\"https:\/\/dmcsrb.com\/#\/schema\/person\/5c39170f12db1b8b457732d0b5c854e2\"},\"headline\":\"Vlada usvojila Nacionalni klimatski i energetski plan i Zakon o prekograni\u010dnoj razmjeni elektri\u010dne energije i prirodnog gasa\",\"datePublished\":\"2025-12-10T15:00:00+00:00\",\"mainEntityOfPage\":{\"@id\":\"https:\/\/dmcsrb.com\/ekonomija\/vlada-usvojila-nacionalni-klimatski-i-energetski-plan-i-zakon-o-prekogranicnoj-razmjeni-elektricne-energije-i-prirodnog-gasa\/\"},\"wordCount\":490,\"commentCount\":0,\"image\":{\"@id\":\"https:\/\/dmcsrb.com\/ekonomija\/vlada-usvojila-nacionalni-klimatski-i-energetski-plan-i-zakon-o-prekogranicnoj-razmjeni-elektricne-energije-i-prirodnog-gasa\/#primaryimage\"},\"thumbnailUrl\":\"https:\/\/dmcsrb.com\/wp-content\/uploads\/2026\/01\/admir-sahmanovic.jpg\",\"keywords\":[\"Admir \u0160ahmanovi\u0107\",\"Ministarstvo energetike i rudarstva\"],\"articleSection\":[\"Ekonomija\"],\"inLanguage\":\"en-GB\",\"potentialAction\":[{\"@type\":\"CommentAction\",\"name\":\"Comment\",\"target\":[\"https:\/\/dmcsrb.com\/ekonomija\/vlada-usvojila-nacionalni-klimatski-i-energetski-plan-i-zakon-o-prekogranicnoj-razmjeni-elektricne-energije-i-prirodnog-gasa\/#respond\"]}]},{\"@type\":\"WebPage\",\"@id\":\"https:\/\/dmcsrb.com\/ekonomija\/vlada-usvojila-nacionalni-klimatski-i-energetski-plan-i-zakon-o-prekogranicnoj-razmjeni-elektricne-energije-i-prirodnog-gasa\/\",\"url\":\"https:\/\/dmcsrb.com\/ekonomija\/vlada-usvojila-nacionalni-klimatski-i-energetski-plan-i-zakon-o-prekogranicnoj-razmjeni-elektricne-energije-i-prirodnog-gasa\/\",\"name\":\"Vlada usvojila Nacionalni klimatski i energetski plan i Zakon o prekograni\u010dnoj razmjeni elektri\u010dne energije i prirodnog gasa - dmcsrb.com\",\"isPartOf\":{\"@id\":\"https:\/\/dmcsrb.com\/#website\"},\"primaryImageOfPage\":{\"@id\":\"https:\/\/dmcsrb.com\/ekonomija\/vlada-usvojila-nacionalni-klimatski-i-energetski-plan-i-zakon-o-prekogranicnoj-razmjeni-elektricne-energije-i-prirodnog-gasa\/#primaryimage\"},\"image\":{\"@id\":\"https:\/\/dmcsrb.com\/ekonomija\/vlada-usvojila-nacionalni-klimatski-i-energetski-plan-i-zakon-o-prekogranicnoj-razmjeni-elektricne-energije-i-prirodnog-gasa\/#primaryimage\"},\"thumbnailUrl\":\"https:\/\/dmcsrb.com\/wp-content\/uploads\/2026\/01\/admir-sahmanovic.jpg\",\"datePublished\":\"2025-12-10T15:00:00+00:00\",\"author\":{\"@id\":\"https:\/\/dmcsrb.com\/#\/schema\/person\/5c39170f12db1b8b457732d0b5c854e2\"},\"breadcrumb\":{\"@id\":\"https:\/\/dmcsrb.com\/ekonomija\/vlada-usvojila-nacionalni-klimatski-i-energetski-plan-i-zakon-o-prekogranicnoj-razmjeni-elektricne-energije-i-prirodnog-gasa\/#breadcrumb\"},\"inLanguage\":\"en-GB\",\"potentialAction\":[{\"@type\":\"ReadAction\",\"target\":[\"https:\/\/dmcsrb.com\/ekonomija\/vlada-usvojila-nacionalni-klimatski-i-energetski-plan-i-zakon-o-prekogranicnoj-razmjeni-elektricne-energije-i-prirodnog-gasa\/\"]}]},{\"@type\":\"ImageObject\",\"inLanguage\":\"en-GB\",\"@id\":\"https:\/\/dmcsrb.com\/ekonomija\/vlada-usvojila-nacionalni-klimatski-i-energetski-plan-i-zakon-o-prekogranicnoj-razmjeni-elektricne-energije-i-prirodnog-gasa\/#primaryimage\",\"url\":\"https:\/\/dmcsrb.com\/wp-content\/uploads\/2026\/01\/admir-sahmanovic.jpg\",\"contentUrl\":\"https:\/\/dmcsrb.com\/wp-content\/uploads\/2026\/01\/admir-sahmanovic.jpg\",\"width\":960,\"height\":600},{\"@type\":\"BreadcrumbList\",\"@id\":\"https:\/\/dmcsrb.com\/ekonomija\/vlada-usvojila-nacionalni-klimatski-i-energetski-plan-i-zakon-o-prekogranicnoj-razmjeni-elektricne-energije-i-prirodnog-gasa\/#breadcrumb\",\"itemListElement\":[{\"@type\":\"ListItem\",\"position\":1,\"name\":\"Home\",\"item\":\"https:\/\/dmcsrb.com\/\"},{\"@type\":\"ListItem\",\"position\":2,\"name\":\"Vlada usvojila Nacionalni klimatski i energetski plan i Zakon o prekograni\u010dnoj razmjeni elektri\u010dne energije i prirodnog gasa\"}]},{\"@type\":\"WebSite\",\"@id\":\"https:\/\/dmcsrb.com\/#website\",\"url\":\"https:\/\/dmcsrb.com\/\",\"name\":\"dmcsrb.com\",\"description\":\"\",\"potentialAction\":[{\"@type\":\"SearchAction\",\"target\":{\"@type\":\"EntryPoint\",\"urlTemplate\":\"https:\/\/dmcsrb.com\/?s={search_term_string}\"},\"query-input\":{\"@type\":\"PropertyValueSpecification\",\"valueRequired\":true,\"valueName\":\"search_term_string\"}}],\"inLanguage\":\"en-GB\"},{\"@type\":\"Person\",\"@id\":\"https:\/\/dmcsrb.com\/#\/schema\/person\/5c39170f12db1b8b457732d0b5c854e2\",\"name\":\"dmcsrbija.com@gmail.com\",\"image\":{\"@type\":\"ImageObject\",\"inLanguage\":\"en-GB\",\"@id\":\"https:\/\/dmcsrb.com\/#\/schema\/person\/image\/\",\"url\":\"https:\/\/secure.gravatar.com\/avatar\/68592660ad6347fad0fb587f8d5d8f1a7b44961362f56e4f2cd524feb87e9069?s=96&d=mm&r=g\",\"contentUrl\":\"https:\/\/secure.gravatar.com\/avatar\/68592660ad6347fad0fb587f8d5d8f1a7b44961362f56e4f2cd524feb87e9069?s=96&d=mm&r=g\",\"caption\":\"dmcsrbija.com@gmail.com\"},\"sameAs\":[\"https:\/\/dmcsrb.com\"],\"url\":\"https:\/\/dmcsrb.com\/en\/author\/dmcsrbija-comgmail-com\/\"}]}<\/script>\n<!-- \/ Yoast SEO plugin. -->","yoast_head_json":{"title":"Vlada usvojila Nacionalni klimatski i energetski plan i Zakon o prekograni\u010dnoj razmjeni elektri\u010dne energije i prirodnog gasa - dmcsrb.com","robots":{"index":"index","follow":"follow","max-snippet":"max-snippet:-1","max-image-preview":"max-image-preview:large","max-video-preview":"max-video-preview:-1"},"canonical":"https:\/\/dmcsrb.com\/en\/ekonomija\/vlada-usvojila-nacionalni-klimatski-i-energetski-plan-i-zakon-o-prekogranicnoj-razmjeni-elektricne-energije-i-prirodnog-gasa\/","og_locale":"en_GB","og_type":"article","og_title":"Vlada usvojila Nacionalni klimatski i energetski plan i Zakon o prekograni\u010dnoj razmjeni elektri\u010dne energije i prirodnog gasa - dmcsrb.com","og_description":"Vlada je na dana\u0161njoj sjednici usvojila Nacionalni klimatski i energetski plan i Zakon o prekograni\u010dnoj razmjeni elektri\u010dne energije i prirodnog gasa.","og_url":"https:\/\/dmcsrb.com\/en\/ekonomija\/vlada-usvojila-nacionalni-klimatski-i-energetski-plan-i-zakon-o-prekogranicnoj-razmjeni-elektricne-energije-i-prirodnog-gasa\/","og_site_name":"dmcsrb.com","article_published_time":"2025-12-10T15:00:00+00:00","og_image":[{"width":960,"height":600,"url":"https:\/\/dmcsrb.com\/wp-content\/uploads\/2026\/01\/admir-sahmanovic.jpg","type":"image\/jpeg"}],"author":"dmcsrbija.com@gmail.com","twitter_card":"summary_large_image","twitter_misc":{"Written by":"dmcsrbija.com@gmail.com","Estimated reading time":"2 minutes"},"schema":{"@context":"https:\/\/schema.org","@graph":[{"@type":"Article","@id":"https:\/\/dmcsrb.com\/ekonomija\/vlada-usvojila-nacionalni-klimatski-i-energetski-plan-i-zakon-o-prekogranicnoj-razmjeni-elektricne-energije-i-prirodnog-gasa\/#article","isPartOf":{"@id":"https:\/\/dmcsrb.com\/ekonomija\/vlada-usvojila-nacionalni-klimatski-i-energetski-plan-i-zakon-o-prekogranicnoj-razmjeni-elektricne-energije-i-prirodnog-gasa\/"},"author":{"name":"dmcsrbija.com@gmail.com","@id":"https:\/\/dmcsrb.com\/#\/schema\/person\/5c39170f12db1b8b457732d0b5c854e2"},"headline":"Vlada usvojila Nacionalni klimatski i energetski plan i Zakon o prekograni\u010dnoj razmjeni elektri\u010dne energije i prirodnog gasa","datePublished":"2025-12-10T15:00:00+00:00","mainEntityOfPage":{"@id":"https:\/\/dmcsrb.com\/ekonomija\/vlada-usvojila-nacionalni-klimatski-i-energetski-plan-i-zakon-o-prekogranicnoj-razmjeni-elektricne-energije-i-prirodnog-gasa\/"},"wordCount":490,"commentCount":0,"image":{"@id":"https:\/\/dmcsrb.com\/ekonomija\/vlada-usvojila-nacionalni-klimatski-i-energetski-plan-i-zakon-o-prekogranicnoj-razmjeni-elektricne-energije-i-prirodnog-gasa\/#primaryimage"},"thumbnailUrl":"https:\/\/dmcsrb.com\/wp-content\/uploads\/2026\/01\/admir-sahmanovic.jpg","keywords":["Admir \u0160ahmanovi\u0107","Ministarstvo energetike i rudarstva"],"articleSection":["Ekonomija"],"inLanguage":"en-GB","potentialAction":[{"@type":"CommentAction","name":"Comment","target":["https:\/\/dmcsrb.com\/ekonomija\/vlada-usvojila-nacionalni-klimatski-i-energetski-plan-i-zakon-o-prekogranicnoj-razmjeni-elektricne-energije-i-prirodnog-gasa\/#respond"]}]},{"@type":"WebPage","@id":"https:\/\/dmcsrb.com\/ekonomija\/vlada-usvojila-nacionalni-klimatski-i-energetski-plan-i-zakon-o-prekogranicnoj-razmjeni-elektricne-energije-i-prirodnog-gasa\/","url":"https:\/\/dmcsrb.com\/ekonomija\/vlada-usvojila-nacionalni-klimatski-i-energetski-plan-i-zakon-o-prekogranicnoj-razmjeni-elektricne-energije-i-prirodnog-gasa\/","name":"Vlada usvojila Nacionalni klimatski i energetski plan i Zakon o prekograni\u010dnoj razmjeni elektri\u010dne energije i prirodnog gasa - dmcsrb.com","isPartOf":{"@id":"https:\/\/dmcsrb.com\/#website"},"primaryImageOfPage":{"@id":"https:\/\/dmcsrb.com\/ekonomija\/vlada-usvojila-nacionalni-klimatski-i-energetski-plan-i-zakon-o-prekogranicnoj-razmjeni-elektricne-energije-i-prirodnog-gasa\/#primaryimage"},"image":{"@id":"https:\/\/dmcsrb.com\/ekonomija\/vlada-usvojila-nacionalni-klimatski-i-energetski-plan-i-zakon-o-prekogranicnoj-razmjeni-elektricne-energije-i-prirodnog-gasa\/#primaryimage"},"thumbnailUrl":"https:\/\/dmcsrb.com\/wp-content\/uploads\/2026\/01\/admir-sahmanovic.jpg","datePublished":"2025-12-10T15:00:00+00:00","author":{"@id":"https:\/\/dmcsrb.com\/#\/schema\/person\/5c39170f12db1b8b457732d0b5c854e2"},"breadcrumb":{"@id":"https:\/\/dmcsrb.com\/ekonomija\/vlada-usvojila-nacionalni-klimatski-i-energetski-plan-i-zakon-o-prekogranicnoj-razmjeni-elektricne-energije-i-prirodnog-gasa\/#breadcrumb"},"inLanguage":"en-GB","potentialAction":[{"@type":"ReadAction","target":["https:\/\/dmcsrb.com\/ekonomija\/vlada-usvojila-nacionalni-klimatski-i-energetski-plan-i-zakon-o-prekogranicnoj-razmjeni-elektricne-energije-i-prirodnog-gasa\/"]}]},{"@type":"ImageObject","inLanguage":"en-GB","@id":"https:\/\/dmcsrb.com\/ekonomija\/vlada-usvojila-nacionalni-klimatski-i-energetski-plan-i-zakon-o-prekogranicnoj-razmjeni-elektricne-energije-i-prirodnog-gasa\/#primaryimage","url":"https:\/\/dmcsrb.com\/wp-content\/uploads\/2026\/01\/admir-sahmanovic.jpg","contentUrl":"https:\/\/dmcsrb.com\/wp-content\/uploads\/2026\/01\/admir-sahmanovic.jpg","width":960,"height":600},{"@type":"BreadcrumbList","@id":"https:\/\/dmcsrb.com\/ekonomija\/vlada-usvojila-nacionalni-klimatski-i-energetski-plan-i-zakon-o-prekogranicnoj-razmjeni-elektricne-energije-i-prirodnog-gasa\/#breadcrumb","itemListElement":[{"@type":"ListItem","position":1,"name":"Home","item":"https:\/\/dmcsrb.com\/"},{"@type":"ListItem","position":2,"name":"Vlada usvojila Nacionalni klimatski i energetski plan i Zakon o prekograni\u010dnoj razmjeni elektri\u010dne energije i prirodnog gasa"}]},{"@type":"WebSite","@id":"https:\/\/dmcsrb.com\/#website","url":"https:\/\/dmcsrb.com\/","name":"dmcsrb.com","description":"","potentialAction":[{"@type":"SearchAction","target":{"@type":"EntryPoint","urlTemplate":"https:\/\/dmcsrb.com\/?s={search_term_string}"},"query-input":{"@type":"PropertyValueSpecification","valueRequired":true,"valueName":"search_term_string"}}],"inLanguage":"en-GB"},{"@type":"Person","@id":"https:\/\/dmcsrb.com\/#\/schema\/person\/5c39170f12db1b8b457732d0b5c854e2","name":"dmcsrbija.com@gmail.com","image":{"@type":"ImageObject","inLanguage":"en-GB","@id":"https:\/\/dmcsrb.com\/#\/schema\/person\/image\/","url":"https:\/\/secure.gravatar.com\/avatar\/68592660ad6347fad0fb587f8d5d8f1a7b44961362f56e4f2cd524feb87e9069?s=96&d=mm&r=g","contentUrl":"https:\/\/secure.gravatar.com\/avatar\/68592660ad6347fad0fb587f8d5d8f1a7b44961362f56e4f2cd524feb87e9069?s=96&d=mm&r=g","caption":"dmcsrbija.com@gmail.com"},"sameAs":["https:\/\/dmcsrb.com"],"url":"https:\/\/dmcsrb.com\/en\/author\/dmcsrbija-comgmail-com\/"}]}},"_links":{"self":[{"href":"https:\/\/dmcsrb.com\/en\/wp-json\/wp\/v2\/posts\/912389","targetHints":{"allow":["GET"]}}],"collection":[{"href":"https:\/\/dmcsrb.com\/en\/wp-json\/wp\/v2\/posts"}],"about":[{"href":"https:\/\/dmcsrb.com\/en\/wp-json\/wp\/v2\/types\/post"}],"author":[{"embeddable":true,"href":"https:\/\/dmcsrb.com\/en\/wp-json\/wp\/v2\/users\/1"}],"replies":[{"embeddable":true,"href":"https:\/\/dmcsrb.com\/en\/wp-json\/wp\/v2\/comments?post=912389"}],"version-history":[{"count":0,"href":"https:\/\/dmcsrb.com\/en\/wp-json\/wp\/v2\/posts\/912389\/revisions"}],"wp:featuredmedia":[{"embeddable":true,"href":"https:\/\/dmcsrb.com\/en\/wp-json\/wp\/v2\/media\/912390"}],"wp:attachment":[{"href":"https:\/\/dmcsrb.com\/en\/wp-json\/wp\/v2\/media?parent=912389"}],"wp:term":[{"taxonomy":"category","embeddable":true,"href":"https:\/\/dmcsrb.com\/en\/wp-json\/wp\/v2\/categories?post=912389"},{"taxonomy":"post_tag","embeddable":true,"href":"https:\/\/dmcsrb.com\/en\/wp-json\/wp\/v2\/tags?post=912389"},{"taxonomy":"naslovna","embeddable":true,"href":"https:\/\/dmcsrb.com\/en\/wp-json\/wp\/v2\/naslovna?post=912389"}],"curies":[{"name":"wp","href":"https:\/\/api.w.org\/{rel}","templated":true}]}}