{"id":912304,"date":"2025-12-10T12:09:00","date_gmt":"2025-12-10T11:09:00","guid":{"rendered":"https:\/\/dmcsrb.com\/uncategorized\/mvp-palestinski-narod-ce-ostati-na-svojoj-zemlji-drzeci-se-svog-prava-na-slobodu-2\/"},"modified":"2025-12-10T12:09:00","modified_gmt":"2025-12-10T11:09:00","slug":"mvp-palestinski-narod-ce-ostati-na-svojoj-zemlji-drzeci-se-svog-prava-na-slobodu-2","status":"publish","type":"post","link":"https:\/\/dmcsrb.com\/en\/drustvo\/mvp-palestinski-narod-ce-ostati-na-svojoj-zemlji-drzeci-se-svog-prava-na-slobodu-2\/","title":{"rendered":"MVP: Palestinski narod \u0107e ostati na svojoj zemlji, dr\u017ee\u0107i se svog prava na slobodu"},"content":{"rendered":"<p><\/p>\n\n\n\n<p>&#8220;Ovaj potez ima za cilj pro\u0161irenje kontrole nad palestinskom zemljom, u\u010dvr\u0161\u0107ivanje re\u017eima aparthejda, kolonizacije i politike judaizacije koja o\u010dito kr\u0161i me\u0111unarodno pravo i potkopava prava palestinskog naroda. Izrael, okupaciona sila, \u017eeli odr\u017eati regiju u stanju napetosti i uni\u0161titi sve mogu\u0107nosti za mir i stabilnost&#8221;, kako ka\u017eu iz Ministarstva.<\/p>\n\n\n\n<p>Najavljeni plan, kako obja\u0161njavaju, uklju\u010duje nevi\u0111eni priliv sredstava za pro\u0161irenje ilegalnih naselja, izgradnju novih putnih mre\u017ea i oduzimanje zemlji\u0161ta za kolonijalni projekat. <\/p>\n\n\n\n<p>&#8220;Ovo se doga\u0111a paralelno s eskalacijom izraelskih vojnih agresija i terorizma doseljenika na okupiranoj Zapadnoj obali, u poku\u0161aju nametanja ilegalne stvarnosti silom i terorom, raseljavanjem i istrebljenjem na\u0161eg naroda.<br>Ova izraelska odluka predstavlja slu\u017ebenu izjavu o njihovim namjerama da po\u010dine dodatne ratne zlo\u010dine&#8221;, naveli su u saop\u0161tenju.<\/p>\n\n\n\n<p>Ministarstvo nagla\u0161ava potrebu za hitnom i efikasnom me\u0111unarodnom akcijom koja mo\u017ee obuzdati ove agresivne politike, izvr\u0161iti pritisak na ekstremisti\u010dku okupacionu vladu svim diplomatskim, ekonomskim, pravnim i politi\u010dkim sredstvima, okon\u010dati prakse koje ugro\u017eavaju sigurnost i stabilnost u cijeloj regiji i za\u0161tititi ono \u0161to je preostalo od mogu\u0107nosti za postizanje pravednog i sveobuhvatnog mira.<\/p>\n\n\n\n<p>Ministarstvo tako\u0111e nagla\u0161ava va\u017enost uvjeravanja ameri\u010dkog predsjednika Donalda Trampa kojim se odbacuju izraelske aktivnosti naseljavanja i poku\u0161aji aneksije, te nagla\u0161ava potrebu za trenutnim prelaskom na drugu fazu plana prekida vatre i ubrzavanjem aran\u017emana za oporavak i rekonstrukciju u Pojasu Gaze, smatraju\u0107i ovo hitnom humanitarnom i politi\u010dkom odgovorno\u0161\u0107u koja ne mo\u017ee tolerisati nikakvo odlaganje.<\/p>\n\n\n\n<p><br>&#8220;Palestinski narod \u0107e ostati na svojoj zemlji, dr\u017ee\u0107i se svog prava na slobodu i tvrdi da svi nezakoniti jednostrani koraci koje je preduzeo Izrael, okupaciona sila, ne\u0107e promijeniti stvarnost palestinskog postojanja, niti \u0107e dati legitimitet okupaciji&#8221;, poru\u010duju iz Ministarstva.<\/p>","protected":false},"excerpt":{"rendered":"<p>Ministarstvo vanjskih poslova i iseljenika o\u0161tro osu\u0111uje najavu izraelskih okupacionih vlasti o uspostavljanju 17 novih naselja na okupiranoj Zapadnoj obali, stoji u saop\u0161tenju.<\/p>","protected":false},"author":1,"featured_media":910988,"comment_status":"open","ping_status":"open","sticky":false,"template":"","format":"standard","meta":{"_acf_changed":false,"footnotes":""},"categories":[2],"tags":[751,595,752],"naslovna":[],"class_list":["post-912304","post","type-post","status-publish","format-standard","has-post-thumbnail","hentry","category-drustvo","tag-izrael","tag-mvp","tag-palestina"],"acf":[],"yoast_head":"<!-- This site is optimized with the Yoast SEO plugin v27.0 - https:\/\/yoast.com\/product\/yoast-seo-wordpress\/ -->\n<title>MVP: Palestinski narod \u0107e ostati na svojoj zemlji, dr\u017ee\u0107i se svog prava na slobodu - dmcsrb.com<\/title>\n<meta name=\"robots\" content=\"index, follow, max-snippet:-1, max-image-preview:large, max-video-preview:-1\" \/>\n<link rel=\"canonical\" href=\"https:\/\/dmcsrb.com\/en\/drustvo\/mvp-palestinski-narod-ce-ostati-na-svojoj-zemlji-drzeci-se-svog-prava-na-slobodu-2\/\" \/>\n<meta property=\"og:locale\" content=\"en_GB\" \/>\n<meta property=\"og:type\" content=\"article\" \/>\n<meta property=\"og:title\" content=\"MVP: Palestinski narod \u0107e ostati na svojoj zemlji, dr\u017ee\u0107i se svog prava na slobodu - dmcsrb.com\" \/>\n<meta property=\"og:description\" content=\"Ministarstvo vanjskih poslova i iseljenika o\u0161tro osu\u0111uje najavu izraelskih okupacionih vlasti o uspostavljanju 17 novih naselja na okupiranoj Zapadnoj obali, stoji u saop\u0161tenju.\" \/>\n<meta property=\"og:url\" content=\"https:\/\/dmcsrb.com\/en\/drustvo\/mvp-palestinski-narod-ce-ostati-na-svojoj-zemlji-drzeci-se-svog-prava-na-slobodu-2\/\" \/>\n<meta property=\"og:site_name\" content=\"dmcsrb.com\" \/>\n<meta property=\"article:published_time\" content=\"2025-12-10T11:09:00+00:00\" \/>\n<meta property=\"og:image\" content=\"https:\/\/dmcsrb.com\/wp-content\/uploads\/2026\/01\/Ministarstvo-Vanjskih-poslova-1.jpg\" \/>\n\t<meta property=\"og:image:width\" content=\"1920\" \/>\n\t<meta property=\"og:image:height\" content=\"1080\" \/>\n\t<meta property=\"og:image:type\" content=\"image\/jpeg\" \/>\n<meta name=\"author\" content=\"dmcsrbija.com@gmail.com\" \/>\n<meta name=\"twitter:card\" content=\"summary_large_image\" \/>\n<meta name=\"twitter:label1\" content=\"Written by\" \/>\n\t<meta name=\"twitter:data1\" content=\"dmcsrbija.com@gmail.com\" \/>\n\t<meta name=\"twitter:label2\" content=\"Estimated reading time\" \/>\n\t<meta name=\"twitter:data2\" content=\"2 minutes\" \/>\n<script type=\"application\/ld+json\" class=\"yoast-schema-graph\">{\"@context\":\"https:\/\/schema.org\",\"@graph\":[{\"@type\":\"Article\",\"@id\":\"https:\/\/dmcsrb.com\/drustvo\/mvp-palestinski-narod-ce-ostati-na-svojoj-zemlji-drzeci-se-svog-prava-na-slobodu-2\/#article\",\"isPartOf\":{\"@id\":\"https:\/\/dmcsrb.com\/drustvo\/mvp-palestinski-narod-ce-ostati-na-svojoj-zemlji-drzeci-se-svog-prava-na-slobodu-2\/\"},\"author\":{\"name\":\"dmcsrbija.com@gmail.com\",\"@id\":\"https:\/\/dmcsrb.com\/#\/schema\/person\/5c39170f12db1b8b457732d0b5c854e2\"},\"headline\":\"MVP: Palestinski narod \u0107e ostati na svojoj zemlji, dr\u017ee\u0107i se svog prava na slobodu\",\"datePublished\":\"2025-12-10T11:09:00+00:00\",\"mainEntityOfPage\":{\"@id\":\"https:\/\/dmcsrb.com\/drustvo\/mvp-palestinski-narod-ce-ostati-na-svojoj-zemlji-drzeci-se-svog-prava-na-slobodu-2\/\"},\"wordCount\":326,\"commentCount\":0,\"image\":{\"@id\":\"https:\/\/dmcsrb.com\/drustvo\/mvp-palestinski-narod-ce-ostati-na-svojoj-zemlji-drzeci-se-svog-prava-na-slobodu-2\/#primaryimage\"},\"thumbnailUrl\":\"https:\/\/dmcsrb.com\/wp-content\/uploads\/2026\/01\/Ministarstvo-Vanjskih-poslova-1.jpg\",\"keywords\":[\"Izrael\",\"MVP\",\"palestina\"],\"articleSection\":[\"Dru\u0161tvo\"],\"inLanguage\":\"en-GB\",\"potentialAction\":[{\"@type\":\"CommentAction\",\"name\":\"Comment\",\"target\":[\"https:\/\/dmcsrb.com\/drustvo\/mvp-palestinski-narod-ce-ostati-na-svojoj-zemlji-drzeci-se-svog-prava-na-slobodu-2\/#respond\"]}]},{\"@type\":\"WebPage\",\"@id\":\"https:\/\/dmcsrb.com\/drustvo\/mvp-palestinski-narod-ce-ostati-na-svojoj-zemlji-drzeci-se-svog-prava-na-slobodu-2\/\",\"url\":\"https:\/\/dmcsrb.com\/drustvo\/mvp-palestinski-narod-ce-ostati-na-svojoj-zemlji-drzeci-se-svog-prava-na-slobodu-2\/\",\"name\":\"MVP: Palestinski narod \u0107e ostati na svojoj zemlji, dr\u017ee\u0107i se svog prava na slobodu - dmcsrb.com\",\"isPartOf\":{\"@id\":\"https:\/\/dmcsrb.com\/#website\"},\"primaryImageOfPage\":{\"@id\":\"https:\/\/dmcsrb.com\/drustvo\/mvp-palestinski-narod-ce-ostati-na-svojoj-zemlji-drzeci-se-svog-prava-na-slobodu-2\/#primaryimage\"},\"image\":{\"@id\":\"https:\/\/dmcsrb.com\/drustvo\/mvp-palestinski-narod-ce-ostati-na-svojoj-zemlji-drzeci-se-svog-prava-na-slobodu-2\/#primaryimage\"},\"thumbnailUrl\":\"https:\/\/dmcsrb.com\/wp-content\/uploads\/2026\/01\/Ministarstvo-Vanjskih-poslova-1.jpg\",\"datePublished\":\"2025-12-10T11:09:00+00:00\",\"author\":{\"@id\":\"https:\/\/dmcsrb.com\/#\/schema\/person\/5c39170f12db1b8b457732d0b5c854e2\"},\"breadcrumb\":{\"@id\":\"https:\/\/dmcsrb.com\/drustvo\/mvp-palestinski-narod-ce-ostati-na-svojoj-zemlji-drzeci-se-svog-prava-na-slobodu-2\/#breadcrumb\"},\"inLanguage\":\"en-GB\",\"potentialAction\":[{\"@type\":\"ReadAction\",\"target\":[\"https:\/\/dmcsrb.com\/drustvo\/mvp-palestinski-narod-ce-ostati-na-svojoj-zemlji-drzeci-se-svog-prava-na-slobodu-2\/\"]}]},{\"@type\":\"ImageObject\",\"inLanguage\":\"en-GB\",\"@id\":\"https:\/\/dmcsrb.com\/drustvo\/mvp-palestinski-narod-ce-ostati-na-svojoj-zemlji-drzeci-se-svog-prava-na-slobodu-2\/#primaryimage\",\"url\":\"https:\/\/dmcsrb.com\/wp-content\/uploads\/2026\/01\/Ministarstvo-Vanjskih-poslova-1.jpg\",\"contentUrl\":\"https:\/\/dmcsrb.com\/wp-content\/uploads\/2026\/01\/Ministarstvo-Vanjskih-poslova-1.jpg\",\"width\":1920,\"height\":1080},{\"@type\":\"BreadcrumbList\",\"@id\":\"https:\/\/dmcsrb.com\/drustvo\/mvp-palestinski-narod-ce-ostati-na-svojoj-zemlji-drzeci-se-svog-prava-na-slobodu-2\/#breadcrumb\",\"itemListElement\":[{\"@type\":\"ListItem\",\"position\":1,\"name\":\"Home\",\"item\":\"https:\/\/dmcsrb.com\/\"},{\"@type\":\"ListItem\",\"position\":2,\"name\":\"MVP: Palestinski narod \u0107e ostati na svojoj zemlji, dr\u017ee\u0107i se svog prava na slobodu\"}]},{\"@type\":\"WebSite\",\"@id\":\"https:\/\/dmcsrb.com\/#website\",\"url\":\"https:\/\/dmcsrb.com\/\",\"name\":\"dmcsrb.com\",\"description\":\"\",\"potentialAction\":[{\"@type\":\"SearchAction\",\"target\":{\"@type\":\"EntryPoint\",\"urlTemplate\":\"https:\/\/dmcsrb.com\/?s={search_term_string}\"},\"query-input\":{\"@type\":\"PropertyValueSpecification\",\"valueRequired\":true,\"valueName\":\"search_term_string\"}}],\"inLanguage\":\"en-GB\"},{\"@type\":\"Person\",\"@id\":\"https:\/\/dmcsrb.com\/#\/schema\/person\/5c39170f12db1b8b457732d0b5c854e2\",\"name\":\"dmcsrbija.com@gmail.com\",\"image\":{\"@type\":\"ImageObject\",\"inLanguage\":\"en-GB\",\"@id\":\"https:\/\/dmcsrb.com\/#\/schema\/person\/image\/\",\"url\":\"https:\/\/secure.gravatar.com\/avatar\/68592660ad6347fad0fb587f8d5d8f1a7b44961362f56e4f2cd524feb87e9069?s=96&d=mm&r=g\",\"contentUrl\":\"https:\/\/secure.gravatar.com\/avatar\/68592660ad6347fad0fb587f8d5d8f1a7b44961362f56e4f2cd524feb87e9069?s=96&d=mm&r=g\",\"caption\":\"dmcsrbija.com@gmail.com\"},\"sameAs\":[\"https:\/\/dmcsrb.com\"],\"url\":\"https:\/\/dmcsrb.com\/en\/author\/dmcsrbija-comgmail-com\/\"}]}<\/script>\n<!-- \/ Yoast SEO plugin. -->","yoast_head_json":{"title":"MVP: Palestinski narod \u0107e ostati na svojoj zemlji, dr\u017ee\u0107i se svog prava na slobodu - dmcsrb.com","robots":{"index":"index","follow":"follow","max-snippet":"max-snippet:-1","max-image-preview":"max-image-preview:large","max-video-preview":"max-video-preview:-1"},"canonical":"https:\/\/dmcsrb.com\/en\/drustvo\/mvp-palestinski-narod-ce-ostati-na-svojoj-zemlji-drzeci-se-svog-prava-na-slobodu-2\/","og_locale":"en_GB","og_type":"article","og_title":"MVP: Palestinski narod \u0107e ostati na svojoj zemlji, dr\u017ee\u0107i se svog prava na slobodu - dmcsrb.com","og_description":"Ministarstvo vanjskih poslova i iseljenika o\u0161tro osu\u0111uje najavu izraelskih okupacionih vlasti o uspostavljanju 17 novih naselja na okupiranoj Zapadnoj obali, stoji u saop\u0161tenju.","og_url":"https:\/\/dmcsrb.com\/en\/drustvo\/mvp-palestinski-narod-ce-ostati-na-svojoj-zemlji-drzeci-se-svog-prava-na-slobodu-2\/","og_site_name":"dmcsrb.com","article_published_time":"2025-12-10T11:09:00+00:00","og_image":[{"width":1920,"height":1080,"url":"https:\/\/dmcsrb.com\/wp-content\/uploads\/2026\/01\/Ministarstvo-Vanjskih-poslova-1.jpg","type":"image\/jpeg"}],"author":"dmcsrbija.com@gmail.com","twitter_card":"summary_large_image","twitter_misc":{"Written by":"dmcsrbija.com@gmail.com","Estimated reading time":"2 minutes"},"schema":{"@context":"https:\/\/schema.org","@graph":[{"@type":"Article","@id":"https:\/\/dmcsrb.com\/drustvo\/mvp-palestinski-narod-ce-ostati-na-svojoj-zemlji-drzeci-se-svog-prava-na-slobodu-2\/#article","isPartOf":{"@id":"https:\/\/dmcsrb.com\/drustvo\/mvp-palestinski-narod-ce-ostati-na-svojoj-zemlji-drzeci-se-svog-prava-na-slobodu-2\/"},"author":{"name":"dmcsrbija.com@gmail.com","@id":"https:\/\/dmcsrb.com\/#\/schema\/person\/5c39170f12db1b8b457732d0b5c854e2"},"headline":"MVP: Palestinski narod \u0107e ostati na svojoj zemlji, dr\u017ee\u0107i se svog prava na slobodu","datePublished":"2025-12-10T11:09:00+00:00","mainEntityOfPage":{"@id":"https:\/\/dmcsrb.com\/drustvo\/mvp-palestinski-narod-ce-ostati-na-svojoj-zemlji-drzeci-se-svog-prava-na-slobodu-2\/"},"wordCount":326,"commentCount":0,"image":{"@id":"https:\/\/dmcsrb.com\/drustvo\/mvp-palestinski-narod-ce-ostati-na-svojoj-zemlji-drzeci-se-svog-prava-na-slobodu-2\/#primaryimage"},"thumbnailUrl":"https:\/\/dmcsrb.com\/wp-content\/uploads\/2026\/01\/Ministarstvo-Vanjskih-poslova-1.jpg","keywords":["Izrael","MVP","palestina"],"articleSection":["Dru\u0161tvo"],"inLanguage":"en-GB","potentialAction":[{"@type":"CommentAction","name":"Comment","target":["https:\/\/dmcsrb.com\/drustvo\/mvp-palestinski-narod-ce-ostati-na-svojoj-zemlji-drzeci-se-svog-prava-na-slobodu-2\/#respond"]}]},{"@type":"WebPage","@id":"https:\/\/dmcsrb.com\/drustvo\/mvp-palestinski-narod-ce-ostati-na-svojoj-zemlji-drzeci-se-svog-prava-na-slobodu-2\/","url":"https:\/\/dmcsrb.com\/drustvo\/mvp-palestinski-narod-ce-ostati-na-svojoj-zemlji-drzeci-se-svog-prava-na-slobodu-2\/","name":"MVP: Palestinski narod \u0107e ostati na svojoj zemlji, dr\u017ee\u0107i se svog prava na slobodu - dmcsrb.com","isPartOf":{"@id":"https:\/\/dmcsrb.com\/#website"},"primaryImageOfPage":{"@id":"https:\/\/dmcsrb.com\/drustvo\/mvp-palestinski-narod-ce-ostati-na-svojoj-zemlji-drzeci-se-svog-prava-na-slobodu-2\/#primaryimage"},"image":{"@id":"https:\/\/dmcsrb.com\/drustvo\/mvp-palestinski-narod-ce-ostati-na-svojoj-zemlji-drzeci-se-svog-prava-na-slobodu-2\/#primaryimage"},"thumbnailUrl":"https:\/\/dmcsrb.com\/wp-content\/uploads\/2026\/01\/Ministarstvo-Vanjskih-poslova-1.jpg","datePublished":"2025-12-10T11:09:00+00:00","author":{"@id":"https:\/\/dmcsrb.com\/#\/schema\/person\/5c39170f12db1b8b457732d0b5c854e2"},"breadcrumb":{"@id":"https:\/\/dmcsrb.com\/drustvo\/mvp-palestinski-narod-ce-ostati-na-svojoj-zemlji-drzeci-se-svog-prava-na-slobodu-2\/#breadcrumb"},"inLanguage":"en-GB","potentialAction":[{"@type":"ReadAction","target":["https:\/\/dmcsrb.com\/drustvo\/mvp-palestinski-narod-ce-ostati-na-svojoj-zemlji-drzeci-se-svog-prava-na-slobodu-2\/"]}]},{"@type":"ImageObject","inLanguage":"en-GB","@id":"https:\/\/dmcsrb.com\/drustvo\/mvp-palestinski-narod-ce-ostati-na-svojoj-zemlji-drzeci-se-svog-prava-na-slobodu-2\/#primaryimage","url":"https:\/\/dmcsrb.com\/wp-content\/uploads\/2026\/01\/Ministarstvo-Vanjskih-poslova-1.jpg","contentUrl":"https:\/\/dmcsrb.com\/wp-content\/uploads\/2026\/01\/Ministarstvo-Vanjskih-poslova-1.jpg","width":1920,"height":1080},{"@type":"BreadcrumbList","@id":"https:\/\/dmcsrb.com\/drustvo\/mvp-palestinski-narod-ce-ostati-na-svojoj-zemlji-drzeci-se-svog-prava-na-slobodu-2\/#breadcrumb","itemListElement":[{"@type":"ListItem","position":1,"name":"Home","item":"https:\/\/dmcsrb.com\/"},{"@type":"ListItem","position":2,"name":"MVP: Palestinski narod \u0107e ostati na svojoj zemlji, dr\u017ee\u0107i se svog prava na slobodu"}]},{"@type":"WebSite","@id":"https:\/\/dmcsrb.com\/#website","url":"https:\/\/dmcsrb.com\/","name":"dmcsrb.com","description":"","potentialAction":[{"@type":"SearchAction","target":{"@type":"EntryPoint","urlTemplate":"https:\/\/dmcsrb.com\/?s={search_term_string}"},"query-input":{"@type":"PropertyValueSpecification","valueRequired":true,"valueName":"search_term_string"}}],"inLanguage":"en-GB"},{"@type":"Person","@id":"https:\/\/dmcsrb.com\/#\/schema\/person\/5c39170f12db1b8b457732d0b5c854e2","name":"dmcsrbija.com@gmail.com","image":{"@type":"ImageObject","inLanguage":"en-GB","@id":"https:\/\/dmcsrb.com\/#\/schema\/person\/image\/","url":"https:\/\/secure.gravatar.com\/avatar\/68592660ad6347fad0fb587f8d5d8f1a7b44961362f56e4f2cd524feb87e9069?s=96&d=mm&r=g","contentUrl":"https:\/\/secure.gravatar.com\/avatar\/68592660ad6347fad0fb587f8d5d8f1a7b44961362f56e4f2cd524feb87e9069?s=96&d=mm&r=g","caption":"dmcsrbija.com@gmail.com"},"sameAs":["https:\/\/dmcsrb.com"],"url":"https:\/\/dmcsrb.com\/en\/author\/dmcsrbija-comgmail-com\/"}]}},"_links":{"self":[{"href":"https:\/\/dmcsrb.com\/en\/wp-json\/wp\/v2\/posts\/912304","targetHints":{"allow":["GET"]}}],"collection":[{"href":"https:\/\/dmcsrb.com\/en\/wp-json\/wp\/v2\/posts"}],"about":[{"href":"https:\/\/dmcsrb.com\/en\/wp-json\/wp\/v2\/types\/post"}],"author":[{"embeddable":true,"href":"https:\/\/dmcsrb.com\/en\/wp-json\/wp\/v2\/users\/1"}],"replies":[{"embeddable":true,"href":"https:\/\/dmcsrb.com\/en\/wp-json\/wp\/v2\/comments?post=912304"}],"version-history":[{"count":0,"href":"https:\/\/dmcsrb.com\/en\/wp-json\/wp\/v2\/posts\/912304\/revisions"}],"wp:featuredmedia":[{"embeddable":true,"href":"https:\/\/dmcsrb.com\/en\/wp-json\/wp\/v2\/media\/910988"}],"wp:attachment":[{"href":"https:\/\/dmcsrb.com\/en\/wp-json\/wp\/v2\/media?parent=912304"}],"wp:term":[{"taxonomy":"category","embeddable":true,"href":"https:\/\/dmcsrb.com\/en\/wp-json\/wp\/v2\/categories?post=912304"},{"taxonomy":"post_tag","embeddable":true,"href":"https:\/\/dmcsrb.com\/en\/wp-json\/wp\/v2\/tags?post=912304"},{"taxonomy":"naslovna","embeddable":true,"href":"https:\/\/dmcsrb.com\/en\/wp-json\/wp\/v2\/naslovna?post=912304"}],"curies":[{"name":"wp","href":"https:\/\/api.w.org\/{rel}","templated":true}]}}