{"id":912171,"date":"2025-12-09T10:47:00","date_gmt":"2025-12-09T09:47:00","guid":{"rendered":"https:\/\/dmcsrb.com\/uncategorized\/satler-napredak-vidan-ali-bez-optuznica-i-presuda-nema-zatvaranja-poglavlja-23-i-24-2\/"},"modified":"2025-12-09T10:47:00","modified_gmt":"2025-12-09T09:47:00","slug":"satler-napredak-vidan-ali-bez-optuznica-i-presuda-nema-zatvaranja-poglavlja-23-i-24-2","status":"publish","type":"post","link":"https:\/\/dmcsrb.com\/en\/politika\/satler-napredak-vidan-ali-bez-optuznica-i-presuda-nema-zatvaranja-poglavlja-23-i-24-2\/","title":{"rendered":"Satler: Napredak vidan, ali bez optu\u017enica i presuda, nema zatvaranja poglavlja 23 i 24"},"content":{"rendered":"<p><\/p>\n\n\n\n<p>Satler je na otvaranju konferencije rekao da je korupcija izbor, nije sudbina i nijedna dr\u017eava nije imuna na nju, te da borba protiv korupcije treba da bude politi\u010dki cilj.<\/p>\n\n\n\n<p>Kazao da korupcije ima u svakoj zemlji, ali da sa sobom nosi posljedice naru\u0161avanje demokratije, uru\u0161avanje povjerenja. Poru\u010dio je da i najbogatije i najnaprednije zemlje mogu propasti ukoliko korupcija upravlja institucijama<\/p>\n\n\n\n<p>&#8220;Mi smo vidjeli napredak, ali u pro\u0161losti ovdje, kao i u dr\u017eavama regiona mogli smo da vidimo da se &#8220;ide za malim ribama&#8221;. To se polako, ali sigurno mijenja. Sada vidimo &#8220;srednje i krupne ribe&#8221; \u0161to je va\u017ean signal za partnere EU&#8221;, kazao je Satler.<\/p>\n\n\n\n<p>Istakao je da je posljednji izvje\u0161taj Evroopske komisije dobar, a uo\u010den je napredak u poglavljima 23 i 24 \u0161to je klju\u010dno i \u0161to \u0107e intenzivno posmatrati \u010dlanice unije.<\/p>\n\n\n\n<p>&#8220;Na\u0161e o\u010dekivanje je da Crna Gora nastavi da gradi uspjehe, \u017eelimo da vidimo, ne samo istrage, ve\u0107 optu\u017enice i pravosna\u017ene presude. Bez takvog u\u010dinka poglavlja 23 i 24 ne mogu biti zatvorena i proces pristupanja ne mo\u017ee biti zavr\u0161en. Me\u0111utim, u posljednje dvije godine ostvaren je dobar napredak i Crna Gora \u0107e uz na\u0161u pomo\u0107, uz pomo\u0107 partnera iz EU uspjeti da postigne taj rezultat &#8220;, kazao je Satler.<\/p>\n\n\n\n<p>Ministar pravde<strong>&nbsp;Bojan Bo\u017eovi\u0107<\/strong>&nbsp;rekao je da je \u010dinjenica da je Crna Gora na korak od ulaska u EU, ali i da je taj korak najva\u017eniji i najte\u017ei.<\/p>\n\n\n\n<p>\u201cNe smijemo oti\u0107i korak ili dva unazad i opet izgubiti vrijeme, jer je ovo mo\u017eda istorijska \u0161ansa i jedna od posljednjih koja se naslu\u0107uje. Zato svaka institucija, funckioner i pojedinac moraju da budu svjesni odgovornosti i zna\u010daja tog puta\u201c, kazao je Bo\u017eovi\u0107.<\/p>\n\n\n\n<p>On je, govore\u0107i o poglavljima 23 i 24, naveo da je Ministarstvo pravde dostavilo predlog izmjena i dopuna Zakona o spre\u010davanju korupcije, dodaju\u0107i da su sada u komunikaciji sa Evropskom komisijom (EK), kako bi taj zakon u\u010dinili boljim.<\/p>\n\n\n\n<p>Bo\u017eovi\u0107 je rekao da nemaju luksuz da pripremaju zakone koji ne\u0107e biti dovoljno kvalitetni i usagla\u0161eni sa me\u0111unarodnim partnerima i civilnim sektorom.<\/p>\n\n\n\n<p>\u201cOsim tog zakona, Ministarstvo pravde priprema novi zakon o za\u0161titi zvi\u017eda\u010da, \u0161to je od ogromnog zna\u010daja\u201c, dodao je Bo\u017eovi\u0107.<\/p>\n\n\n\n<p>On je istakao da pripremaju i izmjene i dopune Zakona o oduzimanju imovinske koristi ste\u010dene kriminalom.<\/p>\n\n\n\n<p>\u201cMi \u0107emo se sigurno zalagati za promjenu postoje\u0107eg koncepta da je za trajno oduzimanje te imovine potrebna pravosna\u017ena presuda\u201c, istakao je Bo\u017eovi\u0107.<\/p>\n\n\n\n<p>On je rekao da su izmjene i dopune Krvi\u010dnog zakonika, u cilju uvo\u0111enje krivi\u010dnog djela nazakonito boga\u0107enje javnih funkcionera, jedna od va\u017enih tema, koju \u0107e Ministarstvo pravde ubrzo zaokru\u017eiti.<\/p>\n\n\n\n<p>Kako je naveo Bo\u017eovi\u0107, va\u017ene su i izmjene i dopune Zakona o Specijalnom dr\u017eavnom tu\u017eila\u0161tvu (SDT), s ciljem ja\u010danja kapaciteta tog tu\u017eila\u0161tva.<\/p>\n\n\n\n<p>\u201cTu je i zakon o specijalnom sudu, za koji sam ve\u0107 u komunikaciji sa odre\u0111enim me\u0111unarodnim partnerima i nadam se da \u0107emo uskoro imati eskpertsku podr\u0161ku kako bi u kratkom roku imali nacrt tog zakona\u201c, dodao je Bo\u017eovi\u0107.<\/p>\n\n\n\n<p>On je istakao da je va\u017eno i rje\u0161avanje pitanja direktora Agencije za spre\u010davanje korupcije (ASK), za \u0161ta je i iz Brisela sugerisano da je jedna od obaveza za zatvaranje poglavlja.<\/p>\n\n\n\n<p>Ambasador Holandije u Srbiji i Crnoj Gori,&nbsp;<strong>Martijn Elgersm<\/strong>a, rekao je da je Crna Gora imala jako dobar izvje\u0161taj o napretku i da su u EU dugo tra\u017eili dr\u017eavu koja je ostvarila tako veliki napredak.<\/p>\n\n\n\n<p>\u201cCrna Gora je sebi postavila veoma ambiciozan vremenski raspored i to je dobro, jer ste zbog toga pa\u017eljivi, ali to zna\u010di i da postoji vremenski pritisak i zbog toga je dobro pogledati agendu\u201c, kazao je Elgersma.<\/p>\n\n\n\n<p>Kako je naveo, Crna Gora je ostvarila odre\u0111eni napredak, a to zna\u010di da predstoji jo\u0161 dosta posla koji treba odraditi u relativno kratkom roku, kako bi zatvorili poglavlje 23.<\/p>\n\n\n\n<p>Elgersma je rekao da je transparentnost veliki neprijatelj korupcije.<\/p>\n\n\n\n<p>\u201cJako je va\u017eno da sada, kada je Vlada pod velikim pritiskom, radi na svojoj agendi i da bude predana transparentnim procesima. Transparentnost je klju\u010dna, bolje da odvojite vrijeme da budete jasni i da razgovrate o tome \u0161to \u017eelite da uradite, nego da imate poluspremne mjere\u201c, naveo je Elgersma.<\/p>\n\n\n\n<p>On je rekao da, iako Vlada vodi borbu protiv korupcije, u tome ne mo\u017ee uspjeti sama i mora uklju\u010diti cijelo dru\u0161tvo.<\/p>\n\n\n\n<p>\u201cJako je va\u017eno da, ne samo u direktnoj antikorupcijskoj, ve\u0107 i u \u0161iroj legislativnoj agendi, saradnja bude nastavljena\u201d, istakao je Elgersma.<\/p>\n\n\n\n<p>Ambasador Njema\u010dke u Crnoj Gori&nbsp;<strong>Peter Felten<\/strong>&nbsp;rekao je da se sa korupcijom treba boriti na djelotvoran na\u010din, i to ne samo dr\u017eava i administracija, ve\u0107 i privreda i dru\u0161tvo u cjelini.<\/p>\n\n\n\n<p>Kako je naveo, kada su EU i \u010dlanice pozvale na ve\u0107u borbu protiv korupcije, nijesu imali sve akcije na umu, nego kona\u010dne presude sudova.<\/p>\n\n\n\n<p>Felten je \u010destitao pravosudnom sistemu i crnogorskim vlastima na zna\u010dajnom napretku, \u0161to je, kako je naveo, na neki na\u010din izra\u017eeno i u Izvje\u0161taju o napretku.<\/p>\n\n\n\n<p>\u201c\u010cestitam i crnogorskom civilnom dru\u0161tvu \u010dije aktivnosti su podr\u017eavale i motivisale dr\u017eavu u naporima da se djelotvorno bori protiv korupcije\u201c, dodao je Felten.<\/p>\n\n\n\n<p>Ambasadorka Velike Britanije u Crnoj Gori&nbsp;<strong>Don Meken<\/strong>&nbsp;upozorila je da korupcija prijeti javnom povjerenju, potkopava vladavinu prava i povjerenje javnosti u Vladu i slabi socijalne osnove svake dr\u017eave.<\/p>\n\n\n\n<p>\u201cMislim da je ovogodi\u0161nji fokus na imovinu dr\u017eavnih slu\u017ebenika i na mehanizme za verifikaciju te imovine pravovremen\u201c, rekla je Meken.<\/p>\n\n\n\n<p>Ona je navela da se mogu vidjeti izazovi u borbi protiv korupcije sa kojima se crnogorska Vlada bori.<\/p>\n\n\n\n<p>\u201cVidimo i dublje sistemske probleme i javnost ima pravo da o\u010dekuje po\u0161tene javne slu\u017ebenike i da vjeruje u integritet institucija i procesa\u201c, kazala je Meken.<\/p>\n\n\n\n<p>Kako je istakla, treba da postoje \u201erobusne\u201c provjere integriteta, koje ne\u0107e biti samo tehni\u010dki alati.<\/p>\n\n\n\n<p>Meken je poru\u010dila da je korupcija ne\u0161to protiv \u010dega se te\u0161ko boriti, a da su transparentnost i odgovornost kamen temeljac te borbe.<\/p>\n\n\n\n<p>\u201cNa\u0161e upravljanje konfliktom interesa i nezavisni nadzor su evoluirali decenijama u Britaniji, kako bi se borili sa izazovima, i sa zadovoljstvom \u0107emo podijeliti nau\u010dene lekcije sa vama\u201c, dodala je Meken.<\/p>\n\n\n\n<p>Ona je kazala da Ujedinjeno Kraljevstvo sprovodi inicijative kao \u0161to je globalni anitokupcijski program, kako bi oja\u010dali kapacitete i unaprijedili zaplijenu nelegalno ste\u010dene imovine.<\/p>\n\n\n\n<p>\u201cCrna Gora je ostvarila zna\u010dajan napredak i to pozdravljamo, ali je za stvarne promjene potrebno vrijeme, stalni napori i politi\u010dka volja\u201c, poru\u010dila je Meken.<\/p>\n\n\n\n<p>Ambasadorka Francuske&nbsp;<strong>An Mari Maske<\/strong>&nbsp;rekla je da Crna Gora u periodu pribli\u017eavanja pristupanju EU i da taj period zahtijeva implementaciju vladavine prava, \u0161to je, kako je navela, na korist svih gra\u0111ana.<\/p>\n\n\n\n<p>\u201cOdgovornost, transprantnost i intergitet nijesu samo obaveza, ve\u0107 su\u0161tina i osnova demokratskog upravljanja\u201c, kazala je Maske.<\/p>\n\n\n\n<p>Kako je navela, izazovi sa kojima se suo\u010dava Crna Gora, da bi stvorila funkcionalnu vladavinu prava, isti su u svim demokratskim dru\u0161tvima.<\/p>\n\n\n\n<p>Maske je rekla da je Crna Gora napravila zna\u010dajne korake, ali da borba protiv korupcije u svim oblicima ostaje klju\u010dni prioritet.<\/p>\n\n\n\n<p>\u201cOvo nije sprint, ve\u0107 maraton. Ta borba je hitna i mora dugo da traje\u201c, naglasila je Maske.<\/p>\n\n\n\n<p>Italijanska ambasadorka u Crnoj Gori<strong>&nbsp;Andreina Marsela<\/strong>&nbsp;rekla je da Italija ima dug istorijat borbe protiv korupcije na razli\u010ditim nivoima, \u0161to je u\u010dinilo modelom u toj borbi.<\/p>\n\n\n\n<p>Prema njenim rije\u010dima, korupcija je kancer svakog dru\u0161tva.<\/p>\n\n\n\n<p>Marsela je kazala da je ministarstvima pravde i unutra\u0161njih poslova Crne Gore podnijela italijansku inicijativu vezano za multidimenzionalnu pomo\u0107 u oblasti pravde i sigurnosti, a koja ima za cilj da podijeli italijansko iskustvo u borbi protiv organizovanog kriminala i korupcije.<\/p>\n\n\n\n<p>Ona je istakla da vjeruje da \u0107e tako mo\u0107i da pomognu Crnoj Gori da se pribli\u017ei EU i postigne cilj u oblasti vladavine prava.<\/p>\n\n\n\n<p>Marsela je, govore\u0107i o prikrivenoj imovini dr\u017eavnih slu\u017ebenika, rekla treba postaviti pravila i norme koje spre\u010davaju slu\u017ebenike da kradu novac od dr\u017eave.<\/p>\n\n\n\n<p>\u201cU toj oblasti mo\u017eete da u\u010dite od Italije\u201c, dodala je Marsela.<\/p>\n\n\n\n<p>Ona je istakla da je va\u017eno raditi na mentalitetu ljudi i da osobe iz razli\u010ditih sektora, po\u010dev\u0161i od privatnog, imaju pristup nulte tolerancije prema korupciji.<\/p>\n\n\n\n<p>Zamjenik izvr\u0161nog direktora MANS-a<strong>&nbsp;Dejan Milovac<\/strong>&nbsp;rekao je da je EK u posljednjim izvje\u0161tajima ukazala da je Crna Gora i dalje formalno predvodnica procesa pro\u0161irenja, ali da se u istim dokumentima govori da je napredak samo na papiru, sve dok gra\u0111ani ne budu mogli da osjete progres.<\/p>\n\n\n\n<p>Kako je naveo, u tim izvje\u0161tajima se navodi i da je pravosu\u0111e i dalje samo umjereno spremno za borbu protiv korupcije, da se bilje\u017ee odre\u0111eni pomaci kada je u pitanju procesuiranje, ali da su rezultati i dalje nedovoljni.<\/p>\n\n\n\n<p>\u201cTo zna\u010di da i dalje nemamo dovoljno pravosna\u017enih presuda u predmetima korupcije, i dalje nemamo provjere imovine najvi\u0161ih dr\u017eavnih funkcionera\u201c, rekao je Milovac.<\/p>\n\n\n\n<p>On smatra da Crna Gora jo\u0161 nije \u201crazmontirala sistem koji proizvodi korupciju\u201d.<\/p>\n\n\n\n<p>\u201cPravosu\u0111e je godinama u fokusu reformi, ali i dalje su\u0161tinski zavisi pod politi\u010dkih dogovora iza zatvorenih vrata\u201c, kazao je Milovac.<\/p>\n\n\n\n<figure class=\"wp-block-embed is-type-video is-provider-youtube wp-block-embed-youtube wp-embed-aspect-16-9 wp-has-aspect-ratio\"><div class=\"wp-block-embed__wrapper\">\n<iframe loading=\"lazy\" title=\"XVIII NACIONALNA ANTIKORUPCIJSKA KONFERENCIJA\" width=\"500\" height=\"281\" src=\"https:\/\/www.youtube.com\/embed\/2vCULI_gFgo?feature=oembed\" frameborder=\"0\" allow=\"accelerometer; autoplay; clipboard-write; encrypted-media; gyroscope; picture-in-picture; web-share\" referrerpolicy=\"strict-origin-when-cross-origin\" allowfullscreen><\/iframe>\n<\/div><\/figure>","protected":false},"excerpt":{"rendered":"<p>Bez mjerljivih rezultata Crna Gora ne\u0107e mo\u0107i da zatvori poglavlja 23 i 24 , kazao je ambasador Evropske unije u Crnoj Gori Johan Satler. On je na 18. Nacionalnoj antikorupcijskoj konferenciji, koju u Podgorici oragnizuje Mre\u017ea za afirmaciju nevladinog sektora (MANS) kazao da Evropska unija vidi napredak Crne Gore posljednje dvije godine.<\/p>","protected":false},"author":1,"featured_media":910745,"comment_status":"open","ping_status":"open","sticky":false,"template":"","format":"standard","meta":{"_acf_changed":false,"footnotes":""},"categories":[12],"tags":[1915,1916,1917,1918,1919,970,1920,1921,1922],"naslovna":[],"class_list":["post-912171","post","type-post","status-publish","format-standard","has-post-thumbnail","hentry","category-politika","tag-an-mari-maske","tag-bojan-bozovic-3","tag-dejan-milovac","tag-don-meken","tag-evropska-komisija","tag-johan-satler","tag-peter-felten","tag-poglavlje-23","tag-poglavlje-24"],"acf":[],"yoast_head":"<!-- This site is optimized with the Yoast SEO plugin v27.4 - https:\/\/yoast.com\/product\/yoast-seo-wordpress\/ -->\n<title>Satler: Napredak vidan, ali bez optu\u017enica i presuda, nema zatvaranja poglavlja 23 i 24 - dmcsrb.com<\/title>\n<meta name=\"robots\" content=\"index, follow, max-snippet:-1, max-image-preview:large, max-video-preview:-1\" \/>\n<link rel=\"canonical\" href=\"https:\/\/dmcsrb.com\/en\/politika\/satler-napredak-vidan-ali-bez-optuznica-i-presuda-nema-zatvaranja-poglavlja-23-i-24-2\/\" \/>\n<meta property=\"og:locale\" content=\"en_GB\" \/>\n<meta property=\"og:type\" content=\"article\" \/>\n<meta property=\"og:title\" content=\"Satler: Napredak vidan, ali bez optu\u017enica i presuda, nema zatvaranja poglavlja 23 i 24 - dmcsrb.com\" \/>\n<meta property=\"og:description\" content=\"Bez mjerljivih rezultata Crna Gora ne\u0107e mo\u0107i da zatvori poglavlja 23 i 24 , kazao je ambasador Evropske unije u Crnoj Gori Johan Satler. On je na 18. Nacionalnoj antikorupcijskoj konferenciji, koju u Podgorici oragnizuje Mre\u017ea za afirmaciju nevladinog sektora (MANS) kazao da Evropska unija vidi napredak Crne Gore posljednje dvije godine.\" \/>\n<meta property=\"og:url\" content=\"https:\/\/dmcsrb.com\/en\/politika\/satler-napredak-vidan-ali-bez-optuznica-i-presuda-nema-zatvaranja-poglavlja-23-i-24-2\/\" \/>\n<meta property=\"og:site_name\" content=\"dmcsrb.com\" \/>\n<meta property=\"article:published_time\" content=\"2025-12-09T09:47:00+00:00\" \/>\n<meta property=\"og:image\" content=\"https:\/\/dmcsrb.com\/wp-content\/uploads\/2026\/01\/Satler-Johan-foto-screenshot-yt.jpg\" \/>\n\t<meta property=\"og:image:width\" content=\"979\" \/>\n\t<meta property=\"og:image:height\" content=\"601\" \/>\n\t<meta property=\"og:image:type\" content=\"image\/jpeg\" \/>\n<meta name=\"author\" content=\"dmcsrbija.com@gmail.com\" \/>\n<meta name=\"twitter:card\" content=\"summary_large_image\" \/>\n<meta name=\"twitter:label1\" content=\"Written by\" \/>\n\t<meta name=\"twitter:data1\" content=\"dmcsrbija.com@gmail.com\" \/>\n\t<meta name=\"twitter:label2\" content=\"Estimated reading time\" \/>\n\t<meta name=\"twitter:data2\" content=\"8 minutes\" \/>\n<script type=\"application\/ld+json\" class=\"yoast-schema-graph\">{\"@context\":\"https:\\\/\\\/schema.org\",\"@graph\":[{\"@type\":\"Article\",\"@id\":\"https:\\\/\\\/dmcsrb.com\\\/politika\\\/satler-napredak-vidan-ali-bez-optuznica-i-presuda-nema-zatvaranja-poglavlja-23-i-24-2\\\/#article\",\"isPartOf\":{\"@id\":\"https:\\\/\\\/dmcsrb.com\\\/politika\\\/satler-napredak-vidan-ali-bez-optuznica-i-presuda-nema-zatvaranja-poglavlja-23-i-24-2\\\/\"},\"author\":{\"name\":\"dmcsrbija.com@gmail.com\",\"@id\":\"https:\\\/\\\/dmcsrb.com\\\/#\\\/schema\\\/person\\\/5c39170f12db1b8b457732d0b5c854e2\"},\"headline\":\"Satler: Napredak vidan, ali bez optu\u017enica i presuda, nema zatvaranja poglavlja 23 i 24\",\"datePublished\":\"2025-12-09T09:47:00+00:00\",\"mainEntityOfPage\":{\"@id\":\"https:\\\/\\\/dmcsrb.com\\\/politika\\\/satler-napredak-vidan-ali-bez-optuznica-i-presuda-nema-zatvaranja-poglavlja-23-i-24-2\\\/\"},\"wordCount\":1601,\"commentCount\":0,\"image\":{\"@id\":\"https:\\\/\\\/dmcsrb.com\\\/politika\\\/satler-napredak-vidan-ali-bez-optuznica-i-presuda-nema-zatvaranja-poglavlja-23-i-24-2\\\/#primaryimage\"},\"thumbnailUrl\":\"https:\\\/\\\/dmcsrb.com\\\/wp-content\\\/uploads\\\/2026\\\/01\\\/Satler-Johan-foto-screenshot-yt.jpg\",\"keywords\":[\"An Mari Maske\",\"Bojan Bo\u017eovi\u0107\",\"Dejan Milovac\",\"Don Meken\",\"Evropska komisija\",\"Johan Satler\",\"Peter Felten\",\"Poglavlje 23\",\"POglavlje 24\"],\"articleSection\":[\"Politika\"],\"inLanguage\":\"en-GB\",\"potentialAction\":[{\"@type\":\"CommentAction\",\"name\":\"Comment\",\"target\":[\"https:\\\/\\\/dmcsrb.com\\\/politika\\\/satler-napredak-vidan-ali-bez-optuznica-i-presuda-nema-zatvaranja-poglavlja-23-i-24-2\\\/#respond\"]}]},{\"@type\":\"WebPage\",\"@id\":\"https:\\\/\\\/dmcsrb.com\\\/politika\\\/satler-napredak-vidan-ali-bez-optuznica-i-presuda-nema-zatvaranja-poglavlja-23-i-24-2\\\/\",\"url\":\"https:\\\/\\\/dmcsrb.com\\\/politika\\\/satler-napredak-vidan-ali-bez-optuznica-i-presuda-nema-zatvaranja-poglavlja-23-i-24-2\\\/\",\"name\":\"Satler: Napredak vidan, ali bez optu\u017enica i presuda, nema zatvaranja poglavlja 23 i 24 - dmcsrb.com\",\"isPartOf\":{\"@id\":\"https:\\\/\\\/dmcsrb.com\\\/#website\"},\"primaryImageOfPage\":{\"@id\":\"https:\\\/\\\/dmcsrb.com\\\/politika\\\/satler-napredak-vidan-ali-bez-optuznica-i-presuda-nema-zatvaranja-poglavlja-23-i-24-2\\\/#primaryimage\"},\"image\":{\"@id\":\"https:\\\/\\\/dmcsrb.com\\\/politika\\\/satler-napredak-vidan-ali-bez-optuznica-i-presuda-nema-zatvaranja-poglavlja-23-i-24-2\\\/#primaryimage\"},\"thumbnailUrl\":\"https:\\\/\\\/dmcsrb.com\\\/wp-content\\\/uploads\\\/2026\\\/01\\\/Satler-Johan-foto-screenshot-yt.jpg\",\"datePublished\":\"2025-12-09T09:47:00+00:00\",\"author\":{\"@id\":\"https:\\\/\\\/dmcsrb.com\\\/#\\\/schema\\\/person\\\/5c39170f12db1b8b457732d0b5c854e2\"},\"breadcrumb\":{\"@id\":\"https:\\\/\\\/dmcsrb.com\\\/politika\\\/satler-napredak-vidan-ali-bez-optuznica-i-presuda-nema-zatvaranja-poglavlja-23-i-24-2\\\/#breadcrumb\"},\"inLanguage\":\"en-GB\",\"potentialAction\":[{\"@type\":\"ReadAction\",\"target\":[\"https:\\\/\\\/dmcsrb.com\\\/politika\\\/satler-napredak-vidan-ali-bez-optuznica-i-presuda-nema-zatvaranja-poglavlja-23-i-24-2\\\/\"]}]},{\"@type\":\"ImageObject\",\"inLanguage\":\"en-GB\",\"@id\":\"https:\\\/\\\/dmcsrb.com\\\/politika\\\/satler-napredak-vidan-ali-bez-optuznica-i-presuda-nema-zatvaranja-poglavlja-23-i-24-2\\\/#primaryimage\",\"url\":\"https:\\\/\\\/dmcsrb.com\\\/wp-content\\\/uploads\\\/2026\\\/01\\\/Satler-Johan-foto-screenshot-yt.jpg\",\"contentUrl\":\"https:\\\/\\\/dmcsrb.com\\\/wp-content\\\/uploads\\\/2026\\\/01\\\/Satler-Johan-foto-screenshot-yt.jpg\",\"width\":979,\"height\":601},{\"@type\":\"BreadcrumbList\",\"@id\":\"https:\\\/\\\/dmcsrb.com\\\/politika\\\/satler-napredak-vidan-ali-bez-optuznica-i-presuda-nema-zatvaranja-poglavlja-23-i-24-2\\\/#breadcrumb\",\"itemListElement\":[{\"@type\":\"ListItem\",\"position\":1,\"name\":\"Home\",\"item\":\"https:\\\/\\\/dmcsrb.com\\\/\"},{\"@type\":\"ListItem\",\"position\":2,\"name\":\"Satler: Napredak vidan, ali bez optu\u017enica i presuda, nema zatvaranja poglavlja 23 i 24\"}]},{\"@type\":\"WebSite\",\"@id\":\"https:\\\/\\\/dmcsrb.com\\\/#website\",\"url\":\"https:\\\/\\\/dmcsrb.com\\\/\",\"name\":\"dmcsrb.com\",\"description\":\"\",\"potentialAction\":[{\"@type\":\"SearchAction\",\"target\":{\"@type\":\"EntryPoint\",\"urlTemplate\":\"https:\\\/\\\/dmcsrb.com\\\/?s={search_term_string}\"},\"query-input\":{\"@type\":\"PropertyValueSpecification\",\"valueRequired\":true,\"valueName\":\"search_term_string\"}}],\"inLanguage\":\"en-GB\"},{\"@type\":\"Person\",\"@id\":\"https:\\\/\\\/dmcsrb.com\\\/#\\\/schema\\\/person\\\/5c39170f12db1b8b457732d0b5c854e2\",\"name\":\"dmcsrbija.com@gmail.com\",\"image\":{\"@type\":\"ImageObject\",\"inLanguage\":\"en-GB\",\"@id\":\"https:\\\/\\\/secure.gravatar.com\\\/avatar\\\/68592660ad6347fad0fb587f8d5d8f1a7b44961362f56e4f2cd524feb87e9069?s=96&d=mm&r=g\",\"url\":\"https:\\\/\\\/secure.gravatar.com\\\/avatar\\\/68592660ad6347fad0fb587f8d5d8f1a7b44961362f56e4f2cd524feb87e9069?s=96&d=mm&r=g\",\"contentUrl\":\"https:\\\/\\\/secure.gravatar.com\\\/avatar\\\/68592660ad6347fad0fb587f8d5d8f1a7b44961362f56e4f2cd524feb87e9069?s=96&d=mm&r=g\",\"caption\":\"dmcsrbija.com@gmail.com\"},\"sameAs\":[\"https:\\\/\\\/dmcsrb.com\"],\"url\":\"https:\\\/\\\/dmcsrb.com\\\/en\\\/author\\\/dmcsrbija-comgmail-com\\\/\"}]}<\/script>\n<!-- \/ Yoast SEO plugin. -->","yoast_head_json":{"title":"Satler: Napredak vidan, ali bez optu\u017enica i presuda, nema zatvaranja poglavlja 23 i 24 - dmcsrb.com","robots":{"index":"index","follow":"follow","max-snippet":"max-snippet:-1","max-image-preview":"max-image-preview:large","max-video-preview":"max-video-preview:-1"},"canonical":"https:\/\/dmcsrb.com\/en\/politika\/satler-napredak-vidan-ali-bez-optuznica-i-presuda-nema-zatvaranja-poglavlja-23-i-24-2\/","og_locale":"en_GB","og_type":"article","og_title":"Satler: Napredak vidan, ali bez optu\u017enica i presuda, nema zatvaranja poglavlja 23 i 24 - dmcsrb.com","og_description":"Bez mjerljivih rezultata Crna Gora ne\u0107e mo\u0107i da zatvori poglavlja 23 i 24 , kazao je ambasador Evropske unije u Crnoj Gori Johan Satler. On je na 18. Nacionalnoj antikorupcijskoj konferenciji, koju u Podgorici oragnizuje Mre\u017ea za afirmaciju nevladinog sektora (MANS) kazao da Evropska unija vidi napredak Crne Gore posljednje dvije godine.","og_url":"https:\/\/dmcsrb.com\/en\/politika\/satler-napredak-vidan-ali-bez-optuznica-i-presuda-nema-zatvaranja-poglavlja-23-i-24-2\/","og_site_name":"dmcsrb.com","article_published_time":"2025-12-09T09:47:00+00:00","og_image":[{"width":979,"height":601,"url":"https:\/\/dmcsrb.com\/wp-content\/uploads\/2026\/01\/Satler-Johan-foto-screenshot-yt.jpg","type":"image\/jpeg"}],"author":"dmcsrbija.com@gmail.com","twitter_card":"summary_large_image","twitter_misc":{"Written by":"dmcsrbija.com@gmail.com","Estimated reading time":"8 minutes"},"schema":{"@context":"https:\/\/schema.org","@graph":[{"@type":"Article","@id":"https:\/\/dmcsrb.com\/politika\/satler-napredak-vidan-ali-bez-optuznica-i-presuda-nema-zatvaranja-poglavlja-23-i-24-2\/#article","isPartOf":{"@id":"https:\/\/dmcsrb.com\/politika\/satler-napredak-vidan-ali-bez-optuznica-i-presuda-nema-zatvaranja-poglavlja-23-i-24-2\/"},"author":{"name":"dmcsrbija.com@gmail.com","@id":"https:\/\/dmcsrb.com\/#\/schema\/person\/5c39170f12db1b8b457732d0b5c854e2"},"headline":"Satler: Napredak vidan, ali bez optu\u017enica i presuda, nema zatvaranja poglavlja 23 i 24","datePublished":"2025-12-09T09:47:00+00:00","mainEntityOfPage":{"@id":"https:\/\/dmcsrb.com\/politika\/satler-napredak-vidan-ali-bez-optuznica-i-presuda-nema-zatvaranja-poglavlja-23-i-24-2\/"},"wordCount":1601,"commentCount":0,"image":{"@id":"https:\/\/dmcsrb.com\/politika\/satler-napredak-vidan-ali-bez-optuznica-i-presuda-nema-zatvaranja-poglavlja-23-i-24-2\/#primaryimage"},"thumbnailUrl":"https:\/\/dmcsrb.com\/wp-content\/uploads\/2026\/01\/Satler-Johan-foto-screenshot-yt.jpg","keywords":["An Mari Maske","Bojan Bo\u017eovi\u0107","Dejan Milovac","Don Meken","Evropska komisija","Johan Satler","Peter Felten","Poglavlje 23","POglavlje 24"],"articleSection":["Politika"],"inLanguage":"en-GB","potentialAction":[{"@type":"CommentAction","name":"Comment","target":["https:\/\/dmcsrb.com\/politika\/satler-napredak-vidan-ali-bez-optuznica-i-presuda-nema-zatvaranja-poglavlja-23-i-24-2\/#respond"]}]},{"@type":"WebPage","@id":"https:\/\/dmcsrb.com\/politika\/satler-napredak-vidan-ali-bez-optuznica-i-presuda-nema-zatvaranja-poglavlja-23-i-24-2\/","url":"https:\/\/dmcsrb.com\/politika\/satler-napredak-vidan-ali-bez-optuznica-i-presuda-nema-zatvaranja-poglavlja-23-i-24-2\/","name":"Satler: Napredak vidan, ali bez optu\u017enica i presuda, nema zatvaranja poglavlja 23 i 24 - dmcsrb.com","isPartOf":{"@id":"https:\/\/dmcsrb.com\/#website"},"primaryImageOfPage":{"@id":"https:\/\/dmcsrb.com\/politika\/satler-napredak-vidan-ali-bez-optuznica-i-presuda-nema-zatvaranja-poglavlja-23-i-24-2\/#primaryimage"},"image":{"@id":"https:\/\/dmcsrb.com\/politika\/satler-napredak-vidan-ali-bez-optuznica-i-presuda-nema-zatvaranja-poglavlja-23-i-24-2\/#primaryimage"},"thumbnailUrl":"https:\/\/dmcsrb.com\/wp-content\/uploads\/2026\/01\/Satler-Johan-foto-screenshot-yt.jpg","datePublished":"2025-12-09T09:47:00+00:00","author":{"@id":"https:\/\/dmcsrb.com\/#\/schema\/person\/5c39170f12db1b8b457732d0b5c854e2"},"breadcrumb":{"@id":"https:\/\/dmcsrb.com\/politika\/satler-napredak-vidan-ali-bez-optuznica-i-presuda-nema-zatvaranja-poglavlja-23-i-24-2\/#breadcrumb"},"inLanguage":"en-GB","potentialAction":[{"@type":"ReadAction","target":["https:\/\/dmcsrb.com\/politika\/satler-napredak-vidan-ali-bez-optuznica-i-presuda-nema-zatvaranja-poglavlja-23-i-24-2\/"]}]},{"@type":"ImageObject","inLanguage":"en-GB","@id":"https:\/\/dmcsrb.com\/politika\/satler-napredak-vidan-ali-bez-optuznica-i-presuda-nema-zatvaranja-poglavlja-23-i-24-2\/#primaryimage","url":"https:\/\/dmcsrb.com\/wp-content\/uploads\/2026\/01\/Satler-Johan-foto-screenshot-yt.jpg","contentUrl":"https:\/\/dmcsrb.com\/wp-content\/uploads\/2026\/01\/Satler-Johan-foto-screenshot-yt.jpg","width":979,"height":601},{"@type":"BreadcrumbList","@id":"https:\/\/dmcsrb.com\/politika\/satler-napredak-vidan-ali-bez-optuznica-i-presuda-nema-zatvaranja-poglavlja-23-i-24-2\/#breadcrumb","itemListElement":[{"@type":"ListItem","position":1,"name":"Home","item":"https:\/\/dmcsrb.com\/"},{"@type":"ListItem","position":2,"name":"Satler: Napredak vidan, ali bez optu\u017enica i presuda, nema zatvaranja poglavlja 23 i 24"}]},{"@type":"WebSite","@id":"https:\/\/dmcsrb.com\/#website","url":"https:\/\/dmcsrb.com\/","name":"dmcsrb.com","description":"","potentialAction":[{"@type":"SearchAction","target":{"@type":"EntryPoint","urlTemplate":"https:\/\/dmcsrb.com\/?s={search_term_string}"},"query-input":{"@type":"PropertyValueSpecification","valueRequired":true,"valueName":"search_term_string"}}],"inLanguage":"en-GB"},{"@type":"Person","@id":"https:\/\/dmcsrb.com\/#\/schema\/person\/5c39170f12db1b8b457732d0b5c854e2","name":"dmcsrbija.com@gmail.com","image":{"@type":"ImageObject","inLanguage":"en-GB","@id":"https:\/\/secure.gravatar.com\/avatar\/68592660ad6347fad0fb587f8d5d8f1a7b44961362f56e4f2cd524feb87e9069?s=96&d=mm&r=g","url":"https:\/\/secure.gravatar.com\/avatar\/68592660ad6347fad0fb587f8d5d8f1a7b44961362f56e4f2cd524feb87e9069?s=96&d=mm&r=g","contentUrl":"https:\/\/secure.gravatar.com\/avatar\/68592660ad6347fad0fb587f8d5d8f1a7b44961362f56e4f2cd524feb87e9069?s=96&d=mm&r=g","caption":"dmcsrbija.com@gmail.com"},"sameAs":["https:\/\/dmcsrb.com"],"url":"https:\/\/dmcsrb.com\/en\/author\/dmcsrbija-comgmail-com\/"}]}},"_links":{"self":[{"href":"https:\/\/dmcsrb.com\/en\/wp-json\/wp\/v2\/posts\/912171","targetHints":{"allow":["GET"]}}],"collection":[{"href":"https:\/\/dmcsrb.com\/en\/wp-json\/wp\/v2\/posts"}],"about":[{"href":"https:\/\/dmcsrb.com\/en\/wp-json\/wp\/v2\/types\/post"}],"author":[{"embeddable":true,"href":"https:\/\/dmcsrb.com\/en\/wp-json\/wp\/v2\/users\/1"}],"replies":[{"embeddable":true,"href":"https:\/\/dmcsrb.com\/en\/wp-json\/wp\/v2\/comments?post=912171"}],"version-history":[{"count":0,"href":"https:\/\/dmcsrb.com\/en\/wp-json\/wp\/v2\/posts\/912171\/revisions"}],"wp:featuredmedia":[{"embeddable":true,"href":"https:\/\/dmcsrb.com\/en\/wp-json\/wp\/v2\/media\/910745"}],"wp:attachment":[{"href":"https:\/\/dmcsrb.com\/en\/wp-json\/wp\/v2\/media?parent=912171"}],"wp:term":[{"taxonomy":"category","embeddable":true,"href":"https:\/\/dmcsrb.com\/en\/wp-json\/wp\/v2\/categories?post=912171"},{"taxonomy":"post_tag","embeddable":true,"href":"https:\/\/dmcsrb.com\/en\/wp-json\/wp\/v2\/tags?post=912171"},{"taxonomy":"naslovna","embeddable":true,"href":"https:\/\/dmcsrb.com\/en\/wp-json\/wp\/v2\/naslovna?post=912171"}],"curies":[{"name":"wp","href":"https:\/\/api.w.org\/{rel}","templated":true}]}}