{"id":912165,"date":"2025-12-09T10:09:12","date_gmt":"2025-12-09T09:09:12","guid":{"rendered":"https:\/\/dmcsrb.com\/uncategorized\/za-tri-dana-kaznjeno-452-vozaca-12-uhapseno-2\/"},"modified":"2025-12-09T10:09:12","modified_gmt":"2025-12-09T09:09:12","slug":"za-tri-dana-kaznjeno-452-vozaca-12-uhapseno-2","status":"publish","type":"post","link":"https:\/\/dmcsrb.com\/en\/hronika\/za-tri-dana-kaznjeno-452-vozaca-12-uhapseno-2\/","title":{"rendered":"Za tri dana ka\u017enjeno 452 voza\u010da, 12 uhap\u0161eno"},"content":{"rendered":"<p><\/p>\n\n\n\n<p>Iz Uprave policije saop\u0161teno je da su voza\u010dima koji su zate\u010deni u prekr\u0161aju izdali 411 prekr\u0161ajnih naloga, dok je protiv 41 voza\u010da podnijeta 41 prekr\u0161ajna prijava.<\/p>\n\n\n\n<p>&#8220;Od ukupnog broja sankionisanih lica, 12 voza\u010da je li\u0161eno slobode po raznim osnovama, od \u010dega je \u0161est li\u0161eno slobode zbog upravljanja vozilom pod dejstvom alkohola, dva zbog upravljanja vozilom pod dejstvom PAS (psihoaktivnih supstanci), dok su po ostalim osnovama li\u0161ena slobode \u010detiri voza\u010da&#8221;, stoji u saop\u0161tenju.<\/p>\n\n\n\n<p>Preventivne i represivne aktivnosti saobra\u0107ajne policije \u0107e biti nastavljene i u narednom periodu, u cilju smanjenja broja saobra\u0107ajnih nezgoda i nastupanja te\u017eih posljedica po u\u010desnike u saobra\u0107aju, a samim tim i pobolj\u0161anja stanja bezbjednosti saobra\u0107aja na putevima.<\/p>\n\n\n\n<p><\/p>","protected":false},"excerpt":{"rendered":"<p>Saobra\u0107ajna policija Regionalnog centra bezbjednosti \u201eSjever\u201c sankcionisala je 452 voza\u010da tokom protekla tri dana, dok je 12 osoba uhap\u0161eno.<\/p>","protected":false},"author":1,"featured_media":910733,"comment_status":"open","ping_status":"open","sticky":false,"template":"","format":"standard","meta":{"_acf_changed":false,"footnotes":""},"categories":[17],"tags":[95,46,72],"naslovna":[],"class_list":["post-912165","post","type-post","status-publish","format-standard","has-post-thumbnail","hentry","category-hronika","tag-crna-gora","tag-sjever","tag-uprava-policije"],"acf":[],"yoast_head":"<!-- This site is optimized with the Yoast SEO plugin v27.4 - https:\/\/yoast.com\/product\/yoast-seo-wordpress\/ -->\n<title>Za tri dana ka\u017enjeno 452 voza\u010da, 12 uhap\u0161eno - dmcsrb.com<\/title>\n<meta name=\"robots\" content=\"index, follow, max-snippet:-1, max-image-preview:large, max-video-preview:-1\" \/>\n<link rel=\"canonical\" href=\"https:\/\/dmcsrb.com\/en\/hronika\/za-tri-dana-kaznjeno-452-vozaca-12-uhapseno-2\/\" \/>\n<meta property=\"og:locale\" content=\"en_GB\" \/>\n<meta property=\"og:type\" content=\"article\" \/>\n<meta property=\"og:title\" content=\"Za tri dana ka\u017enjeno 452 voza\u010da, 12 uhap\u0161eno - dmcsrb.com\" \/>\n<meta property=\"og:description\" content=\"Saobra\u0107ajna policija Regionalnog centra bezbjednosti \u201eSjever\u201c sankcionisala je 452 voza\u010da tokom protekla tri dana, dok je 12 osoba uhap\u0161eno.\" \/>\n<meta property=\"og:url\" content=\"https:\/\/dmcsrb.com\/en\/hronika\/za-tri-dana-kaznjeno-452-vozaca-12-uhapseno-2\/\" \/>\n<meta property=\"og:site_name\" content=\"dmcsrb.com\" \/>\n<meta property=\"article:published_time\" content=\"2025-12-09T09:09:12+00:00\" \/>\n<meta property=\"og:image\" content=\"https:\/\/dmcsrb.com\/wp-content\/uploads\/2026\/01\/policija-Austrija.webp\" \/>\n\t<meta property=\"og:image:width\" content=\"1235\" \/>\n\t<meta property=\"og:image:height\" content=\"651\" \/>\n\t<meta property=\"og:image:type\" content=\"image\/webp\" \/>\n<meta name=\"author\" content=\"dmcsrbija.com@gmail.com\" \/>\n<meta name=\"twitter:card\" content=\"summary_large_image\" \/>\n<meta name=\"twitter:label1\" content=\"Written by\" \/>\n\t<meta name=\"twitter:data1\" content=\"dmcsrbija.com@gmail.com\" \/>\n\t<meta name=\"twitter:label2\" content=\"Estimated reading time\" \/>\n\t<meta name=\"twitter:data2\" content=\"1 minute\" \/>\n<script type=\"application\/ld+json\" class=\"yoast-schema-graph\">{\"@context\":\"https:\\\/\\\/schema.org\",\"@graph\":[{\"@type\":\"Article\",\"@id\":\"https:\\\/\\\/dmcsrb.com\\\/hronika\\\/za-tri-dana-kaznjeno-452-vozaca-12-uhapseno-2\\\/#article\",\"isPartOf\":{\"@id\":\"https:\\\/\\\/dmcsrb.com\\\/hronika\\\/za-tri-dana-kaznjeno-452-vozaca-12-uhapseno-2\\\/\"},\"author\":{\"name\":\"dmcsrbija.com@gmail.com\",\"@id\":\"https:\\\/\\\/dmcsrb.com\\\/#\\\/schema\\\/person\\\/5c39170f12db1b8b457732d0b5c854e2\"},\"headline\":\"Za tri dana ka\u017enjeno 452 voza\u010da, 12 uhap\u0161eno\",\"datePublished\":\"2025-12-09T09:09:12+00:00\",\"mainEntityOfPage\":{\"@id\":\"https:\\\/\\\/dmcsrb.com\\\/hronika\\\/za-tri-dana-kaznjeno-452-vozaca-12-uhapseno-2\\\/\"},\"wordCount\":134,\"commentCount\":0,\"image\":{\"@id\":\"https:\\\/\\\/dmcsrb.com\\\/hronika\\\/za-tri-dana-kaznjeno-452-vozaca-12-uhapseno-2\\\/#primaryimage\"},\"thumbnailUrl\":\"https:\\\/\\\/dmcsrb.com\\\/wp-content\\\/uploads\\\/2026\\\/01\\\/policija-Austrija.webp\",\"keywords\":[\"Crna Gora\",\"sjever\",\"Uprava policije\"],\"articleSection\":[\"Hronika\"],\"inLanguage\":\"en-GB\",\"potentialAction\":[{\"@type\":\"CommentAction\",\"name\":\"Comment\",\"target\":[\"https:\\\/\\\/dmcsrb.com\\\/hronika\\\/za-tri-dana-kaznjeno-452-vozaca-12-uhapseno-2\\\/#respond\"]}]},{\"@type\":\"WebPage\",\"@id\":\"https:\\\/\\\/dmcsrb.com\\\/hronika\\\/za-tri-dana-kaznjeno-452-vozaca-12-uhapseno-2\\\/\",\"url\":\"https:\\\/\\\/dmcsrb.com\\\/hronika\\\/za-tri-dana-kaznjeno-452-vozaca-12-uhapseno-2\\\/\",\"name\":\"Za tri dana ka\u017enjeno 452 voza\u010da, 12 uhap\u0161eno - dmcsrb.com\",\"isPartOf\":{\"@id\":\"https:\\\/\\\/dmcsrb.com\\\/#website\"},\"primaryImageOfPage\":{\"@id\":\"https:\\\/\\\/dmcsrb.com\\\/hronika\\\/za-tri-dana-kaznjeno-452-vozaca-12-uhapseno-2\\\/#primaryimage\"},\"image\":{\"@id\":\"https:\\\/\\\/dmcsrb.com\\\/hronika\\\/za-tri-dana-kaznjeno-452-vozaca-12-uhapseno-2\\\/#primaryimage\"},\"thumbnailUrl\":\"https:\\\/\\\/dmcsrb.com\\\/wp-content\\\/uploads\\\/2026\\\/01\\\/policija-Austrija.webp\",\"datePublished\":\"2025-12-09T09:09:12+00:00\",\"author\":{\"@id\":\"https:\\\/\\\/dmcsrb.com\\\/#\\\/schema\\\/person\\\/5c39170f12db1b8b457732d0b5c854e2\"},\"breadcrumb\":{\"@id\":\"https:\\\/\\\/dmcsrb.com\\\/hronika\\\/za-tri-dana-kaznjeno-452-vozaca-12-uhapseno-2\\\/#breadcrumb\"},\"inLanguage\":\"en-GB\",\"potentialAction\":[{\"@type\":\"ReadAction\",\"target\":[\"https:\\\/\\\/dmcsrb.com\\\/hronika\\\/za-tri-dana-kaznjeno-452-vozaca-12-uhapseno-2\\\/\"]}]},{\"@type\":\"ImageObject\",\"inLanguage\":\"en-GB\",\"@id\":\"https:\\\/\\\/dmcsrb.com\\\/hronika\\\/za-tri-dana-kaznjeno-452-vozaca-12-uhapseno-2\\\/#primaryimage\",\"url\":\"https:\\\/\\\/dmcsrb.com\\\/wp-content\\\/uploads\\\/2026\\\/01\\\/policija-Austrija.webp\",\"contentUrl\":\"https:\\\/\\\/dmcsrb.com\\\/wp-content\\\/uploads\\\/2026\\\/01\\\/policija-Austrija.webp\",\"width\":1235,\"height\":651},{\"@type\":\"BreadcrumbList\",\"@id\":\"https:\\\/\\\/dmcsrb.com\\\/hronika\\\/za-tri-dana-kaznjeno-452-vozaca-12-uhapseno-2\\\/#breadcrumb\",\"itemListElement\":[{\"@type\":\"ListItem\",\"position\":1,\"name\":\"Home\",\"item\":\"https:\\\/\\\/dmcsrb.com\\\/\"},{\"@type\":\"ListItem\",\"position\":2,\"name\":\"Za tri dana ka\u017enjeno 452 voza\u010da, 12 uhap\u0161eno\"}]},{\"@type\":\"WebSite\",\"@id\":\"https:\\\/\\\/dmcsrb.com\\\/#website\",\"url\":\"https:\\\/\\\/dmcsrb.com\\\/\",\"name\":\"dmcsrb.com\",\"description\":\"\",\"potentialAction\":[{\"@type\":\"SearchAction\",\"target\":{\"@type\":\"EntryPoint\",\"urlTemplate\":\"https:\\\/\\\/dmcsrb.com\\\/?s={search_term_string}\"},\"query-input\":{\"@type\":\"PropertyValueSpecification\",\"valueRequired\":true,\"valueName\":\"search_term_string\"}}],\"inLanguage\":\"en-GB\"},{\"@type\":\"Person\",\"@id\":\"https:\\\/\\\/dmcsrb.com\\\/#\\\/schema\\\/person\\\/5c39170f12db1b8b457732d0b5c854e2\",\"name\":\"dmcsrbija.com@gmail.com\",\"image\":{\"@type\":\"ImageObject\",\"inLanguage\":\"en-GB\",\"@id\":\"https:\\\/\\\/secure.gravatar.com\\\/avatar\\\/68592660ad6347fad0fb587f8d5d8f1a7b44961362f56e4f2cd524feb87e9069?s=96&d=mm&r=g\",\"url\":\"https:\\\/\\\/secure.gravatar.com\\\/avatar\\\/68592660ad6347fad0fb587f8d5d8f1a7b44961362f56e4f2cd524feb87e9069?s=96&d=mm&r=g\",\"contentUrl\":\"https:\\\/\\\/secure.gravatar.com\\\/avatar\\\/68592660ad6347fad0fb587f8d5d8f1a7b44961362f56e4f2cd524feb87e9069?s=96&d=mm&r=g\",\"caption\":\"dmcsrbija.com@gmail.com\"},\"sameAs\":[\"https:\\\/\\\/dmcsrb.com\"],\"url\":\"https:\\\/\\\/dmcsrb.com\\\/en\\\/author\\\/dmcsrbija-comgmail-com\\\/\"}]}<\/script>\n<!-- \/ Yoast SEO plugin. -->","yoast_head_json":{"title":"Za tri dana ka\u017enjeno 452 voza\u010da, 12 uhap\u0161eno - dmcsrb.com","robots":{"index":"index","follow":"follow","max-snippet":"max-snippet:-1","max-image-preview":"max-image-preview:large","max-video-preview":"max-video-preview:-1"},"canonical":"https:\/\/dmcsrb.com\/en\/hronika\/za-tri-dana-kaznjeno-452-vozaca-12-uhapseno-2\/","og_locale":"en_GB","og_type":"article","og_title":"Za tri dana ka\u017enjeno 452 voza\u010da, 12 uhap\u0161eno - dmcsrb.com","og_description":"Saobra\u0107ajna policija Regionalnog centra bezbjednosti \u201eSjever\u201c sankcionisala je 452 voza\u010da tokom protekla tri dana, dok je 12 osoba uhap\u0161eno.","og_url":"https:\/\/dmcsrb.com\/en\/hronika\/za-tri-dana-kaznjeno-452-vozaca-12-uhapseno-2\/","og_site_name":"dmcsrb.com","article_published_time":"2025-12-09T09:09:12+00:00","og_image":[{"width":1235,"height":651,"url":"https:\/\/dmcsrb.com\/wp-content\/uploads\/2026\/01\/policija-Austrija.webp","type":"image\/webp"}],"author":"dmcsrbija.com@gmail.com","twitter_card":"summary_large_image","twitter_misc":{"Written by":"dmcsrbija.com@gmail.com","Estimated reading time":"1 minute"},"schema":{"@context":"https:\/\/schema.org","@graph":[{"@type":"Article","@id":"https:\/\/dmcsrb.com\/hronika\/za-tri-dana-kaznjeno-452-vozaca-12-uhapseno-2\/#article","isPartOf":{"@id":"https:\/\/dmcsrb.com\/hronika\/za-tri-dana-kaznjeno-452-vozaca-12-uhapseno-2\/"},"author":{"name":"dmcsrbija.com@gmail.com","@id":"https:\/\/dmcsrb.com\/#\/schema\/person\/5c39170f12db1b8b457732d0b5c854e2"},"headline":"Za tri dana ka\u017enjeno 452 voza\u010da, 12 uhap\u0161eno","datePublished":"2025-12-09T09:09:12+00:00","mainEntityOfPage":{"@id":"https:\/\/dmcsrb.com\/hronika\/za-tri-dana-kaznjeno-452-vozaca-12-uhapseno-2\/"},"wordCount":134,"commentCount":0,"image":{"@id":"https:\/\/dmcsrb.com\/hronika\/za-tri-dana-kaznjeno-452-vozaca-12-uhapseno-2\/#primaryimage"},"thumbnailUrl":"https:\/\/dmcsrb.com\/wp-content\/uploads\/2026\/01\/policija-Austrija.webp","keywords":["Crna Gora","sjever","Uprava policije"],"articleSection":["Hronika"],"inLanguage":"en-GB","potentialAction":[{"@type":"CommentAction","name":"Comment","target":["https:\/\/dmcsrb.com\/hronika\/za-tri-dana-kaznjeno-452-vozaca-12-uhapseno-2\/#respond"]}]},{"@type":"WebPage","@id":"https:\/\/dmcsrb.com\/hronika\/za-tri-dana-kaznjeno-452-vozaca-12-uhapseno-2\/","url":"https:\/\/dmcsrb.com\/hronika\/za-tri-dana-kaznjeno-452-vozaca-12-uhapseno-2\/","name":"Za tri dana ka\u017enjeno 452 voza\u010da, 12 uhap\u0161eno - dmcsrb.com","isPartOf":{"@id":"https:\/\/dmcsrb.com\/#website"},"primaryImageOfPage":{"@id":"https:\/\/dmcsrb.com\/hronika\/za-tri-dana-kaznjeno-452-vozaca-12-uhapseno-2\/#primaryimage"},"image":{"@id":"https:\/\/dmcsrb.com\/hronika\/za-tri-dana-kaznjeno-452-vozaca-12-uhapseno-2\/#primaryimage"},"thumbnailUrl":"https:\/\/dmcsrb.com\/wp-content\/uploads\/2026\/01\/policija-Austrija.webp","datePublished":"2025-12-09T09:09:12+00:00","author":{"@id":"https:\/\/dmcsrb.com\/#\/schema\/person\/5c39170f12db1b8b457732d0b5c854e2"},"breadcrumb":{"@id":"https:\/\/dmcsrb.com\/hronika\/za-tri-dana-kaznjeno-452-vozaca-12-uhapseno-2\/#breadcrumb"},"inLanguage":"en-GB","potentialAction":[{"@type":"ReadAction","target":["https:\/\/dmcsrb.com\/hronika\/za-tri-dana-kaznjeno-452-vozaca-12-uhapseno-2\/"]}]},{"@type":"ImageObject","inLanguage":"en-GB","@id":"https:\/\/dmcsrb.com\/hronika\/za-tri-dana-kaznjeno-452-vozaca-12-uhapseno-2\/#primaryimage","url":"https:\/\/dmcsrb.com\/wp-content\/uploads\/2026\/01\/policija-Austrija.webp","contentUrl":"https:\/\/dmcsrb.com\/wp-content\/uploads\/2026\/01\/policija-Austrija.webp","width":1235,"height":651},{"@type":"BreadcrumbList","@id":"https:\/\/dmcsrb.com\/hronika\/za-tri-dana-kaznjeno-452-vozaca-12-uhapseno-2\/#breadcrumb","itemListElement":[{"@type":"ListItem","position":1,"name":"Home","item":"https:\/\/dmcsrb.com\/"},{"@type":"ListItem","position":2,"name":"Za tri dana ka\u017enjeno 452 voza\u010da, 12 uhap\u0161eno"}]},{"@type":"WebSite","@id":"https:\/\/dmcsrb.com\/#website","url":"https:\/\/dmcsrb.com\/","name":"dmcsrb.com","description":"","potentialAction":[{"@type":"SearchAction","target":{"@type":"EntryPoint","urlTemplate":"https:\/\/dmcsrb.com\/?s={search_term_string}"},"query-input":{"@type":"PropertyValueSpecification","valueRequired":true,"valueName":"search_term_string"}}],"inLanguage":"en-GB"},{"@type":"Person","@id":"https:\/\/dmcsrb.com\/#\/schema\/person\/5c39170f12db1b8b457732d0b5c854e2","name":"dmcsrbija.com@gmail.com","image":{"@type":"ImageObject","inLanguage":"en-GB","@id":"https:\/\/secure.gravatar.com\/avatar\/68592660ad6347fad0fb587f8d5d8f1a7b44961362f56e4f2cd524feb87e9069?s=96&d=mm&r=g","url":"https:\/\/secure.gravatar.com\/avatar\/68592660ad6347fad0fb587f8d5d8f1a7b44961362f56e4f2cd524feb87e9069?s=96&d=mm&r=g","contentUrl":"https:\/\/secure.gravatar.com\/avatar\/68592660ad6347fad0fb587f8d5d8f1a7b44961362f56e4f2cd524feb87e9069?s=96&d=mm&r=g","caption":"dmcsrbija.com@gmail.com"},"sameAs":["https:\/\/dmcsrb.com"],"url":"https:\/\/dmcsrb.com\/en\/author\/dmcsrbija-comgmail-com\/"}]}},"_links":{"self":[{"href":"https:\/\/dmcsrb.com\/en\/wp-json\/wp\/v2\/posts\/912165","targetHints":{"allow":["GET"]}}],"collection":[{"href":"https:\/\/dmcsrb.com\/en\/wp-json\/wp\/v2\/posts"}],"about":[{"href":"https:\/\/dmcsrb.com\/en\/wp-json\/wp\/v2\/types\/post"}],"author":[{"embeddable":true,"href":"https:\/\/dmcsrb.com\/en\/wp-json\/wp\/v2\/users\/1"}],"replies":[{"embeddable":true,"href":"https:\/\/dmcsrb.com\/en\/wp-json\/wp\/v2\/comments?post=912165"}],"version-history":[{"count":0,"href":"https:\/\/dmcsrb.com\/en\/wp-json\/wp\/v2\/posts\/912165\/revisions"}],"wp:featuredmedia":[{"embeddable":true,"href":"https:\/\/dmcsrb.com\/en\/wp-json\/wp\/v2\/media\/910733"}],"wp:attachment":[{"href":"https:\/\/dmcsrb.com\/en\/wp-json\/wp\/v2\/media?parent=912165"}],"wp:term":[{"taxonomy":"category","embeddable":true,"href":"https:\/\/dmcsrb.com\/en\/wp-json\/wp\/v2\/categories?post=912165"},{"taxonomy":"post_tag","embeddable":true,"href":"https:\/\/dmcsrb.com\/en\/wp-json\/wp\/v2\/tags?post=912165"},{"taxonomy":"naslovna","embeddable":true,"href":"https:\/\/dmcsrb.com\/en\/wp-json\/wp\/v2\/naslovna?post=912165"}],"curies":[{"name":"wp","href":"https:\/\/api.w.org\/{rel}","templated":true}]}}