{"id":912147,"date":"2025-12-09T08:27:12","date_gmt":"2025-12-09T07:27:12","guid":{"rendered":"https:\/\/dmcsrb.com\/uncategorized\/nema-zelenog-svjetla-nisic-iznenadjena-zahtjevom-za-povecanje-plata-u-javnom-sektoru-bez-privatnog-2\/"},"modified":"2025-12-09T08:27:12","modified_gmt":"2025-12-09T07:27:12","slug":"nema-zelenog-svjetla-nisic-iznenadjena-zahtjevom-za-povecanje-plata-u-javnom-sektoru-bez-privatnog-2","status":"publish","type":"post","link":"https:\/\/dmcsrb.com\/en\/drustvo\/nema-zelenog-svjetla-nisic-iznenadjena-zahtjevom-za-povecanje-plata-u-javnom-sektoru-bez-privatnog-2\/","title":{"rendered":"Nema zelenog svjetla: Ni\u0161i\u0107 iznena\u0111ena zahtjevom za pove\u0107anje plata u javnom sektoru, bez privatnog"},"content":{"rendered":"<p><\/p>\n\n\n\n<p>Resorno ministarstvo danas \u0107e razgovarati sa sindikalcima o izmjenama Op\u0161teg kolektivnog ugovora. Unija slobodnih sindikata pro\u0161le sedmice na konferenciji za novinare saop\u0161tila je da su uradili odre\u0111enu analizu bud\u017eeta i da svima mogu da se uve\u0107aju zarade za deset odsto, za \u0161to \u0107e, kako su procijenili, biti potrebno da se izdvoji 90 miliona eura. Najavili su da \u0107e, ukoliko ne do\u0111e do kompromisa, sa predsjednikom Vlade komunicirati \u201eputem ulice\u201c.<\/p>\n\n\n\n<p><strong>Kompromis<\/strong><\/p>\n\n\n\n<p>Ministarka Ni\u0161i\u0107 rekla je Pobjedi da kada su u pitanju inicijative sindikata da ih nikada apriori ne odbacuje, ve\u0107 da isti\u010de da nije za ponu\u0111eni model, ali da treba da sjednu da vide \u0161to mogu da urade kako bi do\u0161li do odre\u0111enih rje\u0161enja. Ni\u0161i\u0107 dodaje da je za socijalni dijalog, da nikada ne bude ultimatum nijedne strane, ve\u0107 da sve bude produkt dogovora.<\/p>\n\n\n\n<p>\u201cMi \u0107emo im sigurno izlaziti u susret, da se dogovaramo i pregovaramo i zaista se nadam da \u0107emo na\u0107i zajedni\u010dko rje\u0161enje\u201d, rekla je ministarka.<\/p>\n\n\n\n<p>Ni\u0161i\u0107 isti\u010de da sami na\u010din sindikalnog djelovanja jeste takav da \u0107e sindikati uvijek i\u0107i u tom pravcu da odre\u0111eni dio svojih zahtjeva ostvaruju, \u0161to apsolutno smatra legitimnim.<\/p>\n\n\n\n<p>\u201cMoramo da znamo da se do tih rje\u0161enja mora do\u0107i konsenzusom, ne mo\u017ee se i\u0107i jednostrano i u tom dijelu moramo da sjednemo i da pregovaramo, kao i za sve. Onaj model koji je za mene prihvatljiv jeste da sjednemo da odradimo odre\u0111ene analize iz prostog razloga \u0161to svako pove\u0107anje Op\u0161teg kolektivnog ugovora kasnije dovodi do intencija da pojedini granski sindikati tra\u017ee onda pove\u0107avanje zarada u odre\u0111enim granama, \u0161to moramo da ra\u0161\u010dlanimo\u201d, kazala je Ni\u0161i\u0107.<\/p>\n\n\n\n<p>Kako dodaje, ono \u0161to su od starta \u017eeljeli jeste da se koeficijenti u Op\u0161tem kolektivnom ugovoru izmijene tako da se osnovna zarada pribli\u017ei minimalnoj i u tom dijelu \u0107e, poru\u010duje ministarka, imati njihovu punu podr\u0161ku.<\/p>\n\n\n\n<p>\u201cSada imamo diskrapancu izme\u0111u osnovne zarade, kad se dobiju koeficijenti, kako u privatnom, tako i u javnom sektoru, i minimalne zarade \u2013 na koju se obra\u010dunavaju no\u0107ni, prekovremeni i svi ostali sati, koji bi trebalo, prema na\u0161em mi\u0161ljenju, da se obra\u010dunavaju na osnovnu zaradu \u010diji bi koeficijenti doveli do minimalne zarade\u201d, istakla je ona.<\/p>\n\n\n\n<p>\u0160to se ti\u010de zahtjeva sindikata da se pove\u0107aju obra\u010dunske vrijednosti koeficijenta ka\u017ee da treba da sjednu i porazgovaraju, da pre\u0111u svaki modalitet\u2026<\/p>\n\n\n\n<p>\u201cOsta\u0107emo otvoreni za razgovore koliko god bude trebalo. Ima\u0107emo prijedloge za sindikate i poslodavce. Treba nam malo vremena da izanaliziramo sve. Moramo se potruditi da kroz Op\u0161ti kolektivni ugovor ne dovedemo kasnije do nezadovoljstva granskih sindikata, pa da ne do\u0111emo u za\u010darani krug kojem smo imali priliku da svjedo\u010dimo u prethodnom periodu\u201d, naglasila je Ni\u0161i\u0107.<\/p>\n\n\n\n<p><strong>Privatni sektor isklju\u010den<\/strong><\/p>\n\n\n\n<p>Ona dodaje da kada je rije\u010d o inicijativi da se uve\u0107aju svima zarade u dr\u017eavnoj upravi, da nema odvajanja privatnog i javnog sektora.<\/p>\n\n\n\n<p>Ni\u0161i\u0107 podsje\u0107a i da su sa vi\u0161e me\u0111unarodnih instanci, me\u0111u kojima je i Me\u0111unarodni monetarni fond, dobili pohvalu da tr\u017ei\u0161te rada apsolutno ide u pozitivnom smjeru, u smislu da se siva ekonomija iskorjenjuje i da treba da budu jako pa\u017eljivi kada su u pitanju pove\u0107anja\u2026<\/p>\n\n\n\n<p>\u201cZamoli\u0107u ih na sastanku, imamo jako dobru saradnju, jer je ovaj resor iznio dosta zna\u010dajnih zakona sa sindikalcima i poslodavcima, da sjednemo i napravimo analize. Moramo uklju\u010diti i kolege koje nam direktno finansijski mogu pomo\u0107i u ovom dijelu. Bi\u0107emo otvoreni za saradnju\u201d, kazala je Ni\u0161i\u0107.<\/p>\n\n\n\n<p>Na dana\u0161njoj radnoj grupi koja radi na izmjenama Op\u0161teg kolektivnog ugovora o\u010dekuje da razgovaraju o svemu ovome, a u \u010detvrtak imaju i sjednicu Socijalnog savjeta, gdje \u0107e, pored ostalog, pri\u010dati o ponu\u0111enom Prijedlogu zakona bud\u017eeta za 2026. godinu.<\/p>\n\n\n\n<p>Op\u0161ti kolektivni ugovor je, obja\u0161njava ministarka, akt op\u0161te vrijednosti koji se odnosi na sve zaposlene, te da pored zakona ima najve\u0107u pravnu snagu u pravnom sistemu kada su radni odnosi u pitanju.<\/p>\n\n\n\n<p>\u201cTu \u0107e se pregovaranje najvi\u0161e zasnivati na koeficijentima i na obra\u010dunskoj vrijednosti koeficijenata\u201d, poru\u010duje Ni\u0161i\u0107.<\/p>\n\n\n\n<p>Unija slobodnih sindikata Crne Gore pro\u0161le sedmice je saop\u0161tila da se osnovne zarade u javnom sektoru obra\u010dunavaju po formuli \u0161to se koeficijent slo\u017eenosti poslova mno\u017ei sa obra\u010dunskom vrijedno\u0161\u0107u koeficijenta.<\/p>\n\n\n\n<p>Kazali su da obra\u010dunska vrijednost koeficijenta nije mijenjana 14 godina i da iznosi 90 eura bruto. Njihov zahtjev sada je da se uve\u0107a na \u2013 sto eura bruto. Sindikalci su rekli novinarima da su prethodnih godina pokazali toleranciju i da je standard zaposlenih kroz odre\u0111ene projekte, poput \u201eEvrope sad\u201c, uve\u0107an, te da nijesu reagovali i nijesu tra\u017eili da im se pove\u0107aju odre\u0111eni koeficijenti.<\/p>\n\n\n\n<p>Me\u0111utim, sada su stava da je inflacija anulirala protekla uve\u0107anja i da moraju da se izbore za bolji status zaposlenih. Ispri\u010dali su da su slali dopise premijeru Milojku Spaji\u0107u, ali da nijesu dobili odgovore zbog \u010dega su odlu\u010dili da organizuju konferenciju i da javno iznesu probleme i zahtjeve. Imaju\u0107i u vidu da sa Spaji\u0107em sada komuniciraju preko medija rekli su da to jasno govori kakav je me\u0111u njima socijalni dijalog i koliko ih premijer uva\u017eava kao socijalne partnere.<\/p>\n\n\n\n<p>Izvor: Pobjeda<\/p>","protected":false},"excerpt":{"rendered":"<p>Nakon \u0161to je Unija slobodnih sindikata pro\u0161le sedmice zatra\u017eila od Vlade da se svim zaposlenim u javnom sektoru uve\u0107aju zarade za deset odsto, ministarka rada, zapo\u0161ljavanja i socijalnog dijaloga Naida Ni\u0161i\u0107 rekla je Pobjedi da je iznena\u0111ena njihovim na\u010dinom da se na\u0111e modalitet u kom \u0107e se targetirati samo javna uprava, bez privatnog sektora, i da za to, za po\u010detak, ne\u0107e dati zeleno svjetlo, ali da je otvorena da sjednu i da porazgovaraju o svemu.<\/p>","protected":false},"author":1,"featured_media":909322,"comment_status":"open","ping_status":"open","sticky":false,"template":"","format":"standard","meta":{"_acf_changed":false,"footnotes":""},"categories":[2],"tags":[1880,1881,1882],"naslovna":[],"class_list":["post-912147","post","type-post","status-publish","format-standard","has-post-thumbnail","hentry","category-drustvo","tag-nisic-2","tag-plate","tag-povecanje"],"acf":[],"yoast_head":"<!-- This site is optimized with the Yoast SEO plugin v27.4 - https:\/\/yoast.com\/product\/yoast-seo-wordpress\/ -->\n<title>Nema zelenog svjetla: Ni\u0161i\u0107 iznena\u0111ena zahtjevom za pove\u0107anje plata u javnom sektoru, bez privatnog - dmcsrb.com<\/title>\n<meta name=\"robots\" content=\"index, follow, max-snippet:-1, max-image-preview:large, max-video-preview:-1\" \/>\n<link rel=\"canonical\" href=\"https:\/\/dmcsrb.com\/en\/drustvo\/nema-zelenog-svjetla-nisic-iznenadjena-zahtjevom-za-povecanje-plata-u-javnom-sektoru-bez-privatnog-2\/\" \/>\n<meta property=\"og:locale\" content=\"en_GB\" \/>\n<meta property=\"og:type\" content=\"article\" \/>\n<meta property=\"og:title\" content=\"Nema zelenog svjetla: Ni\u0161i\u0107 iznena\u0111ena zahtjevom za pove\u0107anje plata u javnom sektoru, bez privatnog - dmcsrb.com\" \/>\n<meta property=\"og:description\" content=\"Nakon \u0161to je Unija slobodnih sindikata pro\u0161le sedmice zatra\u017eila od Vlade da se svim zaposlenim u javnom sektoru uve\u0107aju zarade za deset odsto, ministarka rada, zapo\u0161ljavanja i socijalnog dijaloga Naida Ni\u0161i\u0107 rekla je Pobjedi da je iznena\u0111ena njihovim na\u010dinom da se na\u0111e modalitet u kom \u0107e se targetirati samo javna uprava, bez privatnog sektora, i da za to, za po\u010detak, ne\u0107e dati zeleno svjetlo, ali da je otvorena da sjednu i da porazgovaraju o svemu.\" \/>\n<meta property=\"og:url\" content=\"https:\/\/dmcsrb.com\/en\/drustvo\/nema-zelenog-svjetla-nisic-iznenadjena-zahtjevom-za-povecanje-plata-u-javnom-sektoru-bez-privatnog-2\/\" \/>\n<meta property=\"og:site_name\" content=\"dmcsrb.com\" \/>\n<meta property=\"article:published_time\" content=\"2025-12-09T07:27:12+00:00\" \/>\n<meta property=\"og:image\" content=\"https:\/\/dmcsrb.com\/wp-content\/uploads\/2026\/01\/nisic.jpg\" \/>\n\t<meta property=\"og:image:width\" content=\"800\" \/>\n\t<meta property=\"og:image:height\" content=\"532\" \/>\n\t<meta property=\"og:image:type\" content=\"image\/jpeg\" \/>\n<meta name=\"author\" content=\"dmcsrbija.com@gmail.com\" \/>\n<meta name=\"twitter:card\" content=\"summary_large_image\" \/>\n<meta name=\"twitter:label1\" content=\"Written by\" \/>\n\t<meta name=\"twitter:data1\" content=\"dmcsrbija.com@gmail.com\" \/>\n\t<meta name=\"twitter:label2\" content=\"Estimated reading time\" \/>\n\t<meta name=\"twitter:data2\" content=\"5 minutes\" \/>\n<script type=\"application\/ld+json\" class=\"yoast-schema-graph\">{\"@context\":\"https:\\\/\\\/schema.org\",\"@graph\":[{\"@type\":\"Article\",\"@id\":\"https:\\\/\\\/dmcsrb.com\\\/drustvo\\\/nema-zelenog-svjetla-nisic-iznenadjena-zahtjevom-za-povecanje-plata-u-javnom-sektoru-bez-privatnog-2\\\/#article\",\"isPartOf\":{\"@id\":\"https:\\\/\\\/dmcsrb.com\\\/drustvo\\\/nema-zelenog-svjetla-nisic-iznenadjena-zahtjevom-za-povecanje-plata-u-javnom-sektoru-bez-privatnog-2\\\/\"},\"author\":{\"name\":\"dmcsrbija.com@gmail.com\",\"@id\":\"https:\\\/\\\/dmcsrb.com\\\/#\\\/schema\\\/person\\\/5c39170f12db1b8b457732d0b5c854e2\"},\"headline\":\"Nema zelenog svjetla: Ni\u0161i\u0107 iznena\u0111ena zahtjevom za pove\u0107anje plata u javnom sektoru, bez privatnog\",\"datePublished\":\"2025-12-09T07:27:12+00:00\",\"mainEntityOfPage\":{\"@id\":\"https:\\\/\\\/dmcsrb.com\\\/drustvo\\\/nema-zelenog-svjetla-nisic-iznenadjena-zahtjevom-za-povecanje-plata-u-javnom-sektoru-bez-privatnog-2\\\/\"},\"wordCount\":921,\"commentCount\":0,\"image\":{\"@id\":\"https:\\\/\\\/dmcsrb.com\\\/drustvo\\\/nema-zelenog-svjetla-nisic-iznenadjena-zahtjevom-za-povecanje-plata-u-javnom-sektoru-bez-privatnog-2\\\/#primaryimage\"},\"thumbnailUrl\":\"https:\\\/\\\/dmcsrb.com\\\/wp-content\\\/uploads\\\/2026\\\/01\\\/nisic.jpg\",\"keywords\":[\"NI\u0160I\u0106\",\"plate\",\"pove\u0107anje\"],\"articleSection\":[\"Dru\u0161tvo\"],\"inLanguage\":\"en-GB\",\"potentialAction\":[{\"@type\":\"CommentAction\",\"name\":\"Comment\",\"target\":[\"https:\\\/\\\/dmcsrb.com\\\/drustvo\\\/nema-zelenog-svjetla-nisic-iznenadjena-zahtjevom-za-povecanje-plata-u-javnom-sektoru-bez-privatnog-2\\\/#respond\"]}]},{\"@type\":\"WebPage\",\"@id\":\"https:\\\/\\\/dmcsrb.com\\\/drustvo\\\/nema-zelenog-svjetla-nisic-iznenadjena-zahtjevom-za-povecanje-plata-u-javnom-sektoru-bez-privatnog-2\\\/\",\"url\":\"https:\\\/\\\/dmcsrb.com\\\/drustvo\\\/nema-zelenog-svjetla-nisic-iznenadjena-zahtjevom-za-povecanje-plata-u-javnom-sektoru-bez-privatnog-2\\\/\",\"name\":\"Nema zelenog svjetla: Ni\u0161i\u0107 iznena\u0111ena zahtjevom za pove\u0107anje plata u javnom sektoru, bez privatnog - dmcsrb.com\",\"isPartOf\":{\"@id\":\"https:\\\/\\\/dmcsrb.com\\\/#website\"},\"primaryImageOfPage\":{\"@id\":\"https:\\\/\\\/dmcsrb.com\\\/drustvo\\\/nema-zelenog-svjetla-nisic-iznenadjena-zahtjevom-za-povecanje-plata-u-javnom-sektoru-bez-privatnog-2\\\/#primaryimage\"},\"image\":{\"@id\":\"https:\\\/\\\/dmcsrb.com\\\/drustvo\\\/nema-zelenog-svjetla-nisic-iznenadjena-zahtjevom-za-povecanje-plata-u-javnom-sektoru-bez-privatnog-2\\\/#primaryimage\"},\"thumbnailUrl\":\"https:\\\/\\\/dmcsrb.com\\\/wp-content\\\/uploads\\\/2026\\\/01\\\/nisic.jpg\",\"datePublished\":\"2025-12-09T07:27:12+00:00\",\"author\":{\"@id\":\"https:\\\/\\\/dmcsrb.com\\\/#\\\/schema\\\/person\\\/5c39170f12db1b8b457732d0b5c854e2\"},\"breadcrumb\":{\"@id\":\"https:\\\/\\\/dmcsrb.com\\\/drustvo\\\/nema-zelenog-svjetla-nisic-iznenadjena-zahtjevom-za-povecanje-plata-u-javnom-sektoru-bez-privatnog-2\\\/#breadcrumb\"},\"inLanguage\":\"en-GB\",\"potentialAction\":[{\"@type\":\"ReadAction\",\"target\":[\"https:\\\/\\\/dmcsrb.com\\\/drustvo\\\/nema-zelenog-svjetla-nisic-iznenadjena-zahtjevom-za-povecanje-plata-u-javnom-sektoru-bez-privatnog-2\\\/\"]}]},{\"@type\":\"ImageObject\",\"inLanguage\":\"en-GB\",\"@id\":\"https:\\\/\\\/dmcsrb.com\\\/drustvo\\\/nema-zelenog-svjetla-nisic-iznenadjena-zahtjevom-za-povecanje-plata-u-javnom-sektoru-bez-privatnog-2\\\/#primaryimage\",\"url\":\"https:\\\/\\\/dmcsrb.com\\\/wp-content\\\/uploads\\\/2026\\\/01\\\/nisic.jpg\",\"contentUrl\":\"https:\\\/\\\/dmcsrb.com\\\/wp-content\\\/uploads\\\/2026\\\/01\\\/nisic.jpg\",\"width\":800,\"height\":532},{\"@type\":\"BreadcrumbList\",\"@id\":\"https:\\\/\\\/dmcsrb.com\\\/drustvo\\\/nema-zelenog-svjetla-nisic-iznenadjena-zahtjevom-za-povecanje-plata-u-javnom-sektoru-bez-privatnog-2\\\/#breadcrumb\",\"itemListElement\":[{\"@type\":\"ListItem\",\"position\":1,\"name\":\"Home\",\"item\":\"https:\\\/\\\/dmcsrb.com\\\/\"},{\"@type\":\"ListItem\",\"position\":2,\"name\":\"Nema zelenog svjetla: Ni\u0161i\u0107 iznena\u0111ena zahtjevom za pove\u0107anje plata u javnom sektoru, bez privatnog\"}]},{\"@type\":\"WebSite\",\"@id\":\"https:\\\/\\\/dmcsrb.com\\\/#website\",\"url\":\"https:\\\/\\\/dmcsrb.com\\\/\",\"name\":\"dmcsrb.com\",\"description\":\"\",\"potentialAction\":[{\"@type\":\"SearchAction\",\"target\":{\"@type\":\"EntryPoint\",\"urlTemplate\":\"https:\\\/\\\/dmcsrb.com\\\/?s={search_term_string}\"},\"query-input\":{\"@type\":\"PropertyValueSpecification\",\"valueRequired\":true,\"valueName\":\"search_term_string\"}}],\"inLanguage\":\"en-GB\"},{\"@type\":\"Person\",\"@id\":\"https:\\\/\\\/dmcsrb.com\\\/#\\\/schema\\\/person\\\/5c39170f12db1b8b457732d0b5c854e2\",\"name\":\"dmcsrbija.com@gmail.com\",\"image\":{\"@type\":\"ImageObject\",\"inLanguage\":\"en-GB\",\"@id\":\"https:\\\/\\\/secure.gravatar.com\\\/avatar\\\/68592660ad6347fad0fb587f8d5d8f1a7b44961362f56e4f2cd524feb87e9069?s=96&d=mm&r=g\",\"url\":\"https:\\\/\\\/secure.gravatar.com\\\/avatar\\\/68592660ad6347fad0fb587f8d5d8f1a7b44961362f56e4f2cd524feb87e9069?s=96&d=mm&r=g\",\"contentUrl\":\"https:\\\/\\\/secure.gravatar.com\\\/avatar\\\/68592660ad6347fad0fb587f8d5d8f1a7b44961362f56e4f2cd524feb87e9069?s=96&d=mm&r=g\",\"caption\":\"dmcsrbija.com@gmail.com\"},\"sameAs\":[\"https:\\\/\\\/dmcsrb.com\"],\"url\":\"https:\\\/\\\/dmcsrb.com\\\/en\\\/author\\\/dmcsrbija-comgmail-com\\\/\"}]}<\/script>\n<!-- \/ Yoast SEO plugin. -->","yoast_head_json":{"title":"Nema zelenog svjetla: Ni\u0161i\u0107 iznena\u0111ena zahtjevom za pove\u0107anje plata u javnom sektoru, bez privatnog - dmcsrb.com","robots":{"index":"index","follow":"follow","max-snippet":"max-snippet:-1","max-image-preview":"max-image-preview:large","max-video-preview":"max-video-preview:-1"},"canonical":"https:\/\/dmcsrb.com\/en\/drustvo\/nema-zelenog-svjetla-nisic-iznenadjena-zahtjevom-za-povecanje-plata-u-javnom-sektoru-bez-privatnog-2\/","og_locale":"en_GB","og_type":"article","og_title":"Nema zelenog svjetla: Ni\u0161i\u0107 iznena\u0111ena zahtjevom za pove\u0107anje plata u javnom sektoru, bez privatnog - dmcsrb.com","og_description":"Nakon \u0161to je Unija slobodnih sindikata pro\u0161le sedmice zatra\u017eila od Vlade da se svim zaposlenim u javnom sektoru uve\u0107aju zarade za deset odsto, ministarka rada, zapo\u0161ljavanja i socijalnog dijaloga Naida Ni\u0161i\u0107 rekla je Pobjedi da je iznena\u0111ena njihovim na\u010dinom da se na\u0111e modalitet u kom \u0107e se targetirati samo javna uprava, bez privatnog sektora, i da za to, za po\u010detak, ne\u0107e dati zeleno svjetlo, ali da je otvorena da sjednu i da porazgovaraju o svemu.","og_url":"https:\/\/dmcsrb.com\/en\/drustvo\/nema-zelenog-svjetla-nisic-iznenadjena-zahtjevom-za-povecanje-plata-u-javnom-sektoru-bez-privatnog-2\/","og_site_name":"dmcsrb.com","article_published_time":"2025-12-09T07:27:12+00:00","og_image":[{"width":800,"height":532,"url":"https:\/\/dmcsrb.com\/wp-content\/uploads\/2026\/01\/nisic.jpg","type":"image\/jpeg"}],"author":"dmcsrbija.com@gmail.com","twitter_card":"summary_large_image","twitter_misc":{"Written by":"dmcsrbija.com@gmail.com","Estimated reading time":"5 minutes"},"schema":{"@context":"https:\/\/schema.org","@graph":[{"@type":"Article","@id":"https:\/\/dmcsrb.com\/drustvo\/nema-zelenog-svjetla-nisic-iznenadjena-zahtjevom-za-povecanje-plata-u-javnom-sektoru-bez-privatnog-2\/#article","isPartOf":{"@id":"https:\/\/dmcsrb.com\/drustvo\/nema-zelenog-svjetla-nisic-iznenadjena-zahtjevom-za-povecanje-plata-u-javnom-sektoru-bez-privatnog-2\/"},"author":{"name":"dmcsrbija.com@gmail.com","@id":"https:\/\/dmcsrb.com\/#\/schema\/person\/5c39170f12db1b8b457732d0b5c854e2"},"headline":"Nema zelenog svjetla: Ni\u0161i\u0107 iznena\u0111ena zahtjevom za pove\u0107anje plata u javnom sektoru, bez privatnog","datePublished":"2025-12-09T07:27:12+00:00","mainEntityOfPage":{"@id":"https:\/\/dmcsrb.com\/drustvo\/nema-zelenog-svjetla-nisic-iznenadjena-zahtjevom-za-povecanje-plata-u-javnom-sektoru-bez-privatnog-2\/"},"wordCount":921,"commentCount":0,"image":{"@id":"https:\/\/dmcsrb.com\/drustvo\/nema-zelenog-svjetla-nisic-iznenadjena-zahtjevom-za-povecanje-plata-u-javnom-sektoru-bez-privatnog-2\/#primaryimage"},"thumbnailUrl":"https:\/\/dmcsrb.com\/wp-content\/uploads\/2026\/01\/nisic.jpg","keywords":["NI\u0160I\u0106","plate","pove\u0107anje"],"articleSection":["Dru\u0161tvo"],"inLanguage":"en-GB","potentialAction":[{"@type":"CommentAction","name":"Comment","target":["https:\/\/dmcsrb.com\/drustvo\/nema-zelenog-svjetla-nisic-iznenadjena-zahtjevom-za-povecanje-plata-u-javnom-sektoru-bez-privatnog-2\/#respond"]}]},{"@type":"WebPage","@id":"https:\/\/dmcsrb.com\/drustvo\/nema-zelenog-svjetla-nisic-iznenadjena-zahtjevom-za-povecanje-plata-u-javnom-sektoru-bez-privatnog-2\/","url":"https:\/\/dmcsrb.com\/drustvo\/nema-zelenog-svjetla-nisic-iznenadjena-zahtjevom-za-povecanje-plata-u-javnom-sektoru-bez-privatnog-2\/","name":"Nema zelenog svjetla: Ni\u0161i\u0107 iznena\u0111ena zahtjevom za pove\u0107anje plata u javnom sektoru, bez privatnog - dmcsrb.com","isPartOf":{"@id":"https:\/\/dmcsrb.com\/#website"},"primaryImageOfPage":{"@id":"https:\/\/dmcsrb.com\/drustvo\/nema-zelenog-svjetla-nisic-iznenadjena-zahtjevom-za-povecanje-plata-u-javnom-sektoru-bez-privatnog-2\/#primaryimage"},"image":{"@id":"https:\/\/dmcsrb.com\/drustvo\/nema-zelenog-svjetla-nisic-iznenadjena-zahtjevom-za-povecanje-plata-u-javnom-sektoru-bez-privatnog-2\/#primaryimage"},"thumbnailUrl":"https:\/\/dmcsrb.com\/wp-content\/uploads\/2026\/01\/nisic.jpg","datePublished":"2025-12-09T07:27:12+00:00","author":{"@id":"https:\/\/dmcsrb.com\/#\/schema\/person\/5c39170f12db1b8b457732d0b5c854e2"},"breadcrumb":{"@id":"https:\/\/dmcsrb.com\/drustvo\/nema-zelenog-svjetla-nisic-iznenadjena-zahtjevom-za-povecanje-plata-u-javnom-sektoru-bez-privatnog-2\/#breadcrumb"},"inLanguage":"en-GB","potentialAction":[{"@type":"ReadAction","target":["https:\/\/dmcsrb.com\/drustvo\/nema-zelenog-svjetla-nisic-iznenadjena-zahtjevom-za-povecanje-plata-u-javnom-sektoru-bez-privatnog-2\/"]}]},{"@type":"ImageObject","inLanguage":"en-GB","@id":"https:\/\/dmcsrb.com\/drustvo\/nema-zelenog-svjetla-nisic-iznenadjena-zahtjevom-za-povecanje-plata-u-javnom-sektoru-bez-privatnog-2\/#primaryimage","url":"https:\/\/dmcsrb.com\/wp-content\/uploads\/2026\/01\/nisic.jpg","contentUrl":"https:\/\/dmcsrb.com\/wp-content\/uploads\/2026\/01\/nisic.jpg","width":800,"height":532},{"@type":"BreadcrumbList","@id":"https:\/\/dmcsrb.com\/drustvo\/nema-zelenog-svjetla-nisic-iznenadjena-zahtjevom-za-povecanje-plata-u-javnom-sektoru-bez-privatnog-2\/#breadcrumb","itemListElement":[{"@type":"ListItem","position":1,"name":"Home","item":"https:\/\/dmcsrb.com\/"},{"@type":"ListItem","position":2,"name":"Nema zelenog svjetla: Ni\u0161i\u0107 iznena\u0111ena zahtjevom za pove\u0107anje plata u javnom sektoru, bez privatnog"}]},{"@type":"WebSite","@id":"https:\/\/dmcsrb.com\/#website","url":"https:\/\/dmcsrb.com\/","name":"dmcsrb.com","description":"","potentialAction":[{"@type":"SearchAction","target":{"@type":"EntryPoint","urlTemplate":"https:\/\/dmcsrb.com\/?s={search_term_string}"},"query-input":{"@type":"PropertyValueSpecification","valueRequired":true,"valueName":"search_term_string"}}],"inLanguage":"en-GB"},{"@type":"Person","@id":"https:\/\/dmcsrb.com\/#\/schema\/person\/5c39170f12db1b8b457732d0b5c854e2","name":"dmcsrbija.com@gmail.com","image":{"@type":"ImageObject","inLanguage":"en-GB","@id":"https:\/\/secure.gravatar.com\/avatar\/68592660ad6347fad0fb587f8d5d8f1a7b44961362f56e4f2cd524feb87e9069?s=96&d=mm&r=g","url":"https:\/\/secure.gravatar.com\/avatar\/68592660ad6347fad0fb587f8d5d8f1a7b44961362f56e4f2cd524feb87e9069?s=96&d=mm&r=g","contentUrl":"https:\/\/secure.gravatar.com\/avatar\/68592660ad6347fad0fb587f8d5d8f1a7b44961362f56e4f2cd524feb87e9069?s=96&d=mm&r=g","caption":"dmcsrbija.com@gmail.com"},"sameAs":["https:\/\/dmcsrb.com"],"url":"https:\/\/dmcsrb.com\/en\/author\/dmcsrbija-comgmail-com\/"}]}},"_links":{"self":[{"href":"https:\/\/dmcsrb.com\/en\/wp-json\/wp\/v2\/posts\/912147","targetHints":{"allow":["GET"]}}],"collection":[{"href":"https:\/\/dmcsrb.com\/en\/wp-json\/wp\/v2\/posts"}],"about":[{"href":"https:\/\/dmcsrb.com\/en\/wp-json\/wp\/v2\/types\/post"}],"author":[{"embeddable":true,"href":"https:\/\/dmcsrb.com\/en\/wp-json\/wp\/v2\/users\/1"}],"replies":[{"embeddable":true,"href":"https:\/\/dmcsrb.com\/en\/wp-json\/wp\/v2\/comments?post=912147"}],"version-history":[{"count":0,"href":"https:\/\/dmcsrb.com\/en\/wp-json\/wp\/v2\/posts\/912147\/revisions"}],"wp:featuredmedia":[{"embeddable":true,"href":"https:\/\/dmcsrb.com\/en\/wp-json\/wp\/v2\/media\/909322"}],"wp:attachment":[{"href":"https:\/\/dmcsrb.com\/en\/wp-json\/wp\/v2\/media?parent=912147"}],"wp:term":[{"taxonomy":"category","embeddable":true,"href":"https:\/\/dmcsrb.com\/en\/wp-json\/wp\/v2\/categories?post=912147"},{"taxonomy":"post_tag","embeddable":true,"href":"https:\/\/dmcsrb.com\/en\/wp-json\/wp\/v2\/tags?post=912147"},{"taxonomy":"naslovna","embeddable":true,"href":"https:\/\/dmcsrb.com\/en\/wp-json\/wp\/v2\/naslovna?post=912147"}],"curies":[{"name":"wp","href":"https:\/\/api.w.org\/{rel}","templated":true}]}}