{"id":912118,"date":"2025-12-09T07:55:00","date_gmt":"2025-12-09T06:55:00","guid":{"rendered":"https:\/\/dmcsrb.com\/uncategorized\/sutjeska-domacin-zlatiboru-simonovic-ceka-nas-tezak-mec-2\/"},"modified":"2025-12-09T07:55:00","modified_gmt":"2025-12-09T06:55:00","slug":"sutjeska-domacin-zlatiboru-simonovic-ceka-nas-tezak-mec-2","status":"publish","type":"post","link":"https:\/\/dmcsrb.com\/en\/sport\/sutjeska-domacin-zlatiboru-simonovic-ceka-nas-tezak-mec-2\/","title":{"rendered":"Sutjeska doma\u0107in Zlatiboru, Simonovi\u0107: \u010ceka nas te\u017eak me\u010d"},"content":{"rendered":"<p>Izabranici Marka Simonovi\u0107a su jedina nepora\u017eena ekipa u dosada\u0161njem dijelu ta\u010dkmi\u010denja (3-0), dok je \u0161ampion ABA 2 lige iz 2022. godine na u\u010dinku 2-1.<\/p>\n\n\n\n<p>\u201e\u010ceka nas te\u0161ka utakmica protiv Zlatibora. To je ekipa sa individualno jako visokim kvalitetom. Iskusni su, znaju da igraju. Mislim da ne\u0107e biti nimalo lako. Ne smijemo da im dozvolimo da igraju u tranziciji, da dosta \u0161utiraju za tri poena. Ako nas budu uveli u taj ritam, mo\u017ee da se desi da budemo u problemu\u201c, poru\u010dio je trener Marko Simonovi\u0107 koji je otkrio da ima sve igra\u010de na raspolaganju, te da njegov tim ide na pobjedu.<\/p>\n\n\n\n<p>Uz podr\u0161ku sa tribina \u0107e sve biti lak\u0161e.<\/p>\n\n\n\n<p>\u201ePozvao bih i navija\u010de da do\u0111u u \u0161to ve\u0107em broju, njihovo prisustvo zna\u010di. Atmosfera protiv MZT-a je bila sjajna, pomogli su nam i mnogo im hvala na tome. Nadam se da \u0107e utorak biti jo\u0161 bolja atmosfera i da \u0107e biti jo\u0161 vi\u0161e ljudi na tribinama&#8221;, zaklju\u010dio je Simonovi\u0107. <\/p>\n\n\n\n<p>Sutjeska \u0107e sve u\u010diniti da zadr\u017ei maksimalan skor. <\/p>\n\n\n\n<p>\u201eZlatibor je dobra ekipa. Skautirali smo ih, znamo odakle nam prijeti najve\u0107a opasnost. Nadam se da \u0107emo biti fokusirani, agresivni i da \u0107emo zabilje\u017eiti jo\u0161 jednu pobjedu. Ovim putem pozivam navija\u010de da do\u0111u, da nas podr\u017ee. Oni su bitan faktor, njihova podr\u0161ka bi nam mnogo zna\u010dila, poru\u010dio je ko\u0161arka\u0161 Sutjeske, Bogdan Boji\u0107.<\/p>","protected":false},"excerpt":{"rendered":"<p>Ko\u0161arka\u0161i Sutjeske Elektroprivreda do\u010dekuju danas (18h) ekipu Zlatibora u utakmici \u010detvrtog kola ABA 2 lige.<\/p>","protected":false},"author":1,"featured_media":910653,"comment_status":"open","ping_status":"open","sticky":false,"template":"","format":"standard","meta":{"_acf_changed":false,"footnotes":""},"categories":[148],"tags":[1869,918,1870],"naslovna":[],"class_list":["post-912118","post","type-post","status-publish","format-standard","has-post-thumbnail","hentry","category-sport","tag-aba2-liga","tag-kk-sutjeska-elektroprivreda","tag-kk-zlatibor"],"acf":[],"yoast_head":"<!-- This site is optimized with the Yoast SEO plugin v27.4 - https:\/\/yoast.com\/product\/yoast-seo-wordpress\/ -->\n<title>Sutjeska doma\u0107in Zlatiboru, Simonovi\u0107: \u010ceka nas te\u017eak me\u010d - dmcsrb.com<\/title>\n<meta name=\"robots\" content=\"index, follow, max-snippet:-1, max-image-preview:large, max-video-preview:-1\" \/>\n<link rel=\"canonical\" href=\"https:\/\/dmcsrb.com\/en\/sport\/sutjeska-domacin-zlatiboru-simonovic-ceka-nas-tezak-mec-2\/\" \/>\n<meta property=\"og:locale\" content=\"en_GB\" \/>\n<meta property=\"og:type\" content=\"article\" \/>\n<meta property=\"og:title\" content=\"Sutjeska doma\u0107in Zlatiboru, Simonovi\u0107: \u010ceka nas te\u017eak me\u010d - dmcsrb.com\" \/>\n<meta property=\"og:description\" content=\"Ko\u0161arka\u0161i Sutjeske Elektroprivreda do\u010dekuju danas (18h) ekipu Zlatibora u utakmici \u010detvrtog kola ABA 2 lige.\" \/>\n<meta property=\"og:url\" content=\"https:\/\/dmcsrb.com\/en\/sport\/sutjeska-domacin-zlatiboru-simonovic-ceka-nas-tezak-mec-2\/\" \/>\n<meta property=\"og:site_name\" content=\"dmcsrb.com\" \/>\n<meta property=\"article:published_time\" content=\"2025-12-09T06:55:00+00:00\" \/>\n<meta property=\"og:image\" content=\"https:\/\/dmcsrb.com\/wp-content\/uploads\/2026\/01\/Sutjeska-Siroki-Siroki-TT-Kabeli-Antonio-Sliskovic.jpg\" \/>\n\t<meta property=\"og:image:width\" content=\"740\" \/>\n\t<meta property=\"og:image:height\" content=\"592\" \/>\n\t<meta property=\"og:image:type\" content=\"image\/jpeg\" \/>\n<meta name=\"author\" content=\"dmcsrbija.com@gmail.com\" \/>\n<meta name=\"twitter:card\" content=\"summary_large_image\" \/>\n<meta name=\"twitter:label1\" content=\"Written by\" \/>\n\t<meta name=\"twitter:data1\" content=\"dmcsrbija.com@gmail.com\" \/>\n\t<meta name=\"twitter:label2\" content=\"Estimated reading time\" \/>\n\t<meta name=\"twitter:data2\" content=\"1 minute\" \/>\n<script type=\"application\/ld+json\" class=\"yoast-schema-graph\">{\"@context\":\"https:\\\/\\\/schema.org\",\"@graph\":[{\"@type\":\"Article\",\"@id\":\"https:\\\/\\\/dmcsrb.com\\\/sport\\\/sutjeska-domacin-zlatiboru-simonovic-ceka-nas-tezak-mec-2\\\/#article\",\"isPartOf\":{\"@id\":\"https:\\\/\\\/dmcsrb.com\\\/sport\\\/sutjeska-domacin-zlatiboru-simonovic-ceka-nas-tezak-mec-2\\\/\"},\"author\":{\"name\":\"dmcsrbija.com@gmail.com\",\"@id\":\"https:\\\/\\\/dmcsrb.com\\\/#\\\/schema\\\/person\\\/5c39170f12db1b8b457732d0b5c854e2\"},\"headline\":\"Sutjeska doma\u0107in Zlatiboru, Simonovi\u0107: \u010ceka nas te\u017eak me\u010d\",\"datePublished\":\"2025-12-09T06:55:00+00:00\",\"mainEntityOfPage\":{\"@id\":\"https:\\\/\\\/dmcsrb.com\\\/sport\\\/sutjeska-domacin-zlatiboru-simonovic-ceka-nas-tezak-mec-2\\\/\"},\"wordCount\":255,\"commentCount\":0,\"image\":{\"@id\":\"https:\\\/\\\/dmcsrb.com\\\/sport\\\/sutjeska-domacin-zlatiboru-simonovic-ceka-nas-tezak-mec-2\\\/#primaryimage\"},\"thumbnailUrl\":\"https:\\\/\\\/dmcsrb.com\\\/wp-content\\\/uploads\\\/2026\\\/01\\\/Sutjeska-Siroki-Siroki-TT-Kabeli-Antonio-Sliskovic.jpg\",\"keywords\":[\"ABA2 liga\",\"KK Sutjeska Elektroprivreda\",\"KK Zlatibor\"],\"articleSection\":[\"Sport\"],\"inLanguage\":\"en-GB\",\"potentialAction\":[{\"@type\":\"CommentAction\",\"name\":\"Comment\",\"target\":[\"https:\\\/\\\/dmcsrb.com\\\/sport\\\/sutjeska-domacin-zlatiboru-simonovic-ceka-nas-tezak-mec-2\\\/#respond\"]}]},{\"@type\":\"WebPage\",\"@id\":\"https:\\\/\\\/dmcsrb.com\\\/sport\\\/sutjeska-domacin-zlatiboru-simonovic-ceka-nas-tezak-mec-2\\\/\",\"url\":\"https:\\\/\\\/dmcsrb.com\\\/sport\\\/sutjeska-domacin-zlatiboru-simonovic-ceka-nas-tezak-mec-2\\\/\",\"name\":\"Sutjeska doma\u0107in Zlatiboru, Simonovi\u0107: \u010ceka nas te\u017eak me\u010d - dmcsrb.com\",\"isPartOf\":{\"@id\":\"https:\\\/\\\/dmcsrb.com\\\/#website\"},\"primaryImageOfPage\":{\"@id\":\"https:\\\/\\\/dmcsrb.com\\\/sport\\\/sutjeska-domacin-zlatiboru-simonovic-ceka-nas-tezak-mec-2\\\/#primaryimage\"},\"image\":{\"@id\":\"https:\\\/\\\/dmcsrb.com\\\/sport\\\/sutjeska-domacin-zlatiboru-simonovic-ceka-nas-tezak-mec-2\\\/#primaryimage\"},\"thumbnailUrl\":\"https:\\\/\\\/dmcsrb.com\\\/wp-content\\\/uploads\\\/2026\\\/01\\\/Sutjeska-Siroki-Siroki-TT-Kabeli-Antonio-Sliskovic.jpg\",\"datePublished\":\"2025-12-09T06:55:00+00:00\",\"author\":{\"@id\":\"https:\\\/\\\/dmcsrb.com\\\/#\\\/schema\\\/person\\\/5c39170f12db1b8b457732d0b5c854e2\"},\"breadcrumb\":{\"@id\":\"https:\\\/\\\/dmcsrb.com\\\/sport\\\/sutjeska-domacin-zlatiboru-simonovic-ceka-nas-tezak-mec-2\\\/#breadcrumb\"},\"inLanguage\":\"en-GB\",\"potentialAction\":[{\"@type\":\"ReadAction\",\"target\":[\"https:\\\/\\\/dmcsrb.com\\\/sport\\\/sutjeska-domacin-zlatiboru-simonovic-ceka-nas-tezak-mec-2\\\/\"]}]},{\"@type\":\"ImageObject\",\"inLanguage\":\"en-GB\",\"@id\":\"https:\\\/\\\/dmcsrb.com\\\/sport\\\/sutjeska-domacin-zlatiboru-simonovic-ceka-nas-tezak-mec-2\\\/#primaryimage\",\"url\":\"https:\\\/\\\/dmcsrb.com\\\/wp-content\\\/uploads\\\/2026\\\/01\\\/Sutjeska-Siroki-Siroki-TT-Kabeli-Antonio-Sliskovic.jpg\",\"contentUrl\":\"https:\\\/\\\/dmcsrb.com\\\/wp-content\\\/uploads\\\/2026\\\/01\\\/Sutjeska-Siroki-Siroki-TT-Kabeli-Antonio-Sliskovic.jpg\",\"width\":740,\"height\":592},{\"@type\":\"BreadcrumbList\",\"@id\":\"https:\\\/\\\/dmcsrb.com\\\/sport\\\/sutjeska-domacin-zlatiboru-simonovic-ceka-nas-tezak-mec-2\\\/#breadcrumb\",\"itemListElement\":[{\"@type\":\"ListItem\",\"position\":1,\"name\":\"Home\",\"item\":\"https:\\\/\\\/dmcsrb.com\\\/\"},{\"@type\":\"ListItem\",\"position\":2,\"name\":\"Sutjeska doma\u0107in Zlatiboru, Simonovi\u0107: \u010ceka nas te\u017eak me\u010d\"}]},{\"@type\":\"WebSite\",\"@id\":\"https:\\\/\\\/dmcsrb.com\\\/#website\",\"url\":\"https:\\\/\\\/dmcsrb.com\\\/\",\"name\":\"dmcsrb.com\",\"description\":\"\",\"potentialAction\":[{\"@type\":\"SearchAction\",\"target\":{\"@type\":\"EntryPoint\",\"urlTemplate\":\"https:\\\/\\\/dmcsrb.com\\\/?s={search_term_string}\"},\"query-input\":{\"@type\":\"PropertyValueSpecification\",\"valueRequired\":true,\"valueName\":\"search_term_string\"}}],\"inLanguage\":\"en-GB\"},{\"@type\":\"Person\",\"@id\":\"https:\\\/\\\/dmcsrb.com\\\/#\\\/schema\\\/person\\\/5c39170f12db1b8b457732d0b5c854e2\",\"name\":\"dmcsrbija.com@gmail.com\",\"image\":{\"@type\":\"ImageObject\",\"inLanguage\":\"en-GB\",\"@id\":\"https:\\\/\\\/secure.gravatar.com\\\/avatar\\\/68592660ad6347fad0fb587f8d5d8f1a7b44961362f56e4f2cd524feb87e9069?s=96&d=mm&r=g\",\"url\":\"https:\\\/\\\/secure.gravatar.com\\\/avatar\\\/68592660ad6347fad0fb587f8d5d8f1a7b44961362f56e4f2cd524feb87e9069?s=96&d=mm&r=g\",\"contentUrl\":\"https:\\\/\\\/secure.gravatar.com\\\/avatar\\\/68592660ad6347fad0fb587f8d5d8f1a7b44961362f56e4f2cd524feb87e9069?s=96&d=mm&r=g\",\"caption\":\"dmcsrbija.com@gmail.com\"},\"sameAs\":[\"https:\\\/\\\/dmcsrb.com\"],\"url\":\"https:\\\/\\\/dmcsrb.com\\\/en\\\/author\\\/dmcsrbija-comgmail-com\\\/\"}]}<\/script>\n<!-- \/ Yoast SEO plugin. -->","yoast_head_json":{"title":"Sutjeska doma\u0107in Zlatiboru, Simonovi\u0107: \u010ceka nas te\u017eak me\u010d - dmcsrb.com","robots":{"index":"index","follow":"follow","max-snippet":"max-snippet:-1","max-image-preview":"max-image-preview:large","max-video-preview":"max-video-preview:-1"},"canonical":"https:\/\/dmcsrb.com\/en\/sport\/sutjeska-domacin-zlatiboru-simonovic-ceka-nas-tezak-mec-2\/","og_locale":"en_GB","og_type":"article","og_title":"Sutjeska doma\u0107in Zlatiboru, Simonovi\u0107: \u010ceka nas te\u017eak me\u010d - dmcsrb.com","og_description":"Ko\u0161arka\u0161i Sutjeske Elektroprivreda do\u010dekuju danas (18h) ekipu Zlatibora u utakmici \u010detvrtog kola ABA 2 lige.","og_url":"https:\/\/dmcsrb.com\/en\/sport\/sutjeska-domacin-zlatiboru-simonovic-ceka-nas-tezak-mec-2\/","og_site_name":"dmcsrb.com","article_published_time":"2025-12-09T06:55:00+00:00","og_image":[{"width":740,"height":592,"url":"https:\/\/dmcsrb.com\/wp-content\/uploads\/2026\/01\/Sutjeska-Siroki-Siroki-TT-Kabeli-Antonio-Sliskovic.jpg","type":"image\/jpeg"}],"author":"dmcsrbija.com@gmail.com","twitter_card":"summary_large_image","twitter_misc":{"Written by":"dmcsrbija.com@gmail.com","Estimated reading time":"1 minute"},"schema":{"@context":"https:\/\/schema.org","@graph":[{"@type":"Article","@id":"https:\/\/dmcsrb.com\/sport\/sutjeska-domacin-zlatiboru-simonovic-ceka-nas-tezak-mec-2\/#article","isPartOf":{"@id":"https:\/\/dmcsrb.com\/sport\/sutjeska-domacin-zlatiboru-simonovic-ceka-nas-tezak-mec-2\/"},"author":{"name":"dmcsrbija.com@gmail.com","@id":"https:\/\/dmcsrb.com\/#\/schema\/person\/5c39170f12db1b8b457732d0b5c854e2"},"headline":"Sutjeska doma\u0107in Zlatiboru, Simonovi\u0107: \u010ceka nas te\u017eak me\u010d","datePublished":"2025-12-09T06:55:00+00:00","mainEntityOfPage":{"@id":"https:\/\/dmcsrb.com\/sport\/sutjeska-domacin-zlatiboru-simonovic-ceka-nas-tezak-mec-2\/"},"wordCount":255,"commentCount":0,"image":{"@id":"https:\/\/dmcsrb.com\/sport\/sutjeska-domacin-zlatiboru-simonovic-ceka-nas-tezak-mec-2\/#primaryimage"},"thumbnailUrl":"https:\/\/dmcsrb.com\/wp-content\/uploads\/2026\/01\/Sutjeska-Siroki-Siroki-TT-Kabeli-Antonio-Sliskovic.jpg","keywords":["ABA2 liga","KK Sutjeska Elektroprivreda","KK Zlatibor"],"articleSection":["Sport"],"inLanguage":"en-GB","potentialAction":[{"@type":"CommentAction","name":"Comment","target":["https:\/\/dmcsrb.com\/sport\/sutjeska-domacin-zlatiboru-simonovic-ceka-nas-tezak-mec-2\/#respond"]}]},{"@type":"WebPage","@id":"https:\/\/dmcsrb.com\/sport\/sutjeska-domacin-zlatiboru-simonovic-ceka-nas-tezak-mec-2\/","url":"https:\/\/dmcsrb.com\/sport\/sutjeska-domacin-zlatiboru-simonovic-ceka-nas-tezak-mec-2\/","name":"Sutjeska doma\u0107in Zlatiboru, Simonovi\u0107: \u010ceka nas te\u017eak me\u010d - dmcsrb.com","isPartOf":{"@id":"https:\/\/dmcsrb.com\/#website"},"primaryImageOfPage":{"@id":"https:\/\/dmcsrb.com\/sport\/sutjeska-domacin-zlatiboru-simonovic-ceka-nas-tezak-mec-2\/#primaryimage"},"image":{"@id":"https:\/\/dmcsrb.com\/sport\/sutjeska-domacin-zlatiboru-simonovic-ceka-nas-tezak-mec-2\/#primaryimage"},"thumbnailUrl":"https:\/\/dmcsrb.com\/wp-content\/uploads\/2026\/01\/Sutjeska-Siroki-Siroki-TT-Kabeli-Antonio-Sliskovic.jpg","datePublished":"2025-12-09T06:55:00+00:00","author":{"@id":"https:\/\/dmcsrb.com\/#\/schema\/person\/5c39170f12db1b8b457732d0b5c854e2"},"breadcrumb":{"@id":"https:\/\/dmcsrb.com\/sport\/sutjeska-domacin-zlatiboru-simonovic-ceka-nas-tezak-mec-2\/#breadcrumb"},"inLanguage":"en-GB","potentialAction":[{"@type":"ReadAction","target":["https:\/\/dmcsrb.com\/sport\/sutjeska-domacin-zlatiboru-simonovic-ceka-nas-tezak-mec-2\/"]}]},{"@type":"ImageObject","inLanguage":"en-GB","@id":"https:\/\/dmcsrb.com\/sport\/sutjeska-domacin-zlatiboru-simonovic-ceka-nas-tezak-mec-2\/#primaryimage","url":"https:\/\/dmcsrb.com\/wp-content\/uploads\/2026\/01\/Sutjeska-Siroki-Siroki-TT-Kabeli-Antonio-Sliskovic.jpg","contentUrl":"https:\/\/dmcsrb.com\/wp-content\/uploads\/2026\/01\/Sutjeska-Siroki-Siroki-TT-Kabeli-Antonio-Sliskovic.jpg","width":740,"height":592},{"@type":"BreadcrumbList","@id":"https:\/\/dmcsrb.com\/sport\/sutjeska-domacin-zlatiboru-simonovic-ceka-nas-tezak-mec-2\/#breadcrumb","itemListElement":[{"@type":"ListItem","position":1,"name":"Home","item":"https:\/\/dmcsrb.com\/"},{"@type":"ListItem","position":2,"name":"Sutjeska doma\u0107in Zlatiboru, Simonovi\u0107: \u010ceka nas te\u017eak me\u010d"}]},{"@type":"WebSite","@id":"https:\/\/dmcsrb.com\/#website","url":"https:\/\/dmcsrb.com\/","name":"dmcsrb.com","description":"","potentialAction":[{"@type":"SearchAction","target":{"@type":"EntryPoint","urlTemplate":"https:\/\/dmcsrb.com\/?s={search_term_string}"},"query-input":{"@type":"PropertyValueSpecification","valueRequired":true,"valueName":"search_term_string"}}],"inLanguage":"en-GB"},{"@type":"Person","@id":"https:\/\/dmcsrb.com\/#\/schema\/person\/5c39170f12db1b8b457732d0b5c854e2","name":"dmcsrbija.com@gmail.com","image":{"@type":"ImageObject","inLanguage":"en-GB","@id":"https:\/\/secure.gravatar.com\/avatar\/68592660ad6347fad0fb587f8d5d8f1a7b44961362f56e4f2cd524feb87e9069?s=96&d=mm&r=g","url":"https:\/\/secure.gravatar.com\/avatar\/68592660ad6347fad0fb587f8d5d8f1a7b44961362f56e4f2cd524feb87e9069?s=96&d=mm&r=g","contentUrl":"https:\/\/secure.gravatar.com\/avatar\/68592660ad6347fad0fb587f8d5d8f1a7b44961362f56e4f2cd524feb87e9069?s=96&d=mm&r=g","caption":"dmcsrbija.com@gmail.com"},"sameAs":["https:\/\/dmcsrb.com"],"url":"https:\/\/dmcsrb.com\/en\/author\/dmcsrbija-comgmail-com\/"}]}},"_links":{"self":[{"href":"https:\/\/dmcsrb.com\/en\/wp-json\/wp\/v2\/posts\/912118","targetHints":{"allow":["GET"]}}],"collection":[{"href":"https:\/\/dmcsrb.com\/en\/wp-json\/wp\/v2\/posts"}],"about":[{"href":"https:\/\/dmcsrb.com\/en\/wp-json\/wp\/v2\/types\/post"}],"author":[{"embeddable":true,"href":"https:\/\/dmcsrb.com\/en\/wp-json\/wp\/v2\/users\/1"}],"replies":[{"embeddable":true,"href":"https:\/\/dmcsrb.com\/en\/wp-json\/wp\/v2\/comments?post=912118"}],"version-history":[{"count":0,"href":"https:\/\/dmcsrb.com\/en\/wp-json\/wp\/v2\/posts\/912118\/revisions"}],"wp:featuredmedia":[{"embeddable":true,"href":"https:\/\/dmcsrb.com\/en\/wp-json\/wp\/v2\/media\/910653"}],"wp:attachment":[{"href":"https:\/\/dmcsrb.com\/en\/wp-json\/wp\/v2\/media?parent=912118"}],"wp:term":[{"taxonomy":"category","embeddable":true,"href":"https:\/\/dmcsrb.com\/en\/wp-json\/wp\/v2\/categories?post=912118"},{"taxonomy":"post_tag","embeddable":true,"href":"https:\/\/dmcsrb.com\/en\/wp-json\/wp\/v2\/tags?post=912118"},{"taxonomy":"naslovna","embeddable":true,"href":"https:\/\/dmcsrb.com\/en\/wp-json\/wp\/v2\/naslovna?post=912118"}],"curies":[{"name":"wp","href":"https:\/\/api.w.org\/{rel}","templated":true}]}}