{"id":911894,"date":"2025-12-06T19:42:00","date_gmt":"2025-12-06T18:42:00","guid":{"rendered":"https:\/\/dmcsrb.com\/uncategorized\/spanski-ministar-pozvao-druge-zemlje-da-bojkotuju-eurosong-mi-ne-zaboravljamo-masakr-2\/"},"modified":"2025-12-06T19:42:00","modified_gmt":"2025-12-06T18:42:00","slug":"spanski-ministar-pozvao-druge-zemlje-da-bojkotuju-eurosong-mi-ne-zaboravljamo-masakr-2","status":"publish","type":"post","link":"https:\/\/dmcsrb.com\/en\/svijet\/spanski-ministar-pozvao-druge-zemlje-da-bojkotuju-eurosong-mi-ne-zaboravljamo-masakr-2\/","title":{"rendered":"\u0160panski ministar pozvao druge zemlje da bojkotuju Eurosong: &#8220;Mi ne zaboravljamo masakr&#8221;"},"content":{"rendered":"<p>Izrael je u \u010detvrtak dobio odobrenje organizatora za u\u010de\u0161\u0107e na Eurosongu 2026. godine, \u0161to je navelo \u0160paniju, Nizozemsku, Irsku i Sloveniju da se povuku zbog rata u Gazi i dovelo takmi\u010denje do jednog od najve\u0107ih sukoba u njegovoj historiji.<\/p>\n\n\n\n<p>Bustinduy je u izjavi poru\u010dio: &#8220;Nadam se da \u0107e mnoge druge zemlje slijediti na\u0161 primjer povla\u010denja sa Eurosonga. \u010cini se da kada jednom nestanu iz naslova ili iz vijesti svakodnevne slike neselektivnog masakra desetina hiljada, nevinih ljudi i djece &#8211; \u010dini se da bismo trebali gledati u drugom pravcu i normalizovati. To se ne mo\u017ee desiti.&#8221;.<\/p>\n\n\n\n<p>&#8220;I nije stvar samo u tome \u0161to je \u0160panija odlu\u010dila da se povu\u010de sa Eurosonga i ponosan sam na to \u0161to ne u\u010destvuje na Eurosongu, radi se o tome da se nadam i u\u010dinit \u0107u sve \u0161to je u mojoj mo\u0107i da odgovorni za ovaj genocid na kraju odgovaraju pred me\u0111unarodnim sudom jer je to mjesto gdje trebaju biti. \u0160panija ne zaboravlja, mi ne zaboravljamo tragediju i masakr koji je pretrpio palestinski narod i nadamo se da \u0107e pravda jednog dana biti zadovoljena i da \u0107e odgovorni platiti za to&#8221;, poru\u010dio je \u0161panski ministaru u izjavi koju prenosi Reuters.<\/p>\n\n\n\n<p>\u0160panija i drugi emiteri koji su prijetili bojkotom doga\u0111aja naveli su broj poginulih u Gazi i optu\u017eili Izrael za kr\u0161enje pravila koja imaju za cilj o\u010duvanje neutralnosti takmi\u010denja. Izrael optu\u017euje svoje kriti\u010dare da pokre\u0107u globalnu kampanju bla\u0107enja protiv njega.<\/p>\n\n\n\n<p>Nakon sastanka u \u017denevi, Evropska radiodifuzna unija odlu\u010dila je da se ne glasa o u\u010de\u0161\u0107u Izraela, rekav\u0161i da je umjesto toga usvojila nova pravila \u010diji je cilj obeshrabriti vlade da utje\u010du na takmi\u010denje.<\/p>\n\n\n\n<p>Odmah nakon te objave organizatora takmi\u010denja, nizozemski, \u0161panski, irski i slovenski emiteri su saop\u0161tili da \u0107e se povu\u0107i.<\/p>\n\n\n\n<p><\/p>","protected":false},"excerpt":{"rendered":"<p>\u0160panski ministar za socijalna i potro\u0161a\u010dka prava Pablo Bustinduy izjavio je da se nada da \u0107e se i druge evropske zemlje pridru\u017eiti povla\u010denju sa Eurosonga nakon \u0161to je potvr\u0111eno da \u0107e Izrael u\u010destvovati na sljede\u0107em izdanju.<\/p>","protected":false},"author":1,"featured_media":910252,"comment_status":"open","ping_status":"open","sticky":false,"template":"","format":"standard","meta":{"_acf_changed":false,"footnotes":""},"categories":[144],"tags":[1525,1158,1160],"naslovna":[],"class_list":["post-911894","post","type-post","status-publish","format-standard","has-post-thumbnail","hentry","category-svijet","tag-bojkot","tag-eurosong","tag-spanija-2"],"acf":[],"yoast_head":"<!-- This site is optimized with the Yoast SEO plugin v27.0 - https:\/\/yoast.com\/product\/yoast-seo-wordpress\/ -->\n<title>\u0160panski ministar pozvao druge zemlje da bojkotuju Eurosong: &quot;Mi ne zaboravljamo masakr&quot; - dmcsrb.com<\/title>\n<meta name=\"robots\" content=\"index, follow, max-snippet:-1, max-image-preview:large, max-video-preview:-1\" \/>\n<link rel=\"canonical\" href=\"https:\/\/dmcsrb.com\/en\/svijet\/spanski-ministar-pozvao-druge-zemlje-da-bojkotuju-eurosong-mi-ne-zaboravljamo-masakr-2\/\" \/>\n<meta property=\"og:locale\" content=\"en_GB\" \/>\n<meta property=\"og:type\" content=\"article\" \/>\n<meta property=\"og:title\" content=\"\u0160panski ministar pozvao druge zemlje da bojkotuju Eurosong: &quot;Mi ne zaboravljamo masakr&quot; - dmcsrb.com\" \/>\n<meta property=\"og:description\" content=\"\u0160panski ministar za socijalna i potro\u0161a\u010dka prava Pablo Bustinduy izjavio je da se nada da \u0107e se i druge evropske zemlje pridru\u017eiti povla\u010denju sa Eurosonga nakon \u0161to je potvr\u0111eno da \u0107e Izrael u\u010destvovati na sljede\u0107em izdanju.\" \/>\n<meta property=\"og:url\" content=\"https:\/\/dmcsrb.com\/en\/svijet\/spanski-ministar-pozvao-druge-zemlje-da-bojkotuju-eurosong-mi-ne-zaboravljamo-masakr-2\/\" \/>\n<meta property=\"og:site_name\" content=\"dmcsrb.com\" \/>\n<meta property=\"article:published_time\" content=\"2025-12-06T18:42:00+00:00\" \/>\n<meta property=\"og:image\" content=\"https:\/\/dmcsrb.com\/wp-content\/uploads\/2026\/01\/1658297206-spain-379535-1920-1024x768-i_960x600.jpg\" \/>\n\t<meta property=\"og:image:width\" content=\"960\" \/>\n\t<meta property=\"og:image:height\" content=\"600\" \/>\n\t<meta property=\"og:image:type\" content=\"image\/jpeg\" \/>\n<meta name=\"author\" content=\"dmcsrbija.com@gmail.com\" \/>\n<meta name=\"twitter:card\" content=\"summary_large_image\" \/>\n<meta name=\"twitter:label1\" content=\"Written by\" \/>\n\t<meta name=\"twitter:data1\" content=\"dmcsrbija.com@gmail.com\" \/>\n\t<meta name=\"twitter:label2\" content=\"Estimated reading time\" \/>\n\t<meta name=\"twitter:data2\" content=\"2 minutes\" \/>\n<script type=\"application\/ld+json\" class=\"yoast-schema-graph\">{\"@context\":\"https:\/\/schema.org\",\"@graph\":[{\"@type\":\"Article\",\"@id\":\"https:\/\/dmcsrb.com\/svijet\/spanski-ministar-pozvao-druge-zemlje-da-bojkotuju-eurosong-mi-ne-zaboravljamo-masakr-2\/#article\",\"isPartOf\":{\"@id\":\"https:\/\/dmcsrb.com\/svijet\/spanski-ministar-pozvao-druge-zemlje-da-bojkotuju-eurosong-mi-ne-zaboravljamo-masakr-2\/\"},\"author\":{\"name\":\"dmcsrbija.com@gmail.com\",\"@id\":\"https:\/\/dmcsrb.com\/#\/schema\/person\/5c39170f12db1b8b457732d0b5c854e2\"},\"headline\":\"\u0160panski ministar pozvao druge zemlje da bojkotuju Eurosong: &#8220;Mi ne zaboravljamo masakr&#8221;\",\"datePublished\":\"2025-12-06T18:42:00+00:00\",\"mainEntityOfPage\":{\"@id\":\"https:\/\/dmcsrb.com\/svijet\/spanski-ministar-pozvao-druge-zemlje-da-bojkotuju-eurosong-mi-ne-zaboravljamo-masakr-2\/\"},\"wordCount\":327,\"commentCount\":0,\"image\":{\"@id\":\"https:\/\/dmcsrb.com\/svijet\/spanski-ministar-pozvao-druge-zemlje-da-bojkotuju-eurosong-mi-ne-zaboravljamo-masakr-2\/#primaryimage\"},\"thumbnailUrl\":\"https:\/\/dmcsrb.com\/wp-content\/uploads\/2026\/01\/1658297206-spain-379535-1920-1024x768-i_960x600.jpg\",\"keywords\":[\"bojkot\",\"Eurosong\",\"\u0160panija\"],\"articleSection\":[\"Svijet\"],\"inLanguage\":\"en-GB\",\"potentialAction\":[{\"@type\":\"CommentAction\",\"name\":\"Comment\",\"target\":[\"https:\/\/dmcsrb.com\/svijet\/spanski-ministar-pozvao-druge-zemlje-da-bojkotuju-eurosong-mi-ne-zaboravljamo-masakr-2\/#respond\"]}]},{\"@type\":\"WebPage\",\"@id\":\"https:\/\/dmcsrb.com\/svijet\/spanski-ministar-pozvao-druge-zemlje-da-bojkotuju-eurosong-mi-ne-zaboravljamo-masakr-2\/\",\"url\":\"https:\/\/dmcsrb.com\/svijet\/spanski-ministar-pozvao-druge-zemlje-da-bojkotuju-eurosong-mi-ne-zaboravljamo-masakr-2\/\",\"name\":\"\u0160panski ministar pozvao druge zemlje da bojkotuju Eurosong: \\\"Mi ne zaboravljamo masakr\\\" - dmcsrb.com\",\"isPartOf\":{\"@id\":\"https:\/\/dmcsrb.com\/#website\"},\"primaryImageOfPage\":{\"@id\":\"https:\/\/dmcsrb.com\/svijet\/spanski-ministar-pozvao-druge-zemlje-da-bojkotuju-eurosong-mi-ne-zaboravljamo-masakr-2\/#primaryimage\"},\"image\":{\"@id\":\"https:\/\/dmcsrb.com\/svijet\/spanski-ministar-pozvao-druge-zemlje-da-bojkotuju-eurosong-mi-ne-zaboravljamo-masakr-2\/#primaryimage\"},\"thumbnailUrl\":\"https:\/\/dmcsrb.com\/wp-content\/uploads\/2026\/01\/1658297206-spain-379535-1920-1024x768-i_960x600.jpg\",\"datePublished\":\"2025-12-06T18:42:00+00:00\",\"author\":{\"@id\":\"https:\/\/dmcsrb.com\/#\/schema\/person\/5c39170f12db1b8b457732d0b5c854e2\"},\"breadcrumb\":{\"@id\":\"https:\/\/dmcsrb.com\/svijet\/spanski-ministar-pozvao-druge-zemlje-da-bojkotuju-eurosong-mi-ne-zaboravljamo-masakr-2\/#breadcrumb\"},\"inLanguage\":\"en-GB\",\"potentialAction\":[{\"@type\":\"ReadAction\",\"target\":[\"https:\/\/dmcsrb.com\/svijet\/spanski-ministar-pozvao-druge-zemlje-da-bojkotuju-eurosong-mi-ne-zaboravljamo-masakr-2\/\"]}]},{\"@type\":\"ImageObject\",\"inLanguage\":\"en-GB\",\"@id\":\"https:\/\/dmcsrb.com\/svijet\/spanski-ministar-pozvao-druge-zemlje-da-bojkotuju-eurosong-mi-ne-zaboravljamo-masakr-2\/#primaryimage\",\"url\":\"https:\/\/dmcsrb.com\/wp-content\/uploads\/2026\/01\/1658297206-spain-379535-1920-1024x768-i_960x600.jpg\",\"contentUrl\":\"https:\/\/dmcsrb.com\/wp-content\/uploads\/2026\/01\/1658297206-spain-379535-1920-1024x768-i_960x600.jpg\",\"width\":960,\"height\":600},{\"@type\":\"BreadcrumbList\",\"@id\":\"https:\/\/dmcsrb.com\/svijet\/spanski-ministar-pozvao-druge-zemlje-da-bojkotuju-eurosong-mi-ne-zaboravljamo-masakr-2\/#breadcrumb\",\"itemListElement\":[{\"@type\":\"ListItem\",\"position\":1,\"name\":\"Home\",\"item\":\"https:\/\/dmcsrb.com\/\"},{\"@type\":\"ListItem\",\"position\":2,\"name\":\"\u0160panski ministar pozvao druge zemlje da bojkotuju Eurosong: &#8220;Mi ne zaboravljamo masakr&#8221;\"}]},{\"@type\":\"WebSite\",\"@id\":\"https:\/\/dmcsrb.com\/#website\",\"url\":\"https:\/\/dmcsrb.com\/\",\"name\":\"dmcsrb.com\",\"description\":\"\",\"potentialAction\":[{\"@type\":\"SearchAction\",\"target\":{\"@type\":\"EntryPoint\",\"urlTemplate\":\"https:\/\/dmcsrb.com\/?s={search_term_string}\"},\"query-input\":{\"@type\":\"PropertyValueSpecification\",\"valueRequired\":true,\"valueName\":\"search_term_string\"}}],\"inLanguage\":\"en-GB\"},{\"@type\":\"Person\",\"@id\":\"https:\/\/dmcsrb.com\/#\/schema\/person\/5c39170f12db1b8b457732d0b5c854e2\",\"name\":\"dmcsrbija.com@gmail.com\",\"image\":{\"@type\":\"ImageObject\",\"inLanguage\":\"en-GB\",\"@id\":\"https:\/\/dmcsrb.com\/#\/schema\/person\/image\/\",\"url\":\"https:\/\/secure.gravatar.com\/avatar\/68592660ad6347fad0fb587f8d5d8f1a7b44961362f56e4f2cd524feb87e9069?s=96&d=mm&r=g\",\"contentUrl\":\"https:\/\/secure.gravatar.com\/avatar\/68592660ad6347fad0fb587f8d5d8f1a7b44961362f56e4f2cd524feb87e9069?s=96&d=mm&r=g\",\"caption\":\"dmcsrbija.com@gmail.com\"},\"sameAs\":[\"https:\/\/dmcsrb.com\"],\"url\":\"https:\/\/dmcsrb.com\/en\/author\/dmcsrbija-comgmail-com\/\"}]}<\/script>\n<!-- \/ Yoast SEO plugin. -->","yoast_head_json":{"title":"\u0160panski ministar pozvao druge zemlje da bojkotuju Eurosong: \"Mi ne zaboravljamo masakr\" - dmcsrb.com","robots":{"index":"index","follow":"follow","max-snippet":"max-snippet:-1","max-image-preview":"max-image-preview:large","max-video-preview":"max-video-preview:-1"},"canonical":"https:\/\/dmcsrb.com\/en\/svijet\/spanski-ministar-pozvao-druge-zemlje-da-bojkotuju-eurosong-mi-ne-zaboravljamo-masakr-2\/","og_locale":"en_GB","og_type":"article","og_title":"\u0160panski ministar pozvao druge zemlje da bojkotuju Eurosong: \"Mi ne zaboravljamo masakr\" - dmcsrb.com","og_description":"\u0160panski ministar za socijalna i potro\u0161a\u010dka prava Pablo Bustinduy izjavio je da se nada da \u0107e se i druge evropske zemlje pridru\u017eiti povla\u010denju sa Eurosonga nakon \u0161to je potvr\u0111eno da \u0107e Izrael u\u010destvovati na sljede\u0107em izdanju.","og_url":"https:\/\/dmcsrb.com\/en\/svijet\/spanski-ministar-pozvao-druge-zemlje-da-bojkotuju-eurosong-mi-ne-zaboravljamo-masakr-2\/","og_site_name":"dmcsrb.com","article_published_time":"2025-12-06T18:42:00+00:00","og_image":[{"width":960,"height":600,"url":"https:\/\/dmcsrb.com\/wp-content\/uploads\/2026\/01\/1658297206-spain-379535-1920-1024x768-i_960x600.jpg","type":"image\/jpeg"}],"author":"dmcsrbija.com@gmail.com","twitter_card":"summary_large_image","twitter_misc":{"Written by":"dmcsrbija.com@gmail.com","Estimated reading time":"2 minutes"},"schema":{"@context":"https:\/\/schema.org","@graph":[{"@type":"Article","@id":"https:\/\/dmcsrb.com\/svijet\/spanski-ministar-pozvao-druge-zemlje-da-bojkotuju-eurosong-mi-ne-zaboravljamo-masakr-2\/#article","isPartOf":{"@id":"https:\/\/dmcsrb.com\/svijet\/spanski-ministar-pozvao-druge-zemlje-da-bojkotuju-eurosong-mi-ne-zaboravljamo-masakr-2\/"},"author":{"name":"dmcsrbija.com@gmail.com","@id":"https:\/\/dmcsrb.com\/#\/schema\/person\/5c39170f12db1b8b457732d0b5c854e2"},"headline":"\u0160panski ministar pozvao druge zemlje da bojkotuju Eurosong: &#8220;Mi ne zaboravljamo masakr&#8221;","datePublished":"2025-12-06T18:42:00+00:00","mainEntityOfPage":{"@id":"https:\/\/dmcsrb.com\/svijet\/spanski-ministar-pozvao-druge-zemlje-da-bojkotuju-eurosong-mi-ne-zaboravljamo-masakr-2\/"},"wordCount":327,"commentCount":0,"image":{"@id":"https:\/\/dmcsrb.com\/svijet\/spanski-ministar-pozvao-druge-zemlje-da-bojkotuju-eurosong-mi-ne-zaboravljamo-masakr-2\/#primaryimage"},"thumbnailUrl":"https:\/\/dmcsrb.com\/wp-content\/uploads\/2026\/01\/1658297206-spain-379535-1920-1024x768-i_960x600.jpg","keywords":["bojkot","Eurosong","\u0160panija"],"articleSection":["Svijet"],"inLanguage":"en-GB","potentialAction":[{"@type":"CommentAction","name":"Comment","target":["https:\/\/dmcsrb.com\/svijet\/spanski-ministar-pozvao-druge-zemlje-da-bojkotuju-eurosong-mi-ne-zaboravljamo-masakr-2\/#respond"]}]},{"@type":"WebPage","@id":"https:\/\/dmcsrb.com\/svijet\/spanski-ministar-pozvao-druge-zemlje-da-bojkotuju-eurosong-mi-ne-zaboravljamo-masakr-2\/","url":"https:\/\/dmcsrb.com\/svijet\/spanski-ministar-pozvao-druge-zemlje-da-bojkotuju-eurosong-mi-ne-zaboravljamo-masakr-2\/","name":"\u0160panski ministar pozvao druge zemlje da bojkotuju Eurosong: \"Mi ne zaboravljamo masakr\" - dmcsrb.com","isPartOf":{"@id":"https:\/\/dmcsrb.com\/#website"},"primaryImageOfPage":{"@id":"https:\/\/dmcsrb.com\/svijet\/spanski-ministar-pozvao-druge-zemlje-da-bojkotuju-eurosong-mi-ne-zaboravljamo-masakr-2\/#primaryimage"},"image":{"@id":"https:\/\/dmcsrb.com\/svijet\/spanski-ministar-pozvao-druge-zemlje-da-bojkotuju-eurosong-mi-ne-zaboravljamo-masakr-2\/#primaryimage"},"thumbnailUrl":"https:\/\/dmcsrb.com\/wp-content\/uploads\/2026\/01\/1658297206-spain-379535-1920-1024x768-i_960x600.jpg","datePublished":"2025-12-06T18:42:00+00:00","author":{"@id":"https:\/\/dmcsrb.com\/#\/schema\/person\/5c39170f12db1b8b457732d0b5c854e2"},"breadcrumb":{"@id":"https:\/\/dmcsrb.com\/svijet\/spanski-ministar-pozvao-druge-zemlje-da-bojkotuju-eurosong-mi-ne-zaboravljamo-masakr-2\/#breadcrumb"},"inLanguage":"en-GB","potentialAction":[{"@type":"ReadAction","target":["https:\/\/dmcsrb.com\/svijet\/spanski-ministar-pozvao-druge-zemlje-da-bojkotuju-eurosong-mi-ne-zaboravljamo-masakr-2\/"]}]},{"@type":"ImageObject","inLanguage":"en-GB","@id":"https:\/\/dmcsrb.com\/svijet\/spanski-ministar-pozvao-druge-zemlje-da-bojkotuju-eurosong-mi-ne-zaboravljamo-masakr-2\/#primaryimage","url":"https:\/\/dmcsrb.com\/wp-content\/uploads\/2026\/01\/1658297206-spain-379535-1920-1024x768-i_960x600.jpg","contentUrl":"https:\/\/dmcsrb.com\/wp-content\/uploads\/2026\/01\/1658297206-spain-379535-1920-1024x768-i_960x600.jpg","width":960,"height":600},{"@type":"BreadcrumbList","@id":"https:\/\/dmcsrb.com\/svijet\/spanski-ministar-pozvao-druge-zemlje-da-bojkotuju-eurosong-mi-ne-zaboravljamo-masakr-2\/#breadcrumb","itemListElement":[{"@type":"ListItem","position":1,"name":"Home","item":"https:\/\/dmcsrb.com\/"},{"@type":"ListItem","position":2,"name":"\u0160panski ministar pozvao druge zemlje da bojkotuju Eurosong: &#8220;Mi ne zaboravljamo masakr&#8221;"}]},{"@type":"WebSite","@id":"https:\/\/dmcsrb.com\/#website","url":"https:\/\/dmcsrb.com\/","name":"dmcsrb.com","description":"","potentialAction":[{"@type":"SearchAction","target":{"@type":"EntryPoint","urlTemplate":"https:\/\/dmcsrb.com\/?s={search_term_string}"},"query-input":{"@type":"PropertyValueSpecification","valueRequired":true,"valueName":"search_term_string"}}],"inLanguage":"en-GB"},{"@type":"Person","@id":"https:\/\/dmcsrb.com\/#\/schema\/person\/5c39170f12db1b8b457732d0b5c854e2","name":"dmcsrbija.com@gmail.com","image":{"@type":"ImageObject","inLanguage":"en-GB","@id":"https:\/\/dmcsrb.com\/#\/schema\/person\/image\/","url":"https:\/\/secure.gravatar.com\/avatar\/68592660ad6347fad0fb587f8d5d8f1a7b44961362f56e4f2cd524feb87e9069?s=96&d=mm&r=g","contentUrl":"https:\/\/secure.gravatar.com\/avatar\/68592660ad6347fad0fb587f8d5d8f1a7b44961362f56e4f2cd524feb87e9069?s=96&d=mm&r=g","caption":"dmcsrbija.com@gmail.com"},"sameAs":["https:\/\/dmcsrb.com"],"url":"https:\/\/dmcsrb.com\/en\/author\/dmcsrbija-comgmail-com\/"}]}},"_links":{"self":[{"href":"https:\/\/dmcsrb.com\/en\/wp-json\/wp\/v2\/posts\/911894","targetHints":{"allow":["GET"]}}],"collection":[{"href":"https:\/\/dmcsrb.com\/en\/wp-json\/wp\/v2\/posts"}],"about":[{"href":"https:\/\/dmcsrb.com\/en\/wp-json\/wp\/v2\/types\/post"}],"author":[{"embeddable":true,"href":"https:\/\/dmcsrb.com\/en\/wp-json\/wp\/v2\/users\/1"}],"replies":[{"embeddable":true,"href":"https:\/\/dmcsrb.com\/en\/wp-json\/wp\/v2\/comments?post=911894"}],"version-history":[{"count":0,"href":"https:\/\/dmcsrb.com\/en\/wp-json\/wp\/v2\/posts\/911894\/revisions"}],"wp:featuredmedia":[{"embeddable":true,"href":"https:\/\/dmcsrb.com\/en\/wp-json\/wp\/v2\/media\/910252"}],"wp:attachment":[{"href":"https:\/\/dmcsrb.com\/en\/wp-json\/wp\/v2\/media?parent=911894"}],"wp:term":[{"taxonomy":"category","embeddable":true,"href":"https:\/\/dmcsrb.com\/en\/wp-json\/wp\/v2\/categories?post=911894"},{"taxonomy":"post_tag","embeddable":true,"href":"https:\/\/dmcsrb.com\/en\/wp-json\/wp\/v2\/tags?post=911894"},{"taxonomy":"naslovna","embeddable":true,"href":"https:\/\/dmcsrb.com\/en\/wp-json\/wp\/v2\/naslovna?post=911894"}],"curies":[{"name":"wp","href":"https:\/\/api.w.org\/{rel}","templated":true}]}}