{"id":911752,"date":"2025-12-05T13:18:57","date_gmt":"2025-12-05T12:18:57","guid":{"rendered":"https:\/\/dmcsrb.com\/uncategorized\/od-2017-godine-22-zene-ubili-partneri-ili-clanovi-porodica-tri-od-cetiri-zene-ne-prijavi-nasilje-2\/"},"modified":"2025-12-05T13:18:57","modified_gmt":"2025-12-05T12:18:57","slug":"od-2017-godine-22-zene-ubili-partneri-ili-clanovi-porodica-tri-od-cetiri-zene-ne-prijavi-nasilje-2","status":"publish","type":"post","link":"https:\/\/dmcsrb.com\/en\/drustvo\/od-2017-godine-22-zene-ubili-partneri-ili-clanovi-porodica-tri-od-cetiri-zene-ne-prijavi-nasilje-2\/","title":{"rendered":"Od 2017. godine 22 \u017eene ubili partneri ili \u010dlanovi porodica, tri od \u010detiri \u017eene ne prijavi nasilje"},"content":{"rendered":"<p><\/p>\n\n\n\n<p><\/p>\n\n\n\n<p><\/p>\n\n\n\n<p>Od 2017. godine u Crnoj Gori, 22 \u017eene ubili su partneri ili \u010dlanovi porodice, iako je ve\u0107ina njih prijavljivala nasilje. Tri od \u010detiri \u017eene koje do\u017eive seksualno nasilje nikada ne potra\u017ee pomo\u0107, dok vi\u0161e od 60 odsto \u017eena strahuje da prijavi nasilje zbog stigmatizacije i odmazde. Istovremeno,&nbsp; svaki tre\u0107i gra\u0111anin vjeruje da \u017eene ponekad izmi\u0161ljaju tvrdnje o psiholo\u0161kom nasilju, dok samo \u010detiri odsto prepoznaje prisiljavanje na seksualne odnose kao oblik zlostavljanja.<\/p>\n\n\n\n<p>Ovi podaci predstavljeni su na dana\u0161njem doga\u0111aju koji je Program Ujedinjenih nacija za razvoj (UNDP) u Crnoj Gori organizovao u saradnji sa Vladom Crne Gore, Savjetom Evrope, Vrhovnim dr\u017eavnim tu\u017eila\u0161tvom i \u017denskom liderskom mre\u017eom, kako bi oja\u010dao me\u0111usektorski dijalog, partnerstva za unapre\u0111enje rodne ravnopravnosti i reforme pravosudnog sektora.<\/p>\n\n\n\n<p>Dijalogom koji je moderirala liderka tima UNDP-a za rodnu ravnopravnost&nbsp;<strong>Ka\u0107a \u0110uri\u010dkovi\u0107<\/strong>&nbsp;poru\u010deno je da Crna Gora mo\u017ee dosti\u0107i dru\u0161tvo nulte tolerancije na rodno zasnovano nasilje samo kroz promjenu duboko ukorijenjenih stavova, sna\u017eniju institucionalnu odgovornost i dosljednu primjenu Istanbulske konvencije.<\/p>\n\n\n\n<p>Stalna predstavnica UNDP-a u Crnoj Gori&nbsp;<strong>Ekaterina Paniklova<\/strong>, istakla je da rodno zasnovano nasilje opstaje jer ga podupiru \u0161tetni stereotipi, normalizovani obrasci pona\u0161anja i institucionalne slabosti.<\/p>\n\n\n\n<p>\u201cReformski procesi se ne mogu posmatrati odvojeno od promjene organizacione kulture \u2013 unutar institucija koje treba da \u0161tite gra\u0111ane mora vladati nulta tolerancija na nasilje, diskriminaciju i zloupotrebu mo\u0107i. UNDP sna\u017eno podr\u017eava ove promjene kroz ja\u010danje integriteta, odgovornosti i kapaciteta pravosudnog sistema, ali i kroz unapre\u0111enje sopstvenih standarda, politika i praksi\u201c, kazala je Paniklova.<\/p>\n\n\n\n<p>Jedno ubistvo \u017eene je poraz dr\u017eave, jo\u0161 jedno ubistvo je nemar dr\u017eave, poru\u010dila je predsjednica Vrhovnog suda Crne Gore&nbsp;<strong>Valentina Pavli\u010di\u0107,<\/strong>&nbsp;dodaju\u0107i da sudovi moraju biti linija na kojoj nasilje prestaje, odlu\u010dno, brzo i bez izuzetka.<\/p>\n\n\n\n<p>\u201cTo je na\u0161a obaveza prema pravdi i prema svakom \u017eivotu koji mo\u017eemo za\u0161tititi\u201d,&nbsp; istakla je Pavli\u010di\u0107.<\/p>\n\n\n\n<p><strong>Milorad Markovi\u0107<\/strong>, vrhovni dr\u017eavni tu\u017eilac, istakao je da je u rad dr\u017eavnih tu\u017eila\u0161tava uveden novi model postupanja tu\u017eilaca koji je doprinio kvalitetnijem prikupljanju dokaza, boljoj za\u0161titi \u017ertava i br\u017eem dono\u0161enju odluka.<\/p>\n\n\n\n<p>\u201cSve institucije sistema moraju raditi na unapre\u0111enju svog djelovanja, a za Dr\u017eavno tu\u017eila\u0161tvo \u0107e u narednoj godini prioritet biti dalje unapre\u0111enje primjene uspostavljenih standarda i stvaranje boljih uslova za podr\u0161ku i za\u0161titu \u017ertava, uz dalje podizanje svijesti o rodnoj ravnopravnosti, u samoj instituciji\u201c naglasio je Markovi\u0107.<\/p>\n\n\n\n<p>Ministar pravde&nbsp;<strong>Bojan Bo\u017eovi\u0107<\/strong>, podsjetio je da Crna Gora intenzivno radi na uskla\u0111ivanju zakonodavstva sa savremenim evropskim standardima:<\/p>\n\n\n\n<p>\u201cUveli smo stro\u017eije sankcije i predvidjeli nova krivi\u010dna djela, koja \u0107e uskoro biti sastavni dio krivi\u010dnopravnog sistema Crne Gore. Na\u0161a obaveza je da zakonodavni okvir odgovori na realne izazove dru\u0161tva, uklju\u010duju\u0107i i one koji se najdublje ti\u010du bezbjednosti \u017eena i djevojaka\u201c, poru\u010dio je Bo\u017eovi\u0107 i naglasio da su ove reforme posebno va\u017ene u trenutku kada se Crna Gora suo\u010dava sa porastom rodno zasnovanog nasilja, uklju\u010duju\u0107i i slu\u010dajeve femicida.<\/p>\n\n\n\n<p>Podaci iz istra\u017eivanja UNDP-a o rodnoj dimenziji u pravosudju koje je podr\u017eao Savjet Evrope, ukazuju da iako \u017eene \u010dine ve\u0107inu u pravosu\u0111u, i dalje se suo\u010davaju sa preprekama u napredovanju, rukovo\u0111enju. Istovremeno, institucionalni mehanizmi rodne ravnopravnosti ostaju slabi \u0161to zahtijeva prelazak sa deklarativne na stvarne, sistemski podr\u017eane mjere.<\/p>\n\n\n\n<p>Ministar ljudskih i manjinskih prava,&nbsp;<strong>Fatmir Gjeka<\/strong>&nbsp;poru\u010dio je da je rodno zasnovano nasilje test povjerenja u dr\u017eavu, te da sistem ne funkcioni\u0161e dobro ako \u017eene ne vjeruju institucijama i ne prijavljuju nasilje.<\/p>\n\n\n\n<p>\u201cCilj nam je da rodna ravnopravnost ne bude samo zakonski princip ve\u0107 realnost. Nijedna \u017eena ne smije ostati nevidljiva i neza\u0161ti\u0107ena. Najranjivije \u017eene ne stavljamo na kraj, ve\u0107 u sredi\u0161te na\u0161ih politika i mjera\u201d, kazao je Gjeka.<\/p>\n\n\n\n<p>\u201cSvaka \u017eena u dru\u0161tvu a i na radnom mjestu mora da se osje\u0107a dostojanstveno i uva\u017eeno a prije svega bezbjedno\u201d poru\u010dila je&nbsp;<strong>Naida Ni\u0161i\u0107,<\/strong>&nbsp;ministarka rada, zapo\u0161ljavanja i socijalnog dijaloga. Ni\u0161i\u0107 je ukazala da unaprje\u0111enjem radnog zakonodavstva Ministarstvo kreira sigurno i dostojanstveno radno okru\u017eenje, doprinosi uskladjivanju privatnog i poslovnog \u017eivota i osna\u017eivanju \u017eena za ravnopravno u\u010de\u0161\u0107e na tr\u017ei\u0161tu rada.<\/p>\n\n\n\n<p>Ministar socijalnog staranja, brige o porodici i demografije<strong>&nbsp;Damir Guti\u0107<\/strong>&nbsp;istakao je da se intenzivno radi na novom Protokolu o postupanju u slu\u010dajevima nasilja nad \u017eenama, \u010dija \u0107e dosljedna primjena biti obavezna za sve nadle\u017ene institucije, kako bi se sprije\u010dilo prebacivanje \u017ertava \u201eod vrata do vrata\u201c i obezbijedila brza i pouzdana reakcija sistema.<\/p>\n\n\n\n<p>\u201cNovi Zakon o socijalnoj i dje\u010djoj za\u0161titi jasno \u0107e prepoznati \u017ertve rodno zasnovanog nasilja i obezbijediti im ekonomsku podr\u0161ku te prepoznati nove usluge. Ovaj proces mora biti prioritet institucija kako bi bio sproveden do kraja, bez odlaganja\u201c, kazao je Guti\u0107 i dodao da \u0107e poseban fokus biti stavljen na ja\u010danje medjusektorske saradnje.<\/p>\n\n\n\n<p>Iako institucionalni odgovori na nasilje jo\u0161 uvijek nijesu dovoljno sna\u017eni, vi\u0161e od 65 odsto zaposlenih u javnoj upravi smatra da je rodno zasnovano nasilje veoma ili donekle prisutno u Crnoj Gori, dok takav stav ima vi\u0161e od 97 odsto tu\u017eilaca i tu\u017eiteljki, pokazuje najnovije istra\u017eivanje UNDP-a o percepciji zaposlenih u javnoj upravi o rodno zasnovanom nasilju.<\/p>\n\n\n\n<p>Prema svjedo\u010denju zaposlenih, razli\u010diti oblici nasilja prisutni su i u javnim institucijama \u2013 psihi\u010dko 30 odsto, politi\u010dko 28 odsto i seksualno uznemiravanje pet odsto, \u0161to dodatno ukazuje na potrebu za efikasnijim institucionalnim mehanizmima za\u0161tite.<\/p>\n\n\n\n<p>Na doga\u0111aju su govorile i ambasadorka Italije,<strong>&nbsp;Andreina Marsela<\/strong>, dr\u017eavna sekretarka MUP-a<strong>, Dragana Ka\u017eanegra Stani\u0161i\u0107,<\/strong>&nbsp;predsjednica Skup\u0161tine Glavnog grada<strong>&nbsp;Jelena Borovini\u0107 Bojovi\u0107,<\/strong>&nbsp;, kao i predstavnice civilnog dru\u0161tva, aktivistkinje i ekspertkinje:<strong>&nbsp;Aida Petrovi\u0107, Branka \u017digante \u2013 Ma\u0161i\u0107, Du\u0161ka Pejovi\u0107, Sabina Muratovi\u0107 i Marija Pe\u0161i\u0107.<\/strong><\/p>\n\n\n\n<p>U\u010desnice i u\u010desnici su poru\u010dili da se napredak u borbi protiv nasilja mo\u017ee posti\u0107i samo udru\u017eenim djelovanjem \u2013 pravosu\u0111a, policije, socijalne za\u0161tite, civilnog dru\u0161tva, medija, me\u0111unarodnih partnera i lokalnih institucija. Izgradnja dru\u0161tva u kojem svaka \u017eena \u017eivi bezbjedno i dostojanstveno zajedni\u010dka je odgovornost svih.<\/p>","protected":false},"excerpt":{"rendered":"<p>Uprkos zakonodavnom napretku, rodno zasnovano nasilje i dalje je \u0161iroko rasprostranjeno, \u0161to ukazuje na dubinu rodnih stereotipa i sistemskih prepreka pristupu pravdi.<\/p>","protected":false},"author":1,"featured_media":909996,"comment_status":"open","ping_status":"open","sticky":false,"template":"","format":"standard","meta":{"_acf_changed":false,"footnotes":""},"categories":[2],"tags":[1290,1291],"naslovna":[],"class_list":["post-911752","post","type-post","status-publish","format-standard","has-post-thumbnail","hentry","category-drustvo","tag-ubistvo-zena","tag-undp"],"acf":[],"yoast_head":"<!-- This site is optimized with the Yoast SEO plugin v27.0 - https:\/\/yoast.com\/product\/yoast-seo-wordpress\/ -->\n<title>Od 2017. godine 22 \u017eene ubili partneri ili \u010dlanovi porodica, tri od \u010detiri \u017eene ne prijavi nasilje - dmcsrb.com<\/title>\n<meta name=\"robots\" content=\"index, follow, max-snippet:-1, max-image-preview:large, max-video-preview:-1\" \/>\n<link rel=\"canonical\" href=\"https:\/\/dmcsrb.com\/en\/drustvo\/od-2017-godine-22-zene-ubili-partneri-ili-clanovi-porodica-tri-od-cetiri-zene-ne-prijavi-nasilje-2\/\" \/>\n<meta property=\"og:locale\" content=\"en_GB\" \/>\n<meta property=\"og:type\" content=\"article\" \/>\n<meta property=\"og:title\" content=\"Od 2017. godine 22 \u017eene ubili partneri ili \u010dlanovi porodica, tri od \u010detiri \u017eene ne prijavi nasilje - dmcsrb.com\" \/>\n<meta property=\"og:description\" content=\"Uprkos zakonodavnom napretku, rodno zasnovano nasilje i dalje je \u0161iroko rasprostranjeno, \u0161to ukazuje na dubinu rodnih stereotipa i sistemskih prepreka pristupu pravdi.\" \/>\n<meta property=\"og:url\" content=\"https:\/\/dmcsrb.com\/en\/drustvo\/od-2017-godine-22-zene-ubili-partneri-ili-clanovi-porodica-tri-od-cetiri-zene-ne-prijavi-nasilje-2\/\" \/>\n<meta property=\"og:site_name\" content=\"dmcsrb.com\" \/>\n<meta property=\"article:published_time\" content=\"2025-12-05T12:18:57+00:00\" \/>\n<meta property=\"og:image\" content=\"https:\/\/dmcsrb.com\/wp-content\/uploads\/2026\/01\/thumbnail_UNDP-Gender-Gender-equality-talk-051225-42-of-42.jpg\" \/>\n\t<meta property=\"og:image:width\" content=\"1920\" \/>\n\t<meta property=\"og:image:height\" content=\"1279\" \/>\n\t<meta property=\"og:image:type\" content=\"image\/jpeg\" \/>\n<meta name=\"author\" content=\"dmcsrbija.com@gmail.com\" \/>\n<meta name=\"twitter:card\" content=\"summary_large_image\" \/>\n<meta name=\"twitter:label1\" content=\"Written by\" \/>\n\t<meta name=\"twitter:data1\" content=\"dmcsrbija.com@gmail.com\" \/>\n\t<meta name=\"twitter:label2\" content=\"Estimated reading time\" \/>\n\t<meta name=\"twitter:data2\" content=\"5 minutes\" \/>\n<script type=\"application\/ld+json\" class=\"yoast-schema-graph\">{\"@context\":\"https:\/\/schema.org\",\"@graph\":[{\"@type\":\"Article\",\"@id\":\"https:\/\/dmcsrb.com\/drustvo\/od-2017-godine-22-zene-ubili-partneri-ili-clanovi-porodica-tri-od-cetiri-zene-ne-prijavi-nasilje-2\/#article\",\"isPartOf\":{\"@id\":\"https:\/\/dmcsrb.com\/drustvo\/od-2017-godine-22-zene-ubili-partneri-ili-clanovi-porodica-tri-od-cetiri-zene-ne-prijavi-nasilje-2\/\"},\"author\":{\"name\":\"dmcsrbija.com@gmail.com\",\"@id\":\"https:\/\/dmcsrb.com\/#\/schema\/person\/5c39170f12db1b8b457732d0b5c854e2\"},\"headline\":\"Od 2017. godine 22 \u017eene ubili partneri ili \u010dlanovi porodica, tri od \u010detiri \u017eene ne prijavi nasilje\",\"datePublished\":\"2025-12-05T12:18:57+00:00\",\"mainEntityOfPage\":{\"@id\":\"https:\/\/dmcsrb.com\/drustvo\/od-2017-godine-22-zene-ubili-partneri-ili-clanovi-porodica-tri-od-cetiri-zene-ne-prijavi-nasilje-2\/\"},\"wordCount\":1077,\"commentCount\":0,\"image\":{\"@id\":\"https:\/\/dmcsrb.com\/drustvo\/od-2017-godine-22-zene-ubili-partneri-ili-clanovi-porodica-tri-od-cetiri-zene-ne-prijavi-nasilje-2\/#primaryimage\"},\"thumbnailUrl\":\"https:\/\/dmcsrb.com\/wp-content\/uploads\/2026\/01\/thumbnail_UNDP-Gender-Gender-equality-talk-051225-42-of-42.jpg\",\"keywords\":[\"ubistvo \u017eena\",\"UNDP\"],\"articleSection\":[\"Dru\u0161tvo\"],\"inLanguage\":\"en-GB\",\"potentialAction\":[{\"@type\":\"CommentAction\",\"name\":\"Comment\",\"target\":[\"https:\/\/dmcsrb.com\/drustvo\/od-2017-godine-22-zene-ubili-partneri-ili-clanovi-porodica-tri-od-cetiri-zene-ne-prijavi-nasilje-2\/#respond\"]}]},{\"@type\":\"WebPage\",\"@id\":\"https:\/\/dmcsrb.com\/drustvo\/od-2017-godine-22-zene-ubili-partneri-ili-clanovi-porodica-tri-od-cetiri-zene-ne-prijavi-nasilje-2\/\",\"url\":\"https:\/\/dmcsrb.com\/drustvo\/od-2017-godine-22-zene-ubili-partneri-ili-clanovi-porodica-tri-od-cetiri-zene-ne-prijavi-nasilje-2\/\",\"name\":\"Od 2017. godine 22 \u017eene ubili partneri ili \u010dlanovi porodica, tri od \u010detiri \u017eene ne prijavi nasilje - dmcsrb.com\",\"isPartOf\":{\"@id\":\"https:\/\/dmcsrb.com\/#website\"},\"primaryImageOfPage\":{\"@id\":\"https:\/\/dmcsrb.com\/drustvo\/od-2017-godine-22-zene-ubili-partneri-ili-clanovi-porodica-tri-od-cetiri-zene-ne-prijavi-nasilje-2\/#primaryimage\"},\"image\":{\"@id\":\"https:\/\/dmcsrb.com\/drustvo\/od-2017-godine-22-zene-ubili-partneri-ili-clanovi-porodica-tri-od-cetiri-zene-ne-prijavi-nasilje-2\/#primaryimage\"},\"thumbnailUrl\":\"https:\/\/dmcsrb.com\/wp-content\/uploads\/2026\/01\/thumbnail_UNDP-Gender-Gender-equality-talk-051225-42-of-42.jpg\",\"datePublished\":\"2025-12-05T12:18:57+00:00\",\"author\":{\"@id\":\"https:\/\/dmcsrb.com\/#\/schema\/person\/5c39170f12db1b8b457732d0b5c854e2\"},\"breadcrumb\":{\"@id\":\"https:\/\/dmcsrb.com\/drustvo\/od-2017-godine-22-zene-ubili-partneri-ili-clanovi-porodica-tri-od-cetiri-zene-ne-prijavi-nasilje-2\/#breadcrumb\"},\"inLanguage\":\"en-GB\",\"potentialAction\":[{\"@type\":\"ReadAction\",\"target\":[\"https:\/\/dmcsrb.com\/drustvo\/od-2017-godine-22-zene-ubili-partneri-ili-clanovi-porodica-tri-od-cetiri-zene-ne-prijavi-nasilje-2\/\"]}]},{\"@type\":\"ImageObject\",\"inLanguage\":\"en-GB\",\"@id\":\"https:\/\/dmcsrb.com\/drustvo\/od-2017-godine-22-zene-ubili-partneri-ili-clanovi-porodica-tri-od-cetiri-zene-ne-prijavi-nasilje-2\/#primaryimage\",\"url\":\"https:\/\/dmcsrb.com\/wp-content\/uploads\/2026\/01\/thumbnail_UNDP-Gender-Gender-equality-talk-051225-42-of-42.jpg\",\"contentUrl\":\"https:\/\/dmcsrb.com\/wp-content\/uploads\/2026\/01\/thumbnail_UNDP-Gender-Gender-equality-talk-051225-42-of-42.jpg\",\"width\":1920,\"height\":1279},{\"@type\":\"BreadcrumbList\",\"@id\":\"https:\/\/dmcsrb.com\/drustvo\/od-2017-godine-22-zene-ubili-partneri-ili-clanovi-porodica-tri-od-cetiri-zene-ne-prijavi-nasilje-2\/#breadcrumb\",\"itemListElement\":[{\"@type\":\"ListItem\",\"position\":1,\"name\":\"Home\",\"item\":\"https:\/\/dmcsrb.com\/\"},{\"@type\":\"ListItem\",\"position\":2,\"name\":\"Od 2017. godine 22 \u017eene ubili partneri ili \u010dlanovi porodica, tri od \u010detiri \u017eene ne prijavi nasilje\"}]},{\"@type\":\"WebSite\",\"@id\":\"https:\/\/dmcsrb.com\/#website\",\"url\":\"https:\/\/dmcsrb.com\/\",\"name\":\"dmcsrb.com\",\"description\":\"\",\"potentialAction\":[{\"@type\":\"SearchAction\",\"target\":{\"@type\":\"EntryPoint\",\"urlTemplate\":\"https:\/\/dmcsrb.com\/?s={search_term_string}\"},\"query-input\":{\"@type\":\"PropertyValueSpecification\",\"valueRequired\":true,\"valueName\":\"search_term_string\"}}],\"inLanguage\":\"en-GB\"},{\"@type\":\"Person\",\"@id\":\"https:\/\/dmcsrb.com\/#\/schema\/person\/5c39170f12db1b8b457732d0b5c854e2\",\"name\":\"dmcsrbija.com@gmail.com\",\"image\":{\"@type\":\"ImageObject\",\"inLanguage\":\"en-GB\",\"@id\":\"https:\/\/dmcsrb.com\/#\/schema\/person\/image\/\",\"url\":\"https:\/\/secure.gravatar.com\/avatar\/68592660ad6347fad0fb587f8d5d8f1a7b44961362f56e4f2cd524feb87e9069?s=96&d=mm&r=g\",\"contentUrl\":\"https:\/\/secure.gravatar.com\/avatar\/68592660ad6347fad0fb587f8d5d8f1a7b44961362f56e4f2cd524feb87e9069?s=96&d=mm&r=g\",\"caption\":\"dmcsrbija.com@gmail.com\"},\"sameAs\":[\"https:\/\/dmcsrb.com\"],\"url\":\"https:\/\/dmcsrb.com\/en\/author\/dmcsrbija-comgmail-com\/\"}]}<\/script>\n<!-- \/ Yoast SEO plugin. -->","yoast_head_json":{"title":"Od 2017. godine 22 \u017eene ubili partneri ili \u010dlanovi porodica, tri od \u010detiri \u017eene ne prijavi nasilje - dmcsrb.com","robots":{"index":"index","follow":"follow","max-snippet":"max-snippet:-1","max-image-preview":"max-image-preview:large","max-video-preview":"max-video-preview:-1"},"canonical":"https:\/\/dmcsrb.com\/en\/drustvo\/od-2017-godine-22-zene-ubili-partneri-ili-clanovi-porodica-tri-od-cetiri-zene-ne-prijavi-nasilje-2\/","og_locale":"en_GB","og_type":"article","og_title":"Od 2017. godine 22 \u017eene ubili partneri ili \u010dlanovi porodica, tri od \u010detiri \u017eene ne prijavi nasilje - dmcsrb.com","og_description":"Uprkos zakonodavnom napretku, rodno zasnovano nasilje i dalje je \u0161iroko rasprostranjeno, \u0161to ukazuje na dubinu rodnih stereotipa i sistemskih prepreka pristupu pravdi.","og_url":"https:\/\/dmcsrb.com\/en\/drustvo\/od-2017-godine-22-zene-ubili-partneri-ili-clanovi-porodica-tri-od-cetiri-zene-ne-prijavi-nasilje-2\/","og_site_name":"dmcsrb.com","article_published_time":"2025-12-05T12:18:57+00:00","og_image":[{"width":1920,"height":1279,"url":"https:\/\/dmcsrb.com\/wp-content\/uploads\/2026\/01\/thumbnail_UNDP-Gender-Gender-equality-talk-051225-42-of-42.jpg","type":"image\/jpeg"}],"author":"dmcsrbija.com@gmail.com","twitter_card":"summary_large_image","twitter_misc":{"Written by":"dmcsrbija.com@gmail.com","Estimated reading time":"5 minutes"},"schema":{"@context":"https:\/\/schema.org","@graph":[{"@type":"Article","@id":"https:\/\/dmcsrb.com\/drustvo\/od-2017-godine-22-zene-ubili-partneri-ili-clanovi-porodica-tri-od-cetiri-zene-ne-prijavi-nasilje-2\/#article","isPartOf":{"@id":"https:\/\/dmcsrb.com\/drustvo\/od-2017-godine-22-zene-ubili-partneri-ili-clanovi-porodica-tri-od-cetiri-zene-ne-prijavi-nasilje-2\/"},"author":{"name":"dmcsrbija.com@gmail.com","@id":"https:\/\/dmcsrb.com\/#\/schema\/person\/5c39170f12db1b8b457732d0b5c854e2"},"headline":"Od 2017. godine 22 \u017eene ubili partneri ili \u010dlanovi porodica, tri od \u010detiri \u017eene ne prijavi nasilje","datePublished":"2025-12-05T12:18:57+00:00","mainEntityOfPage":{"@id":"https:\/\/dmcsrb.com\/drustvo\/od-2017-godine-22-zene-ubili-partneri-ili-clanovi-porodica-tri-od-cetiri-zene-ne-prijavi-nasilje-2\/"},"wordCount":1077,"commentCount":0,"image":{"@id":"https:\/\/dmcsrb.com\/drustvo\/od-2017-godine-22-zene-ubili-partneri-ili-clanovi-porodica-tri-od-cetiri-zene-ne-prijavi-nasilje-2\/#primaryimage"},"thumbnailUrl":"https:\/\/dmcsrb.com\/wp-content\/uploads\/2026\/01\/thumbnail_UNDP-Gender-Gender-equality-talk-051225-42-of-42.jpg","keywords":["ubistvo \u017eena","UNDP"],"articleSection":["Dru\u0161tvo"],"inLanguage":"en-GB","potentialAction":[{"@type":"CommentAction","name":"Comment","target":["https:\/\/dmcsrb.com\/drustvo\/od-2017-godine-22-zene-ubili-partneri-ili-clanovi-porodica-tri-od-cetiri-zene-ne-prijavi-nasilje-2\/#respond"]}]},{"@type":"WebPage","@id":"https:\/\/dmcsrb.com\/drustvo\/od-2017-godine-22-zene-ubili-partneri-ili-clanovi-porodica-tri-od-cetiri-zene-ne-prijavi-nasilje-2\/","url":"https:\/\/dmcsrb.com\/drustvo\/od-2017-godine-22-zene-ubili-partneri-ili-clanovi-porodica-tri-od-cetiri-zene-ne-prijavi-nasilje-2\/","name":"Od 2017. godine 22 \u017eene ubili partneri ili \u010dlanovi porodica, tri od \u010detiri \u017eene ne prijavi nasilje - dmcsrb.com","isPartOf":{"@id":"https:\/\/dmcsrb.com\/#website"},"primaryImageOfPage":{"@id":"https:\/\/dmcsrb.com\/drustvo\/od-2017-godine-22-zene-ubili-partneri-ili-clanovi-porodica-tri-od-cetiri-zene-ne-prijavi-nasilje-2\/#primaryimage"},"image":{"@id":"https:\/\/dmcsrb.com\/drustvo\/od-2017-godine-22-zene-ubili-partneri-ili-clanovi-porodica-tri-od-cetiri-zene-ne-prijavi-nasilje-2\/#primaryimage"},"thumbnailUrl":"https:\/\/dmcsrb.com\/wp-content\/uploads\/2026\/01\/thumbnail_UNDP-Gender-Gender-equality-talk-051225-42-of-42.jpg","datePublished":"2025-12-05T12:18:57+00:00","author":{"@id":"https:\/\/dmcsrb.com\/#\/schema\/person\/5c39170f12db1b8b457732d0b5c854e2"},"breadcrumb":{"@id":"https:\/\/dmcsrb.com\/drustvo\/od-2017-godine-22-zene-ubili-partneri-ili-clanovi-porodica-tri-od-cetiri-zene-ne-prijavi-nasilje-2\/#breadcrumb"},"inLanguage":"en-GB","potentialAction":[{"@type":"ReadAction","target":["https:\/\/dmcsrb.com\/drustvo\/od-2017-godine-22-zene-ubili-partneri-ili-clanovi-porodica-tri-od-cetiri-zene-ne-prijavi-nasilje-2\/"]}]},{"@type":"ImageObject","inLanguage":"en-GB","@id":"https:\/\/dmcsrb.com\/drustvo\/od-2017-godine-22-zene-ubili-partneri-ili-clanovi-porodica-tri-od-cetiri-zene-ne-prijavi-nasilje-2\/#primaryimage","url":"https:\/\/dmcsrb.com\/wp-content\/uploads\/2026\/01\/thumbnail_UNDP-Gender-Gender-equality-talk-051225-42-of-42.jpg","contentUrl":"https:\/\/dmcsrb.com\/wp-content\/uploads\/2026\/01\/thumbnail_UNDP-Gender-Gender-equality-talk-051225-42-of-42.jpg","width":1920,"height":1279},{"@type":"BreadcrumbList","@id":"https:\/\/dmcsrb.com\/drustvo\/od-2017-godine-22-zene-ubili-partneri-ili-clanovi-porodica-tri-od-cetiri-zene-ne-prijavi-nasilje-2\/#breadcrumb","itemListElement":[{"@type":"ListItem","position":1,"name":"Home","item":"https:\/\/dmcsrb.com\/"},{"@type":"ListItem","position":2,"name":"Od 2017. godine 22 \u017eene ubili partneri ili \u010dlanovi porodica, tri od \u010detiri \u017eene ne prijavi nasilje"}]},{"@type":"WebSite","@id":"https:\/\/dmcsrb.com\/#website","url":"https:\/\/dmcsrb.com\/","name":"dmcsrb.com","description":"","potentialAction":[{"@type":"SearchAction","target":{"@type":"EntryPoint","urlTemplate":"https:\/\/dmcsrb.com\/?s={search_term_string}"},"query-input":{"@type":"PropertyValueSpecification","valueRequired":true,"valueName":"search_term_string"}}],"inLanguage":"en-GB"},{"@type":"Person","@id":"https:\/\/dmcsrb.com\/#\/schema\/person\/5c39170f12db1b8b457732d0b5c854e2","name":"dmcsrbija.com@gmail.com","image":{"@type":"ImageObject","inLanguage":"en-GB","@id":"https:\/\/dmcsrb.com\/#\/schema\/person\/image\/","url":"https:\/\/secure.gravatar.com\/avatar\/68592660ad6347fad0fb587f8d5d8f1a7b44961362f56e4f2cd524feb87e9069?s=96&d=mm&r=g","contentUrl":"https:\/\/secure.gravatar.com\/avatar\/68592660ad6347fad0fb587f8d5d8f1a7b44961362f56e4f2cd524feb87e9069?s=96&d=mm&r=g","caption":"dmcsrbija.com@gmail.com"},"sameAs":["https:\/\/dmcsrb.com"],"url":"https:\/\/dmcsrb.com\/en\/author\/dmcsrbija-comgmail-com\/"}]}},"_links":{"self":[{"href":"https:\/\/dmcsrb.com\/en\/wp-json\/wp\/v2\/posts\/911752","targetHints":{"allow":["GET"]}}],"collection":[{"href":"https:\/\/dmcsrb.com\/en\/wp-json\/wp\/v2\/posts"}],"about":[{"href":"https:\/\/dmcsrb.com\/en\/wp-json\/wp\/v2\/types\/post"}],"author":[{"embeddable":true,"href":"https:\/\/dmcsrb.com\/en\/wp-json\/wp\/v2\/users\/1"}],"replies":[{"embeddable":true,"href":"https:\/\/dmcsrb.com\/en\/wp-json\/wp\/v2\/comments?post=911752"}],"version-history":[{"count":0,"href":"https:\/\/dmcsrb.com\/en\/wp-json\/wp\/v2\/posts\/911752\/revisions"}],"wp:featuredmedia":[{"embeddable":true,"href":"https:\/\/dmcsrb.com\/en\/wp-json\/wp\/v2\/media\/909996"}],"wp:attachment":[{"href":"https:\/\/dmcsrb.com\/en\/wp-json\/wp\/v2\/media?parent=911752"}],"wp:term":[{"taxonomy":"category","embeddable":true,"href":"https:\/\/dmcsrb.com\/en\/wp-json\/wp\/v2\/categories?post=911752"},{"taxonomy":"post_tag","embeddable":true,"href":"https:\/\/dmcsrb.com\/en\/wp-json\/wp\/v2\/tags?post=911752"},{"taxonomy":"naslovna","embeddable":true,"href":"https:\/\/dmcsrb.com\/en\/wp-json\/wp\/v2\/naslovna?post=911752"}],"curies":[{"name":"wp","href":"https:\/\/api.w.org\/{rel}","templated":true}]}}