{"id":911713,"date":"2025-12-05T09:40:00","date_gmt":"2025-12-05T08:40:00","guid":{"rendered":"https:\/\/dmcsrb.com\/uncategorized\/naplaceno-15-milijardi-eura-poreza-2\/"},"modified":"2025-12-05T09:40:00","modified_gmt":"2025-12-05T08:40:00","slug":"naplaceno-15-milijardi-eura-poreza-2","status":"publish","type":"post","link":"https:\/\/dmcsrb.com\/en\/ekonomija\/naplaceno-15-milijardi-eura-poreza-2\/","title":{"rendered":"Napla\u0107eno 1,5 milijardi eura poreza"},"content":{"rendered":"<p><\/p>\n\n\n\n<p><\/p>\n\n\n\n<p>Kako je navedeno, veliki rast ostvaren je kod naplate poreza na dodatu vrijednost (PDV). Naplata ovog poreza za period od 1. januara do 30. novembra 2025. godine, iznosila je 540 miliona eura, \u0161to je u odnosu na pro\u0161lu godinu vi\u0161e za preko stotinu miliona eura\u00a0 ili 23 odsto, a u odnosu na plan je vi\u0161e za 1,3 miliona eura.<\/p>\n\n\n\n<p>&#8220;Rezultati koje bilje\u017eimo nijesu slu\u010dajni, oni su direktna posljedica predanog rada svih slu\u017ebenika PU, unaprije\u0111enih procedura i sve ja\u010de svijesti poreskih obveznika o va\u017enosti urednog izmirivanja obaveza&#8221;, istakao je pomo\u0107nik direktora u Sektoru za operativu u oblasti naplate, Vladan Kasalica.<\/p>\n\n\n\n<p>Po osnovu poreza na dobit pravnih lica napla\u0107eno je 231 milion eura i to je vi\u0161e za 23 miliona eura ili 11 odsto u odnosu na isti period pro\u0161le godine, a u odnosu na plan vi\u0161e za 17 miliona eura.<\/p>\n\n\n\n<p>&#8220;Naplata doprinosa iznosi 70 odsto pro\u0161logodi\u0161njeg rezultata, iako je stopa doprinosa za fond PIO umanjena za preko 50 odsto. Ovaj rezultat, sa naplatom drugih kategorija poreza, doveo je do rasta ukupne naplate. Samo u novembru 2025. godine naplata bruto prihoda iznosila je 112 miliona eura \u0161to je prema\u0161ilo pro\u0161logodi\u0161nji novembar za 10 odsto, a plan za novembar 2025. godine za 7 odsto&#8221;, stoji u saop\u0161tenju Poreske uprave.<\/p>\n\n\n\n<p>Kako dodaju, zna\u010dajan rast ostvaren je kod poreza na dodatu vrijednost gdje je u novembru napla\u0107eno skoro 50 miliona eura, odnosno ostvaren rast od 26 odsto u odnosu na pro\u0161lu i preko 800 hiljada vi\u0161e u odnosu na plan za novembar za ovu godinu.<\/p>\n\n\n\n<p>&#8220;Porez na dobit pravnih lica iznosio je 3,4 miliona, \u0161to predstavlja rast od 135 odsto u odnosu na novembar lani, a 280 odsto vi\u0161e u odnosu na plan za ovaj novembar. Poreska uprava \u0107e nastaviti da unapre\u0111uje mehanizme naplate i kontrole, sa posebnim fokusom na digitalizaciji procesa i edukaciji poreskih obveznika, ovakav pristup je od klju\u010dnog zna\u010daja za stabilnost javnih finansija&#8221;, zaklju\u010duju iz Poreske uprave.<\/p>","protected":false},"excerpt":{"rendered":"<p>Trend rasta bruto prihoda nastavljen je i u novembru. Poreska uprava naplatila je za jedanaest mjeseci 1.5 milijardi eura i time ostvarila rast od 27 miliona eura u odnosu na isti period lani.\u00a0Plan naplate je tako\u0111e prema\u0161en za skoro 2 miliona eura, saop\u0161teno je iz Uprave policije.<\/p>","protected":false},"author":1,"featured_media":909920,"comment_status":"open","ping_status":"open","sticky":false,"template":"","format":"standard","meta":{"_acf_changed":false,"footnotes":""},"categories":[27],"tags":[95,1065],"naslovna":[],"class_list":["post-911713","post","type-post","status-publish","format-standard","has-post-thumbnail","hentry","category-ekonomija","tag-crna-gora","tag-poreska-uprava"],"acf":[],"yoast_head":"<!-- This site is optimized with the Yoast SEO plugin v27.4 - https:\/\/yoast.com\/product\/yoast-seo-wordpress\/ -->\n<title>Napla\u0107eno 1,5 milijardi eura poreza - dmcsrb.com<\/title>\n<meta name=\"robots\" content=\"index, follow, max-snippet:-1, max-image-preview:large, max-video-preview:-1\" \/>\n<link rel=\"canonical\" href=\"https:\/\/dmcsrb.com\/en\/ekonomija\/naplaceno-15-milijardi-eura-poreza-2\/\" \/>\n<meta property=\"og:locale\" content=\"en_GB\" \/>\n<meta property=\"og:type\" content=\"article\" \/>\n<meta property=\"og:title\" content=\"Napla\u0107eno 1,5 milijardi eura poreza - dmcsrb.com\" \/>\n<meta property=\"og:description\" content=\"Trend rasta bruto prihoda nastavljen je i u novembru. Poreska uprava naplatila je za jedanaest mjeseci 1.5 milijardi eura i time ostvarila rast od 27 miliona eura u odnosu na isti period lani.\u00a0Plan naplate je tako\u0111e prema\u0161en za skoro 2 miliona eura, saop\u0161teno je iz Uprave policije.\" \/>\n<meta property=\"og:url\" content=\"https:\/\/dmcsrb.com\/en\/ekonomija\/naplaceno-15-milijardi-eura-poreza-2\/\" \/>\n<meta property=\"og:site_name\" content=\"dmcsrb.com\" \/>\n<meta property=\"article:published_time\" content=\"2025-12-05T08:40:00+00:00\" \/>\n<meta property=\"og:image\" content=\"https:\/\/dmcsrb.com\/wp-content\/uploads\/2026\/01\/euri-novac-1000x555-1.jpg\" \/>\n\t<meta property=\"og:image:width\" content=\"1000\" \/>\n\t<meta property=\"og:image:height\" content=\"555\" \/>\n\t<meta property=\"og:image:type\" content=\"image\/jpeg\" \/>\n<meta name=\"author\" content=\"dmcsrbija.com@gmail.com\" \/>\n<meta name=\"twitter:card\" content=\"summary_large_image\" \/>\n<meta name=\"twitter:label1\" content=\"Written by\" \/>\n\t<meta name=\"twitter:data1\" content=\"dmcsrbija.com@gmail.com\" \/>\n\t<meta name=\"twitter:label2\" content=\"Estimated reading time\" \/>\n\t<meta name=\"twitter:data2\" content=\"2 minutes\" \/>\n<script type=\"application\/ld+json\" class=\"yoast-schema-graph\">{\"@context\":\"https:\\\/\\\/schema.org\",\"@graph\":[{\"@type\":\"Article\",\"@id\":\"https:\\\/\\\/dmcsrb.com\\\/ekonomija\\\/naplaceno-15-milijardi-eura-poreza-2\\\/#article\",\"isPartOf\":{\"@id\":\"https:\\\/\\\/dmcsrb.com\\\/ekonomija\\\/naplaceno-15-milijardi-eura-poreza-2\\\/\"},\"author\":{\"name\":\"dmcsrbija.com@gmail.com\",\"@id\":\"https:\\\/\\\/dmcsrb.com\\\/#\\\/schema\\\/person\\\/5c39170f12db1b8b457732d0b5c854e2\"},\"headline\":\"Napla\u0107eno 1,5 milijardi eura poreza\",\"datePublished\":\"2025-12-05T08:40:00+00:00\",\"mainEntityOfPage\":{\"@id\":\"https:\\\/\\\/dmcsrb.com\\\/ekonomija\\\/naplaceno-15-milijardi-eura-poreza-2\\\/\"},\"wordCount\":326,\"commentCount\":0,\"image\":{\"@id\":\"https:\\\/\\\/dmcsrb.com\\\/ekonomija\\\/naplaceno-15-milijardi-eura-poreza-2\\\/#primaryimage\"},\"thumbnailUrl\":\"https:\\\/\\\/dmcsrb.com\\\/wp-content\\\/uploads\\\/2026\\\/01\\\/euri-novac-1000x555-1.jpg\",\"keywords\":[\"Crna Gora\",\"Poreska uprava\"],\"articleSection\":[\"Ekonomija\"],\"inLanguage\":\"en-GB\",\"potentialAction\":[{\"@type\":\"CommentAction\",\"name\":\"Comment\",\"target\":[\"https:\\\/\\\/dmcsrb.com\\\/ekonomija\\\/naplaceno-15-milijardi-eura-poreza-2\\\/#respond\"]}]},{\"@type\":\"WebPage\",\"@id\":\"https:\\\/\\\/dmcsrb.com\\\/ekonomija\\\/naplaceno-15-milijardi-eura-poreza-2\\\/\",\"url\":\"https:\\\/\\\/dmcsrb.com\\\/ekonomija\\\/naplaceno-15-milijardi-eura-poreza-2\\\/\",\"name\":\"Napla\u0107eno 1,5 milijardi eura poreza - dmcsrb.com\",\"isPartOf\":{\"@id\":\"https:\\\/\\\/dmcsrb.com\\\/#website\"},\"primaryImageOfPage\":{\"@id\":\"https:\\\/\\\/dmcsrb.com\\\/ekonomija\\\/naplaceno-15-milijardi-eura-poreza-2\\\/#primaryimage\"},\"image\":{\"@id\":\"https:\\\/\\\/dmcsrb.com\\\/ekonomija\\\/naplaceno-15-milijardi-eura-poreza-2\\\/#primaryimage\"},\"thumbnailUrl\":\"https:\\\/\\\/dmcsrb.com\\\/wp-content\\\/uploads\\\/2026\\\/01\\\/euri-novac-1000x555-1.jpg\",\"datePublished\":\"2025-12-05T08:40:00+00:00\",\"author\":{\"@id\":\"https:\\\/\\\/dmcsrb.com\\\/#\\\/schema\\\/person\\\/5c39170f12db1b8b457732d0b5c854e2\"},\"breadcrumb\":{\"@id\":\"https:\\\/\\\/dmcsrb.com\\\/ekonomija\\\/naplaceno-15-milijardi-eura-poreza-2\\\/#breadcrumb\"},\"inLanguage\":\"en-GB\",\"potentialAction\":[{\"@type\":\"ReadAction\",\"target\":[\"https:\\\/\\\/dmcsrb.com\\\/ekonomija\\\/naplaceno-15-milijardi-eura-poreza-2\\\/\"]}]},{\"@type\":\"ImageObject\",\"inLanguage\":\"en-GB\",\"@id\":\"https:\\\/\\\/dmcsrb.com\\\/ekonomija\\\/naplaceno-15-milijardi-eura-poreza-2\\\/#primaryimage\",\"url\":\"https:\\\/\\\/dmcsrb.com\\\/wp-content\\\/uploads\\\/2026\\\/01\\\/euri-novac-1000x555-1.jpg\",\"contentUrl\":\"https:\\\/\\\/dmcsrb.com\\\/wp-content\\\/uploads\\\/2026\\\/01\\\/euri-novac-1000x555-1.jpg\",\"width\":1000,\"height\":555},{\"@type\":\"BreadcrumbList\",\"@id\":\"https:\\\/\\\/dmcsrb.com\\\/ekonomija\\\/naplaceno-15-milijardi-eura-poreza-2\\\/#breadcrumb\",\"itemListElement\":[{\"@type\":\"ListItem\",\"position\":1,\"name\":\"Home\",\"item\":\"https:\\\/\\\/dmcsrb.com\\\/\"},{\"@type\":\"ListItem\",\"position\":2,\"name\":\"Napla\u0107eno 1,5 milijardi eura poreza\"}]},{\"@type\":\"WebSite\",\"@id\":\"https:\\\/\\\/dmcsrb.com\\\/#website\",\"url\":\"https:\\\/\\\/dmcsrb.com\\\/\",\"name\":\"dmcsrb.com\",\"description\":\"\",\"potentialAction\":[{\"@type\":\"SearchAction\",\"target\":{\"@type\":\"EntryPoint\",\"urlTemplate\":\"https:\\\/\\\/dmcsrb.com\\\/?s={search_term_string}\"},\"query-input\":{\"@type\":\"PropertyValueSpecification\",\"valueRequired\":true,\"valueName\":\"search_term_string\"}}],\"inLanguage\":\"en-GB\"},{\"@type\":\"Person\",\"@id\":\"https:\\\/\\\/dmcsrb.com\\\/#\\\/schema\\\/person\\\/5c39170f12db1b8b457732d0b5c854e2\",\"name\":\"dmcsrbija.com@gmail.com\",\"image\":{\"@type\":\"ImageObject\",\"inLanguage\":\"en-GB\",\"@id\":\"https:\\\/\\\/secure.gravatar.com\\\/avatar\\\/68592660ad6347fad0fb587f8d5d8f1a7b44961362f56e4f2cd524feb87e9069?s=96&d=mm&r=g\",\"url\":\"https:\\\/\\\/secure.gravatar.com\\\/avatar\\\/68592660ad6347fad0fb587f8d5d8f1a7b44961362f56e4f2cd524feb87e9069?s=96&d=mm&r=g\",\"contentUrl\":\"https:\\\/\\\/secure.gravatar.com\\\/avatar\\\/68592660ad6347fad0fb587f8d5d8f1a7b44961362f56e4f2cd524feb87e9069?s=96&d=mm&r=g\",\"caption\":\"dmcsrbija.com@gmail.com\"},\"sameAs\":[\"https:\\\/\\\/dmcsrb.com\"],\"url\":\"https:\\\/\\\/dmcsrb.com\\\/en\\\/author\\\/dmcsrbija-comgmail-com\\\/\"}]}<\/script>\n<!-- \/ Yoast SEO plugin. -->","yoast_head_json":{"title":"Napla\u0107eno 1,5 milijardi eura poreza - dmcsrb.com","robots":{"index":"index","follow":"follow","max-snippet":"max-snippet:-1","max-image-preview":"max-image-preview:large","max-video-preview":"max-video-preview:-1"},"canonical":"https:\/\/dmcsrb.com\/en\/ekonomija\/naplaceno-15-milijardi-eura-poreza-2\/","og_locale":"en_GB","og_type":"article","og_title":"Napla\u0107eno 1,5 milijardi eura poreza - dmcsrb.com","og_description":"Trend rasta bruto prihoda nastavljen je i u novembru. Poreska uprava naplatila je za jedanaest mjeseci 1.5 milijardi eura i time ostvarila rast od 27 miliona eura u odnosu na isti period lani.\u00a0Plan naplate je tako\u0111e prema\u0161en za skoro 2 miliona eura, saop\u0161teno je iz Uprave policije.","og_url":"https:\/\/dmcsrb.com\/en\/ekonomija\/naplaceno-15-milijardi-eura-poreza-2\/","og_site_name":"dmcsrb.com","article_published_time":"2025-12-05T08:40:00+00:00","og_image":[{"width":1000,"height":555,"url":"https:\/\/dmcsrb.com\/wp-content\/uploads\/2026\/01\/euri-novac-1000x555-1.jpg","type":"image\/jpeg"}],"author":"dmcsrbija.com@gmail.com","twitter_card":"summary_large_image","twitter_misc":{"Written by":"dmcsrbija.com@gmail.com","Estimated reading time":"2 minutes"},"schema":{"@context":"https:\/\/schema.org","@graph":[{"@type":"Article","@id":"https:\/\/dmcsrb.com\/ekonomija\/naplaceno-15-milijardi-eura-poreza-2\/#article","isPartOf":{"@id":"https:\/\/dmcsrb.com\/ekonomija\/naplaceno-15-milijardi-eura-poreza-2\/"},"author":{"name":"dmcsrbija.com@gmail.com","@id":"https:\/\/dmcsrb.com\/#\/schema\/person\/5c39170f12db1b8b457732d0b5c854e2"},"headline":"Napla\u0107eno 1,5 milijardi eura poreza","datePublished":"2025-12-05T08:40:00+00:00","mainEntityOfPage":{"@id":"https:\/\/dmcsrb.com\/ekonomija\/naplaceno-15-milijardi-eura-poreza-2\/"},"wordCount":326,"commentCount":0,"image":{"@id":"https:\/\/dmcsrb.com\/ekonomija\/naplaceno-15-milijardi-eura-poreza-2\/#primaryimage"},"thumbnailUrl":"https:\/\/dmcsrb.com\/wp-content\/uploads\/2026\/01\/euri-novac-1000x555-1.jpg","keywords":["Crna Gora","Poreska uprava"],"articleSection":["Ekonomija"],"inLanguage":"en-GB","potentialAction":[{"@type":"CommentAction","name":"Comment","target":["https:\/\/dmcsrb.com\/ekonomija\/naplaceno-15-milijardi-eura-poreza-2\/#respond"]}]},{"@type":"WebPage","@id":"https:\/\/dmcsrb.com\/ekonomija\/naplaceno-15-milijardi-eura-poreza-2\/","url":"https:\/\/dmcsrb.com\/ekonomija\/naplaceno-15-milijardi-eura-poreza-2\/","name":"Napla\u0107eno 1,5 milijardi eura poreza - dmcsrb.com","isPartOf":{"@id":"https:\/\/dmcsrb.com\/#website"},"primaryImageOfPage":{"@id":"https:\/\/dmcsrb.com\/ekonomija\/naplaceno-15-milijardi-eura-poreza-2\/#primaryimage"},"image":{"@id":"https:\/\/dmcsrb.com\/ekonomija\/naplaceno-15-milijardi-eura-poreza-2\/#primaryimage"},"thumbnailUrl":"https:\/\/dmcsrb.com\/wp-content\/uploads\/2026\/01\/euri-novac-1000x555-1.jpg","datePublished":"2025-12-05T08:40:00+00:00","author":{"@id":"https:\/\/dmcsrb.com\/#\/schema\/person\/5c39170f12db1b8b457732d0b5c854e2"},"breadcrumb":{"@id":"https:\/\/dmcsrb.com\/ekonomija\/naplaceno-15-milijardi-eura-poreza-2\/#breadcrumb"},"inLanguage":"en-GB","potentialAction":[{"@type":"ReadAction","target":["https:\/\/dmcsrb.com\/ekonomija\/naplaceno-15-milijardi-eura-poreza-2\/"]}]},{"@type":"ImageObject","inLanguage":"en-GB","@id":"https:\/\/dmcsrb.com\/ekonomija\/naplaceno-15-milijardi-eura-poreza-2\/#primaryimage","url":"https:\/\/dmcsrb.com\/wp-content\/uploads\/2026\/01\/euri-novac-1000x555-1.jpg","contentUrl":"https:\/\/dmcsrb.com\/wp-content\/uploads\/2026\/01\/euri-novac-1000x555-1.jpg","width":1000,"height":555},{"@type":"BreadcrumbList","@id":"https:\/\/dmcsrb.com\/ekonomija\/naplaceno-15-milijardi-eura-poreza-2\/#breadcrumb","itemListElement":[{"@type":"ListItem","position":1,"name":"Home","item":"https:\/\/dmcsrb.com\/"},{"@type":"ListItem","position":2,"name":"Napla\u0107eno 1,5 milijardi eura poreza"}]},{"@type":"WebSite","@id":"https:\/\/dmcsrb.com\/#website","url":"https:\/\/dmcsrb.com\/","name":"dmcsrb.com","description":"","potentialAction":[{"@type":"SearchAction","target":{"@type":"EntryPoint","urlTemplate":"https:\/\/dmcsrb.com\/?s={search_term_string}"},"query-input":{"@type":"PropertyValueSpecification","valueRequired":true,"valueName":"search_term_string"}}],"inLanguage":"en-GB"},{"@type":"Person","@id":"https:\/\/dmcsrb.com\/#\/schema\/person\/5c39170f12db1b8b457732d0b5c854e2","name":"dmcsrbija.com@gmail.com","image":{"@type":"ImageObject","inLanguage":"en-GB","@id":"https:\/\/secure.gravatar.com\/avatar\/68592660ad6347fad0fb587f8d5d8f1a7b44961362f56e4f2cd524feb87e9069?s=96&d=mm&r=g","url":"https:\/\/secure.gravatar.com\/avatar\/68592660ad6347fad0fb587f8d5d8f1a7b44961362f56e4f2cd524feb87e9069?s=96&d=mm&r=g","contentUrl":"https:\/\/secure.gravatar.com\/avatar\/68592660ad6347fad0fb587f8d5d8f1a7b44961362f56e4f2cd524feb87e9069?s=96&d=mm&r=g","caption":"dmcsrbija.com@gmail.com"},"sameAs":["https:\/\/dmcsrb.com"],"url":"https:\/\/dmcsrb.com\/en\/author\/dmcsrbija-comgmail-com\/"}]}},"_links":{"self":[{"href":"https:\/\/dmcsrb.com\/en\/wp-json\/wp\/v2\/posts\/911713","targetHints":{"allow":["GET"]}}],"collection":[{"href":"https:\/\/dmcsrb.com\/en\/wp-json\/wp\/v2\/posts"}],"about":[{"href":"https:\/\/dmcsrb.com\/en\/wp-json\/wp\/v2\/types\/post"}],"author":[{"embeddable":true,"href":"https:\/\/dmcsrb.com\/en\/wp-json\/wp\/v2\/users\/1"}],"replies":[{"embeddable":true,"href":"https:\/\/dmcsrb.com\/en\/wp-json\/wp\/v2\/comments?post=911713"}],"version-history":[{"count":0,"href":"https:\/\/dmcsrb.com\/en\/wp-json\/wp\/v2\/posts\/911713\/revisions"}],"wp:featuredmedia":[{"embeddable":true,"href":"https:\/\/dmcsrb.com\/en\/wp-json\/wp\/v2\/media\/909920"}],"wp:attachment":[{"href":"https:\/\/dmcsrb.com\/en\/wp-json\/wp\/v2\/media?parent=911713"}],"wp:term":[{"taxonomy":"category","embeddable":true,"href":"https:\/\/dmcsrb.com\/en\/wp-json\/wp\/v2\/categories?post=911713"},{"taxonomy":"post_tag","embeddable":true,"href":"https:\/\/dmcsrb.com\/en\/wp-json\/wp\/v2\/tags?post=911713"},{"taxonomy":"naslovna","embeddable":true,"href":"https:\/\/dmcsrb.com\/en\/wp-json\/wp\/v2\/naslovna?post=911713"}],"curies":[{"name":"wp","href":"https:\/\/api.w.org\/{rel}","templated":true}]}}