{"id":911668,"date":"2025-12-04T19:14:00","date_gmt":"2025-12-04T18:14:00","guid":{"rendered":"https:\/\/dmcsrb.com\/uncategorized\/pola-decenije-od-krivokapiceve-vlade-vlast-vidi-prekretnicu-opozicija-pocetak-ekonomskog-pada-2\/"},"modified":"2025-12-04T19:14:00","modified_gmt":"2025-12-04T18:14:00","slug":"pola-decenije-od-krivokapiceve-vlade-vlast-vidi-prekretnicu-opozicija-pocetak-ekonomskog-pada-2","status":"publish","type":"post","link":"https:\/\/dmcsrb.com\/en\/politika\/pola-decenije-od-krivokapiceve-vlade-vlast-vidi-prekretnicu-opozicija-pocetak-ekonomskog-pada-2\/","title":{"rendered":"Pola decenije od Krivokapi\u0107eve Vlade: Vlast vidi prekretnicu, opozicija po\u010detak ekonomskog pada"},"content":{"rendered":"<p><\/p>\n\n\n\n<p>&#8220;Gra\u0111ani moraju da dobiju, da pobijede, ovo je pri\u010da o po\u010detku direktne demokratije. Traja\u0107e \u010detiri godine, jer \u010detiri godine \u0107e biti stalno ve\u0107i od 40&#8221;.<\/p>\n\n\n\n<p>Tako je prije pet&nbsp; godina govorio novoizabrani premijer, Zdravko Krivokapi\u0107 pred glasanje u crnogorskom parlamentu kada je formirana nova Vlada.<\/p>\n\n\n\n<p>Trajala je, me\u0111utim, svega 14 mjeseci.<\/p>\n\n\n\n<p>Podr\u017eavaoci su njegovu Vladu nazivali prvom demokratskom nakon tridesetogodi\u0161nje vladavine DPS-a, a protivnici &#8211; svetosavskom. Pet godina kasnije, iz najve\u0107e opozicione partije poru\u010duju da je s Krivokapi\u0107evom Vladom zapo\u010deo proces vo\u0111enja pogubne ekonomske politike, dok u partiiji Vlast smatraju da je njegova Vlada zna\u010dila prekretnicu i ozdravljenje dru\u0161tva.<\/p>\n\n\n\n<p>&#8220;Zato je svaka ta promjena koja je uslijedila nakon 2020. godine zna\u010dila, i zna\u010di ozdravljenje. Ozdravljenje u smislu da se moramo navi\u0107i na promjene. No \u0161to je negdje najbitniije je da smo mi od promjene vlasti 2020. godine u\u0161li u neke neophodne promjene u smislu promjene sistema i svega \u0161to je neophodno da bi mi 2028. postali \u010dlanica EU&#8221;, ka\u017ee Jelena Nedovi\u0107 (PES).<\/p>\n\n\n\n<p>&#8220;Zapo\u010dele odre\u0111enu ekonomsku politiku koja je rezultirala time da nakon pet godina vi gotovo imate isti iznos zadu\u017eenja kao prethodnih 30 prije toga. To je jedno. Mislim da smo naru\u0161ili biznis ambijent, da smo kroz inflaciju, bez obzira na uve\u0107anje plata, pogor\u0161ali kupovnu mo\u0107 gra\u0111ana. Ajde da ne ka\u017eem da je to do kraja \u017eivotni standard,ali kupovnu mo\u0107 u velikoj mjeri. Da smo rastjerali investitore, da u dijelu vanjske politike gotovo svakog mjeseca imamo naru\u0161avanje odnosa sa dr\u017eavama i u regionu i \u0161ire&#8221;, ka\u017ee An\u0111u\u0161i\u0107.<\/p>\n\n\n\n<p>Posljedice svega, smatraju u DPS-u , trpi dru\u0161tvo.<\/p>\n\n\n\n<p>&#8220;Nesporno je da imamo jedan period tranzicije u Crnoj Gori, ali taj period tranzicije, dozvolite ja, nakon prve i druge godine bih mo\u017eda dao jo\u0161 prostora da se ne\u0161to radi, ali gotovo \u0161est godina je pro\u0161lo, zamijenili smo nekoliko vlada, postavlja se pitanje i naredna, upravo zbog tih posljedica kako \u0107e gledati, da li \u0107e i ona na kraju krajeva na neki na\u010din biti tranziciona. Tako da, u svakom slu\u010daju, mislim da posljedice svega toga dru\u0161tvo trpi&#8221;, ka\u017ee An\u0111u\u0161i\u0107.<\/p>\n\n\n\n<p>U najve\u0107oj vladaju\u0107oj partiji, ipak, rezultate vide i podsje\u0107aju na ostvarene uspjehe u posljednjih pet godina.<\/p>\n\n\n\n<p>&#8220;Odblokirali smo proces evropskih integracija. Jesmo li imali popis kakav je sproveden u jednom gra\u0111anskom duhu kakav je i trebao biti. Jesmo li imali Evropa sad&nbsp; 2, koji je isto imao pove\u0107anje, nakon toga smo imali veliki broj isplata u odnosu na sve radnike koji su bili nezadovoljni i upravo je ova vlada ta koja je krenula da obe\u0161tet radnike&#8221;. ka\u017ee Nedovi\u0107.<\/p>\n\n\n\n<p>Podsjetimo, Vlada Zdravka Krivokapi\u0107a imala je jednog potpredsjednika &#8211; Dritana Abazovi\u0107a iz URA-e i 12 ministara.<\/p>\n\n\n\n<p>Upravo je Abazovi\u0107 inicirao Krivokapi\u0107evu smjenu, uz DPS Mila \u0110ukanovi\u0107a.\u00a0<a href=\"https:\/\/play.google.com\/store\/apps\/details?id=me.rtcg\" target=\"_blank\" rel=\"noreferrer noopener\"><\/a><a href=\"https:\/\/apps.apple.com\/us\/app\/rtcg\/id1400067551\" target=\"_blank\" rel=\"noreferrer noopener\"><\/a><\/p>\n\n\n\n<p><a target=\"_blank\" href=\"https:\/\/play.google.com\/store\/apps\/details?id=me.rtcg\" rel=\"noreferrer noopener\"><\/a><a target=\"_blank\" href=\"https:\/\/apps.apple.com\/us\/app\/rtcg\/id1400067551\" rel=\"noreferrer noopener\"><\/a><\/p>","protected":false},"excerpt":{"rendered":"<p>Na dana\u0161nji dan prije 5 godina izglasana je Vlada premijera Zdravka Krivokapi\u0107a. Pola decenije kasnije osvrt. I dok iz vladaju\u0107e kolacije koja je i tada dominatno bila u Vladi poru\u010duju da je sa Krivokapi\u0107em po\u010deo talas promjena na bolje u Crnoj Gori, iz opozicije odgovaraju da smo tada po\u010deli da tjeramo investitore i gra\u0111ane u du\u017eni\u010dko ropstvo.<\/p>","protected":false},"author":1,"featured_media":909838,"comment_status":"open","ping_status":"open","sticky":false,"template":"","format":"standard","meta":{"_acf_changed":false,"footnotes":""},"categories":[12],"tags":[1162,1163,1164,1165,1166,1167],"naslovna":[],"class_list":["post-911668","post","type-post","status-publish","format-standard","has-post-thumbnail","hentry","category-politika","tag-ekonomski-pad","tag-krivokapiceva-vlada","tag-opozicija","tag-pola-decenije","tag-prekretnica","tag-vlast"],"acf":[],"yoast_head":"<!-- This site is optimized with the Yoast SEO plugin v27.0 - https:\/\/yoast.com\/product\/yoast-seo-wordpress\/ -->\n<title>Pola decenije od Krivokapi\u0107eve Vlade: Vlast vidi prekretnicu, opozicija po\u010detak ekonomskog pada - dmcsrb.com<\/title>\n<meta name=\"robots\" content=\"index, follow, max-snippet:-1, max-image-preview:large, max-video-preview:-1\" \/>\n<link rel=\"canonical\" href=\"https:\/\/dmcsrb.com\/en\/politika\/pola-decenije-od-krivokapiceve-vlade-vlast-vidi-prekretnicu-opozicija-pocetak-ekonomskog-pada-2\/\" \/>\n<meta property=\"og:locale\" content=\"en_GB\" \/>\n<meta property=\"og:type\" content=\"article\" \/>\n<meta property=\"og:title\" content=\"Pola decenije od Krivokapi\u0107eve Vlade: Vlast vidi prekretnicu, opozicija po\u010detak ekonomskog pada - dmcsrb.com\" \/>\n<meta property=\"og:description\" content=\"Na dana\u0161nji dan prije 5 godina izglasana je Vlada premijera Zdravka Krivokapi\u0107a. Pola decenije kasnije osvrt. I dok iz vladaju\u0107e kolacije koja je i tada dominatno bila u Vladi poru\u010duju da je sa Krivokapi\u0107em po\u010deo talas promjena na bolje u Crnoj Gori, iz opozicije odgovaraju da smo tada po\u010deli da tjeramo investitore i gra\u0111ane u du\u017eni\u010dko ropstvo.\" \/>\n<meta property=\"og:url\" content=\"https:\/\/dmcsrb.com\/en\/politika\/pola-decenije-od-krivokapiceve-vlade-vlast-vidi-prekretnicu-opozicija-pocetak-ekonomskog-pada-2\/\" \/>\n<meta property=\"og:site_name\" content=\"dmcsrb.com\" \/>\n<meta property=\"article:published_time\" content=\"2025-12-04T18:14:00+00:00\" \/>\n<meta property=\"og:image\" content=\"https:\/\/dmcsrb.com\/wp-content\/uploads\/2026\/01\/Capture-14-1.jpg\" \/>\n\t<meta property=\"og:image:width\" content=\"939\" \/>\n\t<meta property=\"og:image:height\" content=\"524\" \/>\n\t<meta property=\"og:image:type\" content=\"image\/jpeg\" \/>\n<meta name=\"author\" content=\"dmcsrbija.com@gmail.com\" \/>\n<meta name=\"twitter:card\" content=\"summary_large_image\" \/>\n<meta name=\"twitter:label1\" content=\"Written by\" \/>\n\t<meta name=\"twitter:data1\" content=\"dmcsrbija.com@gmail.com\" \/>\n\t<meta name=\"twitter:label2\" content=\"Estimated reading time\" \/>\n\t<meta name=\"twitter:data2\" content=\"2 minutes\" \/>\n<script type=\"application\/ld+json\" class=\"yoast-schema-graph\">{\"@context\":\"https:\/\/schema.org\",\"@graph\":[{\"@type\":\"Article\",\"@id\":\"https:\/\/dmcsrb.com\/politika\/pola-decenije-od-krivokapiceve-vlade-vlast-vidi-prekretnicu-opozicija-pocetak-ekonomskog-pada-2\/#article\",\"isPartOf\":{\"@id\":\"https:\/\/dmcsrb.com\/politika\/pola-decenije-od-krivokapiceve-vlade-vlast-vidi-prekretnicu-opozicija-pocetak-ekonomskog-pada-2\/\"},\"author\":{\"name\":\"dmcsrbija.com@gmail.com\",\"@id\":\"https:\/\/dmcsrb.com\/#\/schema\/person\/5c39170f12db1b8b457732d0b5c854e2\"},\"headline\":\"Pola decenije od Krivokapi\u0107eve Vlade: Vlast vidi prekretnicu, opozicija po\u010detak ekonomskog pada\",\"datePublished\":\"2025-12-04T18:14:00+00:00\",\"mainEntityOfPage\":{\"@id\":\"https:\/\/dmcsrb.com\/politika\/pola-decenije-od-krivokapiceve-vlade-vlast-vidi-prekretnicu-opozicija-pocetak-ekonomskog-pada-2\/\"},\"wordCount\":500,\"commentCount\":0,\"image\":{\"@id\":\"https:\/\/dmcsrb.com\/politika\/pola-decenije-od-krivokapiceve-vlade-vlast-vidi-prekretnicu-opozicija-pocetak-ekonomskog-pada-2\/#primaryimage\"},\"thumbnailUrl\":\"https:\/\/dmcsrb.com\/wp-content\/uploads\/2026\/01\/Capture-14-1.jpg\",\"keywords\":[\"Ekonomski pad\",\"Krivokapi\u0107eva Vlada\",\"opozicija\",\"Pola decenije\",\"prekretnica\",\"vlast\"],\"articleSection\":[\"Politika\"],\"inLanguage\":\"en-GB\",\"potentialAction\":[{\"@type\":\"CommentAction\",\"name\":\"Comment\",\"target\":[\"https:\/\/dmcsrb.com\/politika\/pola-decenije-od-krivokapiceve-vlade-vlast-vidi-prekretnicu-opozicija-pocetak-ekonomskog-pada-2\/#respond\"]}]},{\"@type\":\"WebPage\",\"@id\":\"https:\/\/dmcsrb.com\/politika\/pola-decenije-od-krivokapiceve-vlade-vlast-vidi-prekretnicu-opozicija-pocetak-ekonomskog-pada-2\/\",\"url\":\"https:\/\/dmcsrb.com\/politika\/pola-decenije-od-krivokapiceve-vlade-vlast-vidi-prekretnicu-opozicija-pocetak-ekonomskog-pada-2\/\",\"name\":\"Pola decenije od Krivokapi\u0107eve Vlade: Vlast vidi prekretnicu, opozicija po\u010detak ekonomskog pada - dmcsrb.com\",\"isPartOf\":{\"@id\":\"https:\/\/dmcsrb.com\/#website\"},\"primaryImageOfPage\":{\"@id\":\"https:\/\/dmcsrb.com\/politika\/pola-decenije-od-krivokapiceve-vlade-vlast-vidi-prekretnicu-opozicija-pocetak-ekonomskog-pada-2\/#primaryimage\"},\"image\":{\"@id\":\"https:\/\/dmcsrb.com\/politika\/pola-decenije-od-krivokapiceve-vlade-vlast-vidi-prekretnicu-opozicija-pocetak-ekonomskog-pada-2\/#primaryimage\"},\"thumbnailUrl\":\"https:\/\/dmcsrb.com\/wp-content\/uploads\/2026\/01\/Capture-14-1.jpg\",\"datePublished\":\"2025-12-04T18:14:00+00:00\",\"author\":{\"@id\":\"https:\/\/dmcsrb.com\/#\/schema\/person\/5c39170f12db1b8b457732d0b5c854e2\"},\"breadcrumb\":{\"@id\":\"https:\/\/dmcsrb.com\/politika\/pola-decenije-od-krivokapiceve-vlade-vlast-vidi-prekretnicu-opozicija-pocetak-ekonomskog-pada-2\/#breadcrumb\"},\"inLanguage\":\"en-GB\",\"potentialAction\":[{\"@type\":\"ReadAction\",\"target\":[\"https:\/\/dmcsrb.com\/politika\/pola-decenije-od-krivokapiceve-vlade-vlast-vidi-prekretnicu-opozicija-pocetak-ekonomskog-pada-2\/\"]}]},{\"@type\":\"ImageObject\",\"inLanguage\":\"en-GB\",\"@id\":\"https:\/\/dmcsrb.com\/politika\/pola-decenije-od-krivokapiceve-vlade-vlast-vidi-prekretnicu-opozicija-pocetak-ekonomskog-pada-2\/#primaryimage\",\"url\":\"https:\/\/dmcsrb.com\/wp-content\/uploads\/2026\/01\/Capture-14-1.jpg\",\"contentUrl\":\"https:\/\/dmcsrb.com\/wp-content\/uploads\/2026\/01\/Capture-14-1.jpg\",\"width\":939,\"height\":524},{\"@type\":\"BreadcrumbList\",\"@id\":\"https:\/\/dmcsrb.com\/politika\/pola-decenije-od-krivokapiceve-vlade-vlast-vidi-prekretnicu-opozicija-pocetak-ekonomskog-pada-2\/#breadcrumb\",\"itemListElement\":[{\"@type\":\"ListItem\",\"position\":1,\"name\":\"Home\",\"item\":\"https:\/\/dmcsrb.com\/\"},{\"@type\":\"ListItem\",\"position\":2,\"name\":\"Pola decenije od Krivokapi\u0107eve Vlade: Vlast vidi prekretnicu, opozicija po\u010detak ekonomskog pada\"}]},{\"@type\":\"WebSite\",\"@id\":\"https:\/\/dmcsrb.com\/#website\",\"url\":\"https:\/\/dmcsrb.com\/\",\"name\":\"dmcsrb.com\",\"description\":\"\",\"potentialAction\":[{\"@type\":\"SearchAction\",\"target\":{\"@type\":\"EntryPoint\",\"urlTemplate\":\"https:\/\/dmcsrb.com\/?s={search_term_string}\"},\"query-input\":{\"@type\":\"PropertyValueSpecification\",\"valueRequired\":true,\"valueName\":\"search_term_string\"}}],\"inLanguage\":\"en-GB\"},{\"@type\":\"Person\",\"@id\":\"https:\/\/dmcsrb.com\/#\/schema\/person\/5c39170f12db1b8b457732d0b5c854e2\",\"name\":\"dmcsrbija.com@gmail.com\",\"image\":{\"@type\":\"ImageObject\",\"inLanguage\":\"en-GB\",\"@id\":\"https:\/\/dmcsrb.com\/#\/schema\/person\/image\/\",\"url\":\"https:\/\/secure.gravatar.com\/avatar\/68592660ad6347fad0fb587f8d5d8f1a7b44961362f56e4f2cd524feb87e9069?s=96&d=mm&r=g\",\"contentUrl\":\"https:\/\/secure.gravatar.com\/avatar\/68592660ad6347fad0fb587f8d5d8f1a7b44961362f56e4f2cd524feb87e9069?s=96&d=mm&r=g\",\"caption\":\"dmcsrbija.com@gmail.com\"},\"sameAs\":[\"https:\/\/dmcsrb.com\"],\"url\":\"https:\/\/dmcsrb.com\/en\/author\/dmcsrbija-comgmail-com\/\"}]}<\/script>\n<!-- \/ Yoast SEO plugin. -->","yoast_head_json":{"title":"Pola decenije od Krivokapi\u0107eve Vlade: Vlast vidi prekretnicu, opozicija po\u010detak ekonomskog pada - dmcsrb.com","robots":{"index":"index","follow":"follow","max-snippet":"max-snippet:-1","max-image-preview":"max-image-preview:large","max-video-preview":"max-video-preview:-1"},"canonical":"https:\/\/dmcsrb.com\/en\/politika\/pola-decenije-od-krivokapiceve-vlade-vlast-vidi-prekretnicu-opozicija-pocetak-ekonomskog-pada-2\/","og_locale":"en_GB","og_type":"article","og_title":"Pola decenije od Krivokapi\u0107eve Vlade: Vlast vidi prekretnicu, opozicija po\u010detak ekonomskog pada - dmcsrb.com","og_description":"Na dana\u0161nji dan prije 5 godina izglasana je Vlada premijera Zdravka Krivokapi\u0107a. Pola decenije kasnije osvrt. I dok iz vladaju\u0107e kolacije koja je i tada dominatno bila u Vladi poru\u010duju da je sa Krivokapi\u0107em po\u010deo talas promjena na bolje u Crnoj Gori, iz opozicije odgovaraju da smo tada po\u010deli da tjeramo investitore i gra\u0111ane u du\u017eni\u010dko ropstvo.","og_url":"https:\/\/dmcsrb.com\/en\/politika\/pola-decenije-od-krivokapiceve-vlade-vlast-vidi-prekretnicu-opozicija-pocetak-ekonomskog-pada-2\/","og_site_name":"dmcsrb.com","article_published_time":"2025-12-04T18:14:00+00:00","og_image":[{"width":939,"height":524,"url":"https:\/\/dmcsrb.com\/wp-content\/uploads\/2026\/01\/Capture-14-1.jpg","type":"image\/jpeg"}],"author":"dmcsrbija.com@gmail.com","twitter_card":"summary_large_image","twitter_misc":{"Written by":"dmcsrbija.com@gmail.com","Estimated reading time":"2 minutes"},"schema":{"@context":"https:\/\/schema.org","@graph":[{"@type":"Article","@id":"https:\/\/dmcsrb.com\/politika\/pola-decenije-od-krivokapiceve-vlade-vlast-vidi-prekretnicu-opozicija-pocetak-ekonomskog-pada-2\/#article","isPartOf":{"@id":"https:\/\/dmcsrb.com\/politika\/pola-decenije-od-krivokapiceve-vlade-vlast-vidi-prekretnicu-opozicija-pocetak-ekonomskog-pada-2\/"},"author":{"name":"dmcsrbija.com@gmail.com","@id":"https:\/\/dmcsrb.com\/#\/schema\/person\/5c39170f12db1b8b457732d0b5c854e2"},"headline":"Pola decenije od Krivokapi\u0107eve Vlade: Vlast vidi prekretnicu, opozicija po\u010detak ekonomskog pada","datePublished":"2025-12-04T18:14:00+00:00","mainEntityOfPage":{"@id":"https:\/\/dmcsrb.com\/politika\/pola-decenije-od-krivokapiceve-vlade-vlast-vidi-prekretnicu-opozicija-pocetak-ekonomskog-pada-2\/"},"wordCount":500,"commentCount":0,"image":{"@id":"https:\/\/dmcsrb.com\/politika\/pola-decenije-od-krivokapiceve-vlade-vlast-vidi-prekretnicu-opozicija-pocetak-ekonomskog-pada-2\/#primaryimage"},"thumbnailUrl":"https:\/\/dmcsrb.com\/wp-content\/uploads\/2026\/01\/Capture-14-1.jpg","keywords":["Ekonomski pad","Krivokapi\u0107eva Vlada","opozicija","Pola decenije","prekretnica","vlast"],"articleSection":["Politika"],"inLanguage":"en-GB","potentialAction":[{"@type":"CommentAction","name":"Comment","target":["https:\/\/dmcsrb.com\/politika\/pola-decenije-od-krivokapiceve-vlade-vlast-vidi-prekretnicu-opozicija-pocetak-ekonomskog-pada-2\/#respond"]}]},{"@type":"WebPage","@id":"https:\/\/dmcsrb.com\/politika\/pola-decenije-od-krivokapiceve-vlade-vlast-vidi-prekretnicu-opozicija-pocetak-ekonomskog-pada-2\/","url":"https:\/\/dmcsrb.com\/politika\/pola-decenije-od-krivokapiceve-vlade-vlast-vidi-prekretnicu-opozicija-pocetak-ekonomskog-pada-2\/","name":"Pola decenije od Krivokapi\u0107eve Vlade: Vlast vidi prekretnicu, opozicija po\u010detak ekonomskog pada - dmcsrb.com","isPartOf":{"@id":"https:\/\/dmcsrb.com\/#website"},"primaryImageOfPage":{"@id":"https:\/\/dmcsrb.com\/politika\/pola-decenije-od-krivokapiceve-vlade-vlast-vidi-prekretnicu-opozicija-pocetak-ekonomskog-pada-2\/#primaryimage"},"image":{"@id":"https:\/\/dmcsrb.com\/politika\/pola-decenije-od-krivokapiceve-vlade-vlast-vidi-prekretnicu-opozicija-pocetak-ekonomskog-pada-2\/#primaryimage"},"thumbnailUrl":"https:\/\/dmcsrb.com\/wp-content\/uploads\/2026\/01\/Capture-14-1.jpg","datePublished":"2025-12-04T18:14:00+00:00","author":{"@id":"https:\/\/dmcsrb.com\/#\/schema\/person\/5c39170f12db1b8b457732d0b5c854e2"},"breadcrumb":{"@id":"https:\/\/dmcsrb.com\/politika\/pola-decenije-od-krivokapiceve-vlade-vlast-vidi-prekretnicu-opozicija-pocetak-ekonomskog-pada-2\/#breadcrumb"},"inLanguage":"en-GB","potentialAction":[{"@type":"ReadAction","target":["https:\/\/dmcsrb.com\/politika\/pola-decenije-od-krivokapiceve-vlade-vlast-vidi-prekretnicu-opozicija-pocetak-ekonomskog-pada-2\/"]}]},{"@type":"ImageObject","inLanguage":"en-GB","@id":"https:\/\/dmcsrb.com\/politika\/pola-decenije-od-krivokapiceve-vlade-vlast-vidi-prekretnicu-opozicija-pocetak-ekonomskog-pada-2\/#primaryimage","url":"https:\/\/dmcsrb.com\/wp-content\/uploads\/2026\/01\/Capture-14-1.jpg","contentUrl":"https:\/\/dmcsrb.com\/wp-content\/uploads\/2026\/01\/Capture-14-1.jpg","width":939,"height":524},{"@type":"BreadcrumbList","@id":"https:\/\/dmcsrb.com\/politika\/pola-decenije-od-krivokapiceve-vlade-vlast-vidi-prekretnicu-opozicija-pocetak-ekonomskog-pada-2\/#breadcrumb","itemListElement":[{"@type":"ListItem","position":1,"name":"Home","item":"https:\/\/dmcsrb.com\/"},{"@type":"ListItem","position":2,"name":"Pola decenije od Krivokapi\u0107eve Vlade: Vlast vidi prekretnicu, opozicija po\u010detak ekonomskog pada"}]},{"@type":"WebSite","@id":"https:\/\/dmcsrb.com\/#website","url":"https:\/\/dmcsrb.com\/","name":"dmcsrb.com","description":"","potentialAction":[{"@type":"SearchAction","target":{"@type":"EntryPoint","urlTemplate":"https:\/\/dmcsrb.com\/?s={search_term_string}"},"query-input":{"@type":"PropertyValueSpecification","valueRequired":true,"valueName":"search_term_string"}}],"inLanguage":"en-GB"},{"@type":"Person","@id":"https:\/\/dmcsrb.com\/#\/schema\/person\/5c39170f12db1b8b457732d0b5c854e2","name":"dmcsrbija.com@gmail.com","image":{"@type":"ImageObject","inLanguage":"en-GB","@id":"https:\/\/dmcsrb.com\/#\/schema\/person\/image\/","url":"https:\/\/secure.gravatar.com\/avatar\/68592660ad6347fad0fb587f8d5d8f1a7b44961362f56e4f2cd524feb87e9069?s=96&d=mm&r=g","contentUrl":"https:\/\/secure.gravatar.com\/avatar\/68592660ad6347fad0fb587f8d5d8f1a7b44961362f56e4f2cd524feb87e9069?s=96&d=mm&r=g","caption":"dmcsrbija.com@gmail.com"},"sameAs":["https:\/\/dmcsrb.com"],"url":"https:\/\/dmcsrb.com\/en\/author\/dmcsrbija-comgmail-com\/"}]}},"_links":{"self":[{"href":"https:\/\/dmcsrb.com\/en\/wp-json\/wp\/v2\/posts\/911668","targetHints":{"allow":["GET"]}}],"collection":[{"href":"https:\/\/dmcsrb.com\/en\/wp-json\/wp\/v2\/posts"}],"about":[{"href":"https:\/\/dmcsrb.com\/en\/wp-json\/wp\/v2\/types\/post"}],"author":[{"embeddable":true,"href":"https:\/\/dmcsrb.com\/en\/wp-json\/wp\/v2\/users\/1"}],"replies":[{"embeddable":true,"href":"https:\/\/dmcsrb.com\/en\/wp-json\/wp\/v2\/comments?post=911668"}],"version-history":[{"count":0,"href":"https:\/\/dmcsrb.com\/en\/wp-json\/wp\/v2\/posts\/911668\/revisions"}],"wp:featuredmedia":[{"embeddable":true,"href":"https:\/\/dmcsrb.com\/en\/wp-json\/wp\/v2\/media\/909838"}],"wp:attachment":[{"href":"https:\/\/dmcsrb.com\/en\/wp-json\/wp\/v2\/media?parent=911668"}],"wp:term":[{"taxonomy":"category","embeddable":true,"href":"https:\/\/dmcsrb.com\/en\/wp-json\/wp\/v2\/categories?post=911668"},{"taxonomy":"post_tag","embeddable":true,"href":"https:\/\/dmcsrb.com\/en\/wp-json\/wp\/v2\/tags?post=911668"},{"taxonomy":"naslovna","embeddable":true,"href":"https:\/\/dmcsrb.com\/en\/wp-json\/wp\/v2\/naslovna?post=911668"}],"curies":[{"name":"wp","href":"https:\/\/api.w.org\/{rel}","templated":true}]}}