{"id":911499,"date":"2025-12-03T15:37:13","date_gmt":"2025-12-03T14:37:13","guid":{"rendered":"https:\/\/dmcsrb.com\/uncategorized\/vdt-milorad-markovic-u-hagu-potpisao-memorandume-za-jacanje-globalne-borbe-protiv-kriminala-2\/"},"modified":"2025-12-03T15:37:13","modified_gmt":"2025-12-03T14:37:13","slug":"vdt-milorad-markovic-u-hagu-potpisao-memorandume-za-jacanje-globalne-borbe-protiv-kriminala-2","status":"publish","type":"post","link":"https:\/\/dmcsrb.com\/en\/politika\/vdt-milorad-markovic-u-hagu-potpisao-memorandume-za-jacanje-globalne-borbe-protiv-kriminala-2\/","title":{"rendered":"VDT Milorad Markovi\u0107 u Hagu potpisao memorandume za ja\u010danje globalne borbe protiv kriminala"},"content":{"rendered":"<p>Tokom boravka, VDT Markovi\u0107 potpisao je bilateralne memorandume o razumijevanju sa dr\u017eavnim tu\u017eila\u0161tvima Kolumbije, Brazila, \u010cilea, Urugvaja, Paragvaja, Dominikanske Republike, kao i Zajedni\u010dku deklaraciju tu\u017eila\u0161tava Zapadnog Balkana, Latinske Amerike i Kolegijuma Eurojust-a, \u010dime se otvara novi okvir saradnje u borbi protiv najte\u017eih oblika kriminala. Doga\u0111aju je prisustvovala i dr\u017eavna tu\u017eiteljka za vezu sa Eurojust-om Jelena \u0110aleti\u0107.<\/p>\n\n\n\n<p>Iz Tu\u017eila\u0161tva navode da je to jedan od najzna\u010dajnijih me\u0111unarodnih foruma te vrste, a da Crna Gora u njemu u\u010destvuje kao ravnopravan partner dr\u017eava koje se suo\u010davaju sa sli\u010dnim bezbjednosnim izazovima. Upravo zato, navode, potpisani memorandumi imaju posebnu te\u017einu &#8211; uspostavljaju direktne i sigurne kanale komunikacije, omogu\u0107avaju br\u017eu razmjenu klju\u010dnih operativnih informacija i otvaraju mogu\u0107nost za sprovo\u0111enje zajedni\u010dkih i koordinisanih istraga u slu\u010dajevima gdje kriminalne mre\u017ee djeluju istovremeno na teritorijama vi\u0161e dr\u017eava i kontinenata.<\/p>\n\n\n\n<p>Potpisivanjem Zajedni\u010dke deklaracije tu\u017eila\u0161tva Zapadnog Balkana i Latinske Amerike i kolegijum Eurojust-a, navode u saop\u0161tenju, potvr\u0111uju zajedni\u010dku posve\u0107enost borbi protiv organizovanog kriminala u oblastima trgovine drogom, trgovine ljudima, sajber kriminala, krijum\u010darenja migranata, ekolo\u0161kog kriminala i drugih transnacionalnih krivi\u010dnih djela. <\/p>","protected":false},"excerpt":{"rendered":"<p>Me\u0111unarodni skup okupio je generalne tu\u017eioce Latinske Amerike i Zapadnog Balkana. Crna Gora je u\u010de\u0161\u0107em potvrdila ulogu pouzdanog, aktivnog i odgovornog partnera u me\u0111unarodnoj pravosudnoj zajednici, saop\u0161tili su iz VDT.<\/p>","protected":false},"author":1,"featured_media":909519,"comment_status":"open","ping_status":"open","sticky":false,"template":"","format":"standard","meta":{"_acf_changed":false,"footnotes":""},"categories":[12],"tags":[818,819,471,492],"naslovna":[],"class_list":["post-911499","post","type-post","status-publish","format-standard","has-post-thumbnail","hentry","category-politika","tag-deklaracija","tag-hag","tag-kriminal","tag-vdt"],"acf":[],"yoast_head":"<!-- This site is optimized with the Yoast SEO plugin v27.0 - https:\/\/yoast.com\/product\/yoast-seo-wordpress\/ -->\n<title>VDT Milorad Markovi\u0107 u Hagu potpisao memorandume za ja\u010danje globalne borbe protiv kriminala - dmcsrb.com<\/title>\n<meta name=\"robots\" content=\"index, follow, max-snippet:-1, max-image-preview:large, max-video-preview:-1\" \/>\n<link rel=\"canonical\" href=\"https:\/\/dmcsrb.com\/en\/politika\/vdt-milorad-markovic-u-hagu-potpisao-memorandume-za-jacanje-globalne-borbe-protiv-kriminala-2\/\" \/>\n<meta property=\"og:locale\" content=\"en_GB\" \/>\n<meta property=\"og:type\" content=\"article\" \/>\n<meta property=\"og:title\" content=\"VDT Milorad Markovi\u0107 u Hagu potpisao memorandume za ja\u010danje globalne borbe protiv kriminala - dmcsrb.com\" \/>\n<meta property=\"og:description\" content=\"Me\u0111unarodni skup okupio je generalne tu\u017eioce Latinske Amerike i Zapadnog Balkana. Crna Gora je u\u010de\u0161\u0107em potvrdila ulogu pouzdanog, aktivnog i odgovornog partnera u me\u0111unarodnoj pravosudnoj zajednici, saop\u0161tili su iz VDT.\" \/>\n<meta property=\"og:url\" content=\"https:\/\/dmcsrb.com\/en\/politika\/vdt-milorad-markovic-u-hagu-potpisao-memorandume-za-jacanje-globalne-borbe-protiv-kriminala-2\/\" \/>\n<meta property=\"og:site_name\" content=\"dmcsrb.com\" \/>\n<meta property=\"article:published_time\" content=\"2025-12-03T14:37:13+00:00\" \/>\n<meta property=\"og:image\" content=\"https:\/\/dmcsrb.com\/wp-content\/uploads\/2026\/01\/VDT-Hag.jpg\" \/>\n\t<meta property=\"og:image:width\" content=\"1920\" \/>\n\t<meta property=\"og:image:height\" content=\"1278\" \/>\n\t<meta property=\"og:image:type\" content=\"image\/jpeg\" \/>\n<meta name=\"author\" content=\"dmcsrbija.com@gmail.com\" \/>\n<meta name=\"twitter:card\" content=\"summary_large_image\" \/>\n<meta name=\"twitter:label1\" content=\"Written by\" \/>\n\t<meta name=\"twitter:data1\" content=\"dmcsrbija.com@gmail.com\" \/>\n\t<meta name=\"twitter:label2\" content=\"Estimated reading time\" \/>\n\t<meta name=\"twitter:data2\" content=\"1 minute\" \/>\n<script type=\"application\/ld+json\" class=\"yoast-schema-graph\">{\"@context\":\"https:\/\/schema.org\",\"@graph\":[{\"@type\":\"Article\",\"@id\":\"https:\/\/dmcsrb.com\/politika\/vdt-milorad-markovic-u-hagu-potpisao-memorandume-za-jacanje-globalne-borbe-protiv-kriminala-2\/#article\",\"isPartOf\":{\"@id\":\"https:\/\/dmcsrb.com\/politika\/vdt-milorad-markovic-u-hagu-potpisao-memorandume-za-jacanje-globalne-borbe-protiv-kriminala-2\/\"},\"author\":{\"name\":\"dmcsrbija.com@gmail.com\",\"@id\":\"https:\/\/dmcsrb.com\/#\/schema\/person\/5c39170f12db1b8b457732d0b5c854e2\"},\"headline\":\"VDT Milorad Markovi\u0107 u Hagu potpisao memorandume za ja\u010danje globalne borbe protiv kriminala\",\"datePublished\":\"2025-12-03T14:37:13+00:00\",\"mainEntityOfPage\":{\"@id\":\"https:\/\/dmcsrb.com\/politika\/vdt-milorad-markovic-u-hagu-potpisao-memorandume-za-jacanje-globalne-borbe-protiv-kriminala-2\/\"},\"wordCount\":222,\"commentCount\":0,\"image\":{\"@id\":\"https:\/\/dmcsrb.com\/politika\/vdt-milorad-markovic-u-hagu-potpisao-memorandume-za-jacanje-globalne-borbe-protiv-kriminala-2\/#primaryimage\"},\"thumbnailUrl\":\"https:\/\/dmcsrb.com\/wp-content\/uploads\/2026\/01\/VDT-Hag.jpg\",\"keywords\":[\"Deklaracija\",\"Hag\",\"kriminal\",\"VDT\"],\"articleSection\":[\"Politika\"],\"inLanguage\":\"en-GB\",\"potentialAction\":[{\"@type\":\"CommentAction\",\"name\":\"Comment\",\"target\":[\"https:\/\/dmcsrb.com\/politika\/vdt-milorad-markovic-u-hagu-potpisao-memorandume-za-jacanje-globalne-borbe-protiv-kriminala-2\/#respond\"]}]},{\"@type\":\"WebPage\",\"@id\":\"https:\/\/dmcsrb.com\/politika\/vdt-milorad-markovic-u-hagu-potpisao-memorandume-za-jacanje-globalne-borbe-protiv-kriminala-2\/\",\"url\":\"https:\/\/dmcsrb.com\/politika\/vdt-milorad-markovic-u-hagu-potpisao-memorandume-za-jacanje-globalne-borbe-protiv-kriminala-2\/\",\"name\":\"VDT Milorad Markovi\u0107 u Hagu potpisao memorandume za ja\u010danje globalne borbe protiv kriminala - dmcsrb.com\",\"isPartOf\":{\"@id\":\"https:\/\/dmcsrb.com\/#website\"},\"primaryImageOfPage\":{\"@id\":\"https:\/\/dmcsrb.com\/politika\/vdt-milorad-markovic-u-hagu-potpisao-memorandume-za-jacanje-globalne-borbe-protiv-kriminala-2\/#primaryimage\"},\"image\":{\"@id\":\"https:\/\/dmcsrb.com\/politika\/vdt-milorad-markovic-u-hagu-potpisao-memorandume-za-jacanje-globalne-borbe-protiv-kriminala-2\/#primaryimage\"},\"thumbnailUrl\":\"https:\/\/dmcsrb.com\/wp-content\/uploads\/2026\/01\/VDT-Hag.jpg\",\"datePublished\":\"2025-12-03T14:37:13+00:00\",\"author\":{\"@id\":\"https:\/\/dmcsrb.com\/#\/schema\/person\/5c39170f12db1b8b457732d0b5c854e2\"},\"breadcrumb\":{\"@id\":\"https:\/\/dmcsrb.com\/politika\/vdt-milorad-markovic-u-hagu-potpisao-memorandume-za-jacanje-globalne-borbe-protiv-kriminala-2\/#breadcrumb\"},\"inLanguage\":\"en-GB\",\"potentialAction\":[{\"@type\":\"ReadAction\",\"target\":[\"https:\/\/dmcsrb.com\/politika\/vdt-milorad-markovic-u-hagu-potpisao-memorandume-za-jacanje-globalne-borbe-protiv-kriminala-2\/\"]}]},{\"@type\":\"ImageObject\",\"inLanguage\":\"en-GB\",\"@id\":\"https:\/\/dmcsrb.com\/politika\/vdt-milorad-markovic-u-hagu-potpisao-memorandume-za-jacanje-globalne-borbe-protiv-kriminala-2\/#primaryimage\",\"url\":\"https:\/\/dmcsrb.com\/wp-content\/uploads\/2026\/01\/VDT-Hag.jpg\",\"contentUrl\":\"https:\/\/dmcsrb.com\/wp-content\/uploads\/2026\/01\/VDT-Hag.jpg\",\"width\":1920,\"height\":1278},{\"@type\":\"BreadcrumbList\",\"@id\":\"https:\/\/dmcsrb.com\/politika\/vdt-milorad-markovic-u-hagu-potpisao-memorandume-za-jacanje-globalne-borbe-protiv-kriminala-2\/#breadcrumb\",\"itemListElement\":[{\"@type\":\"ListItem\",\"position\":1,\"name\":\"Home\",\"item\":\"https:\/\/dmcsrb.com\/\"},{\"@type\":\"ListItem\",\"position\":2,\"name\":\"VDT Milorad Markovi\u0107 u Hagu potpisao memorandume za ja\u010danje globalne borbe protiv kriminala\"}]},{\"@type\":\"WebSite\",\"@id\":\"https:\/\/dmcsrb.com\/#website\",\"url\":\"https:\/\/dmcsrb.com\/\",\"name\":\"dmcsrb.com\",\"description\":\"\",\"potentialAction\":[{\"@type\":\"SearchAction\",\"target\":{\"@type\":\"EntryPoint\",\"urlTemplate\":\"https:\/\/dmcsrb.com\/?s={search_term_string}\"},\"query-input\":{\"@type\":\"PropertyValueSpecification\",\"valueRequired\":true,\"valueName\":\"search_term_string\"}}],\"inLanguage\":\"en-GB\"},{\"@type\":\"Person\",\"@id\":\"https:\/\/dmcsrb.com\/#\/schema\/person\/5c39170f12db1b8b457732d0b5c854e2\",\"name\":\"dmcsrbija.com@gmail.com\",\"image\":{\"@type\":\"ImageObject\",\"inLanguage\":\"en-GB\",\"@id\":\"https:\/\/dmcsrb.com\/#\/schema\/person\/image\/\",\"url\":\"https:\/\/secure.gravatar.com\/avatar\/68592660ad6347fad0fb587f8d5d8f1a7b44961362f56e4f2cd524feb87e9069?s=96&d=mm&r=g\",\"contentUrl\":\"https:\/\/secure.gravatar.com\/avatar\/68592660ad6347fad0fb587f8d5d8f1a7b44961362f56e4f2cd524feb87e9069?s=96&d=mm&r=g\",\"caption\":\"dmcsrbija.com@gmail.com\"},\"sameAs\":[\"https:\/\/dmcsrb.com\"],\"url\":\"https:\/\/dmcsrb.com\/en\/author\/dmcsrbija-comgmail-com\/\"}]}<\/script>\n<!-- \/ Yoast SEO plugin. -->","yoast_head_json":{"title":"VDT Milorad Markovi\u0107 u Hagu potpisao memorandume za ja\u010danje globalne borbe protiv kriminala - dmcsrb.com","robots":{"index":"index","follow":"follow","max-snippet":"max-snippet:-1","max-image-preview":"max-image-preview:large","max-video-preview":"max-video-preview:-1"},"canonical":"https:\/\/dmcsrb.com\/en\/politika\/vdt-milorad-markovic-u-hagu-potpisao-memorandume-za-jacanje-globalne-borbe-protiv-kriminala-2\/","og_locale":"en_GB","og_type":"article","og_title":"VDT Milorad Markovi\u0107 u Hagu potpisao memorandume za ja\u010danje globalne borbe protiv kriminala - dmcsrb.com","og_description":"Me\u0111unarodni skup okupio je generalne tu\u017eioce Latinske Amerike i Zapadnog Balkana. Crna Gora je u\u010de\u0161\u0107em potvrdila ulogu pouzdanog, aktivnog i odgovornog partnera u me\u0111unarodnoj pravosudnoj zajednici, saop\u0161tili su iz VDT.","og_url":"https:\/\/dmcsrb.com\/en\/politika\/vdt-milorad-markovic-u-hagu-potpisao-memorandume-za-jacanje-globalne-borbe-protiv-kriminala-2\/","og_site_name":"dmcsrb.com","article_published_time":"2025-12-03T14:37:13+00:00","og_image":[{"width":1920,"height":1278,"url":"https:\/\/dmcsrb.com\/wp-content\/uploads\/2026\/01\/VDT-Hag.jpg","type":"image\/jpeg"}],"author":"dmcsrbija.com@gmail.com","twitter_card":"summary_large_image","twitter_misc":{"Written by":"dmcsrbija.com@gmail.com","Estimated reading time":"1 minute"},"schema":{"@context":"https:\/\/schema.org","@graph":[{"@type":"Article","@id":"https:\/\/dmcsrb.com\/politika\/vdt-milorad-markovic-u-hagu-potpisao-memorandume-za-jacanje-globalne-borbe-protiv-kriminala-2\/#article","isPartOf":{"@id":"https:\/\/dmcsrb.com\/politika\/vdt-milorad-markovic-u-hagu-potpisao-memorandume-za-jacanje-globalne-borbe-protiv-kriminala-2\/"},"author":{"name":"dmcsrbija.com@gmail.com","@id":"https:\/\/dmcsrb.com\/#\/schema\/person\/5c39170f12db1b8b457732d0b5c854e2"},"headline":"VDT Milorad Markovi\u0107 u Hagu potpisao memorandume za ja\u010danje globalne borbe protiv kriminala","datePublished":"2025-12-03T14:37:13+00:00","mainEntityOfPage":{"@id":"https:\/\/dmcsrb.com\/politika\/vdt-milorad-markovic-u-hagu-potpisao-memorandume-za-jacanje-globalne-borbe-protiv-kriminala-2\/"},"wordCount":222,"commentCount":0,"image":{"@id":"https:\/\/dmcsrb.com\/politika\/vdt-milorad-markovic-u-hagu-potpisao-memorandume-za-jacanje-globalne-borbe-protiv-kriminala-2\/#primaryimage"},"thumbnailUrl":"https:\/\/dmcsrb.com\/wp-content\/uploads\/2026\/01\/VDT-Hag.jpg","keywords":["Deklaracija","Hag","kriminal","VDT"],"articleSection":["Politika"],"inLanguage":"en-GB","potentialAction":[{"@type":"CommentAction","name":"Comment","target":["https:\/\/dmcsrb.com\/politika\/vdt-milorad-markovic-u-hagu-potpisao-memorandume-za-jacanje-globalne-borbe-protiv-kriminala-2\/#respond"]}]},{"@type":"WebPage","@id":"https:\/\/dmcsrb.com\/politika\/vdt-milorad-markovic-u-hagu-potpisao-memorandume-za-jacanje-globalne-borbe-protiv-kriminala-2\/","url":"https:\/\/dmcsrb.com\/politika\/vdt-milorad-markovic-u-hagu-potpisao-memorandume-za-jacanje-globalne-borbe-protiv-kriminala-2\/","name":"VDT Milorad Markovi\u0107 u Hagu potpisao memorandume za ja\u010danje globalne borbe protiv kriminala - dmcsrb.com","isPartOf":{"@id":"https:\/\/dmcsrb.com\/#website"},"primaryImageOfPage":{"@id":"https:\/\/dmcsrb.com\/politika\/vdt-milorad-markovic-u-hagu-potpisao-memorandume-za-jacanje-globalne-borbe-protiv-kriminala-2\/#primaryimage"},"image":{"@id":"https:\/\/dmcsrb.com\/politika\/vdt-milorad-markovic-u-hagu-potpisao-memorandume-za-jacanje-globalne-borbe-protiv-kriminala-2\/#primaryimage"},"thumbnailUrl":"https:\/\/dmcsrb.com\/wp-content\/uploads\/2026\/01\/VDT-Hag.jpg","datePublished":"2025-12-03T14:37:13+00:00","author":{"@id":"https:\/\/dmcsrb.com\/#\/schema\/person\/5c39170f12db1b8b457732d0b5c854e2"},"breadcrumb":{"@id":"https:\/\/dmcsrb.com\/politika\/vdt-milorad-markovic-u-hagu-potpisao-memorandume-za-jacanje-globalne-borbe-protiv-kriminala-2\/#breadcrumb"},"inLanguage":"en-GB","potentialAction":[{"@type":"ReadAction","target":["https:\/\/dmcsrb.com\/politika\/vdt-milorad-markovic-u-hagu-potpisao-memorandume-za-jacanje-globalne-borbe-protiv-kriminala-2\/"]}]},{"@type":"ImageObject","inLanguage":"en-GB","@id":"https:\/\/dmcsrb.com\/politika\/vdt-milorad-markovic-u-hagu-potpisao-memorandume-za-jacanje-globalne-borbe-protiv-kriminala-2\/#primaryimage","url":"https:\/\/dmcsrb.com\/wp-content\/uploads\/2026\/01\/VDT-Hag.jpg","contentUrl":"https:\/\/dmcsrb.com\/wp-content\/uploads\/2026\/01\/VDT-Hag.jpg","width":1920,"height":1278},{"@type":"BreadcrumbList","@id":"https:\/\/dmcsrb.com\/politika\/vdt-milorad-markovic-u-hagu-potpisao-memorandume-za-jacanje-globalne-borbe-protiv-kriminala-2\/#breadcrumb","itemListElement":[{"@type":"ListItem","position":1,"name":"Home","item":"https:\/\/dmcsrb.com\/"},{"@type":"ListItem","position":2,"name":"VDT Milorad Markovi\u0107 u Hagu potpisao memorandume za ja\u010danje globalne borbe protiv kriminala"}]},{"@type":"WebSite","@id":"https:\/\/dmcsrb.com\/#website","url":"https:\/\/dmcsrb.com\/","name":"dmcsrb.com","description":"","potentialAction":[{"@type":"SearchAction","target":{"@type":"EntryPoint","urlTemplate":"https:\/\/dmcsrb.com\/?s={search_term_string}"},"query-input":{"@type":"PropertyValueSpecification","valueRequired":true,"valueName":"search_term_string"}}],"inLanguage":"en-GB"},{"@type":"Person","@id":"https:\/\/dmcsrb.com\/#\/schema\/person\/5c39170f12db1b8b457732d0b5c854e2","name":"dmcsrbija.com@gmail.com","image":{"@type":"ImageObject","inLanguage":"en-GB","@id":"https:\/\/dmcsrb.com\/#\/schema\/person\/image\/","url":"https:\/\/secure.gravatar.com\/avatar\/68592660ad6347fad0fb587f8d5d8f1a7b44961362f56e4f2cd524feb87e9069?s=96&d=mm&r=g","contentUrl":"https:\/\/secure.gravatar.com\/avatar\/68592660ad6347fad0fb587f8d5d8f1a7b44961362f56e4f2cd524feb87e9069?s=96&d=mm&r=g","caption":"dmcsrbija.com@gmail.com"},"sameAs":["https:\/\/dmcsrb.com"],"url":"https:\/\/dmcsrb.com\/en\/author\/dmcsrbija-comgmail-com\/"}]}},"_links":{"self":[{"href":"https:\/\/dmcsrb.com\/en\/wp-json\/wp\/v2\/posts\/911499","targetHints":{"allow":["GET"]}}],"collection":[{"href":"https:\/\/dmcsrb.com\/en\/wp-json\/wp\/v2\/posts"}],"about":[{"href":"https:\/\/dmcsrb.com\/en\/wp-json\/wp\/v2\/types\/post"}],"author":[{"embeddable":true,"href":"https:\/\/dmcsrb.com\/en\/wp-json\/wp\/v2\/users\/1"}],"replies":[{"embeddable":true,"href":"https:\/\/dmcsrb.com\/en\/wp-json\/wp\/v2\/comments?post=911499"}],"version-history":[{"count":0,"href":"https:\/\/dmcsrb.com\/en\/wp-json\/wp\/v2\/posts\/911499\/revisions"}],"wp:featuredmedia":[{"embeddable":true,"href":"https:\/\/dmcsrb.com\/en\/wp-json\/wp\/v2\/media\/909519"}],"wp:attachment":[{"href":"https:\/\/dmcsrb.com\/en\/wp-json\/wp\/v2\/media?parent=911499"}],"wp:term":[{"taxonomy":"category","embeddable":true,"href":"https:\/\/dmcsrb.com\/en\/wp-json\/wp\/v2\/categories?post=911499"},{"taxonomy":"post_tag","embeddable":true,"href":"https:\/\/dmcsrb.com\/en\/wp-json\/wp\/v2\/tags?post=911499"},{"taxonomy":"naslovna","embeddable":true,"href":"https:\/\/dmcsrb.com\/en\/wp-json\/wp\/v2\/naslovna?post=911499"}],"curies":[{"name":"wp","href":"https:\/\/api.w.org\/{rel}","templated":true}]}}