{"id":911460,"date":"2025-12-03T13:09:00","date_gmt":"2025-12-03T12:09:00","guid":{"rendered":"https:\/\/dmcsrb.com\/uncategorized\/radovic-i-petkovic-zaduzili-kapice-primorca-2\/"},"modified":"2025-12-03T13:09:00","modified_gmt":"2025-12-03T12:09:00","slug":"radovic-i-petkovic-zaduzili-kapice-primorca-2","status":"publish","type":"post","link":"https:\/\/dmcsrb.com\/en\/sport\/radovic-i-petkovic-zaduzili-kapice-primorca-2\/","title":{"rendered":"Radovi\u0107 i Petkovi\u0107 zadu\u017eili kapice Primorca"},"content":{"rendered":"<p>Radovi\u0107 se nedavno rastao sa Novim Beogradom. <\/p>\n\n\n\n<p>\u201ePoznajem momke, poznajem ekipu i vjerujem da \u0107u se uklopiti. Postojala je obostrana \u017eelja da se potpi\u0161e ugovor i mislim da sam napravio dobar potez u ovom momentu svoje karijere, ali i u ovom kada sam ostao bez kluba na polusezoni. Prepoznao sam ambicije kluba, podudaraju se sa mojim-osvajanje Prvenstva Crne Gore, ulazak na finalni turnir Regionalne lige i u najbolje \u010detiri ekipe u Eurokupu&#8221;, kazao je Radovi\u0107 nakon potpisivanja ugovora.<\/p>\n\n\n\n<p>Petkovi\u0107 je pet godina nosio kapicu Jadrana, a posljednji anga\u017eman imao je u redovima\u00a0Crvenoj zvezdi.<\/p>\n\n\n\n<p>\u201eRadujem se dolasku u jedan veliki klub bogate istorije. Bi\u0107e to jedno potpuno novo iskustvo za mene jer je Kotor grad koji \u017eivi za vaterpolo i Primorac. Ekipa je jako dobro upakovana i vodi je odli\u010dan stru\u010dni \u0161tab. Nadam se da \u0107emo \u0110uro Radovi\u0107 i ja uspjeti da doprinesemo da sve dignemo na jo\u0161 vi\u0161i nivo. Vjerujem da ova ekipa mo\u017ee da napravi veliki uspjeh kako do kraja ove sezone, tako i u budu\u0107nosti&#8221;, rekao je Petkovi\u0107.<\/p>","protected":false},"excerpt":{"rendered":"<p>\u0110uro Radovi\u0107 i Marko Petkovi\u0107 i zvani\u010dno su novi vaterpolisti Primorca, potvrdio je kotorski klub.<\/p>","protected":false},"author":1,"featured_media":909448,"comment_status":"open","ping_status":"open","sticky":false,"template":"","format":"standard","meta":{"_acf_changed":false,"footnotes":""},"categories":[148],"tags":[187,188,189],"naslovna":[],"class_list":["post-911460","post","type-post","status-publish","format-standard","has-post-thumbnail","hentry","category-sport","tag-djuro-radovic","tag-marko-petkovic","tag-vpk-primorac"],"acf":[],"yoast_head":"<!-- This site is optimized with the Yoast SEO plugin v27.4 - https:\/\/yoast.com\/product\/yoast-seo-wordpress\/ -->\n<title>Radovi\u0107 i Petkovi\u0107 zadu\u017eili kapice Primorca - dmcsrb.com<\/title>\n<meta name=\"robots\" content=\"index, follow, max-snippet:-1, max-image-preview:large, max-video-preview:-1\" \/>\n<link rel=\"canonical\" href=\"https:\/\/dmcsrb.com\/en\/sport\/radovic-i-petkovic-zaduzili-kapice-primorca-2\/\" \/>\n<meta property=\"og:locale\" content=\"en_GB\" \/>\n<meta property=\"og:type\" content=\"article\" \/>\n<meta property=\"og:title\" content=\"Radovi\u0107 i Petkovi\u0107 zadu\u017eili kapice Primorca - dmcsrb.com\" \/>\n<meta property=\"og:description\" content=\"\u0110uro Radovi\u0107 i Marko Petkovi\u0107 i zvani\u010dno su novi vaterpolisti Primorca, potvrdio je kotorski klub.\" \/>\n<meta property=\"og:url\" content=\"https:\/\/dmcsrb.com\/en\/sport\/radovic-i-petkovic-zaduzili-kapice-primorca-2\/\" \/>\n<meta property=\"og:site_name\" content=\"dmcsrb.com\" \/>\n<meta property=\"article:published_time\" content=\"2025-12-03T12:09:00+00:00\" \/>\n<meta property=\"og:image\" content=\"https:\/\/dmcsrb.com\/wp-content\/uploads\/2026\/01\/DJuro-Radovic-VPSCG-Krsto-Vulovic.jpg\" \/>\n\t<meta property=\"og:image:width\" content=\"1000\" \/>\n\t<meta property=\"og:image:height\" content=\"666\" \/>\n\t<meta property=\"og:image:type\" content=\"image\/jpeg\" \/>\n<meta name=\"author\" content=\"dmcsrbija.com@gmail.com\" \/>\n<meta name=\"twitter:card\" content=\"summary_large_image\" \/>\n<meta name=\"twitter:label1\" content=\"Written by\" \/>\n\t<meta name=\"twitter:data1\" content=\"dmcsrbija.com@gmail.com\" \/>\n\t<meta name=\"twitter:label2\" content=\"Estimated reading time\" \/>\n\t<meta name=\"twitter:data2\" content=\"1 minute\" \/>\n<script type=\"application\/ld+json\" class=\"yoast-schema-graph\">{\"@context\":\"https:\\\/\\\/schema.org\",\"@graph\":[{\"@type\":\"Article\",\"@id\":\"https:\\\/\\\/dmcsrb.com\\\/sport\\\/radovic-i-petkovic-zaduzili-kapice-primorca-2\\\/#article\",\"isPartOf\":{\"@id\":\"https:\\\/\\\/dmcsrb.com\\\/sport\\\/radovic-i-petkovic-zaduzili-kapice-primorca-2\\\/\"},\"author\":{\"name\":\"dmcsrbija.com@gmail.com\",\"@id\":\"https:\\\/\\\/dmcsrb.com\\\/#\\\/schema\\\/person\\\/5c39170f12db1b8b457732d0b5c854e2\"},\"headline\":\"Radovi\u0107 i Petkovi\u0107 zadu\u017eili kapice Primorca\",\"datePublished\":\"2025-12-03T12:09:00+00:00\",\"mainEntityOfPage\":{\"@id\":\"https:\\\/\\\/dmcsrb.com\\\/sport\\\/radovic-i-petkovic-zaduzili-kapice-primorca-2\\\/\"},\"wordCount\":186,\"commentCount\":0,\"image\":{\"@id\":\"https:\\\/\\\/dmcsrb.com\\\/sport\\\/radovic-i-petkovic-zaduzili-kapice-primorca-2\\\/#primaryimage\"},\"thumbnailUrl\":\"https:\\\/\\\/dmcsrb.com\\\/wp-content\\\/uploads\\\/2026\\\/01\\\/DJuro-Radovic-VPSCG-Krsto-Vulovic.jpg\",\"keywords\":[\"\u0110uro Radovi\u0107\",\"Marko Petkovi\u0107\",\"VPK Primorac\"],\"articleSection\":[\"Sport\"],\"inLanguage\":\"en-GB\",\"potentialAction\":[{\"@type\":\"CommentAction\",\"name\":\"Comment\",\"target\":[\"https:\\\/\\\/dmcsrb.com\\\/sport\\\/radovic-i-petkovic-zaduzili-kapice-primorca-2\\\/#respond\"]}]},{\"@type\":\"WebPage\",\"@id\":\"https:\\\/\\\/dmcsrb.com\\\/sport\\\/radovic-i-petkovic-zaduzili-kapice-primorca-2\\\/\",\"url\":\"https:\\\/\\\/dmcsrb.com\\\/sport\\\/radovic-i-petkovic-zaduzili-kapice-primorca-2\\\/\",\"name\":\"Radovi\u0107 i Petkovi\u0107 zadu\u017eili kapice Primorca - dmcsrb.com\",\"isPartOf\":{\"@id\":\"https:\\\/\\\/dmcsrb.com\\\/#website\"},\"primaryImageOfPage\":{\"@id\":\"https:\\\/\\\/dmcsrb.com\\\/sport\\\/radovic-i-petkovic-zaduzili-kapice-primorca-2\\\/#primaryimage\"},\"image\":{\"@id\":\"https:\\\/\\\/dmcsrb.com\\\/sport\\\/radovic-i-petkovic-zaduzili-kapice-primorca-2\\\/#primaryimage\"},\"thumbnailUrl\":\"https:\\\/\\\/dmcsrb.com\\\/wp-content\\\/uploads\\\/2026\\\/01\\\/DJuro-Radovic-VPSCG-Krsto-Vulovic.jpg\",\"datePublished\":\"2025-12-03T12:09:00+00:00\",\"author\":{\"@id\":\"https:\\\/\\\/dmcsrb.com\\\/#\\\/schema\\\/person\\\/5c39170f12db1b8b457732d0b5c854e2\"},\"breadcrumb\":{\"@id\":\"https:\\\/\\\/dmcsrb.com\\\/sport\\\/radovic-i-petkovic-zaduzili-kapice-primorca-2\\\/#breadcrumb\"},\"inLanguage\":\"en-GB\",\"potentialAction\":[{\"@type\":\"ReadAction\",\"target\":[\"https:\\\/\\\/dmcsrb.com\\\/sport\\\/radovic-i-petkovic-zaduzili-kapice-primorca-2\\\/\"]}]},{\"@type\":\"ImageObject\",\"inLanguage\":\"en-GB\",\"@id\":\"https:\\\/\\\/dmcsrb.com\\\/sport\\\/radovic-i-petkovic-zaduzili-kapice-primorca-2\\\/#primaryimage\",\"url\":\"https:\\\/\\\/dmcsrb.com\\\/wp-content\\\/uploads\\\/2026\\\/01\\\/DJuro-Radovic-VPSCG-Krsto-Vulovic.jpg\",\"contentUrl\":\"https:\\\/\\\/dmcsrb.com\\\/wp-content\\\/uploads\\\/2026\\\/01\\\/DJuro-Radovic-VPSCG-Krsto-Vulovic.jpg\",\"width\":1000,\"height\":666},{\"@type\":\"BreadcrumbList\",\"@id\":\"https:\\\/\\\/dmcsrb.com\\\/sport\\\/radovic-i-petkovic-zaduzili-kapice-primorca-2\\\/#breadcrumb\",\"itemListElement\":[{\"@type\":\"ListItem\",\"position\":1,\"name\":\"Home\",\"item\":\"https:\\\/\\\/dmcsrb.com\\\/\"},{\"@type\":\"ListItem\",\"position\":2,\"name\":\"Radovi\u0107 i Petkovi\u0107 zadu\u017eili kapice Primorca\"}]},{\"@type\":\"WebSite\",\"@id\":\"https:\\\/\\\/dmcsrb.com\\\/#website\",\"url\":\"https:\\\/\\\/dmcsrb.com\\\/\",\"name\":\"dmcsrb.com\",\"description\":\"\",\"potentialAction\":[{\"@type\":\"SearchAction\",\"target\":{\"@type\":\"EntryPoint\",\"urlTemplate\":\"https:\\\/\\\/dmcsrb.com\\\/?s={search_term_string}\"},\"query-input\":{\"@type\":\"PropertyValueSpecification\",\"valueRequired\":true,\"valueName\":\"search_term_string\"}}],\"inLanguage\":\"en-GB\"},{\"@type\":\"Person\",\"@id\":\"https:\\\/\\\/dmcsrb.com\\\/#\\\/schema\\\/person\\\/5c39170f12db1b8b457732d0b5c854e2\",\"name\":\"dmcsrbija.com@gmail.com\",\"image\":{\"@type\":\"ImageObject\",\"inLanguage\":\"en-GB\",\"@id\":\"https:\\\/\\\/secure.gravatar.com\\\/avatar\\\/68592660ad6347fad0fb587f8d5d8f1a7b44961362f56e4f2cd524feb87e9069?s=96&d=mm&r=g\",\"url\":\"https:\\\/\\\/secure.gravatar.com\\\/avatar\\\/68592660ad6347fad0fb587f8d5d8f1a7b44961362f56e4f2cd524feb87e9069?s=96&d=mm&r=g\",\"contentUrl\":\"https:\\\/\\\/secure.gravatar.com\\\/avatar\\\/68592660ad6347fad0fb587f8d5d8f1a7b44961362f56e4f2cd524feb87e9069?s=96&d=mm&r=g\",\"caption\":\"dmcsrbija.com@gmail.com\"},\"sameAs\":[\"https:\\\/\\\/dmcsrb.com\"],\"url\":\"https:\\\/\\\/dmcsrb.com\\\/en\\\/author\\\/dmcsrbija-comgmail-com\\\/\"}]}<\/script>\n<!-- \/ Yoast SEO plugin. -->","yoast_head_json":{"title":"Radovi\u0107 i Petkovi\u0107 zadu\u017eili kapice Primorca - dmcsrb.com","robots":{"index":"index","follow":"follow","max-snippet":"max-snippet:-1","max-image-preview":"max-image-preview:large","max-video-preview":"max-video-preview:-1"},"canonical":"https:\/\/dmcsrb.com\/en\/sport\/radovic-i-petkovic-zaduzili-kapice-primorca-2\/","og_locale":"en_GB","og_type":"article","og_title":"Radovi\u0107 i Petkovi\u0107 zadu\u017eili kapice Primorca - dmcsrb.com","og_description":"\u0110uro Radovi\u0107 i Marko Petkovi\u0107 i zvani\u010dno su novi vaterpolisti Primorca, potvrdio je kotorski klub.","og_url":"https:\/\/dmcsrb.com\/en\/sport\/radovic-i-petkovic-zaduzili-kapice-primorca-2\/","og_site_name":"dmcsrb.com","article_published_time":"2025-12-03T12:09:00+00:00","og_image":[{"width":1000,"height":666,"url":"https:\/\/dmcsrb.com\/wp-content\/uploads\/2026\/01\/DJuro-Radovic-VPSCG-Krsto-Vulovic.jpg","type":"image\/jpeg"}],"author":"dmcsrbija.com@gmail.com","twitter_card":"summary_large_image","twitter_misc":{"Written by":"dmcsrbija.com@gmail.com","Estimated reading time":"1 minute"},"schema":{"@context":"https:\/\/schema.org","@graph":[{"@type":"Article","@id":"https:\/\/dmcsrb.com\/sport\/radovic-i-petkovic-zaduzili-kapice-primorca-2\/#article","isPartOf":{"@id":"https:\/\/dmcsrb.com\/sport\/radovic-i-petkovic-zaduzili-kapice-primorca-2\/"},"author":{"name":"dmcsrbija.com@gmail.com","@id":"https:\/\/dmcsrb.com\/#\/schema\/person\/5c39170f12db1b8b457732d0b5c854e2"},"headline":"Radovi\u0107 i Petkovi\u0107 zadu\u017eili kapice Primorca","datePublished":"2025-12-03T12:09:00+00:00","mainEntityOfPage":{"@id":"https:\/\/dmcsrb.com\/sport\/radovic-i-petkovic-zaduzili-kapice-primorca-2\/"},"wordCount":186,"commentCount":0,"image":{"@id":"https:\/\/dmcsrb.com\/sport\/radovic-i-petkovic-zaduzili-kapice-primorca-2\/#primaryimage"},"thumbnailUrl":"https:\/\/dmcsrb.com\/wp-content\/uploads\/2026\/01\/DJuro-Radovic-VPSCG-Krsto-Vulovic.jpg","keywords":["\u0110uro Radovi\u0107","Marko Petkovi\u0107","VPK Primorac"],"articleSection":["Sport"],"inLanguage":"en-GB","potentialAction":[{"@type":"CommentAction","name":"Comment","target":["https:\/\/dmcsrb.com\/sport\/radovic-i-petkovic-zaduzili-kapice-primorca-2\/#respond"]}]},{"@type":"WebPage","@id":"https:\/\/dmcsrb.com\/sport\/radovic-i-petkovic-zaduzili-kapice-primorca-2\/","url":"https:\/\/dmcsrb.com\/sport\/radovic-i-petkovic-zaduzili-kapice-primorca-2\/","name":"Radovi\u0107 i Petkovi\u0107 zadu\u017eili kapice Primorca - dmcsrb.com","isPartOf":{"@id":"https:\/\/dmcsrb.com\/#website"},"primaryImageOfPage":{"@id":"https:\/\/dmcsrb.com\/sport\/radovic-i-petkovic-zaduzili-kapice-primorca-2\/#primaryimage"},"image":{"@id":"https:\/\/dmcsrb.com\/sport\/radovic-i-petkovic-zaduzili-kapice-primorca-2\/#primaryimage"},"thumbnailUrl":"https:\/\/dmcsrb.com\/wp-content\/uploads\/2026\/01\/DJuro-Radovic-VPSCG-Krsto-Vulovic.jpg","datePublished":"2025-12-03T12:09:00+00:00","author":{"@id":"https:\/\/dmcsrb.com\/#\/schema\/person\/5c39170f12db1b8b457732d0b5c854e2"},"breadcrumb":{"@id":"https:\/\/dmcsrb.com\/sport\/radovic-i-petkovic-zaduzili-kapice-primorca-2\/#breadcrumb"},"inLanguage":"en-GB","potentialAction":[{"@type":"ReadAction","target":["https:\/\/dmcsrb.com\/sport\/radovic-i-petkovic-zaduzili-kapice-primorca-2\/"]}]},{"@type":"ImageObject","inLanguage":"en-GB","@id":"https:\/\/dmcsrb.com\/sport\/radovic-i-petkovic-zaduzili-kapice-primorca-2\/#primaryimage","url":"https:\/\/dmcsrb.com\/wp-content\/uploads\/2026\/01\/DJuro-Radovic-VPSCG-Krsto-Vulovic.jpg","contentUrl":"https:\/\/dmcsrb.com\/wp-content\/uploads\/2026\/01\/DJuro-Radovic-VPSCG-Krsto-Vulovic.jpg","width":1000,"height":666},{"@type":"BreadcrumbList","@id":"https:\/\/dmcsrb.com\/sport\/radovic-i-petkovic-zaduzili-kapice-primorca-2\/#breadcrumb","itemListElement":[{"@type":"ListItem","position":1,"name":"Home","item":"https:\/\/dmcsrb.com\/"},{"@type":"ListItem","position":2,"name":"Radovi\u0107 i Petkovi\u0107 zadu\u017eili kapice Primorca"}]},{"@type":"WebSite","@id":"https:\/\/dmcsrb.com\/#website","url":"https:\/\/dmcsrb.com\/","name":"dmcsrb.com","description":"","potentialAction":[{"@type":"SearchAction","target":{"@type":"EntryPoint","urlTemplate":"https:\/\/dmcsrb.com\/?s={search_term_string}"},"query-input":{"@type":"PropertyValueSpecification","valueRequired":true,"valueName":"search_term_string"}}],"inLanguage":"en-GB"},{"@type":"Person","@id":"https:\/\/dmcsrb.com\/#\/schema\/person\/5c39170f12db1b8b457732d0b5c854e2","name":"dmcsrbija.com@gmail.com","image":{"@type":"ImageObject","inLanguage":"en-GB","@id":"https:\/\/secure.gravatar.com\/avatar\/68592660ad6347fad0fb587f8d5d8f1a7b44961362f56e4f2cd524feb87e9069?s=96&d=mm&r=g","url":"https:\/\/secure.gravatar.com\/avatar\/68592660ad6347fad0fb587f8d5d8f1a7b44961362f56e4f2cd524feb87e9069?s=96&d=mm&r=g","contentUrl":"https:\/\/secure.gravatar.com\/avatar\/68592660ad6347fad0fb587f8d5d8f1a7b44961362f56e4f2cd524feb87e9069?s=96&d=mm&r=g","caption":"dmcsrbija.com@gmail.com"},"sameAs":["https:\/\/dmcsrb.com"],"url":"https:\/\/dmcsrb.com\/en\/author\/dmcsrbija-comgmail-com\/"}]}},"_links":{"self":[{"href":"https:\/\/dmcsrb.com\/en\/wp-json\/wp\/v2\/posts\/911460","targetHints":{"allow":["GET"]}}],"collection":[{"href":"https:\/\/dmcsrb.com\/en\/wp-json\/wp\/v2\/posts"}],"about":[{"href":"https:\/\/dmcsrb.com\/en\/wp-json\/wp\/v2\/types\/post"}],"author":[{"embeddable":true,"href":"https:\/\/dmcsrb.com\/en\/wp-json\/wp\/v2\/users\/1"}],"replies":[{"embeddable":true,"href":"https:\/\/dmcsrb.com\/en\/wp-json\/wp\/v2\/comments?post=911460"}],"version-history":[{"count":0,"href":"https:\/\/dmcsrb.com\/en\/wp-json\/wp\/v2\/posts\/911460\/revisions"}],"wp:featuredmedia":[{"embeddable":true,"href":"https:\/\/dmcsrb.com\/en\/wp-json\/wp\/v2\/media\/909448"}],"wp:attachment":[{"href":"https:\/\/dmcsrb.com\/en\/wp-json\/wp\/v2\/media?parent=911460"}],"wp:term":[{"taxonomy":"category","embeddable":true,"href":"https:\/\/dmcsrb.com\/en\/wp-json\/wp\/v2\/categories?post=911460"},{"taxonomy":"post_tag","embeddable":true,"href":"https:\/\/dmcsrb.com\/en\/wp-json\/wp\/v2\/tags?post=911460"},{"taxonomy":"naslovna","embeddable":true,"href":"https:\/\/dmcsrb.com\/en\/wp-json\/wp\/v2\/naslovna?post=911460"}],"curies":[{"name":"wp","href":"https:\/\/api.w.org\/{rel}","templated":true}]}}