{"id":911285,"date":"2025-12-02T13:05:00","date_gmt":"2025-12-02T12:05:00","guid":{"rendered":"https:\/\/dmcsrb.com\/uncategorized\/simun-za-ljekove-nece-biti-potreban-rebalans-prica-se-ne-plasira-iz-objektivnih-razloga-2\/"},"modified":"2025-12-02T13:05:00","modified_gmt":"2025-12-02T12:05:00","slug":"simun-za-ljekove-nece-biti-potreban-rebalans-prica-se-ne-plasira-iz-objektivnih-razloga-2","status":"publish","type":"post","link":"https:\/\/dmcsrb.com\/en\/drustvo\/simun-za-ljekove-nece-biti-potreban-rebalans-prica-se-ne-plasira-iz-objektivnih-razloga-2\/","title":{"rendered":"\u0160imun: Za ljekove ne\u0107e biti potreban rebalans, pri\u010da se ne plasira iz objektivnih razloga"},"content":{"rendered":"<p><\/p>\n\n\n\n<p>\u010clan Odbora Jevto Erakovi\u0107 ispred DPS je na po\u010detku konstatovao da na dana\u0161njem odboru nema onih koje su predlo\u017eili, prije svega biv\u0161eg direktora Fonda za zdravstveno osiguranje Vuka Kadi\u0107a i kazao da mu je \u017eao \u0161to Odbor nije imao htrabrosti da \u010duje dvije strane kada je crveni alarm zazvonio u zdravstvenom sistemu.<\/p>\n\n\n\n<p>Poru\u010dio je da \u017eele da \u010duju sve informacije i dobiju na uvid sve \u010dinjenice koje se ti\u010du rada Fonda za zdravstvo osiguranje i od novog dirktora.<\/p>\n\n\n\n<p>Predsjednik Odbora Dra\u017een Petri\u0107 je kazao da je dao na pro\u0161loj sjednici obrazlo\u017eenje za\u0161to Kadi\u0107u nije dozvoljeno da prisustvuje i dao rije\u010d ministru zdravlja Vojislavu \u0160imunu koji je kazao da je zdravstveni sistem stabilan, da ima ljekova i materijala, tea da nijesmo nikada nije imala ve\u0107i obim savremenih terapija, posebno za karcinome i kardio bolesti i to je rezultat sistemskog rada i vizije.<\/p>\n\n\n\n<p>&#8220;\u0160to se ti\u010de ljekova utvrdili smo liste za oko 300 ljekova, pored 1.710 koji su na osnovnoj listi. Cijene sa liste ljekova odre\u0111uje Cinmed, i utvr\u0111uje se u odnosu na referentne zemlje Srbiju, Rumuniju i \u010cesku i tako je regulisano vi\u0161e od 1.600 ljekova, a samo za 130 je potrebna doplata. Ova Vlada je donijela uredbu i za ljekove van liste i na tome se radi. Bud\u017eet za ljekove za 2024. je bio 119 miliona eura, za 2025. 140 miliona, a za 2026. je 172 i tu postoji progresija&#8221;, naglasio je ministar.<\/p>\n\n\n\n<p>Kako je kazao, ako se vratimo unazad vidje\u0107mo da se takozvana faktura za ljekove koja se pla\u0107ala u decembru za novembar pla\u0107ala razli\u010dito, ali uvijek rebalansom, osim pro\u0161le i ove godine.<\/p>\n\n\n\n<p>&#8220;Ove godine 2025. na bud\u017eetu od 140 miliona, ta novembraska faktura je 19 i po miliona, a mora\u0107emo da izdvojima 13 miliona. Rebalans i zadu\u017eenja su bila praksa unazad 10 godine, ali se ove i pro\u0161le to rje\u0161ava bez ikakvog rebalansa. Ovog puta je to podignuto na neki nivo koji optere\u0107uje gra\u0111ane, a ne treba, jer novca za ljekove ima. O\u010digledno da ne o\u010dekujemo ni ove godine rebalans i to mogu potvrditi i u Ministarstvu finansija&#8221;, kazao je \u0160imun.<\/p>\n\n\n\n<p>Dodao je da se ta pri\u010da naduvava iz nekih drugih razloga, ali svakako ne iz objektivnih.<\/p>\n\n\n\n<p>Lista ljekova se revidira tri puta godi\u0161nje, pa nagla\u0161ava da su ove godine imali u\u0161tede ukupno milion i po eura.<\/p>\n\n\n\n<p>&#8220;Imamo rastu\u0107i trend potro\u0161nje i to je ne\u0161to \u0161to postoji u svakom zdravstvenom sistemu ukoliko \u017eelimo da pru\u017eimo kvalitetan \u017eivot pacijentima. Na listu je stavljeno 76 novih ljekova, ali smo gledali da inovativna terapija bude uklju\u010dena u svim oblastima medicine. Odobrena je i prvi put terapija za cisti\u010dnu fibrozu i mi\u0161i\u0107nu distrofiju i drugi smo koji smo poslije Njema\u010dke obezbijedili taj lijek za najmla\u0111e pacijente&#8221;, naglasio je \u0160imun.<\/p>\n\n\n\n<p>Bud\u017eet je, ka\u017ee, ove godine omogu\u0107io stimulaciju za 2.000 do 3.000 srednjeg medicinskog kadra od 5 do 10 odsto.<\/p>\n\n\n\n<p>Istakao je da sve nabrojano ukazuje da je finansijsko stanje stabilno i te nesta\u0161ice ljekova su svedene na minimum.<\/p>\n\n\n\n<p>&#8220;Nijesu nesta\u0161ice, nego ponekada problemi u ditribuciji ili logisti\u010dkoj procjeni koji mogu da dovedu do ka\u0161njenje u svega nekoliko dana. Bud\u017eet je odgovorno kori\u0161\u0107en i nema potreba da se di\u017ee bilo kakva panika&#8221;, istakao je \u0160imun.&nbsp;<\/p>\n\n\n\n<p>Bojan Paunovi\u0107 iz Ministara finansija je kazao da se govori o 15 miliona eura koji \u0107e trebati u decembru za ljekove prema zahtjevu FZO, a bi\u0107e obezbije\u0111eni iz teku\u0107e bud\u017eetske rezerve. Isti\u010de da se i odnosu na zahtjeve Fonda pravovremeno reagovalo i da sa tom instutucijom imaju dobru i intezivnu saradnju.<\/p>\n\n\n\n<p>V.d. direktora FZO Aleksandar Ru\u017ei\u0107 je ponovio da postoji trend rasta potrebe za ljekovima i terapijama, ali i da postoje neki sistemski problemi koji su izazovni za rad ove institucije, pa i zdravstvenog sistema. Planirana je analiza kako si se napravile u\u0161tede, pravovremeno targetirali problemi i o\u010dekuje podr\u0161ku nadle\u017enih instutucija u tome.&nbsp; &nbsp; &nbsp; &nbsp;<\/p>\n\n\n\n<p>Direktor &#8220;Montefarma&#8221; Aleksandar Bogavac je kazao da je ta ustanova otvorena za sve vrste kontrola, te da su u posljednjih godinu i po dana od kako je na \u010delu ukinuli sve nepovoljne konsultantske ugovore, zaustavili teneder za softer za koji niko nije znao, uradili novi sajt, uveli lokacije apoteka na gugl maps, zavr\u0161ili sistematizaciju, zaustavili zloupotrebu slu\u017ebenih vozila&#8230;<\/p>\n\n\n\n<p>&#8220;Montefarm je uspio i da uskadi\u0161ti matrijal dobijen tokom covida koji je do sada bio u privatnim prostorima za \u010diji zakup je dato 600 hiljada eura. Otvaramo jo\u0161 tri apoteke u Podgorici, ali i u drugim gradovima i sve iz sopstvenih sredstava. Planiramo i otvaranje magacina i tra\u017eimo od glavnog grada da nam se obezbijedi lokacija&#8221;, kazao je Bogavac.&nbsp; &nbsp; &nbsp; &nbsp;<\/p>\n\n\n\n<p>Erakovi\u0107 je nakon uvodnih rije\u010di kazao da je osnovni problem od prije dva mjeseca kada u jednom trenutku u bud\u017eetu FZO nije bilo vi\u0161e novca. DPS je bio najglasniji i upozoravao da ukoliko ne do\u0111e do brzog rje\u0161enja. Biv\u0161i direktor FZO je slao ve\u0107i broj dopisa i da niko nije odgovarao, pa je pitao kako je mogu\u0107e da je neko to ignorisao.<\/p>\n\n\n\n<p>&#8220;Predlo\u017ei\u0107emo formiranje komisije da utvrdi za koliko je pacijenata odlo\u017eena terapija i koje su posljedice toga po\u0161to se pominje ka\u0161njenje sa ljekovima od nekoliko dana. To je nedopustivo u zdravstvenom sistemu. To da nije bilo rebalansa, zanima nas i kako su obezbije\u0111ena sredstva i da li se bu\u017eet za sljede\u0107i godinu projektuje za 11 mjeseci, ako je tako treba re\u0107i&#8221;, kazao je Erakovi\u0107.&nbsp;<\/p>\n\n\n\n<p>Treba, kako je kazao, raspraviti i neracionalnu potro\u0161nju u zdravstvenom sistemu, najva\u017enije uni\u0161tenje Fajzer vakcine vrijedne 1,5 miliona eura, a o \u010demu se ni\u0161ta nije znalo do dijaloga Kadi\u0107a i ministra finansija. Saznalo se da je neko naru\u010dio vakcine koje nijesu trebovane, a onda su i uni\u0161tene.&nbsp;<\/p>\n\n\n\n<p>&#8220;Interesuje nas i da li postoji ugovor za lije\u010denje pacijenata u Bjelorusiji u vezi sa transplantacijom organa&#8221;, kazao je Erakovi\u0107.&nbsp; &nbsp;<\/p>\n\n\n\n<p>Smatra da nema potpune kontrole i u\u0161tede na ljekovima i ve\u0107 sada je jasno da \u0107e u 2026. nedostajati 10 miliona na potro\u0161nju ljekova.<\/p>\n\n\n\n<p>Zoran Miki\u0107 ispred GP URA je kazao da su uvodne rije\u010di bile klasi\u010dna anestezija i da se stekao utisak da te\u010de med i mlijeko, a nije tako.<\/p>\n\n\n\n<p>&#8220;Gra\u0111ani su \u010ditav oktobar vra\u0107ani sa terapija, jer nije bilo ljekova. Zanima me da li je pla\u0107ena faktura za oktobar za Montefarm, a kako \u0107e biti pla\u0107ena decembarska. \u010cini mi se da \u0107e faliti za oba mjeseca oko 20 miliona. Zanimaju me i cijene ljekova u odnosu na region. Imamo monopol na tr\u017ei\u0161tu ljekova, pa me zanima koliko se Glosariju duguje za ljekove. Ako mislite da je ovaj bud\u017eet dovoljan, a ispostavi se da nije na jesen idu\u0107e godine, da li \u0107e neko podnijeti ostavku&#8221;, pitao je Miki\u0107.<\/p>\n\n\n\n<p>Albin \u0110eman ispred Demokrata Crne Gore je kazao da nije bilo vi\u0161e ulaganja u infrastrukturu i kadar nego sada. \u0160to se ti\u010de nabavke ljekova kao malo tr\u017ei\u0161te imamo probleme u smisli da proizvo\u0111a\u010di nijesu zainteresovani, a oni koji jesu u stanju su da nas ucjenjuju.<\/p>\n\n\n\n<p>&#8220;Savremena terapija je sve skuplja, a dodatni problem je i starenje populacije \u0161to zna\u010di i vi\u0161e hroni\u010dnih bolesnika i potreba za ljekovima raste&#8221;, objasnio je \u0110eman.&nbsp; &nbsp; &nbsp; &nbsp;<\/p>\n\n\n\n<p>Boris Mugo\u0161a ispred Evropskog saveza je naglasio da mu nije jasan pristup da se realnost prikazuje druga\u010dija od one koja je. Moraju se prepoznati izazovi da bi se rje\u0161avali.<\/p>\n\n\n\n<p>&#8220;Ne mo\u017ee se re\u0107i da je stabilno finasiranje sistema, ako pribjegavamo finansijskoj gimnastici. Da li su zadovoljni pacijenti i zdravstveni radnici, i po mom mi\u0161ljenju nijesu. Duge su liste \u010dekanja, ljekove moraju da kupuju. Nije samo zarada uslov zadovoljstva zdravstvenih radnika, da li radi sa adekvatnom opremom, u odbogaraju\u0107im uslovima za rad. Zbog \u010dega nam se de\u0161avaju odlivi kadra, i tu imamo ozbiljan izazov i ima\u0107emo ga ubudu\u0107e sa otvaranjem novih bolnica i klinika. Podr\u017eavam unapre\u0111enje zdravstva, ali ne treba govoriti dr\u017eava je obezbijedila, to su pare gra\u0111ana, dr\u017eava je tu da taj novac redistribuira&#8221;, kazao je Mugo\u0161a.<\/p>\n\n\n\n<p>Pitao je kako je bez rebalansa raspisan javni tender da bi se pokrio tro\u0161ak FZO i kako funkcioni\u0161e bud\u017eetska rezerva i mo\u017ee li se planirati bud\u017eet, a da ga ne mijenjamo na kraju godine. Pitao je i \u0161ta se desilo sa ugovorima koji su problematizovani prilikom smjene biv\u0161eg direktora FZO.&nbsp;&nbsp;<\/p>\n\n\n\n<p>Elvir Zvrko ispred DPS je naveo da je opravdano odr\u017eavanje ovog Odbora, te da su jo\u0161 po\u010detkom godine upozoravali da ne\u0107e biti dovoljno novca za ljekove.&nbsp;<\/p>\n\n\n\n<p>Pitao je da li je Ministarstvo finansija u oktobru odgovorilo FZO da nema sredstava za ljekove i ko je donio odluku o mjese\u010dnom limitiranju sredstava i da li \u0107e ona biti nastavljena i u narednoj godini. Pitao je i za nesta\u0161icu terapije za HIV pacijente. Upitao je i za\u0161to je obuhvat vakcinisane djece na najni\u017eem nivou u regionu.&nbsp; &nbsp; &nbsp; &nbsp; &nbsp; &nbsp; &nbsp; &nbsp; &nbsp; &nbsp; &nbsp; &nbsp;<\/p>\n\n\n\n<p>Nermin Abdi\u0107 &#8211; DPS je pitao ministra dokle se do\u0161lo sa pregovorima oko granskog kolektivnog ugovora, te da li \u0107e biti stimulacije za pojedine kadrove, i tvdri da su stimulisani neradnici. Da li je analizirao koliki je tro\u0161ak politi\u010dkog revan\u0161izma i smjene odre\u0111enih kadrova u zdravstvenom sistemu. Pitao je Ru\u017ei\u0107a kada \u0107e Fond prestati da gleda pacijente prema \u0161iframa. Postoje pacijenti sa ozbiljnim povredama koji ne uspijevaju da dobiju rehabilitaciju u Igalu.&nbsp;<\/p>\n\n\n\n<p>Vladimir Dobri\u010danin ispred Ujedinjene CG je istakao da treba da se govori da li \u0107emo imati dovoljno novca da zavr\u0161imo godinu. On, kako je kazao, u su\u0161tini nikada nije bio dovoljan, i razlozi su bili mnogobrojni.&nbsp;&nbsp;<\/p>\n\n\n\n<p>&#8220;Realan bud\u017eet je onaj koji je tra\u017eilo Ministarstvo finansija, a potrebno je oko 700 miliona eura samo Crna Gora to ne mo\u017ee da da. Potrebna nam je strategija od jedne decenije i oslonimo se na sisteme recimo Estonije da bi pobolj\u0161ali situaciju. Pri\u010da o tome da ne\u0107e biti novca za ljekove je bespredmetna i pla\u0161i se narod. Mi smo dr\u017eava koja nema izdvajanje za zdravstveni sistem od zarada i nadam se novom sistemu zdravstvenog osiguranja od naredne godine&#8221;, naveo je Dobri\u010danin.&nbsp;<\/p>\n\n\n\n<p>Sistem ne\u0107e, ka\u017ee, krahirati i treba napraviti politike zdravstvene, kako bi bili efikasniji, a to \u0107e voditi i u\u0161tedama.&nbsp;&nbsp;<\/p>\n\n\n\n<p>Ministar \u0160imun je odgovorio da imamo razvoj i iz zadu\u017eenja za opremu, nove bolnice, ali ovo je bud\u017eet za servisiranje plata i ljekova.&nbsp;&nbsp;&nbsp;<\/p>\n\n\n\n<p>&#8220;Zalihe ljekova sla\u017eem se da mora postojati i da mora biti dobra komunikacija izme\u0111u ustanova i krenuli smo u proces sagledavanja potencijalih zaliha i na\u0161li i ljekove od 1997. u nekim bolnicima. Ima\u0107emo i jasne instrukcije kako to da se uredi, tako\u0111e u apotekama i jasne kazne ako se ne po\u0161tuje procedura. Sistemski je problem i rje\u0161avamo ga. Kakve su mar\u017ee u apotekama je pitanje za tr\u017ei\u0161nu inspekciju. Radi\u0107emo na tome da se jasno razgrani\u010de ljekovi sa lista i oni koji to nisu, kada ih ljekari propisuju. \u0160to se ti\u010de FZO, nijesam ignorisao nijedan dopis FZO i odmah smo reagovali 6. oktobra, dobili povratnu informaciju 8. oktobra i i\u0161li ka Ministarstvu finansija. U me\u0111uvremenu sa Montefarmom su naru\u010deni ljekovi i u roku od 10 dana rije\u0161ili problem. Za\u0161to se sada u\u0161lo u tu proceduru tendera umjesto kao i pro\u0161lih godina ne znam&#8221;, kazao je \u0160imun.&nbsp;<\/p>\n\n\n\n<p>\u0160to se ti\u010de saglasnosti ugovora za Bjelorusiju ili druge destinacije, ministar odgovara da Fond ima pravo da upu\u0107uje pacijente i u one klinike sa kojima nema ugovor. Bilo ih je 37, a 35 je bilo bez saglasnosti Ministarstva.<\/p>\n\n\n\n<p>&#8220;Va\u017eno je da ne\u0107e do\u0107i do diskontinuiteta, ali svi ugovori su na reviziji i ukoliko se utvrdi da ima nekih nepravilnosti biv\u0161e uprave FZO bi\u0107e dostavljeno istra\u017enim organima&#8221;, naveo je ministar.&nbsp;<\/p>\n\n\n\n<p>\u0160imun je kazao je da je preko 100 ljekara od 2016. do 2020. oti\u0161lo iz sistema, sada je odliv manji i moraju se graditi nove klinike da bi imalo prostora da kadar radi i da se vra\u0107aju u dr\u017eavu. Plate ljekara su ne\u0161to bolje nego u regionu i konkurentni smo u odnosu na zemlje koje \u010dekaju da u\u0111u u EU.&nbsp;<\/p>\n\n\n\n<p>Po pitanju vakcinacije obuhvat je popravljen, ne kako bi \u017eeljeli, ali pomaka ima i o\u010dekuje idu\u0107e godine i zakonsku regulativu koja \u0107e to bolje urediti.&nbsp;<\/p>\n\n\n\n<p>\u0160to se Fajzer vakcina ti\u010de, ministar je odgovorio, da su ugovori napravljeni prije njegovog mandata i naru\u010deni i uni\u0161teni i on sa tim nije imao kontakta. Vakcinama je istekao rok, a mo\u017eda, kako je kazao, taj posao zaslu\u017euje neku istragu.<\/p>\n\n\n\n<p>Kod pove\u0107anja zarada srednjem medicinskom kadru, intencija je da se pregovori o GKU okon\u010daju do kraja mjeseca. \u0160to se ti\u010de stimulacija kazao je da ima zloupotreba i odavno je prisutno, ali ideja je da se formiraju komisije na nivou ustanova, gdje \u0107e biti i predstavnici radnika i menad\u017ementa koji \u0107e odlu\u010divati o pravi\u010dnoj i periodi\u010dnoj stimulaciji.<\/p>\n\n\n\n<p>O nedostatku ljekova za HIV, \u0160imun je kazao da o\u010dekuje da bude dostupan u prvoj polovini decembra.&nbsp;&nbsp; &nbsp; &nbsp; &nbsp; &nbsp; &nbsp;<\/p>\n\n\n\n<p>Podsje\u0107amo sjednica Odbora za zdravstvo rad i socijalno staranje pauzirana je pro\u0161le sedmice na zahtjev opozicije jer je predsjednik tog skup\u0161tinskog tijela Dra\u017een Petri\u0107 odbio da omogu\u0107i prisustvo biv\u0161em direktoru Fonda za zdravstveno osiguranje (FZO) Vuku Kadi\u0107u.<\/p>\n\n\n\n<figure class=\"wp-block-embed is-type-video is-provider-youtube wp-block-embed-youtube wp-embed-aspect-16-9 wp-has-aspect-ratio\"><div class=\"wp-block-embed__wrapper\">\n<iframe loading=\"lazy\" title=\"Nastavak 53. sjednice Odbora za zdravstvo, rad i socijalno staranje, 02.12.2025.\" width=\"500\" height=\"281\" src=\"https:\/\/www.youtube.com\/embed\/Zwp9RLiA67M?feature=oembed\" frameborder=\"0\" allow=\"accelerometer; autoplay; clipboard-write; encrypted-media; gyroscope; picture-in-picture; web-share\" referrerpolicy=\"strict-origin-when-cross-origin\" allowfullscreen><\/iframe>\n<\/div><\/figure>","protected":false},"excerpt":{"rendered":"<p>Odbor za zdravstvo, rad i socijalno staranje nastavio je konsultativno saslu\u0161anje na temu: Finansijska situacija u zdravstvenom sistemu Crne Gore, s fokusom na cijenu i nesta\u0161icu ljekova.<\/p>","protected":false},"author":1,"featured_media":909117,"comment_status":"open","ping_status":"open","sticky":false,"template":"","format":"standard","meta":{"_acf_changed":false,"footnotes":""},"categories":[2],"tags":[437,438,439,440,441,442,443],"naslovna":[],"class_list":["post-911285","post","type-post","status-publish","format-standard","has-post-thumbnail","hentry","category-drustvo","tag-bojan-paunovic","tag-drazen-petric","tag-jevto-erakovic","tag-konsultativno-saslusanje","tag-odbor-za-zdravstvo","tag-vojislav-simun","tag-vuk-kadic"],"acf":[],"yoast_head":"<!-- This site is optimized with the Yoast SEO plugin v27.4 - https:\/\/yoast.com\/product\/yoast-seo-wordpress\/ -->\n<title>\u0160imun: Za ljekove ne\u0107e biti potreban rebalans, pri\u010da se ne plasira iz objektivnih razloga - dmcsrb.com<\/title>\n<meta name=\"robots\" content=\"index, follow, max-snippet:-1, max-image-preview:large, max-video-preview:-1\" \/>\n<link rel=\"canonical\" href=\"https:\/\/dmcsrb.com\/en\/drustvo\/simun-za-ljekove-nece-biti-potreban-rebalans-prica-se-ne-plasira-iz-objektivnih-razloga-2\/\" \/>\n<meta property=\"og:locale\" content=\"en_GB\" \/>\n<meta property=\"og:type\" content=\"article\" \/>\n<meta property=\"og:title\" content=\"\u0160imun: Za ljekove ne\u0107e biti potreban rebalans, pri\u010da se ne plasira iz objektivnih razloga - dmcsrb.com\" \/>\n<meta property=\"og:description\" content=\"Odbor za zdravstvo, rad i socijalno staranje nastavio je konsultativno saslu\u0161anje na temu: Finansijska situacija u zdravstvenom sistemu Crne Gore, s fokusom na cijenu i nesta\u0161icu ljekova.\" \/>\n<meta property=\"og:url\" content=\"https:\/\/dmcsrb.com\/en\/drustvo\/simun-za-ljekove-nece-biti-potreban-rebalans-prica-se-ne-plasira-iz-objektivnih-razloga-2\/\" \/>\n<meta property=\"og:site_name\" content=\"dmcsrb.com\" \/>\n<meta property=\"article:published_time\" content=\"2025-12-02T12:05:00+00:00\" \/>\n<meta property=\"og:image\" content=\"https:\/\/dmcsrb.com\/wp-content\/uploads\/2026\/01\/sjednica-Odbora-za-zdravstvo-foto-ss-yt.jpg\" \/>\n\t<meta property=\"og:image:width\" content=\"1255\" \/>\n\t<meta property=\"og:image:height\" content=\"641\" \/>\n\t<meta property=\"og:image:type\" content=\"image\/jpeg\" \/>\n<meta name=\"author\" content=\"dmcsrbija.com@gmail.com\" \/>\n<meta name=\"twitter:card\" content=\"summary_large_image\" \/>\n<meta name=\"twitter:label1\" content=\"Written by\" \/>\n\t<meta name=\"twitter:data1\" content=\"dmcsrbija.com@gmail.com\" \/>\n\t<meta name=\"twitter:label2\" content=\"Estimated reading time\" \/>\n\t<meta name=\"twitter:data2\" content=\"12 minutes\" \/>\n<script type=\"application\/ld+json\" class=\"yoast-schema-graph\">{\"@context\":\"https:\\\/\\\/schema.org\",\"@graph\":[{\"@type\":\"Article\",\"@id\":\"https:\\\/\\\/dmcsrb.com\\\/drustvo\\\/simun-za-ljekove-nece-biti-potreban-rebalans-prica-se-ne-plasira-iz-objektivnih-razloga-2\\\/#article\",\"isPartOf\":{\"@id\":\"https:\\\/\\\/dmcsrb.com\\\/drustvo\\\/simun-za-ljekove-nece-biti-potreban-rebalans-prica-se-ne-plasira-iz-objektivnih-razloga-2\\\/\"},\"author\":{\"name\":\"dmcsrbija.com@gmail.com\",\"@id\":\"https:\\\/\\\/dmcsrb.com\\\/#\\\/schema\\\/person\\\/5c39170f12db1b8b457732d0b5c854e2\"},\"headline\":\"\u0160imun: Za ljekove ne\u0107e biti potreban rebalans, pri\u010da se ne plasira iz objektivnih razloga\",\"datePublished\":\"2025-12-02T12:05:00+00:00\",\"mainEntityOfPage\":{\"@id\":\"https:\\\/\\\/dmcsrb.com\\\/drustvo\\\/simun-za-ljekove-nece-biti-potreban-rebalans-prica-se-ne-plasira-iz-objektivnih-razloga-2\\\/\"},\"wordCount\":2350,\"commentCount\":0,\"image\":{\"@id\":\"https:\\\/\\\/dmcsrb.com\\\/drustvo\\\/simun-za-ljekove-nece-biti-potreban-rebalans-prica-se-ne-plasira-iz-objektivnih-razloga-2\\\/#primaryimage\"},\"thumbnailUrl\":\"https:\\\/\\\/dmcsrb.com\\\/wp-content\\\/uploads\\\/2026\\\/01\\\/sjednica-Odbora-za-zdravstvo-foto-ss-yt.jpg\",\"keywords\":[\"Bojan Paunovi\u0107\",\"Dra\u017een Petri\u0107\",\"Jevto Erakovi\u0107\",\"konsultativno saslu\u0161anje\",\"Odbor za zdravstvo\",\"Vojislav \u0160imun\",\"Vuk Kadi\u0107\"],\"articleSection\":[\"Dru\u0161tvo\"],\"inLanguage\":\"en-GB\",\"potentialAction\":[{\"@type\":\"CommentAction\",\"name\":\"Comment\",\"target\":[\"https:\\\/\\\/dmcsrb.com\\\/drustvo\\\/simun-za-ljekove-nece-biti-potreban-rebalans-prica-se-ne-plasira-iz-objektivnih-razloga-2\\\/#respond\"]}]},{\"@type\":\"WebPage\",\"@id\":\"https:\\\/\\\/dmcsrb.com\\\/drustvo\\\/simun-za-ljekove-nece-biti-potreban-rebalans-prica-se-ne-plasira-iz-objektivnih-razloga-2\\\/\",\"url\":\"https:\\\/\\\/dmcsrb.com\\\/drustvo\\\/simun-za-ljekove-nece-biti-potreban-rebalans-prica-se-ne-plasira-iz-objektivnih-razloga-2\\\/\",\"name\":\"\u0160imun: Za ljekove ne\u0107e biti potreban rebalans, pri\u010da se ne plasira iz objektivnih razloga - dmcsrb.com\",\"isPartOf\":{\"@id\":\"https:\\\/\\\/dmcsrb.com\\\/#website\"},\"primaryImageOfPage\":{\"@id\":\"https:\\\/\\\/dmcsrb.com\\\/drustvo\\\/simun-za-ljekove-nece-biti-potreban-rebalans-prica-se-ne-plasira-iz-objektivnih-razloga-2\\\/#primaryimage\"},\"image\":{\"@id\":\"https:\\\/\\\/dmcsrb.com\\\/drustvo\\\/simun-za-ljekove-nece-biti-potreban-rebalans-prica-se-ne-plasira-iz-objektivnih-razloga-2\\\/#primaryimage\"},\"thumbnailUrl\":\"https:\\\/\\\/dmcsrb.com\\\/wp-content\\\/uploads\\\/2026\\\/01\\\/sjednica-Odbora-za-zdravstvo-foto-ss-yt.jpg\",\"datePublished\":\"2025-12-02T12:05:00+00:00\",\"author\":{\"@id\":\"https:\\\/\\\/dmcsrb.com\\\/#\\\/schema\\\/person\\\/5c39170f12db1b8b457732d0b5c854e2\"},\"breadcrumb\":{\"@id\":\"https:\\\/\\\/dmcsrb.com\\\/drustvo\\\/simun-za-ljekove-nece-biti-potreban-rebalans-prica-se-ne-plasira-iz-objektivnih-razloga-2\\\/#breadcrumb\"},\"inLanguage\":\"en-GB\",\"potentialAction\":[{\"@type\":\"ReadAction\",\"target\":[\"https:\\\/\\\/dmcsrb.com\\\/drustvo\\\/simun-za-ljekove-nece-biti-potreban-rebalans-prica-se-ne-plasira-iz-objektivnih-razloga-2\\\/\"]}]},{\"@type\":\"ImageObject\",\"inLanguage\":\"en-GB\",\"@id\":\"https:\\\/\\\/dmcsrb.com\\\/drustvo\\\/simun-za-ljekove-nece-biti-potreban-rebalans-prica-se-ne-plasira-iz-objektivnih-razloga-2\\\/#primaryimage\",\"url\":\"https:\\\/\\\/dmcsrb.com\\\/wp-content\\\/uploads\\\/2026\\\/01\\\/sjednica-Odbora-za-zdravstvo-foto-ss-yt.jpg\",\"contentUrl\":\"https:\\\/\\\/dmcsrb.com\\\/wp-content\\\/uploads\\\/2026\\\/01\\\/sjednica-Odbora-za-zdravstvo-foto-ss-yt.jpg\",\"width\":1255,\"height\":641},{\"@type\":\"BreadcrumbList\",\"@id\":\"https:\\\/\\\/dmcsrb.com\\\/drustvo\\\/simun-za-ljekove-nece-biti-potreban-rebalans-prica-se-ne-plasira-iz-objektivnih-razloga-2\\\/#breadcrumb\",\"itemListElement\":[{\"@type\":\"ListItem\",\"position\":1,\"name\":\"Home\",\"item\":\"https:\\\/\\\/dmcsrb.com\\\/\"},{\"@type\":\"ListItem\",\"position\":2,\"name\":\"\u0160imun: Za ljekove ne\u0107e biti potreban rebalans, pri\u010da se ne plasira iz objektivnih razloga\"}]},{\"@type\":\"WebSite\",\"@id\":\"https:\\\/\\\/dmcsrb.com\\\/#website\",\"url\":\"https:\\\/\\\/dmcsrb.com\\\/\",\"name\":\"dmcsrb.com\",\"description\":\"\",\"potentialAction\":[{\"@type\":\"SearchAction\",\"target\":{\"@type\":\"EntryPoint\",\"urlTemplate\":\"https:\\\/\\\/dmcsrb.com\\\/?s={search_term_string}\"},\"query-input\":{\"@type\":\"PropertyValueSpecification\",\"valueRequired\":true,\"valueName\":\"search_term_string\"}}],\"inLanguage\":\"en-GB\"},{\"@type\":\"Person\",\"@id\":\"https:\\\/\\\/dmcsrb.com\\\/#\\\/schema\\\/person\\\/5c39170f12db1b8b457732d0b5c854e2\",\"name\":\"dmcsrbija.com@gmail.com\",\"image\":{\"@type\":\"ImageObject\",\"inLanguage\":\"en-GB\",\"@id\":\"https:\\\/\\\/secure.gravatar.com\\\/avatar\\\/68592660ad6347fad0fb587f8d5d8f1a7b44961362f56e4f2cd524feb87e9069?s=96&d=mm&r=g\",\"url\":\"https:\\\/\\\/secure.gravatar.com\\\/avatar\\\/68592660ad6347fad0fb587f8d5d8f1a7b44961362f56e4f2cd524feb87e9069?s=96&d=mm&r=g\",\"contentUrl\":\"https:\\\/\\\/secure.gravatar.com\\\/avatar\\\/68592660ad6347fad0fb587f8d5d8f1a7b44961362f56e4f2cd524feb87e9069?s=96&d=mm&r=g\",\"caption\":\"dmcsrbija.com@gmail.com\"},\"sameAs\":[\"https:\\\/\\\/dmcsrb.com\"],\"url\":\"https:\\\/\\\/dmcsrb.com\\\/en\\\/author\\\/dmcsrbija-comgmail-com\\\/\"}]}<\/script>\n<!-- \/ Yoast SEO plugin. -->","yoast_head_json":{"title":"\u0160imun: Za ljekove ne\u0107e biti potreban rebalans, pri\u010da se ne plasira iz objektivnih razloga - dmcsrb.com","robots":{"index":"index","follow":"follow","max-snippet":"max-snippet:-1","max-image-preview":"max-image-preview:large","max-video-preview":"max-video-preview:-1"},"canonical":"https:\/\/dmcsrb.com\/en\/drustvo\/simun-za-ljekove-nece-biti-potreban-rebalans-prica-se-ne-plasira-iz-objektivnih-razloga-2\/","og_locale":"en_GB","og_type":"article","og_title":"\u0160imun: Za ljekove ne\u0107e biti potreban rebalans, pri\u010da se ne plasira iz objektivnih razloga - dmcsrb.com","og_description":"Odbor za zdravstvo, rad i socijalno staranje nastavio je konsultativno saslu\u0161anje na temu: Finansijska situacija u zdravstvenom sistemu Crne Gore, s fokusom na cijenu i nesta\u0161icu ljekova.","og_url":"https:\/\/dmcsrb.com\/en\/drustvo\/simun-za-ljekove-nece-biti-potreban-rebalans-prica-se-ne-plasira-iz-objektivnih-razloga-2\/","og_site_name":"dmcsrb.com","article_published_time":"2025-12-02T12:05:00+00:00","og_image":[{"width":1255,"height":641,"url":"https:\/\/dmcsrb.com\/wp-content\/uploads\/2026\/01\/sjednica-Odbora-za-zdravstvo-foto-ss-yt.jpg","type":"image\/jpeg"}],"author":"dmcsrbija.com@gmail.com","twitter_card":"summary_large_image","twitter_misc":{"Written by":"dmcsrbija.com@gmail.com","Estimated reading time":"12 minutes"},"schema":{"@context":"https:\/\/schema.org","@graph":[{"@type":"Article","@id":"https:\/\/dmcsrb.com\/drustvo\/simun-za-ljekove-nece-biti-potreban-rebalans-prica-se-ne-plasira-iz-objektivnih-razloga-2\/#article","isPartOf":{"@id":"https:\/\/dmcsrb.com\/drustvo\/simun-za-ljekove-nece-biti-potreban-rebalans-prica-se-ne-plasira-iz-objektivnih-razloga-2\/"},"author":{"name":"dmcsrbija.com@gmail.com","@id":"https:\/\/dmcsrb.com\/#\/schema\/person\/5c39170f12db1b8b457732d0b5c854e2"},"headline":"\u0160imun: Za ljekove ne\u0107e biti potreban rebalans, pri\u010da se ne plasira iz objektivnih razloga","datePublished":"2025-12-02T12:05:00+00:00","mainEntityOfPage":{"@id":"https:\/\/dmcsrb.com\/drustvo\/simun-za-ljekove-nece-biti-potreban-rebalans-prica-se-ne-plasira-iz-objektivnih-razloga-2\/"},"wordCount":2350,"commentCount":0,"image":{"@id":"https:\/\/dmcsrb.com\/drustvo\/simun-za-ljekove-nece-biti-potreban-rebalans-prica-se-ne-plasira-iz-objektivnih-razloga-2\/#primaryimage"},"thumbnailUrl":"https:\/\/dmcsrb.com\/wp-content\/uploads\/2026\/01\/sjednica-Odbora-za-zdravstvo-foto-ss-yt.jpg","keywords":["Bojan Paunovi\u0107","Dra\u017een Petri\u0107","Jevto Erakovi\u0107","konsultativno saslu\u0161anje","Odbor za zdravstvo","Vojislav \u0160imun","Vuk Kadi\u0107"],"articleSection":["Dru\u0161tvo"],"inLanguage":"en-GB","potentialAction":[{"@type":"CommentAction","name":"Comment","target":["https:\/\/dmcsrb.com\/drustvo\/simun-za-ljekove-nece-biti-potreban-rebalans-prica-se-ne-plasira-iz-objektivnih-razloga-2\/#respond"]}]},{"@type":"WebPage","@id":"https:\/\/dmcsrb.com\/drustvo\/simun-za-ljekove-nece-biti-potreban-rebalans-prica-se-ne-plasira-iz-objektivnih-razloga-2\/","url":"https:\/\/dmcsrb.com\/drustvo\/simun-za-ljekove-nece-biti-potreban-rebalans-prica-se-ne-plasira-iz-objektivnih-razloga-2\/","name":"\u0160imun: Za ljekove ne\u0107e biti potreban rebalans, pri\u010da se ne plasira iz objektivnih razloga - dmcsrb.com","isPartOf":{"@id":"https:\/\/dmcsrb.com\/#website"},"primaryImageOfPage":{"@id":"https:\/\/dmcsrb.com\/drustvo\/simun-za-ljekove-nece-biti-potreban-rebalans-prica-se-ne-plasira-iz-objektivnih-razloga-2\/#primaryimage"},"image":{"@id":"https:\/\/dmcsrb.com\/drustvo\/simun-za-ljekove-nece-biti-potreban-rebalans-prica-se-ne-plasira-iz-objektivnih-razloga-2\/#primaryimage"},"thumbnailUrl":"https:\/\/dmcsrb.com\/wp-content\/uploads\/2026\/01\/sjednica-Odbora-za-zdravstvo-foto-ss-yt.jpg","datePublished":"2025-12-02T12:05:00+00:00","author":{"@id":"https:\/\/dmcsrb.com\/#\/schema\/person\/5c39170f12db1b8b457732d0b5c854e2"},"breadcrumb":{"@id":"https:\/\/dmcsrb.com\/drustvo\/simun-za-ljekove-nece-biti-potreban-rebalans-prica-se-ne-plasira-iz-objektivnih-razloga-2\/#breadcrumb"},"inLanguage":"en-GB","potentialAction":[{"@type":"ReadAction","target":["https:\/\/dmcsrb.com\/drustvo\/simun-za-ljekove-nece-biti-potreban-rebalans-prica-se-ne-plasira-iz-objektivnih-razloga-2\/"]}]},{"@type":"ImageObject","inLanguage":"en-GB","@id":"https:\/\/dmcsrb.com\/drustvo\/simun-za-ljekove-nece-biti-potreban-rebalans-prica-se-ne-plasira-iz-objektivnih-razloga-2\/#primaryimage","url":"https:\/\/dmcsrb.com\/wp-content\/uploads\/2026\/01\/sjednica-Odbora-za-zdravstvo-foto-ss-yt.jpg","contentUrl":"https:\/\/dmcsrb.com\/wp-content\/uploads\/2026\/01\/sjednica-Odbora-za-zdravstvo-foto-ss-yt.jpg","width":1255,"height":641},{"@type":"BreadcrumbList","@id":"https:\/\/dmcsrb.com\/drustvo\/simun-za-ljekove-nece-biti-potreban-rebalans-prica-se-ne-plasira-iz-objektivnih-razloga-2\/#breadcrumb","itemListElement":[{"@type":"ListItem","position":1,"name":"Home","item":"https:\/\/dmcsrb.com\/"},{"@type":"ListItem","position":2,"name":"\u0160imun: Za ljekove ne\u0107e biti potreban rebalans, pri\u010da se ne plasira iz objektivnih razloga"}]},{"@type":"WebSite","@id":"https:\/\/dmcsrb.com\/#website","url":"https:\/\/dmcsrb.com\/","name":"dmcsrb.com","description":"","potentialAction":[{"@type":"SearchAction","target":{"@type":"EntryPoint","urlTemplate":"https:\/\/dmcsrb.com\/?s={search_term_string}"},"query-input":{"@type":"PropertyValueSpecification","valueRequired":true,"valueName":"search_term_string"}}],"inLanguage":"en-GB"},{"@type":"Person","@id":"https:\/\/dmcsrb.com\/#\/schema\/person\/5c39170f12db1b8b457732d0b5c854e2","name":"dmcsrbija.com@gmail.com","image":{"@type":"ImageObject","inLanguage":"en-GB","@id":"https:\/\/secure.gravatar.com\/avatar\/68592660ad6347fad0fb587f8d5d8f1a7b44961362f56e4f2cd524feb87e9069?s=96&d=mm&r=g","url":"https:\/\/secure.gravatar.com\/avatar\/68592660ad6347fad0fb587f8d5d8f1a7b44961362f56e4f2cd524feb87e9069?s=96&d=mm&r=g","contentUrl":"https:\/\/secure.gravatar.com\/avatar\/68592660ad6347fad0fb587f8d5d8f1a7b44961362f56e4f2cd524feb87e9069?s=96&d=mm&r=g","caption":"dmcsrbija.com@gmail.com"},"sameAs":["https:\/\/dmcsrb.com"],"url":"https:\/\/dmcsrb.com\/en\/author\/dmcsrbija-comgmail-com\/"}]}},"_links":{"self":[{"href":"https:\/\/dmcsrb.com\/en\/wp-json\/wp\/v2\/posts\/911285","targetHints":{"allow":["GET"]}}],"collection":[{"href":"https:\/\/dmcsrb.com\/en\/wp-json\/wp\/v2\/posts"}],"about":[{"href":"https:\/\/dmcsrb.com\/en\/wp-json\/wp\/v2\/types\/post"}],"author":[{"embeddable":true,"href":"https:\/\/dmcsrb.com\/en\/wp-json\/wp\/v2\/users\/1"}],"replies":[{"embeddable":true,"href":"https:\/\/dmcsrb.com\/en\/wp-json\/wp\/v2\/comments?post=911285"}],"version-history":[{"count":0,"href":"https:\/\/dmcsrb.com\/en\/wp-json\/wp\/v2\/posts\/911285\/revisions"}],"wp:featuredmedia":[{"embeddable":true,"href":"https:\/\/dmcsrb.com\/en\/wp-json\/wp\/v2\/media\/909117"}],"wp:attachment":[{"href":"https:\/\/dmcsrb.com\/en\/wp-json\/wp\/v2\/media?parent=911285"}],"wp:term":[{"taxonomy":"category","embeddable":true,"href":"https:\/\/dmcsrb.com\/en\/wp-json\/wp\/v2\/categories?post=911285"},{"taxonomy":"post_tag","embeddable":true,"href":"https:\/\/dmcsrb.com\/en\/wp-json\/wp\/v2\/tags?post=911285"},{"taxonomy":"naslovna","embeddable":true,"href":"https:\/\/dmcsrb.com\/en\/wp-json\/wp\/v2\/naslovna?post=911285"}],"curies":[{"name":"wp","href":"https:\/\/api.w.org\/{rel}","templated":true}]}}