{"id":911255,"date":"2025-12-02T06:52:00","date_gmt":"2025-12-02T05:52:00","guid":{"rendered":"https:\/\/dmcsrb.com\/uncategorized\/klupko-se-odmotava-hapsenja-policajaca-i-mreza-oko-belivuka-i-miljkovica-2\/"},"modified":"2025-12-02T06:52:00","modified_gmt":"2025-12-02T05:52:00","slug":"klupko-se-odmotava-hapsenja-policajaca-i-mreza-oko-belivuka-i-miljkovica-2","status":"publish","type":"post","link":"https:\/\/dmcsrb.com\/en\/hronika\/klupko-se-odmotava-hapsenja-policajaca-i-mreza-oko-belivuka-i-miljkovica-2\/","title":{"rendered":"Klupko se odmotava: Hap\u0161enja policajaca i mre\u017ea oko Belivuka i Miljkovi\u0107a"},"content":{"rendered":"<p><\/p>\n\n\n\n<p>Pro\u0161le godine, potpredsjednik Vlade za politi\u010dki sistem, pravosu\u0111e i antikorupciju Momo Koprivica detaljno je iznio podatke o tome kako je uklonjena zabrana ulaska za beogradske kriminalce Veljka Belivuka i Marka Miljkovi\u0107a.<\/p>\n\n\n\n<p>&#8220;U oktobru 2021. pokrenut je postupak protiv osobe koja je posjedovala karticu preko koje je i skunuta zabrana ulaska unutar MUP-a, odnosno Uprave policije. To je bila izvjesna slu\u017ebenica Ivani\u0161evi\u0107 i pokrenut je i dodijeljen je predmet u okviru ODT-a kojim je rukovodio Nikola Bori\u010di\u0107 tu\u017eiocu Vukasu Radonji\u0107u. Po\u010dela su prikupljanja obavje\u0161tenja i osumnji\u010dena je rekla da je bila na odmoru, a karticu dala slu\u017ebeniku (Sa\u0161i) \u0110urovi\u0107u\u201c, rekao je Koprivica za TVCG.<\/p>\n\n\n\n<p>Daljom istragom utvr\u0111eno je da je \u0110urovi\u0107 uklonio zabranu ulaska Belivuku i Miljkovi\u0107u, dodaje Koprivica.<\/p>\n\n\n\n<p>&#8220;\u0110urovi\u0107 je nakon toga kazao da je to u\u010dinio po nalogu Aleksandra Bo\u0161kovi\u0107a, policijskog slu\u017ebenika, koji je potvrdio da je to uradio, ali po nalogu Enisa Bakovi\u0107a, koji je tada bio pomo\u0107nik direktora Uprave policije\u201c, dodao je Koprivica.<\/p>\n\n\n\n<p>On je naveo da je cijeli slu\u010daj razotkrio \u0161iru mre\u017eu u Osnovnom dr\u017eavnom tu\u017eila\u0161tvu u Podgorici.<\/p>\n\n\n\n<p>&#8220;Tada se de\u0161ava drama u Osnovom dr\u017eavnom tu\u017eila\u0161tvu u Podgorici, koju smo na Odboru za pravosu\u0111e u parlamentu rasvijetlili, a koja vodi do Lazovi\u0107a i Milivoja Katni\u0107a, koji su danas uhap\u0161eni i stajali su na vrhu piramide, uz politi\u010dku podr\u0161ku Mila \u0110ukanovi\u0107a. Slu\u010daj Miljkovi\u0107a i Belivuka jedan je od prvih javno dokazanih primjera kriminalnog djelovanja Katni\u0107a i Lazovi\u0107a\u201c, istakao je Koprivica.<\/p>\n\n\n\n<p><strong>I\u0161li kod Zvicera<\/strong><\/p>\n\n\n\n<p>Beogra\u0111ani&nbsp;Veljko Belivuk i Marko Miljkovi\u0107, u januaru 2021. godine, i\u0161li su na babine kod vo\u0111e kava\u010dkog klana &#8211; Radoja Zvicera, \u010diji su pripadnici, kako se sumnja, i sami bili.<\/p>\n\n\n\n<p>Uprkos tome \u0161to im je u Crnu Goru ulazak bio zabranjen jer su \u201cpredstavljali prijetnju po nacionalnu i unutra\u0161nju bezbjednost\u201d, vrh tada\u0161nje crnogorske policije je uspio da im preko lojalnih slu\u017ebenika obezbijedi da se zabrana ukine.<\/p>\n\n\n\n<p>Prema optu\u017enici Specijalnog dr\u017eavnog tu\u017eila\u0161tva, okrivljeni Zoran Lazovi\u0107, \u010diji je sin Petar Lazovi\u0107 koji je ozna\u010den kao blizak saradnik Radoja Zvicera, je 28. decembra 2020. godine, kao slu\u017ebeno lice i visoki javni funkcioner &#8211; pomo\u0107nik direktora Uprave policije (UP) za Sektor za suzbijanje organizovanog kriminala i korupcije, pribavio korist pripadnicima organizovane kriminalne grupe Radoja Zvicera &#8211; Veljku Belivuku i Marku Miljkovi\u0107u.<\/p>\n\n\n\n<p>&#8220;Na taj na\u010din \u0161to je od pomo\u0107nika direktora UP za Sektor kriminalisti\u010dke policije, Enisa Bakovi\u0107a, tra\u017eio da se ukine zabrana ulaska u Crnu Goru, Veljku Belivuku i Marku Miljkovi\u0107u, la\u017eno mu prikazuju\u0107i da je to neophodno za operativni rad na predmetu organizovanog kriminala, iako je znao da im se zabrana ulaska u Crnu Goru ukida na zahtjev Radoja Zvicera&#8221;, navodi se u optu\u017enici.<\/p>\n\n\n\n<p><strong>Ukidanje zabrane ulaska rezultat zloupotreba<\/strong><\/p>\n\n\n\n<p>Nakon sprovedenog kontrolnog saslu\u0161anja o ukidanju zabrane ulaska Veljku Belivuku i Marku Miljkovi\u0107u, odr\u017eanog na 82. i 85. sjednici Odbora za politi\u010dki sistem, pravosu\u0111e i upravu u aprilu 2023. godine, Odbor je Skup\u0161tini dostavio svoje ocjene i stavove, kao i predloge zaklju\u010daka.<\/p>\n\n\n\n<p>Odbor isti\u010de da je kontrolno saslu\u0161anje bilo opravdano i da predstavlja jednu od najva\u017enijih nadzornih uloga parlamenta. Kako se navodi, cilj je bio da se obezbijedi \u201e\u0161to bolje i transparentnije sprovo\u0111enje pravde i vladavine prava\u201c, ali i da se javnosti omogu\u0107i uvid u postupanje nadle\u017enih institucija.<\/p>\n\n\n\n<p>&#8220;Iz \u010dinjenica i informacija prikupljenih tokom kontrolnog saslu\u0161anja, a imaju\u0107i u vidu javno dostupne informacije kojima raspola\u017eu nadle\u017ene institucije Crne Gore, Srbije i Evropske unije, proizilazi da je ukidanje zabrane ulaska u\u010dinjeno suprotno cilju zbog kojeg je ista uvedena (odbrana i unutra\u0161nja bezbjednost), kao i u interesu bezbjednosno interesantnih lica i lica iz kriminalne sfere, \u010dime su donosoci te odluke iza\u0161li iz okvira svojih ovla\u0161\u0107enja i u\u010dinili zloupotrebu. Odbor smatra da je neophodno da ovaj slu\u010daj dobije jasan i nesporan pravosudni epilog, na osnovu objektivno i zakonito sprovedenog postupka i bez bilo kakvog neprimjerenog uticaja&#8221;, navodi se u ocjenama Odbora.<\/p>\n\n\n\n<p>Smatraju da je intencija saslu\u0161anja bila rasvjetljavanje istine o ulozi dr\u017eavnih organa u ukidanju zabrane ulaska &#8220;dvojici monstruoznih kriminalaca\u201c.<\/p>\n\n\n\n<p>U dokumentu se navodi da postoje osnovane sumnje da je ukidanje zabrane rezultat zloupotreba u pojedinim organima i od strane slu\u017ebenih lica. Odbor podsje\u0107a da je javnost svjedo\u010dila situacijama u kojima su \u201epojedini policijski funkcioneri i slu\u017ebenici postupali u interesu jednog kriminalnog klana u odnosu na drugi\u201c, \u0161to ocjenjuju kao nezabilje\u017eenu instrumentalizaciju institucija.<\/p>\n\n\n\n<p>Na osnovu podataka prikupljenih tokom saslu\u0161anja, kao i informacija iz nadle\u017enih institucija Crne Gore, Srbije i Evropske unije, Odbor zaklju\u010duje da je zabrana ukinuta suprotno njenoj svrsi &#8211; za\u0161titi unutra\u0161nje bezbjednosti &#8211; i da je odluka donijeta \u201eu interesu bezbjednosno interesantnih lica\u201c. Zbog toga smatraju da je neophodno da slu\u010daj dobije \u201ejasan i nesporan pravosudni epilog, zasnovan na objektivnom i zakonitom postupku\u201c.<\/p>\n\n\n\n<p>U Specijalnom sudu u Beogradu saslu\u0161anjem svjedoka nedavno je nastavljeno su\u0111enje Veljku Belivuku, Marku Miljkovi\u0107u, njihovim suprugama i drugim optu\u017eenima za pranje novca ste\u010denog od kriminala.<\/p>\n\n\n\n<p>Na su\u0111enju su ispitani bra\u0107a M. B. i M. B., koji su optu\u017eeni i u predmetu protiv Belivukove organizovane kriminalne grupe, \u010diji pripadnici su optu\u017eeni za najte\u017ea krivi\u010dna dela me\u0111u kojima je i sedam ubistava.<\/p>\n\n\n\n<p>Veljko Belivuk i Marko Miljkovi\u0107 vo\u0111e su jednog od najbrutalnijih kriminalnih klanova na Balkanu, poznatog po ubistvima, otmicama, iznudama i trgovini drogom.<\/p>\n\n\n\n<p>Po navodima vi\u0161e optu\u017enica, bliski su Radoju Zviceru, vo\u0111i &#8220;kava\u010dkog klana&#8221;.&nbsp;<\/p>","protected":false},"excerpt":{"rendered":"<p>Biv\u0161i pomo\u0107nik direktora policije Dejan Kne\u017eevi\u0107, nekada\u0161nji \u0161ef odsjeka za suzbijanje te\u0161kih krivi\u010dnih djela Milorad \u017di\u017ei\u0107 i raniji funkcioner policije Aleksandar Bo\u0161kovi\u0107 uhap\u0161eni su, a nakon saslu\u0161anja u Vi\u0161em sudu odre\u0111en im je ku\u0107ni pritvor zbog skidanja zabrane ulaska Veljku Belivuku i Marku Miljkovi\u0107u 2020. godine. Potpredsjednik Vlade Momo Koprivica ranije je iznio podatke o umije\u0161anosti vi\u0161e policijskih \u010delnika u ovaj slu\u010daj, nakon \u010dega je uhap\u0161en i biv\u0161i policijski funkcioner Zoran Lazovi\u0107.<\/p>","protected":false},"author":1,"featured_media":909058,"comment_status":"open","ping_status":"open","sticky":false,"template":"","format":"standard","meta":{"_acf_changed":false,"footnotes":""},"categories":[17],"tags":[310,311,312,313,314],"naslovna":[],"class_list":["post-911255","post","type-post","status-publish","format-standard","has-post-thumbnail","hentry","category-hronika","tag-hapsenje-policajaca","tag-klupko","tag-marko-miljkovic","tag-mreza-2","tag-veljko-belivuk"],"acf":[],"yoast_head":"<!-- This site is optimized with the Yoast SEO plugin v27.4 - https:\/\/yoast.com\/product\/yoast-seo-wordpress\/ -->\n<title>Klupko se odmotava: Hap\u0161enja policajaca i mre\u017ea oko Belivuka i Miljkovi\u0107a - dmcsrb.com<\/title>\n<meta name=\"robots\" content=\"index, follow, max-snippet:-1, max-image-preview:large, max-video-preview:-1\" \/>\n<link rel=\"canonical\" href=\"https:\/\/dmcsrb.com\/en\/hronika\/klupko-se-odmotava-hapsenja-policajaca-i-mreza-oko-belivuka-i-miljkovica-2\/\" \/>\n<meta property=\"og:locale\" content=\"en_GB\" \/>\n<meta property=\"og:type\" content=\"article\" \/>\n<meta property=\"og:title\" content=\"Klupko se odmotava: Hap\u0161enja policajaca i mre\u017ea oko Belivuka i Miljkovi\u0107a - dmcsrb.com\" \/>\n<meta property=\"og:description\" content=\"Biv\u0161i pomo\u0107nik direktora policije Dejan Kne\u017eevi\u0107, nekada\u0161nji \u0161ef odsjeka za suzbijanje te\u0161kih krivi\u010dnih djela Milorad \u017di\u017ei\u0107 i raniji funkcioner policije Aleksandar Bo\u0161kovi\u0107 uhap\u0161eni su, a nakon saslu\u0161anja u Vi\u0161em sudu odre\u0111en im je ku\u0107ni pritvor zbog skidanja zabrane ulaska Veljku Belivuku i Marku Miljkovi\u0107u 2020. godine. Potpredsjednik Vlade Momo Koprivica ranije je iznio podatke o umije\u0161anosti vi\u0161e policijskih \u010delnika u ovaj slu\u010daj, nakon \u010dega je uhap\u0161en i biv\u0161i policijski funkcioner Zoran Lazovi\u0107.\" \/>\n<meta property=\"og:url\" content=\"https:\/\/dmcsrb.com\/en\/hronika\/klupko-se-odmotava-hapsenja-policajaca-i-mreza-oko-belivuka-i-miljkovica-2\/\" \/>\n<meta property=\"og:site_name\" content=\"dmcsrb.com\" \/>\n<meta property=\"article:published_time\" content=\"2025-12-02T05:52:00+00:00\" \/>\n<meta property=\"og:image\" content=\"https:\/\/dmcsrb.com\/wp-content\/uploads\/2026\/01\/Nenaslovljeni_dizajn_2_600x900.png\" \/>\n\t<meta property=\"og:image:width\" content=\"900\" \/>\n\t<meta property=\"og:image:height\" content=\"600\" \/>\n\t<meta property=\"og:image:type\" content=\"image\/png\" \/>\n<meta name=\"author\" content=\"dmcsrbija.com@gmail.com\" \/>\n<meta name=\"twitter:card\" content=\"summary_large_image\" \/>\n<meta name=\"twitter:label1\" content=\"Written by\" \/>\n\t<meta name=\"twitter:data1\" content=\"dmcsrbija.com@gmail.com\" \/>\n\t<meta name=\"twitter:label2\" content=\"Estimated reading time\" \/>\n\t<meta name=\"twitter:data2\" content=\"5 minutes\" \/>\n<script type=\"application\/ld+json\" class=\"yoast-schema-graph\">{\"@context\":\"https:\\\/\\\/schema.org\",\"@graph\":[{\"@type\":\"Article\",\"@id\":\"https:\\\/\\\/dmcsrb.com\\\/hronika\\\/klupko-se-odmotava-hapsenja-policajaca-i-mreza-oko-belivuka-i-miljkovica-2\\\/#article\",\"isPartOf\":{\"@id\":\"https:\\\/\\\/dmcsrb.com\\\/hronika\\\/klupko-se-odmotava-hapsenja-policajaca-i-mreza-oko-belivuka-i-miljkovica-2\\\/\"},\"author\":{\"name\":\"dmcsrbija.com@gmail.com\",\"@id\":\"https:\\\/\\\/dmcsrb.com\\\/#\\\/schema\\\/person\\\/5c39170f12db1b8b457732d0b5c854e2\"},\"headline\":\"Klupko se odmotava: Hap\u0161enja policajaca i mre\u017ea oko Belivuka i Miljkovi\u0107a\",\"datePublished\":\"2025-12-02T05:52:00+00:00\",\"mainEntityOfPage\":{\"@id\":\"https:\\\/\\\/dmcsrb.com\\\/hronika\\\/klupko-se-odmotava-hapsenja-policajaca-i-mreza-oko-belivuka-i-miljkovica-2\\\/\"},\"wordCount\":977,\"commentCount\":0,\"image\":{\"@id\":\"https:\\\/\\\/dmcsrb.com\\\/hronika\\\/klupko-se-odmotava-hapsenja-policajaca-i-mreza-oko-belivuka-i-miljkovica-2\\\/#primaryimage\"},\"thumbnailUrl\":\"https:\\\/\\\/dmcsrb.com\\\/wp-content\\\/uploads\\\/2026\\\/01\\\/Nenaslovljeni_dizajn_2_600x900.png\",\"keywords\":[\"Hap\u0161enje policajaca\",\"klupko\",\"Marko Miljkovi\u0107\",\"mRE\u017dA\",\"Veljko Belivuk\"],\"articleSection\":[\"Hronika\"],\"inLanguage\":\"en-GB\",\"potentialAction\":[{\"@type\":\"CommentAction\",\"name\":\"Comment\",\"target\":[\"https:\\\/\\\/dmcsrb.com\\\/hronika\\\/klupko-se-odmotava-hapsenja-policajaca-i-mreza-oko-belivuka-i-miljkovica-2\\\/#respond\"]}]},{\"@type\":\"WebPage\",\"@id\":\"https:\\\/\\\/dmcsrb.com\\\/hronika\\\/klupko-se-odmotava-hapsenja-policajaca-i-mreza-oko-belivuka-i-miljkovica-2\\\/\",\"url\":\"https:\\\/\\\/dmcsrb.com\\\/hronika\\\/klupko-se-odmotava-hapsenja-policajaca-i-mreza-oko-belivuka-i-miljkovica-2\\\/\",\"name\":\"Klupko se odmotava: Hap\u0161enja policajaca i mre\u017ea oko Belivuka i Miljkovi\u0107a - dmcsrb.com\",\"isPartOf\":{\"@id\":\"https:\\\/\\\/dmcsrb.com\\\/#website\"},\"primaryImageOfPage\":{\"@id\":\"https:\\\/\\\/dmcsrb.com\\\/hronika\\\/klupko-se-odmotava-hapsenja-policajaca-i-mreza-oko-belivuka-i-miljkovica-2\\\/#primaryimage\"},\"image\":{\"@id\":\"https:\\\/\\\/dmcsrb.com\\\/hronika\\\/klupko-se-odmotava-hapsenja-policajaca-i-mreza-oko-belivuka-i-miljkovica-2\\\/#primaryimage\"},\"thumbnailUrl\":\"https:\\\/\\\/dmcsrb.com\\\/wp-content\\\/uploads\\\/2026\\\/01\\\/Nenaslovljeni_dizajn_2_600x900.png\",\"datePublished\":\"2025-12-02T05:52:00+00:00\",\"author\":{\"@id\":\"https:\\\/\\\/dmcsrb.com\\\/#\\\/schema\\\/person\\\/5c39170f12db1b8b457732d0b5c854e2\"},\"breadcrumb\":{\"@id\":\"https:\\\/\\\/dmcsrb.com\\\/hronika\\\/klupko-se-odmotava-hapsenja-policajaca-i-mreza-oko-belivuka-i-miljkovica-2\\\/#breadcrumb\"},\"inLanguage\":\"en-GB\",\"potentialAction\":[{\"@type\":\"ReadAction\",\"target\":[\"https:\\\/\\\/dmcsrb.com\\\/hronika\\\/klupko-se-odmotava-hapsenja-policajaca-i-mreza-oko-belivuka-i-miljkovica-2\\\/\"]}]},{\"@type\":\"ImageObject\",\"inLanguage\":\"en-GB\",\"@id\":\"https:\\\/\\\/dmcsrb.com\\\/hronika\\\/klupko-se-odmotava-hapsenja-policajaca-i-mreza-oko-belivuka-i-miljkovica-2\\\/#primaryimage\",\"url\":\"https:\\\/\\\/dmcsrb.com\\\/wp-content\\\/uploads\\\/2026\\\/01\\\/Nenaslovljeni_dizajn_2_600x900.png\",\"contentUrl\":\"https:\\\/\\\/dmcsrb.com\\\/wp-content\\\/uploads\\\/2026\\\/01\\\/Nenaslovljeni_dizajn_2_600x900.png\",\"width\":900,\"height\":600},{\"@type\":\"BreadcrumbList\",\"@id\":\"https:\\\/\\\/dmcsrb.com\\\/hronika\\\/klupko-se-odmotava-hapsenja-policajaca-i-mreza-oko-belivuka-i-miljkovica-2\\\/#breadcrumb\",\"itemListElement\":[{\"@type\":\"ListItem\",\"position\":1,\"name\":\"Home\",\"item\":\"https:\\\/\\\/dmcsrb.com\\\/\"},{\"@type\":\"ListItem\",\"position\":2,\"name\":\"Klupko se odmotava: Hap\u0161enja policajaca i mre\u017ea oko Belivuka i Miljkovi\u0107a\"}]},{\"@type\":\"WebSite\",\"@id\":\"https:\\\/\\\/dmcsrb.com\\\/#website\",\"url\":\"https:\\\/\\\/dmcsrb.com\\\/\",\"name\":\"dmcsrb.com\",\"description\":\"\",\"potentialAction\":[{\"@type\":\"SearchAction\",\"target\":{\"@type\":\"EntryPoint\",\"urlTemplate\":\"https:\\\/\\\/dmcsrb.com\\\/?s={search_term_string}\"},\"query-input\":{\"@type\":\"PropertyValueSpecification\",\"valueRequired\":true,\"valueName\":\"search_term_string\"}}],\"inLanguage\":\"en-GB\"},{\"@type\":\"Person\",\"@id\":\"https:\\\/\\\/dmcsrb.com\\\/#\\\/schema\\\/person\\\/5c39170f12db1b8b457732d0b5c854e2\",\"name\":\"dmcsrbija.com@gmail.com\",\"image\":{\"@type\":\"ImageObject\",\"inLanguage\":\"en-GB\",\"@id\":\"https:\\\/\\\/secure.gravatar.com\\\/avatar\\\/68592660ad6347fad0fb587f8d5d8f1a7b44961362f56e4f2cd524feb87e9069?s=96&d=mm&r=g\",\"url\":\"https:\\\/\\\/secure.gravatar.com\\\/avatar\\\/68592660ad6347fad0fb587f8d5d8f1a7b44961362f56e4f2cd524feb87e9069?s=96&d=mm&r=g\",\"contentUrl\":\"https:\\\/\\\/secure.gravatar.com\\\/avatar\\\/68592660ad6347fad0fb587f8d5d8f1a7b44961362f56e4f2cd524feb87e9069?s=96&d=mm&r=g\",\"caption\":\"dmcsrbija.com@gmail.com\"},\"sameAs\":[\"https:\\\/\\\/dmcsrb.com\"],\"url\":\"https:\\\/\\\/dmcsrb.com\\\/en\\\/author\\\/dmcsrbija-comgmail-com\\\/\"}]}<\/script>\n<!-- \/ Yoast SEO plugin. -->","yoast_head_json":{"title":"Klupko se odmotava: Hap\u0161enja policajaca i mre\u017ea oko Belivuka i Miljkovi\u0107a - dmcsrb.com","robots":{"index":"index","follow":"follow","max-snippet":"max-snippet:-1","max-image-preview":"max-image-preview:large","max-video-preview":"max-video-preview:-1"},"canonical":"https:\/\/dmcsrb.com\/en\/hronika\/klupko-se-odmotava-hapsenja-policajaca-i-mreza-oko-belivuka-i-miljkovica-2\/","og_locale":"en_GB","og_type":"article","og_title":"Klupko se odmotava: Hap\u0161enja policajaca i mre\u017ea oko Belivuka i Miljkovi\u0107a - dmcsrb.com","og_description":"Biv\u0161i pomo\u0107nik direktora policije Dejan Kne\u017eevi\u0107, nekada\u0161nji \u0161ef odsjeka za suzbijanje te\u0161kih krivi\u010dnih djela Milorad \u017di\u017ei\u0107 i raniji funkcioner policije Aleksandar Bo\u0161kovi\u0107 uhap\u0161eni su, a nakon saslu\u0161anja u Vi\u0161em sudu odre\u0111en im je ku\u0107ni pritvor zbog skidanja zabrane ulaska Veljku Belivuku i Marku Miljkovi\u0107u 2020. godine. Potpredsjednik Vlade Momo Koprivica ranije je iznio podatke o umije\u0161anosti vi\u0161e policijskih \u010delnika u ovaj slu\u010daj, nakon \u010dega je uhap\u0161en i biv\u0161i policijski funkcioner Zoran Lazovi\u0107.","og_url":"https:\/\/dmcsrb.com\/en\/hronika\/klupko-se-odmotava-hapsenja-policajaca-i-mreza-oko-belivuka-i-miljkovica-2\/","og_site_name":"dmcsrb.com","article_published_time":"2025-12-02T05:52:00+00:00","og_image":[{"width":900,"height":600,"url":"https:\/\/dmcsrb.com\/wp-content\/uploads\/2026\/01\/Nenaslovljeni_dizajn_2_600x900.png","type":"image\/png"}],"author":"dmcsrbija.com@gmail.com","twitter_card":"summary_large_image","twitter_misc":{"Written by":"dmcsrbija.com@gmail.com","Estimated reading time":"5 minutes"},"schema":{"@context":"https:\/\/schema.org","@graph":[{"@type":"Article","@id":"https:\/\/dmcsrb.com\/hronika\/klupko-se-odmotava-hapsenja-policajaca-i-mreza-oko-belivuka-i-miljkovica-2\/#article","isPartOf":{"@id":"https:\/\/dmcsrb.com\/hronika\/klupko-se-odmotava-hapsenja-policajaca-i-mreza-oko-belivuka-i-miljkovica-2\/"},"author":{"name":"dmcsrbija.com@gmail.com","@id":"https:\/\/dmcsrb.com\/#\/schema\/person\/5c39170f12db1b8b457732d0b5c854e2"},"headline":"Klupko se odmotava: Hap\u0161enja policajaca i mre\u017ea oko Belivuka i Miljkovi\u0107a","datePublished":"2025-12-02T05:52:00+00:00","mainEntityOfPage":{"@id":"https:\/\/dmcsrb.com\/hronika\/klupko-se-odmotava-hapsenja-policajaca-i-mreza-oko-belivuka-i-miljkovica-2\/"},"wordCount":977,"commentCount":0,"image":{"@id":"https:\/\/dmcsrb.com\/hronika\/klupko-se-odmotava-hapsenja-policajaca-i-mreza-oko-belivuka-i-miljkovica-2\/#primaryimage"},"thumbnailUrl":"https:\/\/dmcsrb.com\/wp-content\/uploads\/2026\/01\/Nenaslovljeni_dizajn_2_600x900.png","keywords":["Hap\u0161enje policajaca","klupko","Marko Miljkovi\u0107","mRE\u017dA","Veljko Belivuk"],"articleSection":["Hronika"],"inLanguage":"en-GB","potentialAction":[{"@type":"CommentAction","name":"Comment","target":["https:\/\/dmcsrb.com\/hronika\/klupko-se-odmotava-hapsenja-policajaca-i-mreza-oko-belivuka-i-miljkovica-2\/#respond"]}]},{"@type":"WebPage","@id":"https:\/\/dmcsrb.com\/hronika\/klupko-se-odmotava-hapsenja-policajaca-i-mreza-oko-belivuka-i-miljkovica-2\/","url":"https:\/\/dmcsrb.com\/hronika\/klupko-se-odmotava-hapsenja-policajaca-i-mreza-oko-belivuka-i-miljkovica-2\/","name":"Klupko se odmotava: Hap\u0161enja policajaca i mre\u017ea oko Belivuka i Miljkovi\u0107a - dmcsrb.com","isPartOf":{"@id":"https:\/\/dmcsrb.com\/#website"},"primaryImageOfPage":{"@id":"https:\/\/dmcsrb.com\/hronika\/klupko-se-odmotava-hapsenja-policajaca-i-mreza-oko-belivuka-i-miljkovica-2\/#primaryimage"},"image":{"@id":"https:\/\/dmcsrb.com\/hronika\/klupko-se-odmotava-hapsenja-policajaca-i-mreza-oko-belivuka-i-miljkovica-2\/#primaryimage"},"thumbnailUrl":"https:\/\/dmcsrb.com\/wp-content\/uploads\/2026\/01\/Nenaslovljeni_dizajn_2_600x900.png","datePublished":"2025-12-02T05:52:00+00:00","author":{"@id":"https:\/\/dmcsrb.com\/#\/schema\/person\/5c39170f12db1b8b457732d0b5c854e2"},"breadcrumb":{"@id":"https:\/\/dmcsrb.com\/hronika\/klupko-se-odmotava-hapsenja-policajaca-i-mreza-oko-belivuka-i-miljkovica-2\/#breadcrumb"},"inLanguage":"en-GB","potentialAction":[{"@type":"ReadAction","target":["https:\/\/dmcsrb.com\/hronika\/klupko-se-odmotava-hapsenja-policajaca-i-mreza-oko-belivuka-i-miljkovica-2\/"]}]},{"@type":"ImageObject","inLanguage":"en-GB","@id":"https:\/\/dmcsrb.com\/hronika\/klupko-se-odmotava-hapsenja-policajaca-i-mreza-oko-belivuka-i-miljkovica-2\/#primaryimage","url":"https:\/\/dmcsrb.com\/wp-content\/uploads\/2026\/01\/Nenaslovljeni_dizajn_2_600x900.png","contentUrl":"https:\/\/dmcsrb.com\/wp-content\/uploads\/2026\/01\/Nenaslovljeni_dizajn_2_600x900.png","width":900,"height":600},{"@type":"BreadcrumbList","@id":"https:\/\/dmcsrb.com\/hronika\/klupko-se-odmotava-hapsenja-policajaca-i-mreza-oko-belivuka-i-miljkovica-2\/#breadcrumb","itemListElement":[{"@type":"ListItem","position":1,"name":"Home","item":"https:\/\/dmcsrb.com\/"},{"@type":"ListItem","position":2,"name":"Klupko se odmotava: Hap\u0161enja policajaca i mre\u017ea oko Belivuka i Miljkovi\u0107a"}]},{"@type":"WebSite","@id":"https:\/\/dmcsrb.com\/#website","url":"https:\/\/dmcsrb.com\/","name":"dmcsrb.com","description":"","potentialAction":[{"@type":"SearchAction","target":{"@type":"EntryPoint","urlTemplate":"https:\/\/dmcsrb.com\/?s={search_term_string}"},"query-input":{"@type":"PropertyValueSpecification","valueRequired":true,"valueName":"search_term_string"}}],"inLanguage":"en-GB"},{"@type":"Person","@id":"https:\/\/dmcsrb.com\/#\/schema\/person\/5c39170f12db1b8b457732d0b5c854e2","name":"dmcsrbija.com@gmail.com","image":{"@type":"ImageObject","inLanguage":"en-GB","@id":"https:\/\/secure.gravatar.com\/avatar\/68592660ad6347fad0fb587f8d5d8f1a7b44961362f56e4f2cd524feb87e9069?s=96&d=mm&r=g","url":"https:\/\/secure.gravatar.com\/avatar\/68592660ad6347fad0fb587f8d5d8f1a7b44961362f56e4f2cd524feb87e9069?s=96&d=mm&r=g","contentUrl":"https:\/\/secure.gravatar.com\/avatar\/68592660ad6347fad0fb587f8d5d8f1a7b44961362f56e4f2cd524feb87e9069?s=96&d=mm&r=g","caption":"dmcsrbija.com@gmail.com"},"sameAs":["https:\/\/dmcsrb.com"],"url":"https:\/\/dmcsrb.com\/en\/author\/dmcsrbija-comgmail-com\/"}]}},"_links":{"self":[{"href":"https:\/\/dmcsrb.com\/en\/wp-json\/wp\/v2\/posts\/911255","targetHints":{"allow":["GET"]}}],"collection":[{"href":"https:\/\/dmcsrb.com\/en\/wp-json\/wp\/v2\/posts"}],"about":[{"href":"https:\/\/dmcsrb.com\/en\/wp-json\/wp\/v2\/types\/post"}],"author":[{"embeddable":true,"href":"https:\/\/dmcsrb.com\/en\/wp-json\/wp\/v2\/users\/1"}],"replies":[{"embeddable":true,"href":"https:\/\/dmcsrb.com\/en\/wp-json\/wp\/v2\/comments?post=911255"}],"version-history":[{"count":0,"href":"https:\/\/dmcsrb.com\/en\/wp-json\/wp\/v2\/posts\/911255\/revisions"}],"wp:featuredmedia":[{"embeddable":true,"href":"https:\/\/dmcsrb.com\/en\/wp-json\/wp\/v2\/media\/909058"}],"wp:attachment":[{"href":"https:\/\/dmcsrb.com\/en\/wp-json\/wp\/v2\/media?parent=911255"}],"wp:term":[{"taxonomy":"category","embeddable":true,"href":"https:\/\/dmcsrb.com\/en\/wp-json\/wp\/v2\/categories?post=911255"},{"taxonomy":"post_tag","embeddable":true,"href":"https:\/\/dmcsrb.com\/en\/wp-json\/wp\/v2\/tags?post=911255"},{"taxonomy":"naslovna","embeddable":true,"href":"https:\/\/dmcsrb.com\/en\/wp-json\/wp\/v2\/naslovna?post=911255"}],"curies":[{"name":"wp","href":"https:\/\/api.w.org\/{rel}","templated":true}]}}