{"id":911225,"date":"2025-12-01T17:52:00","date_gmt":"2025-12-01T16:52:00","guid":{"rendered":"https:\/\/dmcsrb.com\/uncategorized\/vojinovic-imenovana-za-ambasadorku-wpl-a-2\/"},"modified":"2025-12-01T17:52:00","modified_gmt":"2025-12-01T16:52:00","slug":"vojinovic-imenovana-za-ambasadorku-wpl-a-2","status":"publish","type":"post","link":"https:\/\/dmcsrb.com\/en\/politika\/vojinovic-imenovana-za-ambasadorku-wpl-a-2\/","title":{"rendered":"Vojinovi\u0107 imenovana za ambasadorku WPL-a"},"content":{"rendered":"<p><\/p>\n\n\n\n<p>Predsjednica i osniva\u010dica WPL-a<strong>&nbsp;Silvana Koh-Merin<\/strong>&nbsp;naglasila je, kako navode, da \u0107e \u201ciskustvo poslanice Vojinovi\u0107, zajedno sa njenom posve\u0107eno\u0161\u0107u ciljevima i misiji Women Political Leaders (WPL), predstavljati zna\u010dajan doprinos organizaciji.\u201c<\/p>\n\n\n\n<p>Ona je, ka\u017eu, istakla da je Vojinovi\u0107 izuzetan predstavnik nove generacije \u017eena politi\u010dkih liderki u Crnoj Gori.<\/p>\n\n\n\n<p>\u201cNjena posve\u0107enost, profesionalizam, obrazovanje, poznavanje stranih jezika i predanost unapre\u0111enju demokratskih vrijednosti i rodne ravnopravnosti izdvajaju je kao izvanredan izbor za ovu va\u017enu ulogu. Uvjeren\u0430 sam da \u0107e njen integritet, sna\u017ena stru\u010dnost u oblastima javnih politika i proaktivan anga\u017eman u parlamentarnom radu doprinijeti misiji WPL-a i me\u0111unarodnom dijalogu me\u0111u \u017eenama liderkama\u201d, poru\u010dila je Koh-Merin.<\/p>\n\n\n\n<p>Ona je podsjetila da je Crna Gora, kao doma\u0107in nedavno odr\u017eanog WPL Samita, pokazala sna\u017enu posve\u0107enost unapre\u0111enju uloge \u017eena u politici i ja\u010danju me\u0111unarodne saradnje, te da imenovanje poslanice Vojinovi\u0107 dodatno potvr\u0111uje taj iskorak.<\/p>\n\n\n\n<p>Imenovanjem Vojinovi\u0107, zaklju\u010duju, Crna Gora dobija novu predstavnicu u globalnoj mre\u017ei \u017eena liderki, prepoznatoj po unapre\u0111enju politi\u010dkog u\u010de\u0161\u0107a \u017eena, promociji rodne ravnopravnosti i ja\u010danju demokratskih procesa \u0161irom svijeta.<\/p>","protected":false},"excerpt":{"rendered":"<p>Poslanica Demokrata\u00a0An\u0111ela Vojinovi\u0107\u00a0imenovana je za ambasadorku Women Political Leaders (WPL) za Crnu Goru, saop\u0161teno je iz Skup\u0161tine Crne Gore.<\/p>","protected":false},"author":1,"featured_media":909003,"comment_status":"open","ping_status":"open","sticky":false,"template":"","format":"standard","meta":{"_acf_changed":false,"footnotes":""},"categories":[12],"tags":[229,230],"naslovna":[],"class_list":["post-911225","post","type-post","status-publish","format-standard","has-post-thumbnail","hentry","category-politika","tag-andjela-vojinovic","tag-wpl"],"acf":[],"yoast_head":"<!-- This site is optimized with the Yoast SEO plugin v27.0 - https:\/\/yoast.com\/product\/yoast-seo-wordpress\/ -->\n<title>Vojinovi\u0107 imenovana za ambasadorku WPL-a - dmcsrb.com<\/title>\n<meta name=\"robots\" content=\"index, follow, max-snippet:-1, max-image-preview:large, max-video-preview:-1\" \/>\n<link rel=\"canonical\" href=\"https:\/\/dmcsrb.com\/en\/politika\/vojinovic-imenovana-za-ambasadorku-wpl-a-2\/\" \/>\n<meta property=\"og:locale\" content=\"en_GB\" \/>\n<meta property=\"og:type\" content=\"article\" \/>\n<meta property=\"og:title\" content=\"Vojinovi\u0107 imenovana za ambasadorku WPL-a - dmcsrb.com\" \/>\n<meta property=\"og:description\" content=\"Poslanica Demokrata\u00a0An\u0111ela Vojinovi\u0107\u00a0imenovana je za ambasadorku Women Political Leaders (WPL) za Crnu Goru, saop\u0161teno je iz Skup\u0161tine Crne Gore.\" \/>\n<meta property=\"og:url\" content=\"https:\/\/dmcsrb.com\/en\/politika\/vojinovic-imenovana-za-ambasadorku-wpl-a-2\/\" \/>\n<meta property=\"og:site_name\" content=\"dmcsrb.com\" \/>\n<meta property=\"article:published_time\" content=\"2025-12-01T16:52:00+00:00\" \/>\n<meta property=\"og:image\" content=\"https:\/\/dmcsrb.com\/wp-content\/uploads\/2026\/01\/Andjela-Vojinovic-Demokrate.jpg\" \/>\n\t<meta property=\"og:image:width\" content=\"1600\" \/>\n\t<meta property=\"og:image:height\" content=\"1067\" \/>\n\t<meta property=\"og:image:type\" content=\"image\/jpeg\" \/>\n<meta name=\"author\" content=\"dmcsrbija.com@gmail.com\" \/>\n<meta name=\"twitter:card\" content=\"summary_large_image\" \/>\n<meta name=\"twitter:label1\" content=\"Written by\" \/>\n\t<meta name=\"twitter:data1\" content=\"dmcsrbija.com@gmail.com\" \/>\n\t<meta name=\"twitter:label2\" content=\"Estimated reading time\" \/>\n\t<meta name=\"twitter:data2\" content=\"1 minute\" \/>\n<script type=\"application\/ld+json\" class=\"yoast-schema-graph\">{\"@context\":\"https:\/\/schema.org\",\"@graph\":[{\"@type\":\"Article\",\"@id\":\"https:\/\/dmcsrb.com\/politika\/vojinovic-imenovana-za-ambasadorku-wpl-a-2\/#article\",\"isPartOf\":{\"@id\":\"https:\/\/dmcsrb.com\/politika\/vojinovic-imenovana-za-ambasadorku-wpl-a-2\/\"},\"author\":{\"name\":\"dmcsrbija.com@gmail.com\",\"@id\":\"https:\/\/dmcsrb.com\/#\/schema\/person\/5c39170f12db1b8b457732d0b5c854e2\"},\"headline\":\"Vojinovi\u0107 imenovana za ambasadorku WPL-a\",\"datePublished\":\"2025-12-01T16:52:00+00:00\",\"mainEntityOfPage\":{\"@id\":\"https:\/\/dmcsrb.com\/politika\/vojinovic-imenovana-za-ambasadorku-wpl-a-2\/\"},\"wordCount\":205,\"commentCount\":0,\"image\":{\"@id\":\"https:\/\/dmcsrb.com\/politika\/vojinovic-imenovana-za-ambasadorku-wpl-a-2\/#primaryimage\"},\"thumbnailUrl\":\"https:\/\/dmcsrb.com\/wp-content\/uploads\/2026\/01\/Andjela-Vojinovic-Demokrate.jpg\",\"keywords\":[\"An\u0111ela Vojinovi\u0107\",\"WPL\"],\"articleSection\":[\"Politika\"],\"inLanguage\":\"en-GB\",\"potentialAction\":[{\"@type\":\"CommentAction\",\"name\":\"Comment\",\"target\":[\"https:\/\/dmcsrb.com\/politika\/vojinovic-imenovana-za-ambasadorku-wpl-a-2\/#respond\"]}]},{\"@type\":\"WebPage\",\"@id\":\"https:\/\/dmcsrb.com\/politika\/vojinovic-imenovana-za-ambasadorku-wpl-a-2\/\",\"url\":\"https:\/\/dmcsrb.com\/politika\/vojinovic-imenovana-za-ambasadorku-wpl-a-2\/\",\"name\":\"Vojinovi\u0107 imenovana za ambasadorku WPL-a - dmcsrb.com\",\"isPartOf\":{\"@id\":\"https:\/\/dmcsrb.com\/#website\"},\"primaryImageOfPage\":{\"@id\":\"https:\/\/dmcsrb.com\/politika\/vojinovic-imenovana-za-ambasadorku-wpl-a-2\/#primaryimage\"},\"image\":{\"@id\":\"https:\/\/dmcsrb.com\/politika\/vojinovic-imenovana-za-ambasadorku-wpl-a-2\/#primaryimage\"},\"thumbnailUrl\":\"https:\/\/dmcsrb.com\/wp-content\/uploads\/2026\/01\/Andjela-Vojinovic-Demokrate.jpg\",\"datePublished\":\"2025-12-01T16:52:00+00:00\",\"author\":{\"@id\":\"https:\/\/dmcsrb.com\/#\/schema\/person\/5c39170f12db1b8b457732d0b5c854e2\"},\"breadcrumb\":{\"@id\":\"https:\/\/dmcsrb.com\/politika\/vojinovic-imenovana-za-ambasadorku-wpl-a-2\/#breadcrumb\"},\"inLanguage\":\"en-GB\",\"potentialAction\":[{\"@type\":\"ReadAction\",\"target\":[\"https:\/\/dmcsrb.com\/politika\/vojinovic-imenovana-za-ambasadorku-wpl-a-2\/\"]}]},{\"@type\":\"ImageObject\",\"inLanguage\":\"en-GB\",\"@id\":\"https:\/\/dmcsrb.com\/politika\/vojinovic-imenovana-za-ambasadorku-wpl-a-2\/#primaryimage\",\"url\":\"https:\/\/dmcsrb.com\/wp-content\/uploads\/2026\/01\/Andjela-Vojinovic-Demokrate.jpg\",\"contentUrl\":\"https:\/\/dmcsrb.com\/wp-content\/uploads\/2026\/01\/Andjela-Vojinovic-Demokrate.jpg\",\"width\":1600,\"height\":1067},{\"@type\":\"BreadcrumbList\",\"@id\":\"https:\/\/dmcsrb.com\/politika\/vojinovic-imenovana-za-ambasadorku-wpl-a-2\/#breadcrumb\",\"itemListElement\":[{\"@type\":\"ListItem\",\"position\":1,\"name\":\"Home\",\"item\":\"https:\/\/dmcsrb.com\/\"},{\"@type\":\"ListItem\",\"position\":2,\"name\":\"Vojinovi\u0107 imenovana za ambasadorku WPL-a\"}]},{\"@type\":\"WebSite\",\"@id\":\"https:\/\/dmcsrb.com\/#website\",\"url\":\"https:\/\/dmcsrb.com\/\",\"name\":\"dmcsrb.com\",\"description\":\"\",\"potentialAction\":[{\"@type\":\"SearchAction\",\"target\":{\"@type\":\"EntryPoint\",\"urlTemplate\":\"https:\/\/dmcsrb.com\/?s={search_term_string}\"},\"query-input\":{\"@type\":\"PropertyValueSpecification\",\"valueRequired\":true,\"valueName\":\"search_term_string\"}}],\"inLanguage\":\"en-GB\"},{\"@type\":\"Person\",\"@id\":\"https:\/\/dmcsrb.com\/#\/schema\/person\/5c39170f12db1b8b457732d0b5c854e2\",\"name\":\"dmcsrbija.com@gmail.com\",\"image\":{\"@type\":\"ImageObject\",\"inLanguage\":\"en-GB\",\"@id\":\"https:\/\/dmcsrb.com\/#\/schema\/person\/image\/\",\"url\":\"https:\/\/secure.gravatar.com\/avatar\/68592660ad6347fad0fb587f8d5d8f1a7b44961362f56e4f2cd524feb87e9069?s=96&d=mm&r=g\",\"contentUrl\":\"https:\/\/secure.gravatar.com\/avatar\/68592660ad6347fad0fb587f8d5d8f1a7b44961362f56e4f2cd524feb87e9069?s=96&d=mm&r=g\",\"caption\":\"dmcsrbija.com@gmail.com\"},\"sameAs\":[\"https:\/\/dmcsrb.com\"],\"url\":\"https:\/\/dmcsrb.com\/en\/author\/dmcsrbija-comgmail-com\/\"}]}<\/script>\n<!-- \/ Yoast SEO plugin. -->","yoast_head_json":{"title":"Vojinovi\u0107 imenovana za ambasadorku WPL-a - dmcsrb.com","robots":{"index":"index","follow":"follow","max-snippet":"max-snippet:-1","max-image-preview":"max-image-preview:large","max-video-preview":"max-video-preview:-1"},"canonical":"https:\/\/dmcsrb.com\/en\/politika\/vojinovic-imenovana-za-ambasadorku-wpl-a-2\/","og_locale":"en_GB","og_type":"article","og_title":"Vojinovi\u0107 imenovana za ambasadorku WPL-a - dmcsrb.com","og_description":"Poslanica Demokrata\u00a0An\u0111ela Vojinovi\u0107\u00a0imenovana je za ambasadorku Women Political Leaders (WPL) za Crnu Goru, saop\u0161teno je iz Skup\u0161tine Crne Gore.","og_url":"https:\/\/dmcsrb.com\/en\/politika\/vojinovic-imenovana-za-ambasadorku-wpl-a-2\/","og_site_name":"dmcsrb.com","article_published_time":"2025-12-01T16:52:00+00:00","og_image":[{"width":1600,"height":1067,"url":"https:\/\/dmcsrb.com\/wp-content\/uploads\/2026\/01\/Andjela-Vojinovic-Demokrate.jpg","type":"image\/jpeg"}],"author":"dmcsrbija.com@gmail.com","twitter_card":"summary_large_image","twitter_misc":{"Written by":"dmcsrbija.com@gmail.com","Estimated reading time":"1 minute"},"schema":{"@context":"https:\/\/schema.org","@graph":[{"@type":"Article","@id":"https:\/\/dmcsrb.com\/politika\/vojinovic-imenovana-za-ambasadorku-wpl-a-2\/#article","isPartOf":{"@id":"https:\/\/dmcsrb.com\/politika\/vojinovic-imenovana-za-ambasadorku-wpl-a-2\/"},"author":{"name":"dmcsrbija.com@gmail.com","@id":"https:\/\/dmcsrb.com\/#\/schema\/person\/5c39170f12db1b8b457732d0b5c854e2"},"headline":"Vojinovi\u0107 imenovana za ambasadorku WPL-a","datePublished":"2025-12-01T16:52:00+00:00","mainEntityOfPage":{"@id":"https:\/\/dmcsrb.com\/politika\/vojinovic-imenovana-za-ambasadorku-wpl-a-2\/"},"wordCount":205,"commentCount":0,"image":{"@id":"https:\/\/dmcsrb.com\/politika\/vojinovic-imenovana-za-ambasadorku-wpl-a-2\/#primaryimage"},"thumbnailUrl":"https:\/\/dmcsrb.com\/wp-content\/uploads\/2026\/01\/Andjela-Vojinovic-Demokrate.jpg","keywords":["An\u0111ela Vojinovi\u0107","WPL"],"articleSection":["Politika"],"inLanguage":"en-GB","potentialAction":[{"@type":"CommentAction","name":"Comment","target":["https:\/\/dmcsrb.com\/politika\/vojinovic-imenovana-za-ambasadorku-wpl-a-2\/#respond"]}]},{"@type":"WebPage","@id":"https:\/\/dmcsrb.com\/politika\/vojinovic-imenovana-za-ambasadorku-wpl-a-2\/","url":"https:\/\/dmcsrb.com\/politika\/vojinovic-imenovana-za-ambasadorku-wpl-a-2\/","name":"Vojinovi\u0107 imenovana za ambasadorku WPL-a - dmcsrb.com","isPartOf":{"@id":"https:\/\/dmcsrb.com\/#website"},"primaryImageOfPage":{"@id":"https:\/\/dmcsrb.com\/politika\/vojinovic-imenovana-za-ambasadorku-wpl-a-2\/#primaryimage"},"image":{"@id":"https:\/\/dmcsrb.com\/politika\/vojinovic-imenovana-za-ambasadorku-wpl-a-2\/#primaryimage"},"thumbnailUrl":"https:\/\/dmcsrb.com\/wp-content\/uploads\/2026\/01\/Andjela-Vojinovic-Demokrate.jpg","datePublished":"2025-12-01T16:52:00+00:00","author":{"@id":"https:\/\/dmcsrb.com\/#\/schema\/person\/5c39170f12db1b8b457732d0b5c854e2"},"breadcrumb":{"@id":"https:\/\/dmcsrb.com\/politika\/vojinovic-imenovana-za-ambasadorku-wpl-a-2\/#breadcrumb"},"inLanguage":"en-GB","potentialAction":[{"@type":"ReadAction","target":["https:\/\/dmcsrb.com\/politika\/vojinovic-imenovana-za-ambasadorku-wpl-a-2\/"]}]},{"@type":"ImageObject","inLanguage":"en-GB","@id":"https:\/\/dmcsrb.com\/politika\/vojinovic-imenovana-za-ambasadorku-wpl-a-2\/#primaryimage","url":"https:\/\/dmcsrb.com\/wp-content\/uploads\/2026\/01\/Andjela-Vojinovic-Demokrate.jpg","contentUrl":"https:\/\/dmcsrb.com\/wp-content\/uploads\/2026\/01\/Andjela-Vojinovic-Demokrate.jpg","width":1600,"height":1067},{"@type":"BreadcrumbList","@id":"https:\/\/dmcsrb.com\/politika\/vojinovic-imenovana-za-ambasadorku-wpl-a-2\/#breadcrumb","itemListElement":[{"@type":"ListItem","position":1,"name":"Home","item":"https:\/\/dmcsrb.com\/"},{"@type":"ListItem","position":2,"name":"Vojinovi\u0107 imenovana za ambasadorku WPL-a"}]},{"@type":"WebSite","@id":"https:\/\/dmcsrb.com\/#website","url":"https:\/\/dmcsrb.com\/","name":"dmcsrb.com","description":"","potentialAction":[{"@type":"SearchAction","target":{"@type":"EntryPoint","urlTemplate":"https:\/\/dmcsrb.com\/?s={search_term_string}"},"query-input":{"@type":"PropertyValueSpecification","valueRequired":true,"valueName":"search_term_string"}}],"inLanguage":"en-GB"},{"@type":"Person","@id":"https:\/\/dmcsrb.com\/#\/schema\/person\/5c39170f12db1b8b457732d0b5c854e2","name":"dmcsrbija.com@gmail.com","image":{"@type":"ImageObject","inLanguage":"en-GB","@id":"https:\/\/dmcsrb.com\/#\/schema\/person\/image\/","url":"https:\/\/secure.gravatar.com\/avatar\/68592660ad6347fad0fb587f8d5d8f1a7b44961362f56e4f2cd524feb87e9069?s=96&d=mm&r=g","contentUrl":"https:\/\/secure.gravatar.com\/avatar\/68592660ad6347fad0fb587f8d5d8f1a7b44961362f56e4f2cd524feb87e9069?s=96&d=mm&r=g","caption":"dmcsrbija.com@gmail.com"},"sameAs":["https:\/\/dmcsrb.com"],"url":"https:\/\/dmcsrb.com\/en\/author\/dmcsrbija-comgmail-com\/"}]}},"_links":{"self":[{"href":"https:\/\/dmcsrb.com\/en\/wp-json\/wp\/v2\/posts\/911225","targetHints":{"allow":["GET"]}}],"collection":[{"href":"https:\/\/dmcsrb.com\/en\/wp-json\/wp\/v2\/posts"}],"about":[{"href":"https:\/\/dmcsrb.com\/en\/wp-json\/wp\/v2\/types\/post"}],"author":[{"embeddable":true,"href":"https:\/\/dmcsrb.com\/en\/wp-json\/wp\/v2\/users\/1"}],"replies":[{"embeddable":true,"href":"https:\/\/dmcsrb.com\/en\/wp-json\/wp\/v2\/comments?post=911225"}],"version-history":[{"count":0,"href":"https:\/\/dmcsrb.com\/en\/wp-json\/wp\/v2\/posts\/911225\/revisions"}],"wp:featuredmedia":[{"embeddable":true,"href":"https:\/\/dmcsrb.com\/en\/wp-json\/wp\/v2\/media\/909003"}],"wp:attachment":[{"href":"https:\/\/dmcsrb.com\/en\/wp-json\/wp\/v2\/media?parent=911225"}],"wp:term":[{"taxonomy":"category","embeddable":true,"href":"https:\/\/dmcsrb.com\/en\/wp-json\/wp\/v2\/categories?post=911225"},{"taxonomy":"post_tag","embeddable":true,"href":"https:\/\/dmcsrb.com\/en\/wp-json\/wp\/v2\/tags?post=911225"},{"taxonomy":"naslovna","embeddable":true,"href":"https:\/\/dmcsrb.com\/en\/wp-json\/wp\/v2\/naslovna?post=911225"}],"curies":[{"name":"wp","href":"https:\/\/api.w.org\/{rel}","templated":true}]}}