{"id":911142,"date":"2025-12-01T09:36:00","date_gmt":"2025-12-01T08:36:00","guid":{"rendered":"https:\/\/dmcsrb.com\/uncategorized\/matica-crnogorska-izlozba-kult-blazene-ozane-kotorke-3-decembra-u-herceg-novom-2\/"},"modified":"2025-12-01T09:36:00","modified_gmt":"2025-12-01T08:36:00","slug":"matica-crnogorska-izlozba-kult-blazene-ozane-kotorke-3-decembra-u-herceg-novom-2","status":"publish","type":"post","link":"https:\/\/dmcsrb.com\/en\/kultura\/matica-crnogorska-izlozba-kult-blazene-ozane-kotorke-3-decembra-u-herceg-novom-2\/","title":{"rendered":"Matica crnogorska: Izlo\u017eba \u201cKult Bla\u017eene Ozane Kotorke\u201d 3. decembra u Herceg Novom"},"content":{"rendered":"<p><\/p>\n\n\n\n<p>Izlo\u017ebu \u0107e otvoriti predsjednik Matice crnogorske Ivan Jovovi\u0107, a o kultu crnogorske svetice govori\u0107e i istori\u010darka umjetnosti Radojka Abramovi\u0107, koautorka kataloga.<\/p>\n\n\n\n<p>U muzi\u010dkom dijelu programa \u0107e nastupiti klarinetistkinja prof. Lara Bubanja i pijanista prof. \u0110uro Poznanovi\u0107 koji \u0107e izvesti dvije ranobarokne kompozicije.<\/p>\n\n\n\n<p>Izlo\u017eba \u201eKult Bla\u017eene Ozane Kotorke\u201c na crnogorskom i engleskom jeziku, na 23 ilustrovana panoa dimenzija 70 x 100 cm, prikazuje \u017eivot i duhovnu izuzetnost crnogorske \u010dudotvorke i svetice Bla\u017eene Ozane rodom iz Lje\u0161anske nahije. Katarina Kosi\u0107 (prema nekim predanjima Jovana \u0110ujovi\u0107), ro\u0111ena 25. novembra 1493. godine, u svojoj 14. godini dolazi u Kotor gdje po\u010dinje da slu\u017ei u ku\u0107i kotorskog plemi\u0107a, vije\u0107nika i sudije Aleksandra Bu\u0107e i njegove \u017eene Marine (ro\u0111ene Bizanti).<\/p>\n\n\n\n<p>Nakon sedam godina, 1515, pri\u0161la je tre\u0107em redu svetog Dominika kad je i polo\u017eila zavjet siroma\u0161tva, \u010distote i poslu\u0161nosti i promijenila svoje kr\u0161teno ime u Ozana. Plemenitosti i posve\u0107enosti Bla\u017eene Ozane Kotorke koja je brinula o siroma\u0161nima, vremenom su dodata i brojna \u010dudotvorstva. Provela je pedeset i dvije godine stroge pokore, a preminula je 1565. godine u 72. godini \u017eivota. Papa Pije XI je 1927. godine dozvolio javno i crkveno po\u0161tovanje Bla\u017eene Ozane Kotorke, \u010dime je ova crnogorska pastirica, kotorska slu\u017eavka i dominikanska tre\u0107oretkinja, postala prva katoli\u010dka ju\u017enoslovenska bla\u017eenica.<\/p>\n\n\n\n<p>Izlo\u017ebu prati i katalog na 104 strane. Autorke teksta su Radojka Abramovi\u0107 i nedavno preminula predsjednica Ogranka Kotor Matice crnogorske Mileva Pejakovi\u0107-Vujo\u0161evi\u0107 koja je i inicijator ovog projekta. Na realizaciji izlo\u017ebe \u201eKult Bla\u017eene Ozane Kotorke\u201c sara\u0111ivali su i Jasna Jekni\u0107-Stijovi\u0107 i Slavko Dabinovi\u0107. Izlo\u017ebu i katalog grafi\u010dki je oblikovala Suzana Pajovi\u0107, profesorica Fakulteta likovnih umjetnosti UCG.<\/p>","protected":false},"excerpt":{"rendered":"<p>Izlo\u017eba \u201eKult Bla\u017eene Ozane Kotorke\u201c koju je priredila Matica crnogorska bi\u0107e otvorena u srijedu, 3. decembra u 18 sati u prostorijama Matice crnogorske u Herceg Novom (Njego\u0161eva 47).<\/p>","protected":false},"author":1,"featured_media":908844,"comment_status":"open","ping_status":"open","sticky":false,"template":"","format":"standard","meta":{"_acf_changed":false,"footnotes":""},"categories":[50],"tags":[48,49,51],"naslovna":[],"class_list":["post-911142","post","type-post","status-publish","format-standard","has-post-thumbnail","hentry","category-kultura","tag-herceg-novi","tag-izlozba","tag-matica"],"acf":[],"yoast_head":"<!-- This site is optimized with the Yoast SEO plugin v27.0 - https:\/\/yoast.com\/product\/yoast-seo-wordpress\/ -->\n<title>Matica crnogorska: Izlo\u017eba \u201cKult Bla\u017eene Ozane Kotorke\u201d 3. decembra u Herceg Novom - dmcsrb.com<\/title>\n<meta name=\"robots\" content=\"index, follow, max-snippet:-1, max-image-preview:large, max-video-preview:-1\" \/>\n<link rel=\"canonical\" href=\"https:\/\/dmcsrb.com\/en\/kultura\/matica-crnogorska-izlozba-kult-blazene-ozane-kotorke-3-decembra-u-herceg-novom-2\/\" \/>\n<meta property=\"og:locale\" content=\"en_GB\" \/>\n<meta property=\"og:type\" content=\"article\" \/>\n<meta property=\"og:title\" content=\"Matica crnogorska: Izlo\u017eba \u201cKult Bla\u017eene Ozane Kotorke\u201d 3. decembra u Herceg Novom - dmcsrb.com\" \/>\n<meta property=\"og:description\" content=\"Izlo\u017eba \u201eKult Bla\u017eene Ozane Kotorke\u201c koju je priredila Matica crnogorska bi\u0107e otvorena u srijedu, 3. decembra u 18 sati u prostorijama Matice crnogorske u Herceg Novom (Njego\u0161eva 47).\" \/>\n<meta property=\"og:url\" content=\"https:\/\/dmcsrb.com\/en\/kultura\/matica-crnogorska-izlozba-kult-blazene-ozane-kotorke-3-decembra-u-herceg-novom-2\/\" \/>\n<meta property=\"og:site_name\" content=\"dmcsrb.com\" \/>\n<meta property=\"article:published_time\" content=\"2025-12-01T08:36:00+00:00\" \/>\n<meta property=\"og:image\" content=\"https:\/\/dmcsrb.com\/wp-content\/uploads\/2026\/01\/1002658645-1000x555-1.jpg\" \/>\n\t<meta property=\"og:image:width\" content=\"1000\" \/>\n\t<meta property=\"og:image:height\" content=\"555\" \/>\n\t<meta property=\"og:image:type\" content=\"image\/jpeg\" \/>\n<meta name=\"author\" content=\"dmcsrbija.com@gmail.com\" \/>\n<meta name=\"twitter:card\" content=\"summary_large_image\" \/>\n<meta name=\"twitter:label1\" content=\"Written by\" \/>\n\t<meta name=\"twitter:data1\" content=\"dmcsrbija.com@gmail.com\" \/>\n\t<meta name=\"twitter:label2\" content=\"Estimated reading time\" \/>\n\t<meta name=\"twitter:data2\" content=\"1 minute\" \/>\n<script type=\"application\/ld+json\" class=\"yoast-schema-graph\">{\"@context\":\"https:\/\/schema.org\",\"@graph\":[{\"@type\":\"Article\",\"@id\":\"https:\/\/dmcsrb.com\/kultura\/matica-crnogorska-izlozba-kult-blazene-ozane-kotorke-3-decembra-u-herceg-novom-2\/#article\",\"isPartOf\":{\"@id\":\"https:\/\/dmcsrb.com\/kultura\/matica-crnogorska-izlozba-kult-blazene-ozane-kotorke-3-decembra-u-herceg-novom-2\/\"},\"author\":{\"name\":\"dmcsrbija.com@gmail.com\",\"@id\":\"https:\/\/dmcsrb.com\/#\/schema\/person\/5c39170f12db1b8b457732d0b5c854e2\"},\"headline\":\"Matica crnogorska: Izlo\u017eba \u201cKult Bla\u017eene Ozane Kotorke\u201d 3. decembra u Herceg Novom\",\"datePublished\":\"2025-12-01T08:36:00+00:00\",\"mainEntityOfPage\":{\"@id\":\"https:\/\/dmcsrb.com\/kultura\/matica-crnogorska-izlozba-kult-blazene-ozane-kotorke-3-decembra-u-herceg-novom-2\/\"},\"wordCount\":302,\"commentCount\":0,\"image\":{\"@id\":\"https:\/\/dmcsrb.com\/kultura\/matica-crnogorska-izlozba-kult-blazene-ozane-kotorke-3-decembra-u-herceg-novom-2\/#primaryimage\"},\"thumbnailUrl\":\"https:\/\/dmcsrb.com\/wp-content\/uploads\/2026\/01\/1002658645-1000x555-1.jpg\",\"keywords\":[\"Herceg Novi\",\"izlo\u017eba\",\"matica\"],\"articleSection\":[\"Kultura\"],\"inLanguage\":\"en-GB\",\"potentialAction\":[{\"@type\":\"CommentAction\",\"name\":\"Comment\",\"target\":[\"https:\/\/dmcsrb.com\/kultura\/matica-crnogorska-izlozba-kult-blazene-ozane-kotorke-3-decembra-u-herceg-novom-2\/#respond\"]}]},{\"@type\":\"WebPage\",\"@id\":\"https:\/\/dmcsrb.com\/kultura\/matica-crnogorska-izlozba-kult-blazene-ozane-kotorke-3-decembra-u-herceg-novom-2\/\",\"url\":\"https:\/\/dmcsrb.com\/kultura\/matica-crnogorska-izlozba-kult-blazene-ozane-kotorke-3-decembra-u-herceg-novom-2\/\",\"name\":\"Matica crnogorska: Izlo\u017eba \u201cKult Bla\u017eene Ozane Kotorke\u201d 3. decembra u Herceg Novom - dmcsrb.com\",\"isPartOf\":{\"@id\":\"https:\/\/dmcsrb.com\/#website\"},\"primaryImageOfPage\":{\"@id\":\"https:\/\/dmcsrb.com\/kultura\/matica-crnogorska-izlozba-kult-blazene-ozane-kotorke-3-decembra-u-herceg-novom-2\/#primaryimage\"},\"image\":{\"@id\":\"https:\/\/dmcsrb.com\/kultura\/matica-crnogorska-izlozba-kult-blazene-ozane-kotorke-3-decembra-u-herceg-novom-2\/#primaryimage\"},\"thumbnailUrl\":\"https:\/\/dmcsrb.com\/wp-content\/uploads\/2026\/01\/1002658645-1000x555-1.jpg\",\"datePublished\":\"2025-12-01T08:36:00+00:00\",\"author\":{\"@id\":\"https:\/\/dmcsrb.com\/#\/schema\/person\/5c39170f12db1b8b457732d0b5c854e2\"},\"breadcrumb\":{\"@id\":\"https:\/\/dmcsrb.com\/kultura\/matica-crnogorska-izlozba-kult-blazene-ozane-kotorke-3-decembra-u-herceg-novom-2\/#breadcrumb\"},\"inLanguage\":\"en-GB\",\"potentialAction\":[{\"@type\":\"ReadAction\",\"target\":[\"https:\/\/dmcsrb.com\/kultura\/matica-crnogorska-izlozba-kult-blazene-ozane-kotorke-3-decembra-u-herceg-novom-2\/\"]}]},{\"@type\":\"ImageObject\",\"inLanguage\":\"en-GB\",\"@id\":\"https:\/\/dmcsrb.com\/kultura\/matica-crnogorska-izlozba-kult-blazene-ozane-kotorke-3-decembra-u-herceg-novom-2\/#primaryimage\",\"url\":\"https:\/\/dmcsrb.com\/wp-content\/uploads\/2026\/01\/1002658645-1000x555-1.jpg\",\"contentUrl\":\"https:\/\/dmcsrb.com\/wp-content\/uploads\/2026\/01\/1002658645-1000x555-1.jpg\",\"width\":1000,\"height\":555},{\"@type\":\"BreadcrumbList\",\"@id\":\"https:\/\/dmcsrb.com\/kultura\/matica-crnogorska-izlozba-kult-blazene-ozane-kotorke-3-decembra-u-herceg-novom-2\/#breadcrumb\",\"itemListElement\":[{\"@type\":\"ListItem\",\"position\":1,\"name\":\"Home\",\"item\":\"https:\/\/dmcsrb.com\/\"},{\"@type\":\"ListItem\",\"position\":2,\"name\":\"Matica crnogorska: Izlo\u017eba \u201cKult Bla\u017eene Ozane Kotorke\u201d 3. decembra u Herceg Novom\"}]},{\"@type\":\"WebSite\",\"@id\":\"https:\/\/dmcsrb.com\/#website\",\"url\":\"https:\/\/dmcsrb.com\/\",\"name\":\"dmcsrb.com\",\"description\":\"\",\"potentialAction\":[{\"@type\":\"SearchAction\",\"target\":{\"@type\":\"EntryPoint\",\"urlTemplate\":\"https:\/\/dmcsrb.com\/?s={search_term_string}\"},\"query-input\":{\"@type\":\"PropertyValueSpecification\",\"valueRequired\":true,\"valueName\":\"search_term_string\"}}],\"inLanguage\":\"en-GB\"},{\"@type\":\"Person\",\"@id\":\"https:\/\/dmcsrb.com\/#\/schema\/person\/5c39170f12db1b8b457732d0b5c854e2\",\"name\":\"dmcsrbija.com@gmail.com\",\"image\":{\"@type\":\"ImageObject\",\"inLanguage\":\"en-GB\",\"@id\":\"https:\/\/dmcsrb.com\/#\/schema\/person\/image\/\",\"url\":\"https:\/\/secure.gravatar.com\/avatar\/68592660ad6347fad0fb587f8d5d8f1a7b44961362f56e4f2cd524feb87e9069?s=96&d=mm&r=g\",\"contentUrl\":\"https:\/\/secure.gravatar.com\/avatar\/68592660ad6347fad0fb587f8d5d8f1a7b44961362f56e4f2cd524feb87e9069?s=96&d=mm&r=g\",\"caption\":\"dmcsrbija.com@gmail.com\"},\"sameAs\":[\"https:\/\/dmcsrb.com\"],\"url\":\"https:\/\/dmcsrb.com\/en\/author\/dmcsrbija-comgmail-com\/\"}]}<\/script>\n<!-- \/ Yoast SEO plugin. -->","yoast_head_json":{"title":"Matica crnogorska: Izlo\u017eba \u201cKult Bla\u017eene Ozane Kotorke\u201d 3. decembra u Herceg Novom - dmcsrb.com","robots":{"index":"index","follow":"follow","max-snippet":"max-snippet:-1","max-image-preview":"max-image-preview:large","max-video-preview":"max-video-preview:-1"},"canonical":"https:\/\/dmcsrb.com\/en\/kultura\/matica-crnogorska-izlozba-kult-blazene-ozane-kotorke-3-decembra-u-herceg-novom-2\/","og_locale":"en_GB","og_type":"article","og_title":"Matica crnogorska: Izlo\u017eba \u201cKult Bla\u017eene Ozane Kotorke\u201d 3. decembra u Herceg Novom - dmcsrb.com","og_description":"Izlo\u017eba \u201eKult Bla\u017eene Ozane Kotorke\u201c koju je priredila Matica crnogorska bi\u0107e otvorena u srijedu, 3. decembra u 18 sati u prostorijama Matice crnogorske u Herceg Novom (Njego\u0161eva 47).","og_url":"https:\/\/dmcsrb.com\/en\/kultura\/matica-crnogorska-izlozba-kult-blazene-ozane-kotorke-3-decembra-u-herceg-novom-2\/","og_site_name":"dmcsrb.com","article_published_time":"2025-12-01T08:36:00+00:00","og_image":[{"width":1000,"height":555,"url":"https:\/\/dmcsrb.com\/wp-content\/uploads\/2026\/01\/1002658645-1000x555-1.jpg","type":"image\/jpeg"}],"author":"dmcsrbija.com@gmail.com","twitter_card":"summary_large_image","twitter_misc":{"Written by":"dmcsrbija.com@gmail.com","Estimated reading time":"1 minute"},"schema":{"@context":"https:\/\/schema.org","@graph":[{"@type":"Article","@id":"https:\/\/dmcsrb.com\/kultura\/matica-crnogorska-izlozba-kult-blazene-ozane-kotorke-3-decembra-u-herceg-novom-2\/#article","isPartOf":{"@id":"https:\/\/dmcsrb.com\/kultura\/matica-crnogorska-izlozba-kult-blazene-ozane-kotorke-3-decembra-u-herceg-novom-2\/"},"author":{"name":"dmcsrbija.com@gmail.com","@id":"https:\/\/dmcsrb.com\/#\/schema\/person\/5c39170f12db1b8b457732d0b5c854e2"},"headline":"Matica crnogorska: Izlo\u017eba \u201cKult Bla\u017eene Ozane Kotorke\u201d 3. decembra u Herceg Novom","datePublished":"2025-12-01T08:36:00+00:00","mainEntityOfPage":{"@id":"https:\/\/dmcsrb.com\/kultura\/matica-crnogorska-izlozba-kult-blazene-ozane-kotorke-3-decembra-u-herceg-novom-2\/"},"wordCount":302,"commentCount":0,"image":{"@id":"https:\/\/dmcsrb.com\/kultura\/matica-crnogorska-izlozba-kult-blazene-ozane-kotorke-3-decembra-u-herceg-novom-2\/#primaryimage"},"thumbnailUrl":"https:\/\/dmcsrb.com\/wp-content\/uploads\/2026\/01\/1002658645-1000x555-1.jpg","keywords":["Herceg Novi","izlo\u017eba","matica"],"articleSection":["Kultura"],"inLanguage":"en-GB","potentialAction":[{"@type":"CommentAction","name":"Comment","target":["https:\/\/dmcsrb.com\/kultura\/matica-crnogorska-izlozba-kult-blazene-ozane-kotorke-3-decembra-u-herceg-novom-2\/#respond"]}]},{"@type":"WebPage","@id":"https:\/\/dmcsrb.com\/kultura\/matica-crnogorska-izlozba-kult-blazene-ozane-kotorke-3-decembra-u-herceg-novom-2\/","url":"https:\/\/dmcsrb.com\/kultura\/matica-crnogorska-izlozba-kult-blazene-ozane-kotorke-3-decembra-u-herceg-novom-2\/","name":"Matica crnogorska: Izlo\u017eba \u201cKult Bla\u017eene Ozane Kotorke\u201d 3. decembra u Herceg Novom - dmcsrb.com","isPartOf":{"@id":"https:\/\/dmcsrb.com\/#website"},"primaryImageOfPage":{"@id":"https:\/\/dmcsrb.com\/kultura\/matica-crnogorska-izlozba-kult-blazene-ozane-kotorke-3-decembra-u-herceg-novom-2\/#primaryimage"},"image":{"@id":"https:\/\/dmcsrb.com\/kultura\/matica-crnogorska-izlozba-kult-blazene-ozane-kotorke-3-decembra-u-herceg-novom-2\/#primaryimage"},"thumbnailUrl":"https:\/\/dmcsrb.com\/wp-content\/uploads\/2026\/01\/1002658645-1000x555-1.jpg","datePublished":"2025-12-01T08:36:00+00:00","author":{"@id":"https:\/\/dmcsrb.com\/#\/schema\/person\/5c39170f12db1b8b457732d0b5c854e2"},"breadcrumb":{"@id":"https:\/\/dmcsrb.com\/kultura\/matica-crnogorska-izlozba-kult-blazene-ozane-kotorke-3-decembra-u-herceg-novom-2\/#breadcrumb"},"inLanguage":"en-GB","potentialAction":[{"@type":"ReadAction","target":["https:\/\/dmcsrb.com\/kultura\/matica-crnogorska-izlozba-kult-blazene-ozane-kotorke-3-decembra-u-herceg-novom-2\/"]}]},{"@type":"ImageObject","inLanguage":"en-GB","@id":"https:\/\/dmcsrb.com\/kultura\/matica-crnogorska-izlozba-kult-blazene-ozane-kotorke-3-decembra-u-herceg-novom-2\/#primaryimage","url":"https:\/\/dmcsrb.com\/wp-content\/uploads\/2026\/01\/1002658645-1000x555-1.jpg","contentUrl":"https:\/\/dmcsrb.com\/wp-content\/uploads\/2026\/01\/1002658645-1000x555-1.jpg","width":1000,"height":555},{"@type":"BreadcrumbList","@id":"https:\/\/dmcsrb.com\/kultura\/matica-crnogorska-izlozba-kult-blazene-ozane-kotorke-3-decembra-u-herceg-novom-2\/#breadcrumb","itemListElement":[{"@type":"ListItem","position":1,"name":"Home","item":"https:\/\/dmcsrb.com\/"},{"@type":"ListItem","position":2,"name":"Matica crnogorska: Izlo\u017eba \u201cKult Bla\u017eene Ozane Kotorke\u201d 3. decembra u Herceg Novom"}]},{"@type":"WebSite","@id":"https:\/\/dmcsrb.com\/#website","url":"https:\/\/dmcsrb.com\/","name":"dmcsrb.com","description":"","potentialAction":[{"@type":"SearchAction","target":{"@type":"EntryPoint","urlTemplate":"https:\/\/dmcsrb.com\/?s={search_term_string}"},"query-input":{"@type":"PropertyValueSpecification","valueRequired":true,"valueName":"search_term_string"}}],"inLanguage":"en-GB"},{"@type":"Person","@id":"https:\/\/dmcsrb.com\/#\/schema\/person\/5c39170f12db1b8b457732d0b5c854e2","name":"dmcsrbija.com@gmail.com","image":{"@type":"ImageObject","inLanguage":"en-GB","@id":"https:\/\/dmcsrb.com\/#\/schema\/person\/image\/","url":"https:\/\/secure.gravatar.com\/avatar\/68592660ad6347fad0fb587f8d5d8f1a7b44961362f56e4f2cd524feb87e9069?s=96&d=mm&r=g","contentUrl":"https:\/\/secure.gravatar.com\/avatar\/68592660ad6347fad0fb587f8d5d8f1a7b44961362f56e4f2cd524feb87e9069?s=96&d=mm&r=g","caption":"dmcsrbija.com@gmail.com"},"sameAs":["https:\/\/dmcsrb.com"],"url":"https:\/\/dmcsrb.com\/en\/author\/dmcsrbija-comgmail-com\/"}]}},"_links":{"self":[{"href":"https:\/\/dmcsrb.com\/en\/wp-json\/wp\/v2\/posts\/911142","targetHints":{"allow":["GET"]}}],"collection":[{"href":"https:\/\/dmcsrb.com\/en\/wp-json\/wp\/v2\/posts"}],"about":[{"href":"https:\/\/dmcsrb.com\/en\/wp-json\/wp\/v2\/types\/post"}],"author":[{"embeddable":true,"href":"https:\/\/dmcsrb.com\/en\/wp-json\/wp\/v2\/users\/1"}],"replies":[{"embeddable":true,"href":"https:\/\/dmcsrb.com\/en\/wp-json\/wp\/v2\/comments?post=911142"}],"version-history":[{"count":0,"href":"https:\/\/dmcsrb.com\/en\/wp-json\/wp\/v2\/posts\/911142\/revisions"}],"wp:featuredmedia":[{"embeddable":true,"href":"https:\/\/dmcsrb.com\/en\/wp-json\/wp\/v2\/media\/908844"}],"wp:attachment":[{"href":"https:\/\/dmcsrb.com\/en\/wp-json\/wp\/v2\/media?parent=911142"}],"wp:term":[{"taxonomy":"category","embeddable":true,"href":"https:\/\/dmcsrb.com\/en\/wp-json\/wp\/v2\/categories?post=911142"},{"taxonomy":"post_tag","embeddable":true,"href":"https:\/\/dmcsrb.com\/en\/wp-json\/wp\/v2\/tags?post=911142"},{"taxonomy":"naslovna","embeddable":true,"href":"https:\/\/dmcsrb.com\/en\/wp-json\/wp\/v2\/naslovna?post=911142"}],"curies":[{"name":"wp","href":"https:\/\/api.w.org\/{rel}","templated":true}]}}