{"id":911110,"date":"2025-11-30T19:36:00","date_gmt":"2025-11-30T18:36:00","guid":{"rendered":"https:\/\/dmcsrb.com\/uncategorized\/vukcevic-morali-smo-bolje-energetski-i-takticki-atingre-previse-gresaka-2\/"},"modified":"2025-11-30T19:36:00","modified_gmt":"2025-11-30T18:36:00","slug":"vukcevic-morali-smo-bolje-energetski-i-takticki-atingre-previse-gresaka-2","status":"publish","type":"post","link":"https:\/\/dmcsrb.com\/en\/sport\/vukcevic-morali-smo-bolje-energetski-i-takticki-atingre-previse-gresaka-2\/","title":{"rendered":"Vuk\u010devi\u0107: Morali smo bolje energetski i takti\u010dki; Atingre: Previ\u0161e gre\u0161aka"},"content":{"rendered":"<p>Jelena Vuk\u010devi\u0107 je uz Tanju Brnovi\u0107 bila jedna od najboljih u na\u0161em taboru. <\/p>\n\n\n\n<p>&#8220;Mislim da smo energetski i takti\u010dki mogli dosta bolje, smatram da smo imali neke gre\u0161ke u odbrani koje smo prethodno analizirali, nismo ispo\u0161tovale dogovor. U napadu smo probali sedam na \u0161est da damo neke lake golove, ali rezultat je na kraju ovakav i nadam se da \u0107e biti bolje u sljede\u0107oj utakmici&#8221;, kazao je Vuk\u010devi\u0107 nakon utakmice. <\/p>\n\n\n\n<p>Slijedi glavna faza i me\u010devi sa Njema\u010dkom, Islandom i Srbijom. Za prolaz me\u0111u osam bi\u0107e vjerovatno neopshodne tri pobjede.<\/p>\n\n\n\n<p>&#8220;Sigurno da ima mogu\u0107nosti da se ispravimo i ako budemo imali dobru energiju, kao \u0161to znamo da imamo i ako ispo\u0161tujemo sve \u0161to dogovorimo, smatram da \u0107e i rezultat do\u0107i&#8221;. <\/p>\n\n\n\n<figure class=\"wp-block-embed is-type-wp-embed is-provider-gradski-portal wp-block-embed-gradski-portal\"><div class=\"wp-block-embed__wrapper\">\nhttps:\/\/gradski.me\/uzivo-derbi-u-triru-crna-gora-protiv-spanije-za-savrsen-ucinak-u-grupi\/\n<\/div><\/figure>\n\n\n\n<p>Armel Atingre je bila na svom nivou u prvom poluvremenu, na kraju je me\u010d zavr\u0161ila sa devet odbrana.<\/p>\n\n\n\n<p>&#8220;Pravile smo mnogo gre\u0161aka, ali idemo dalje, imamo jo\u0161 tri utakmice u kojima moramo bolje. I dalje imamo \u0161ansu za \u010detvrtfinale, a znamo da i odbranu i napad mo\u017eemo da igramo mnogo bolje&#8221;, rekla je naturalizovana Crnogorka. <\/p>\n\n\n\n<p>Crna Gora \u0107e u utorak na startu glavne runde odmjeriti snage sa Islandom. <\/p>","protected":false},"excerpt":{"rendered":"<p>Crna Gora nije polo\u017eila najte\u017ei ispit od starta Mundijala &#8211; &#8220;lavice&#8221; su u derbiju i me\u010du za prvo mjesto u grupi pora\u017eene od \u0160panije u Triru (31:26) i tako napravile korak unazad ka plasmanu u \u010detvrtfinale.<\/p>","protected":false},"author":1,"featured_media":908785,"comment_status":"open","ping_status":"open","sticky":false,"template":"","format":"standard","meta":{"_acf_changed":false,"footnotes":""},"categories":[148],"tags":[1504,776,259,580],"naslovna":[],"class_list":["post-911110","post","type-post","status-publish","format-standard","has-post-thumbnail","hentry","category-sport","tag-armel-atingre","tag-jelena-vukcevic","tag-zenska-rukometna-reprezentacija-crne-gore","tag-zenska-rukometna-reprezentacija-spanije"],"acf":[],"yoast_head":"<!-- This site is optimized with the Yoast SEO plugin v27.4 - https:\/\/yoast.com\/product\/yoast-seo-wordpress\/ -->\n<title>Vuk\u010devi\u0107: Morali smo bolje energetski i takti\u010dki; Atingre: Previ\u0161e gre\u0161aka - dmcsrb.com<\/title>\n<meta name=\"robots\" content=\"index, follow, max-snippet:-1, max-image-preview:large, max-video-preview:-1\" \/>\n<link rel=\"canonical\" href=\"https:\/\/dmcsrb.com\/en\/sport\/vukcevic-morali-smo-bolje-energetski-i-takticki-atingre-previse-gresaka-2\/\" \/>\n<meta property=\"og:locale\" content=\"en_GB\" \/>\n<meta property=\"og:type\" content=\"article\" \/>\n<meta property=\"og:title\" content=\"Vuk\u010devi\u0107: Morali smo bolje energetski i takti\u010dki; Atingre: Previ\u0161e gre\u0161aka - dmcsrb.com\" \/>\n<meta property=\"og:description\" content=\"Crna Gora nije polo\u017eila najte\u017ei ispit od starta Mundijala - &quot;lavice&quot; su u derbiju i me\u010du za prvo mjesto u grupi pora\u017eene od \u0160panije u Triru (31:26) i tako napravile korak unazad ka plasmanu u \u010detvrtfinale.\" \/>\n<meta property=\"og:url\" content=\"https:\/\/dmcsrb.com\/en\/sport\/vukcevic-morali-smo-bolje-energetski-i-takticki-atingre-previse-gresaka-2\/\" \/>\n<meta property=\"og:site_name\" content=\"dmcsrb.com\" \/>\n<meta property=\"article:published_time\" content=\"2025-11-30T18:36:00+00:00\" \/>\n<meta property=\"og:image\" content=\"https:\/\/dmcsrb.com\/wp-content\/uploads\/2026\/01\/Jelena-Vukcevic-IHF-RSCG.jpg\" \/>\n\t<meta property=\"og:image:width\" content=\"1440\" \/>\n\t<meta property=\"og:image:height\" content=\"960\" \/>\n\t<meta property=\"og:image:type\" content=\"image\/jpeg\" \/>\n<meta name=\"author\" content=\"dmcsrbija.com@gmail.com\" \/>\n<meta name=\"twitter:card\" content=\"summary_large_image\" \/>\n<meta name=\"twitter:label1\" content=\"Written by\" \/>\n\t<meta name=\"twitter:data1\" content=\"dmcsrbija.com@gmail.com\" \/>\n\t<meta name=\"twitter:label2\" content=\"Estimated reading time\" \/>\n\t<meta name=\"twitter:data2\" content=\"1 minute\" \/>\n<script type=\"application\/ld+json\" class=\"yoast-schema-graph\">{\"@context\":\"https:\\\/\\\/schema.org\",\"@graph\":[{\"@type\":\"Article\",\"@id\":\"https:\\\/\\\/dmcsrb.com\\\/sport\\\/vukcevic-morali-smo-bolje-energetski-i-takticki-atingre-previse-gresaka-2\\\/#article\",\"isPartOf\":{\"@id\":\"https:\\\/\\\/dmcsrb.com\\\/sport\\\/vukcevic-morali-smo-bolje-energetski-i-takticki-atingre-previse-gresaka-2\\\/\"},\"author\":{\"name\":\"dmcsrbija.com@gmail.com\",\"@id\":\"https:\\\/\\\/dmcsrb.com\\\/#\\\/schema\\\/person\\\/5c39170f12db1b8b457732d0b5c854e2\"},\"headline\":\"Vuk\u010devi\u0107: Morali smo bolje energetski i takti\u010dki; Atingre: Previ\u0161e gre\u0161aka\",\"datePublished\":\"2025-11-30T18:36:00+00:00\",\"mainEntityOfPage\":{\"@id\":\"https:\\\/\\\/dmcsrb.com\\\/sport\\\/vukcevic-morali-smo-bolje-energetski-i-takticki-atingre-previse-gresaka-2\\\/\"},\"wordCount\":222,\"commentCount\":0,\"image\":{\"@id\":\"https:\\\/\\\/dmcsrb.com\\\/sport\\\/vukcevic-morali-smo-bolje-energetski-i-takticki-atingre-previse-gresaka-2\\\/#primaryimage\"},\"thumbnailUrl\":\"https:\\\/\\\/dmcsrb.com\\\/wp-content\\\/uploads\\\/2026\\\/01\\\/Jelena-Vukcevic-IHF-RSCG.jpg\",\"keywords\":[\"Armel Atingre\",\"Jelena Vuk\u010devi\u0107\",\"\u017denska rukometna reprezentacija Crne Gore\",\"\u017denska rukometna reprezentacija \u0160panije\"],\"articleSection\":[\"Sport\"],\"inLanguage\":\"en-GB\",\"potentialAction\":[{\"@type\":\"CommentAction\",\"name\":\"Comment\",\"target\":[\"https:\\\/\\\/dmcsrb.com\\\/sport\\\/vukcevic-morali-smo-bolje-energetski-i-takticki-atingre-previse-gresaka-2\\\/#respond\"]}]},{\"@type\":\"WebPage\",\"@id\":\"https:\\\/\\\/dmcsrb.com\\\/sport\\\/vukcevic-morali-smo-bolje-energetski-i-takticki-atingre-previse-gresaka-2\\\/\",\"url\":\"https:\\\/\\\/dmcsrb.com\\\/sport\\\/vukcevic-morali-smo-bolje-energetski-i-takticki-atingre-previse-gresaka-2\\\/\",\"name\":\"Vuk\u010devi\u0107: Morali smo bolje energetski i takti\u010dki; Atingre: Previ\u0161e gre\u0161aka - dmcsrb.com\",\"isPartOf\":{\"@id\":\"https:\\\/\\\/dmcsrb.com\\\/#website\"},\"primaryImageOfPage\":{\"@id\":\"https:\\\/\\\/dmcsrb.com\\\/sport\\\/vukcevic-morali-smo-bolje-energetski-i-takticki-atingre-previse-gresaka-2\\\/#primaryimage\"},\"image\":{\"@id\":\"https:\\\/\\\/dmcsrb.com\\\/sport\\\/vukcevic-morali-smo-bolje-energetski-i-takticki-atingre-previse-gresaka-2\\\/#primaryimage\"},\"thumbnailUrl\":\"https:\\\/\\\/dmcsrb.com\\\/wp-content\\\/uploads\\\/2026\\\/01\\\/Jelena-Vukcevic-IHF-RSCG.jpg\",\"datePublished\":\"2025-11-30T18:36:00+00:00\",\"author\":{\"@id\":\"https:\\\/\\\/dmcsrb.com\\\/#\\\/schema\\\/person\\\/5c39170f12db1b8b457732d0b5c854e2\"},\"breadcrumb\":{\"@id\":\"https:\\\/\\\/dmcsrb.com\\\/sport\\\/vukcevic-morali-smo-bolje-energetski-i-takticki-atingre-previse-gresaka-2\\\/#breadcrumb\"},\"inLanguage\":\"en-GB\",\"potentialAction\":[{\"@type\":\"ReadAction\",\"target\":[\"https:\\\/\\\/dmcsrb.com\\\/sport\\\/vukcevic-morali-smo-bolje-energetski-i-takticki-atingre-previse-gresaka-2\\\/\"]}]},{\"@type\":\"ImageObject\",\"inLanguage\":\"en-GB\",\"@id\":\"https:\\\/\\\/dmcsrb.com\\\/sport\\\/vukcevic-morali-smo-bolje-energetski-i-takticki-atingre-previse-gresaka-2\\\/#primaryimage\",\"url\":\"https:\\\/\\\/dmcsrb.com\\\/wp-content\\\/uploads\\\/2026\\\/01\\\/Jelena-Vukcevic-IHF-RSCG.jpg\",\"contentUrl\":\"https:\\\/\\\/dmcsrb.com\\\/wp-content\\\/uploads\\\/2026\\\/01\\\/Jelena-Vukcevic-IHF-RSCG.jpg\",\"width\":1440,\"height\":960},{\"@type\":\"BreadcrumbList\",\"@id\":\"https:\\\/\\\/dmcsrb.com\\\/sport\\\/vukcevic-morali-smo-bolje-energetski-i-takticki-atingre-previse-gresaka-2\\\/#breadcrumb\",\"itemListElement\":[{\"@type\":\"ListItem\",\"position\":1,\"name\":\"Home\",\"item\":\"https:\\\/\\\/dmcsrb.com\\\/\"},{\"@type\":\"ListItem\",\"position\":2,\"name\":\"Vuk\u010devi\u0107: Morali smo bolje energetski i takti\u010dki; Atingre: Previ\u0161e gre\u0161aka\"}]},{\"@type\":\"WebSite\",\"@id\":\"https:\\\/\\\/dmcsrb.com\\\/#website\",\"url\":\"https:\\\/\\\/dmcsrb.com\\\/\",\"name\":\"dmcsrb.com\",\"description\":\"\",\"potentialAction\":[{\"@type\":\"SearchAction\",\"target\":{\"@type\":\"EntryPoint\",\"urlTemplate\":\"https:\\\/\\\/dmcsrb.com\\\/?s={search_term_string}\"},\"query-input\":{\"@type\":\"PropertyValueSpecification\",\"valueRequired\":true,\"valueName\":\"search_term_string\"}}],\"inLanguage\":\"en-GB\"},{\"@type\":\"Person\",\"@id\":\"https:\\\/\\\/dmcsrb.com\\\/#\\\/schema\\\/person\\\/5c39170f12db1b8b457732d0b5c854e2\",\"name\":\"dmcsrbija.com@gmail.com\",\"image\":{\"@type\":\"ImageObject\",\"inLanguage\":\"en-GB\",\"@id\":\"https:\\\/\\\/secure.gravatar.com\\\/avatar\\\/68592660ad6347fad0fb587f8d5d8f1a7b44961362f56e4f2cd524feb87e9069?s=96&d=mm&r=g\",\"url\":\"https:\\\/\\\/secure.gravatar.com\\\/avatar\\\/68592660ad6347fad0fb587f8d5d8f1a7b44961362f56e4f2cd524feb87e9069?s=96&d=mm&r=g\",\"contentUrl\":\"https:\\\/\\\/secure.gravatar.com\\\/avatar\\\/68592660ad6347fad0fb587f8d5d8f1a7b44961362f56e4f2cd524feb87e9069?s=96&d=mm&r=g\",\"caption\":\"dmcsrbija.com@gmail.com\"},\"sameAs\":[\"https:\\\/\\\/dmcsrb.com\"],\"url\":\"https:\\\/\\\/dmcsrb.com\\\/en\\\/author\\\/dmcsrbija-comgmail-com\\\/\"}]}<\/script>\n<!-- \/ Yoast SEO plugin. -->","yoast_head_json":{"title":"Vuk\u010devi\u0107: Morali smo bolje energetski i takti\u010dki; Atingre: Previ\u0161e gre\u0161aka - dmcsrb.com","robots":{"index":"index","follow":"follow","max-snippet":"max-snippet:-1","max-image-preview":"max-image-preview:large","max-video-preview":"max-video-preview:-1"},"canonical":"https:\/\/dmcsrb.com\/en\/sport\/vukcevic-morali-smo-bolje-energetski-i-takticki-atingre-previse-gresaka-2\/","og_locale":"en_GB","og_type":"article","og_title":"Vuk\u010devi\u0107: Morali smo bolje energetski i takti\u010dki; Atingre: Previ\u0161e gre\u0161aka - dmcsrb.com","og_description":"Crna Gora nije polo\u017eila najte\u017ei ispit od starta Mundijala - \"lavice\" su u derbiju i me\u010du za prvo mjesto u grupi pora\u017eene od \u0160panije u Triru (31:26) i tako napravile korak unazad ka plasmanu u \u010detvrtfinale.","og_url":"https:\/\/dmcsrb.com\/en\/sport\/vukcevic-morali-smo-bolje-energetski-i-takticki-atingre-previse-gresaka-2\/","og_site_name":"dmcsrb.com","article_published_time":"2025-11-30T18:36:00+00:00","og_image":[{"width":1440,"height":960,"url":"https:\/\/dmcsrb.com\/wp-content\/uploads\/2026\/01\/Jelena-Vukcevic-IHF-RSCG.jpg","type":"image\/jpeg"}],"author":"dmcsrbija.com@gmail.com","twitter_card":"summary_large_image","twitter_misc":{"Written by":"dmcsrbija.com@gmail.com","Estimated reading time":"1 minute"},"schema":{"@context":"https:\/\/schema.org","@graph":[{"@type":"Article","@id":"https:\/\/dmcsrb.com\/sport\/vukcevic-morali-smo-bolje-energetski-i-takticki-atingre-previse-gresaka-2\/#article","isPartOf":{"@id":"https:\/\/dmcsrb.com\/sport\/vukcevic-morali-smo-bolje-energetski-i-takticki-atingre-previse-gresaka-2\/"},"author":{"name":"dmcsrbija.com@gmail.com","@id":"https:\/\/dmcsrb.com\/#\/schema\/person\/5c39170f12db1b8b457732d0b5c854e2"},"headline":"Vuk\u010devi\u0107: Morali smo bolje energetski i takti\u010dki; Atingre: Previ\u0161e gre\u0161aka","datePublished":"2025-11-30T18:36:00+00:00","mainEntityOfPage":{"@id":"https:\/\/dmcsrb.com\/sport\/vukcevic-morali-smo-bolje-energetski-i-takticki-atingre-previse-gresaka-2\/"},"wordCount":222,"commentCount":0,"image":{"@id":"https:\/\/dmcsrb.com\/sport\/vukcevic-morali-smo-bolje-energetski-i-takticki-atingre-previse-gresaka-2\/#primaryimage"},"thumbnailUrl":"https:\/\/dmcsrb.com\/wp-content\/uploads\/2026\/01\/Jelena-Vukcevic-IHF-RSCG.jpg","keywords":["Armel Atingre","Jelena Vuk\u010devi\u0107","\u017denska rukometna reprezentacija Crne Gore","\u017denska rukometna reprezentacija \u0160panije"],"articleSection":["Sport"],"inLanguage":"en-GB","potentialAction":[{"@type":"CommentAction","name":"Comment","target":["https:\/\/dmcsrb.com\/sport\/vukcevic-morali-smo-bolje-energetski-i-takticki-atingre-previse-gresaka-2\/#respond"]}]},{"@type":"WebPage","@id":"https:\/\/dmcsrb.com\/sport\/vukcevic-morali-smo-bolje-energetski-i-takticki-atingre-previse-gresaka-2\/","url":"https:\/\/dmcsrb.com\/sport\/vukcevic-morali-smo-bolje-energetski-i-takticki-atingre-previse-gresaka-2\/","name":"Vuk\u010devi\u0107: Morali smo bolje energetski i takti\u010dki; Atingre: Previ\u0161e gre\u0161aka - dmcsrb.com","isPartOf":{"@id":"https:\/\/dmcsrb.com\/#website"},"primaryImageOfPage":{"@id":"https:\/\/dmcsrb.com\/sport\/vukcevic-morali-smo-bolje-energetski-i-takticki-atingre-previse-gresaka-2\/#primaryimage"},"image":{"@id":"https:\/\/dmcsrb.com\/sport\/vukcevic-morali-smo-bolje-energetski-i-takticki-atingre-previse-gresaka-2\/#primaryimage"},"thumbnailUrl":"https:\/\/dmcsrb.com\/wp-content\/uploads\/2026\/01\/Jelena-Vukcevic-IHF-RSCG.jpg","datePublished":"2025-11-30T18:36:00+00:00","author":{"@id":"https:\/\/dmcsrb.com\/#\/schema\/person\/5c39170f12db1b8b457732d0b5c854e2"},"breadcrumb":{"@id":"https:\/\/dmcsrb.com\/sport\/vukcevic-morali-smo-bolje-energetski-i-takticki-atingre-previse-gresaka-2\/#breadcrumb"},"inLanguage":"en-GB","potentialAction":[{"@type":"ReadAction","target":["https:\/\/dmcsrb.com\/sport\/vukcevic-morali-smo-bolje-energetski-i-takticki-atingre-previse-gresaka-2\/"]}]},{"@type":"ImageObject","inLanguage":"en-GB","@id":"https:\/\/dmcsrb.com\/sport\/vukcevic-morali-smo-bolje-energetski-i-takticki-atingre-previse-gresaka-2\/#primaryimage","url":"https:\/\/dmcsrb.com\/wp-content\/uploads\/2026\/01\/Jelena-Vukcevic-IHF-RSCG.jpg","contentUrl":"https:\/\/dmcsrb.com\/wp-content\/uploads\/2026\/01\/Jelena-Vukcevic-IHF-RSCG.jpg","width":1440,"height":960},{"@type":"BreadcrumbList","@id":"https:\/\/dmcsrb.com\/sport\/vukcevic-morali-smo-bolje-energetski-i-takticki-atingre-previse-gresaka-2\/#breadcrumb","itemListElement":[{"@type":"ListItem","position":1,"name":"Home","item":"https:\/\/dmcsrb.com\/"},{"@type":"ListItem","position":2,"name":"Vuk\u010devi\u0107: Morali smo bolje energetski i takti\u010dki; Atingre: Previ\u0161e gre\u0161aka"}]},{"@type":"WebSite","@id":"https:\/\/dmcsrb.com\/#website","url":"https:\/\/dmcsrb.com\/","name":"dmcsrb.com","description":"","potentialAction":[{"@type":"SearchAction","target":{"@type":"EntryPoint","urlTemplate":"https:\/\/dmcsrb.com\/?s={search_term_string}"},"query-input":{"@type":"PropertyValueSpecification","valueRequired":true,"valueName":"search_term_string"}}],"inLanguage":"en-GB"},{"@type":"Person","@id":"https:\/\/dmcsrb.com\/#\/schema\/person\/5c39170f12db1b8b457732d0b5c854e2","name":"dmcsrbija.com@gmail.com","image":{"@type":"ImageObject","inLanguage":"en-GB","@id":"https:\/\/secure.gravatar.com\/avatar\/68592660ad6347fad0fb587f8d5d8f1a7b44961362f56e4f2cd524feb87e9069?s=96&d=mm&r=g","url":"https:\/\/secure.gravatar.com\/avatar\/68592660ad6347fad0fb587f8d5d8f1a7b44961362f56e4f2cd524feb87e9069?s=96&d=mm&r=g","contentUrl":"https:\/\/secure.gravatar.com\/avatar\/68592660ad6347fad0fb587f8d5d8f1a7b44961362f56e4f2cd524feb87e9069?s=96&d=mm&r=g","caption":"dmcsrbija.com@gmail.com"},"sameAs":["https:\/\/dmcsrb.com"],"url":"https:\/\/dmcsrb.com\/en\/author\/dmcsrbija-comgmail-com\/"}]}},"_links":{"self":[{"href":"https:\/\/dmcsrb.com\/en\/wp-json\/wp\/v2\/posts\/911110","targetHints":{"allow":["GET"]}}],"collection":[{"href":"https:\/\/dmcsrb.com\/en\/wp-json\/wp\/v2\/posts"}],"about":[{"href":"https:\/\/dmcsrb.com\/en\/wp-json\/wp\/v2\/types\/post"}],"author":[{"embeddable":true,"href":"https:\/\/dmcsrb.com\/en\/wp-json\/wp\/v2\/users\/1"}],"replies":[{"embeddable":true,"href":"https:\/\/dmcsrb.com\/en\/wp-json\/wp\/v2\/comments?post=911110"}],"version-history":[{"count":0,"href":"https:\/\/dmcsrb.com\/en\/wp-json\/wp\/v2\/posts\/911110\/revisions"}],"wp:featuredmedia":[{"embeddable":true,"href":"https:\/\/dmcsrb.com\/en\/wp-json\/wp\/v2\/media\/908785"}],"wp:attachment":[{"href":"https:\/\/dmcsrb.com\/en\/wp-json\/wp\/v2\/media?parent=911110"}],"wp:term":[{"taxonomy":"category","embeddable":true,"href":"https:\/\/dmcsrb.com\/en\/wp-json\/wp\/v2\/categories?post=911110"},{"taxonomy":"post_tag","embeddable":true,"href":"https:\/\/dmcsrb.com\/en\/wp-json\/wp\/v2\/tags?post=911110"},{"taxonomy":"naslovna","embeddable":true,"href":"https:\/\/dmcsrb.com\/en\/wp-json\/wp\/v2\/naslovna?post=911110"}],"curies":[{"name":"wp","href":"https:\/\/api.w.org\/{rel}","templated":true}]}}