{"id":911059,"date":"2025-11-30T12:44:00","date_gmt":"2025-11-30T11:44:00","guid":{"rendered":"https:\/\/dmcsrb.com\/uncategorized\/uhapseni-drzavljani-srbije-i-sjeverne-makedonije-osumnjiceni-za-13-teskih-kradja-2\/"},"modified":"2025-11-30T12:44:00","modified_gmt":"2025-11-30T11:44:00","slug":"uhapseni-drzavljani-srbije-i-sjeverne-makedonije-osumnjiceni-za-13-teskih-kradja-2","status":"publish","type":"post","link":"https:\/\/dmcsrb.com\/en\/hronika\/uhapseni-drzavljani-srbije-i-sjeverne-makedonije-osumnjiceni-za-13-teskih-kradja-2\/","title":{"rendered":"Uhap\u0161eni dr\u017eavljani Srbije i Sjeverne Makedonije osumnji\u010deni za 13 te\u0161kih kra\u0111a"},"content":{"rendered":"<p><\/p>\n\n\n\n<p>\u201cNaime Postupaju\u0107i po prijavama gra\u0111ana, policija je identifikovali a potom po nalogu tu\u017eioca u Osnovnom dr\u017eavnom tu\u017eila\u0161tvu u Podgorici uhapsila E.H. i B.S. zbog sumnje da su po\u010dinili 13 te\u0161kih kra\u0111a na \u0161tetu fizi\u010dkih lica, poslovnih objekata, apoteke i frizerskog salona u Podgorici, iz kojih su otu\u0111ili novac\u201d, saop\u0161teno je iz Uprave policije.\u00a0<\/p>\n\n\n\n<p>Policija je, potom, izvr\u0161ila pretres stana i drugih prostorija koje koristi B.S. u Tuzima, i tom prilikom kod njega prona\u0161la garderobu koja je, kako se sumnja, kori\u0161\u0107ena u izvr\u0161enju krivi\u010dnih djela, kao i manju koli\u010dina marihuane. Prona\u0111ena su i falsifikovana li\u010dna karta i voza\u010dka dozvola navodno izdate od nadle\u017enih organa Republike Hrvatske, na ime E.H.<\/p>\n\n\n\n<p>\u201cNakon prikupljenog obavje\u0161tenja B.S. je po nalogu tu\u017eioca uhap\u0161en zbog sumnje da je po\u010dinio \u0161est krivi\u010dnih djela te\u0161ka kra\u0111a\u201d, kazali su iz policije.&nbsp;<\/p>\n\n\n\n<figure class=\"wp-block-image size-large\"><img decoding=\"async\" src=\"https:\/\/gradski.me\/wp-content\/uploads\/2025\/11\/novac-741x1024.jpg\" alt=\"\" class=\"wp-image-881425\"\/><figcaption class=\"wp-element-caption\"><strong><em>Foto: Uprava policije<\/em><\/strong><\/figcaption><\/figure>\n\n\n\n<p>E.H. je lociran na grani\u010dnom prelazu sa Republikom Srbijom prilikom poku\u0161aja izlaska iz Crne Gore.<\/p>\n\n\n\n<p>\u201cKod njega je prona\u0111en i oduzet novac u iznosu od 8.000 eura za koji se sumnja da je oukraden iz jednog stana u City kvartu, kada je osim pomenutog iznosa, od fizi\u010dkog lica otu\u0111eno i 4.000 franaka\u201d, navode iz polcije.&nbsp;<\/p>\n\n\n\n<figure class=\"wp-block-image\" id=\"attachment_2504121\"><img decoding=\"async\" src=\"https:\/\/www.cdm.me\/wp-content\/uploads\/2025\/11\/Falsifikovana-dokumenta.jpg\" alt=\"Foto: Uprava policije \" class=\"wp-image-2504121\"\/><figcaption class=\"wp-element-caption\">Foto: Uprava policije<\/figcaption><\/figure>\n\n\n\n<p>Zbog sumnje da je izvr\u0161io sedam krivi\u010dnih djela te\u0161ka kra\u0111a i krivi\u010dno djelo falsifikovanje isprave, E.H. je po nalogu tu\u017eioca uhap\u0161en.\u00a0<\/p>","protected":false},"excerpt":{"rendered":"<p>Podgori\u010dka policija uhapsila je dr\u017eavljanina Srbije E.H. (46) i dr\u017eavljanina Makedonije B.S. (39), kojima se na teret stavlja 14 krivi\u010dnih djela po\u010dinjenih na teritoriji Glavnog grada.<\/p>","protected":false},"author":1,"featured_media":908684,"comment_status":"open","ping_status":"open","sticky":false,"template":"","format":"standard","meta":{"_acf_changed":false,"footnotes":""},"categories":[17],"tags":[102,5479,72],"naslovna":[],"class_list":["post-911059","post","type-post","status-publish","format-standard","has-post-thumbnail","hentry","category-hronika","tag-droga","tag-strani-drzavljani","tag-uprava-policije"],"acf":[],"yoast_head":"<!-- This site is optimized with the Yoast SEO plugin v27.4 - https:\/\/yoast.com\/product\/yoast-seo-wordpress\/ -->\n<title>Uhap\u0161eni dr\u017eavljani Srbije i Sjeverne Makedonije osumnji\u010deni za 13 te\u0161kih kra\u0111a - dmcsrb.com<\/title>\n<meta name=\"robots\" content=\"index, follow, max-snippet:-1, max-image-preview:large, max-video-preview:-1\" \/>\n<link rel=\"canonical\" href=\"https:\/\/dmcsrb.com\/en\/hronika\/uhapseni-drzavljani-srbije-i-sjeverne-makedonije-osumnjiceni-za-13-teskih-kradja-2\/\" \/>\n<meta property=\"og:locale\" content=\"en_GB\" \/>\n<meta property=\"og:type\" content=\"article\" \/>\n<meta property=\"og:title\" content=\"Uhap\u0161eni dr\u017eavljani Srbije i Sjeverne Makedonije osumnji\u010deni za 13 te\u0161kih kra\u0111a - dmcsrb.com\" \/>\n<meta property=\"og:description\" content=\"Podgori\u010dka policija uhapsila je dr\u017eavljanina Srbije E.H. (46) i dr\u017eavljanina Makedonije B.S. (39), kojima se na teret stavlja 14 krivi\u010dnih djela po\u010dinjenih na teritoriji Glavnog grada.\" \/>\n<meta property=\"og:url\" content=\"https:\/\/dmcsrb.com\/en\/hronika\/uhapseni-drzavljani-srbije-i-sjeverne-makedonije-osumnjiceni-za-13-teskih-kradja-2\/\" \/>\n<meta property=\"og:site_name\" content=\"dmcsrb.com\" \/>\n<meta property=\"article:published_time\" content=\"2025-11-30T11:44:00+00:00\" \/>\n<meta property=\"og:image\" content=\"https:\/\/dmcsrb.com\/wp-content\/uploads\/2026\/01\/Marihuana-foto-up.jpg\" \/>\n\t<meta property=\"og:image:width\" content=\"1023\" \/>\n\t<meta property=\"og:image:height\" content=\"708\" \/>\n\t<meta property=\"og:image:type\" content=\"image\/jpeg\" \/>\n<meta name=\"author\" content=\"dmcsrbija.com@gmail.com\" \/>\n<meta name=\"twitter:card\" content=\"summary_large_image\" \/>\n<meta name=\"twitter:label1\" content=\"Written by\" \/>\n\t<meta name=\"twitter:data1\" content=\"dmcsrbija.com@gmail.com\" \/>\n\t<meta name=\"twitter:label2\" content=\"Estimated reading time\" \/>\n\t<meta name=\"twitter:data2\" content=\"1 minute\" \/>\n<script type=\"application\/ld+json\" class=\"yoast-schema-graph\">{\"@context\":\"https:\\\/\\\/schema.org\",\"@graph\":[{\"@type\":\"Article\",\"@id\":\"https:\\\/\\\/dmcsrb.com\\\/hronika\\\/uhapseni-drzavljani-srbije-i-sjeverne-makedonije-osumnjiceni-za-13-teskih-kradja-2\\\/#article\",\"isPartOf\":{\"@id\":\"https:\\\/\\\/dmcsrb.com\\\/hronika\\\/uhapseni-drzavljani-srbije-i-sjeverne-makedonije-osumnjiceni-za-13-teskih-kradja-2\\\/\"},\"author\":{\"name\":\"dmcsrbija.com@gmail.com\",\"@id\":\"https:\\\/\\\/dmcsrb.com\\\/#\\\/schema\\\/person\\\/5c39170f12db1b8b457732d0b5c854e2\"},\"headline\":\"Uhap\u0161eni dr\u017eavljani Srbije i Sjeverne Makedonije osumnji\u010deni za 13 te\u0161kih kra\u0111a\",\"datePublished\":\"2025-11-30T11:44:00+00:00\",\"mainEntityOfPage\":{\"@id\":\"https:\\\/\\\/dmcsrb.com\\\/hronika\\\/uhapseni-drzavljani-srbije-i-sjeverne-makedonije-osumnjiceni-za-13-teskih-kradja-2\\\/\"},\"wordCount\":275,\"commentCount\":0,\"image\":{\"@id\":\"https:\\\/\\\/dmcsrb.com\\\/hronika\\\/uhapseni-drzavljani-srbije-i-sjeverne-makedonije-osumnjiceni-za-13-teskih-kradja-2\\\/#primaryimage\"},\"thumbnailUrl\":\"https:\\\/\\\/dmcsrb.com\\\/wp-content\\\/uploads\\\/2026\\\/01\\\/Marihuana-foto-up.jpg\",\"keywords\":[\"droga\",\"Strani dr\u017eavljani\",\"Uprava policije\"],\"articleSection\":[\"Hronika\"],\"inLanguage\":\"en-GB\",\"potentialAction\":[{\"@type\":\"CommentAction\",\"name\":\"Comment\",\"target\":[\"https:\\\/\\\/dmcsrb.com\\\/hronika\\\/uhapseni-drzavljani-srbije-i-sjeverne-makedonije-osumnjiceni-za-13-teskih-kradja-2\\\/#respond\"]}]},{\"@type\":\"WebPage\",\"@id\":\"https:\\\/\\\/dmcsrb.com\\\/hronika\\\/uhapseni-drzavljani-srbije-i-sjeverne-makedonije-osumnjiceni-za-13-teskih-kradja-2\\\/\",\"url\":\"https:\\\/\\\/dmcsrb.com\\\/hronika\\\/uhapseni-drzavljani-srbije-i-sjeverne-makedonije-osumnjiceni-za-13-teskih-kradja-2\\\/\",\"name\":\"Uhap\u0161eni dr\u017eavljani Srbije i Sjeverne Makedonije osumnji\u010deni za 13 te\u0161kih kra\u0111a - dmcsrb.com\",\"isPartOf\":{\"@id\":\"https:\\\/\\\/dmcsrb.com\\\/#website\"},\"primaryImageOfPage\":{\"@id\":\"https:\\\/\\\/dmcsrb.com\\\/hronika\\\/uhapseni-drzavljani-srbije-i-sjeverne-makedonije-osumnjiceni-za-13-teskih-kradja-2\\\/#primaryimage\"},\"image\":{\"@id\":\"https:\\\/\\\/dmcsrb.com\\\/hronika\\\/uhapseni-drzavljani-srbije-i-sjeverne-makedonije-osumnjiceni-za-13-teskih-kradja-2\\\/#primaryimage\"},\"thumbnailUrl\":\"https:\\\/\\\/dmcsrb.com\\\/wp-content\\\/uploads\\\/2026\\\/01\\\/Marihuana-foto-up.jpg\",\"datePublished\":\"2025-11-30T11:44:00+00:00\",\"author\":{\"@id\":\"https:\\\/\\\/dmcsrb.com\\\/#\\\/schema\\\/person\\\/5c39170f12db1b8b457732d0b5c854e2\"},\"breadcrumb\":{\"@id\":\"https:\\\/\\\/dmcsrb.com\\\/hronika\\\/uhapseni-drzavljani-srbije-i-sjeverne-makedonije-osumnjiceni-za-13-teskih-kradja-2\\\/#breadcrumb\"},\"inLanguage\":\"en-GB\",\"potentialAction\":[{\"@type\":\"ReadAction\",\"target\":[\"https:\\\/\\\/dmcsrb.com\\\/hronika\\\/uhapseni-drzavljani-srbije-i-sjeverne-makedonije-osumnjiceni-za-13-teskih-kradja-2\\\/\"]}]},{\"@type\":\"ImageObject\",\"inLanguage\":\"en-GB\",\"@id\":\"https:\\\/\\\/dmcsrb.com\\\/hronika\\\/uhapseni-drzavljani-srbije-i-sjeverne-makedonije-osumnjiceni-za-13-teskih-kradja-2\\\/#primaryimage\",\"url\":\"https:\\\/\\\/dmcsrb.com\\\/wp-content\\\/uploads\\\/2026\\\/01\\\/Marihuana-foto-up.jpg\",\"contentUrl\":\"https:\\\/\\\/dmcsrb.com\\\/wp-content\\\/uploads\\\/2026\\\/01\\\/Marihuana-foto-up.jpg\",\"width\":1023,\"height\":708},{\"@type\":\"BreadcrumbList\",\"@id\":\"https:\\\/\\\/dmcsrb.com\\\/hronika\\\/uhapseni-drzavljani-srbije-i-sjeverne-makedonije-osumnjiceni-za-13-teskih-kradja-2\\\/#breadcrumb\",\"itemListElement\":[{\"@type\":\"ListItem\",\"position\":1,\"name\":\"Home\",\"item\":\"https:\\\/\\\/dmcsrb.com\\\/\"},{\"@type\":\"ListItem\",\"position\":2,\"name\":\"Uhap\u0161eni dr\u017eavljani Srbije i Sjeverne Makedonije osumnji\u010deni za 13 te\u0161kih kra\u0111a\"}]},{\"@type\":\"WebSite\",\"@id\":\"https:\\\/\\\/dmcsrb.com\\\/#website\",\"url\":\"https:\\\/\\\/dmcsrb.com\\\/\",\"name\":\"dmcsrb.com\",\"description\":\"\",\"potentialAction\":[{\"@type\":\"SearchAction\",\"target\":{\"@type\":\"EntryPoint\",\"urlTemplate\":\"https:\\\/\\\/dmcsrb.com\\\/?s={search_term_string}\"},\"query-input\":{\"@type\":\"PropertyValueSpecification\",\"valueRequired\":true,\"valueName\":\"search_term_string\"}}],\"inLanguage\":\"en-GB\"},{\"@type\":\"Person\",\"@id\":\"https:\\\/\\\/dmcsrb.com\\\/#\\\/schema\\\/person\\\/5c39170f12db1b8b457732d0b5c854e2\",\"name\":\"dmcsrbija.com@gmail.com\",\"image\":{\"@type\":\"ImageObject\",\"inLanguage\":\"en-GB\",\"@id\":\"https:\\\/\\\/secure.gravatar.com\\\/avatar\\\/68592660ad6347fad0fb587f8d5d8f1a7b44961362f56e4f2cd524feb87e9069?s=96&d=mm&r=g\",\"url\":\"https:\\\/\\\/secure.gravatar.com\\\/avatar\\\/68592660ad6347fad0fb587f8d5d8f1a7b44961362f56e4f2cd524feb87e9069?s=96&d=mm&r=g\",\"contentUrl\":\"https:\\\/\\\/secure.gravatar.com\\\/avatar\\\/68592660ad6347fad0fb587f8d5d8f1a7b44961362f56e4f2cd524feb87e9069?s=96&d=mm&r=g\",\"caption\":\"dmcsrbija.com@gmail.com\"},\"sameAs\":[\"https:\\\/\\\/dmcsrb.com\"],\"url\":\"https:\\\/\\\/dmcsrb.com\\\/en\\\/author\\\/dmcsrbija-comgmail-com\\\/\"}]}<\/script>\n<!-- \/ Yoast SEO plugin. -->","yoast_head_json":{"title":"Uhap\u0161eni dr\u017eavljani Srbije i Sjeverne Makedonije osumnji\u010deni za 13 te\u0161kih kra\u0111a - dmcsrb.com","robots":{"index":"index","follow":"follow","max-snippet":"max-snippet:-1","max-image-preview":"max-image-preview:large","max-video-preview":"max-video-preview:-1"},"canonical":"https:\/\/dmcsrb.com\/en\/hronika\/uhapseni-drzavljani-srbije-i-sjeverne-makedonije-osumnjiceni-za-13-teskih-kradja-2\/","og_locale":"en_GB","og_type":"article","og_title":"Uhap\u0161eni dr\u017eavljani Srbije i Sjeverne Makedonije osumnji\u010deni za 13 te\u0161kih kra\u0111a - dmcsrb.com","og_description":"Podgori\u010dka policija uhapsila je dr\u017eavljanina Srbije E.H. (46) i dr\u017eavljanina Makedonije B.S. (39), kojima se na teret stavlja 14 krivi\u010dnih djela po\u010dinjenih na teritoriji Glavnog grada.","og_url":"https:\/\/dmcsrb.com\/en\/hronika\/uhapseni-drzavljani-srbije-i-sjeverne-makedonije-osumnjiceni-za-13-teskih-kradja-2\/","og_site_name":"dmcsrb.com","article_published_time":"2025-11-30T11:44:00+00:00","og_image":[{"width":1023,"height":708,"url":"https:\/\/dmcsrb.com\/wp-content\/uploads\/2026\/01\/Marihuana-foto-up.jpg","type":"image\/jpeg"}],"author":"dmcsrbija.com@gmail.com","twitter_card":"summary_large_image","twitter_misc":{"Written by":"dmcsrbija.com@gmail.com","Estimated reading time":"1 minute"},"schema":{"@context":"https:\/\/schema.org","@graph":[{"@type":"Article","@id":"https:\/\/dmcsrb.com\/hronika\/uhapseni-drzavljani-srbije-i-sjeverne-makedonije-osumnjiceni-za-13-teskih-kradja-2\/#article","isPartOf":{"@id":"https:\/\/dmcsrb.com\/hronika\/uhapseni-drzavljani-srbije-i-sjeverne-makedonije-osumnjiceni-za-13-teskih-kradja-2\/"},"author":{"name":"dmcsrbija.com@gmail.com","@id":"https:\/\/dmcsrb.com\/#\/schema\/person\/5c39170f12db1b8b457732d0b5c854e2"},"headline":"Uhap\u0161eni dr\u017eavljani Srbije i Sjeverne Makedonije osumnji\u010deni za 13 te\u0161kih kra\u0111a","datePublished":"2025-11-30T11:44:00+00:00","mainEntityOfPage":{"@id":"https:\/\/dmcsrb.com\/hronika\/uhapseni-drzavljani-srbije-i-sjeverne-makedonije-osumnjiceni-za-13-teskih-kradja-2\/"},"wordCount":275,"commentCount":0,"image":{"@id":"https:\/\/dmcsrb.com\/hronika\/uhapseni-drzavljani-srbije-i-sjeverne-makedonije-osumnjiceni-za-13-teskih-kradja-2\/#primaryimage"},"thumbnailUrl":"https:\/\/dmcsrb.com\/wp-content\/uploads\/2026\/01\/Marihuana-foto-up.jpg","keywords":["droga","Strani dr\u017eavljani","Uprava policije"],"articleSection":["Hronika"],"inLanguage":"en-GB","potentialAction":[{"@type":"CommentAction","name":"Comment","target":["https:\/\/dmcsrb.com\/hronika\/uhapseni-drzavljani-srbije-i-sjeverne-makedonije-osumnjiceni-za-13-teskih-kradja-2\/#respond"]}]},{"@type":"WebPage","@id":"https:\/\/dmcsrb.com\/hronika\/uhapseni-drzavljani-srbije-i-sjeverne-makedonije-osumnjiceni-za-13-teskih-kradja-2\/","url":"https:\/\/dmcsrb.com\/hronika\/uhapseni-drzavljani-srbije-i-sjeverne-makedonije-osumnjiceni-za-13-teskih-kradja-2\/","name":"Uhap\u0161eni dr\u017eavljani Srbije i Sjeverne Makedonije osumnji\u010deni za 13 te\u0161kih kra\u0111a - dmcsrb.com","isPartOf":{"@id":"https:\/\/dmcsrb.com\/#website"},"primaryImageOfPage":{"@id":"https:\/\/dmcsrb.com\/hronika\/uhapseni-drzavljani-srbije-i-sjeverne-makedonije-osumnjiceni-za-13-teskih-kradja-2\/#primaryimage"},"image":{"@id":"https:\/\/dmcsrb.com\/hronika\/uhapseni-drzavljani-srbije-i-sjeverne-makedonije-osumnjiceni-za-13-teskih-kradja-2\/#primaryimage"},"thumbnailUrl":"https:\/\/dmcsrb.com\/wp-content\/uploads\/2026\/01\/Marihuana-foto-up.jpg","datePublished":"2025-11-30T11:44:00+00:00","author":{"@id":"https:\/\/dmcsrb.com\/#\/schema\/person\/5c39170f12db1b8b457732d0b5c854e2"},"breadcrumb":{"@id":"https:\/\/dmcsrb.com\/hronika\/uhapseni-drzavljani-srbije-i-sjeverne-makedonije-osumnjiceni-za-13-teskih-kradja-2\/#breadcrumb"},"inLanguage":"en-GB","potentialAction":[{"@type":"ReadAction","target":["https:\/\/dmcsrb.com\/hronika\/uhapseni-drzavljani-srbije-i-sjeverne-makedonije-osumnjiceni-za-13-teskih-kradja-2\/"]}]},{"@type":"ImageObject","inLanguage":"en-GB","@id":"https:\/\/dmcsrb.com\/hronika\/uhapseni-drzavljani-srbije-i-sjeverne-makedonije-osumnjiceni-za-13-teskih-kradja-2\/#primaryimage","url":"https:\/\/dmcsrb.com\/wp-content\/uploads\/2026\/01\/Marihuana-foto-up.jpg","contentUrl":"https:\/\/dmcsrb.com\/wp-content\/uploads\/2026\/01\/Marihuana-foto-up.jpg","width":1023,"height":708},{"@type":"BreadcrumbList","@id":"https:\/\/dmcsrb.com\/hronika\/uhapseni-drzavljani-srbije-i-sjeverne-makedonije-osumnjiceni-za-13-teskih-kradja-2\/#breadcrumb","itemListElement":[{"@type":"ListItem","position":1,"name":"Home","item":"https:\/\/dmcsrb.com\/"},{"@type":"ListItem","position":2,"name":"Uhap\u0161eni dr\u017eavljani Srbije i Sjeverne Makedonije osumnji\u010deni za 13 te\u0161kih kra\u0111a"}]},{"@type":"WebSite","@id":"https:\/\/dmcsrb.com\/#website","url":"https:\/\/dmcsrb.com\/","name":"dmcsrb.com","description":"","potentialAction":[{"@type":"SearchAction","target":{"@type":"EntryPoint","urlTemplate":"https:\/\/dmcsrb.com\/?s={search_term_string}"},"query-input":{"@type":"PropertyValueSpecification","valueRequired":true,"valueName":"search_term_string"}}],"inLanguage":"en-GB"},{"@type":"Person","@id":"https:\/\/dmcsrb.com\/#\/schema\/person\/5c39170f12db1b8b457732d0b5c854e2","name":"dmcsrbija.com@gmail.com","image":{"@type":"ImageObject","inLanguage":"en-GB","@id":"https:\/\/secure.gravatar.com\/avatar\/68592660ad6347fad0fb587f8d5d8f1a7b44961362f56e4f2cd524feb87e9069?s=96&d=mm&r=g","url":"https:\/\/secure.gravatar.com\/avatar\/68592660ad6347fad0fb587f8d5d8f1a7b44961362f56e4f2cd524feb87e9069?s=96&d=mm&r=g","contentUrl":"https:\/\/secure.gravatar.com\/avatar\/68592660ad6347fad0fb587f8d5d8f1a7b44961362f56e4f2cd524feb87e9069?s=96&d=mm&r=g","caption":"dmcsrbija.com@gmail.com"},"sameAs":["https:\/\/dmcsrb.com"],"url":"https:\/\/dmcsrb.com\/en\/author\/dmcsrbija-comgmail-com\/"}]}},"_links":{"self":[{"href":"https:\/\/dmcsrb.com\/en\/wp-json\/wp\/v2\/posts\/911059","targetHints":{"allow":["GET"]}}],"collection":[{"href":"https:\/\/dmcsrb.com\/en\/wp-json\/wp\/v2\/posts"}],"about":[{"href":"https:\/\/dmcsrb.com\/en\/wp-json\/wp\/v2\/types\/post"}],"author":[{"embeddable":true,"href":"https:\/\/dmcsrb.com\/en\/wp-json\/wp\/v2\/users\/1"}],"replies":[{"embeddable":true,"href":"https:\/\/dmcsrb.com\/en\/wp-json\/wp\/v2\/comments?post=911059"}],"version-history":[{"count":0,"href":"https:\/\/dmcsrb.com\/en\/wp-json\/wp\/v2\/posts\/911059\/revisions"}],"wp:featuredmedia":[{"embeddable":true,"href":"https:\/\/dmcsrb.com\/en\/wp-json\/wp\/v2\/media\/908684"}],"wp:attachment":[{"href":"https:\/\/dmcsrb.com\/en\/wp-json\/wp\/v2\/media?parent=911059"}],"wp:term":[{"taxonomy":"category","embeddable":true,"href":"https:\/\/dmcsrb.com\/en\/wp-json\/wp\/v2\/categories?post=911059"},{"taxonomy":"post_tag","embeddable":true,"href":"https:\/\/dmcsrb.com\/en\/wp-json\/wp\/v2\/tags?post=911059"},{"taxonomy":"naslovna","embeddable":true,"href":"https:\/\/dmcsrb.com\/en\/wp-json\/wp\/v2\/naslovna?post=911059"}],"curies":[{"name":"wp","href":"https:\/\/api.w.org\/{rel}","templated":true}]}}