{"id":911033,"date":"2025-11-30T07:55:00","date_gmt":"2025-11-30T06:55:00","guid":{"rendered":"https:\/\/dmcsrb.com\/uncategorized\/saobracajna-nesreca-na-auto-putu-milos-veliki-poginula-beba-i-muskarac-2\/"},"modified":"2025-11-30T07:55:00","modified_gmt":"2025-11-30T06:55:00","slug":"saobracajna-nesreca-na-auto-putu-milos-veliki-poginula-beba-i-muskarac-2","status":"publish","type":"post","link":"https:\/\/dmcsrb.com\/en\/region\/saobracajna-nesreca-na-auto-putu-milos-veliki-poginula-beba-i-muskarac-2\/","title":{"rendered":"Saobra\u0107ajna nesre\u0107a na auto-putu &#8220;Milo\u0161 Veliki&#8221;, poginula beba i mu\u0161karac"},"content":{"rendered":"<p><\/p>\n\n\n\n<p>Do udesa je do\u0161lo u sudaru putni\u010dkog vozila i autobusa, saznaje RTS.<\/p>\n\n\n\n<p>Dr Danijela Jefti\u0107 iz Hitne pomo\u0107i rekla je za RTS da su ekipe na licu mjesta mogle da konstatuju samo smrt djeteta, dok je dvadeset\u00adtrogodi\u0161nja \u017eena sa te\u0161kim povredama zbrinuta u Urgentni centar, a mu\u0161karca je prevezla obrenova\u010dka Hitna pomo\u0107.<\/p>\n\n\n\n<p><strong>Jo\u0161 jedan udes na istom putu<\/strong><\/p>\n\n\n\n<p>Nakon \u0161to je uspostavljen saobra\u0107aj, oko \u010detiri sata do\u0161lo je do jo\u0161 jedne saobra\u0107ajne nezgode na istom dijelu puta, kilometar i po prije mjesta prve nesre\u0107e, u kojoj je u\u010destvovalo \u0161est vozila. Dvije osobe su u toj nezgodi povrije\u0111ene i prevezene u Urgentni centar.<\/p>","protected":false},"excerpt":{"rendered":"<p>\u0160estomjese\u010dna beba i mu\u0161karac su stradali, a \u017eena je povrije\u0111ena u te\u0161koj saobra\u0107ajnoj nesre\u0107i koja se dogodila sino\u0107, oko jedan sat poslije pono\u0107i, na auto-putu &#8220;Milo\u0161 Veliki&#8221;, u smjeru ka \u010ca\u010dku, na dijelu mosta na Savi, na teritoriji op\u0161tine Sur\u010din\u2013Obrenovac, re\u010deno je RTS-u u policiji.<\/p>","protected":false},"author":1,"featured_media":908633,"comment_status":"open","ping_status":"open","sticky":false,"template":"","format":"standard","meta":{"_acf_changed":false,"footnotes":""},"categories":[103],"tags":[3801,22],"naslovna":[],"class_list":["post-911033","post","type-post","status-publish","format-standard","has-post-thumbnail","hentry","category-region","tag-saobracajna-nesreca","tag-srbija"],"acf":[],"yoast_head":"<!-- This site is optimized with the Yoast SEO plugin v27.4 - https:\/\/yoast.com\/product\/yoast-seo-wordpress\/ -->\n<title>Saobra\u0107ajna nesre\u0107a na auto-putu &quot;Milo\u0161 Veliki&quot;, poginula beba i mu\u0161karac - dmcsrb.com<\/title>\n<meta name=\"robots\" content=\"index, follow, max-snippet:-1, max-image-preview:large, max-video-preview:-1\" \/>\n<link rel=\"canonical\" href=\"https:\/\/dmcsrb.com\/en\/region\/saobracajna-nesreca-na-auto-putu-milos-veliki-poginula-beba-i-muskarac-2\/\" \/>\n<meta property=\"og:locale\" content=\"en_GB\" \/>\n<meta property=\"og:type\" content=\"article\" \/>\n<meta property=\"og:title\" content=\"Saobra\u0107ajna nesre\u0107a na auto-putu &quot;Milo\u0161 Veliki&quot;, poginula beba i mu\u0161karac - dmcsrb.com\" \/>\n<meta property=\"og:description\" content=\"\u0160estomjese\u010dna beba i mu\u0161karac su stradali, a \u017eena je povrije\u0111ena u te\u0161koj saobra\u0107ajnoj nesre\u0107i koja se dogodila sino\u0107, oko jedan sat poslije pono\u0107i, na auto-putu &quot;Milo\u0161 Veliki&quot;, u smjeru ka \u010ca\u010dku, na dijelu mosta na Savi, na teritoriji op\u0161tine Sur\u010din\u2013Obrenovac, re\u010deno je RTS-u u policiji.\" \/>\n<meta property=\"og:url\" content=\"https:\/\/dmcsrb.com\/en\/region\/saobracajna-nesreca-na-auto-putu-milos-veliki-poginula-beba-i-muskarac-2\/\" \/>\n<meta property=\"og:site_name\" content=\"dmcsrb.com\" \/>\n<meta property=\"article:published_time\" content=\"2025-11-30T06:55:00+00:00\" \/>\n<meta property=\"og:image\" content=\"https:\/\/dmcsrb.com\/wp-content\/uploads\/2026\/01\/policija-srbija-2.webp\" \/>\n\t<meta property=\"og:image:width\" content=\"600\" \/>\n\t<meta property=\"og:image:height\" content=\"429\" \/>\n\t<meta property=\"og:image:type\" content=\"image\/webp\" \/>\n<meta name=\"author\" content=\"dmcsrbija.com@gmail.com\" \/>\n<meta name=\"twitter:card\" content=\"summary_large_image\" \/>\n<meta name=\"twitter:label1\" content=\"Written by\" \/>\n\t<meta name=\"twitter:data1\" content=\"dmcsrbija.com@gmail.com\" \/>\n\t<meta name=\"twitter:label2\" content=\"Estimated reading time\" \/>\n\t<meta name=\"twitter:data2\" content=\"1 minute\" \/>\n<script type=\"application\/ld+json\" class=\"yoast-schema-graph\">{\"@context\":\"https:\\\/\\\/schema.org\",\"@graph\":[{\"@type\":\"Article\",\"@id\":\"https:\\\/\\\/dmcsrb.com\\\/region\\\/saobracajna-nesreca-na-auto-putu-milos-veliki-poginula-beba-i-muskarac-2\\\/#article\",\"isPartOf\":{\"@id\":\"https:\\\/\\\/dmcsrb.com\\\/region\\\/saobracajna-nesreca-na-auto-putu-milos-veliki-poginula-beba-i-muskarac-2\\\/\"},\"author\":{\"name\":\"dmcsrbija.com@gmail.com\",\"@id\":\"https:\\\/\\\/dmcsrb.com\\\/#\\\/schema\\\/person\\\/5c39170f12db1b8b457732d0b5c854e2\"},\"headline\":\"Saobra\u0107ajna nesre\u0107a na auto-putu &#8220;Milo\u0161 Veliki&#8221;, poginula beba i mu\u0161karac\",\"datePublished\":\"2025-11-30T06:55:00+00:00\",\"mainEntityOfPage\":{\"@id\":\"https:\\\/\\\/dmcsrb.com\\\/region\\\/saobracajna-nesreca-na-auto-putu-milos-veliki-poginula-beba-i-muskarac-2\\\/\"},\"wordCount\":129,\"commentCount\":0,\"image\":{\"@id\":\"https:\\\/\\\/dmcsrb.com\\\/region\\\/saobracajna-nesreca-na-auto-putu-milos-veliki-poginula-beba-i-muskarac-2\\\/#primaryimage\"},\"thumbnailUrl\":\"https:\\\/\\\/dmcsrb.com\\\/wp-content\\\/uploads\\\/2026\\\/01\\\/policija-srbija-2.webp\",\"keywords\":[\"saobra\u0107ajna nesre\u0107a\",\"Srbija\"],\"articleSection\":[\"Region\"],\"inLanguage\":\"en-GB\",\"potentialAction\":[{\"@type\":\"CommentAction\",\"name\":\"Comment\",\"target\":[\"https:\\\/\\\/dmcsrb.com\\\/region\\\/saobracajna-nesreca-na-auto-putu-milos-veliki-poginula-beba-i-muskarac-2\\\/#respond\"]}]},{\"@type\":\"WebPage\",\"@id\":\"https:\\\/\\\/dmcsrb.com\\\/region\\\/saobracajna-nesreca-na-auto-putu-milos-veliki-poginula-beba-i-muskarac-2\\\/\",\"url\":\"https:\\\/\\\/dmcsrb.com\\\/region\\\/saobracajna-nesreca-na-auto-putu-milos-veliki-poginula-beba-i-muskarac-2\\\/\",\"name\":\"Saobra\u0107ajna nesre\u0107a na auto-putu \\\"Milo\u0161 Veliki\\\", poginula beba i mu\u0161karac - dmcsrb.com\",\"isPartOf\":{\"@id\":\"https:\\\/\\\/dmcsrb.com\\\/#website\"},\"primaryImageOfPage\":{\"@id\":\"https:\\\/\\\/dmcsrb.com\\\/region\\\/saobracajna-nesreca-na-auto-putu-milos-veliki-poginula-beba-i-muskarac-2\\\/#primaryimage\"},\"image\":{\"@id\":\"https:\\\/\\\/dmcsrb.com\\\/region\\\/saobracajna-nesreca-na-auto-putu-milos-veliki-poginula-beba-i-muskarac-2\\\/#primaryimage\"},\"thumbnailUrl\":\"https:\\\/\\\/dmcsrb.com\\\/wp-content\\\/uploads\\\/2026\\\/01\\\/policija-srbija-2.webp\",\"datePublished\":\"2025-11-30T06:55:00+00:00\",\"author\":{\"@id\":\"https:\\\/\\\/dmcsrb.com\\\/#\\\/schema\\\/person\\\/5c39170f12db1b8b457732d0b5c854e2\"},\"breadcrumb\":{\"@id\":\"https:\\\/\\\/dmcsrb.com\\\/region\\\/saobracajna-nesreca-na-auto-putu-milos-veliki-poginula-beba-i-muskarac-2\\\/#breadcrumb\"},\"inLanguage\":\"en-GB\",\"potentialAction\":[{\"@type\":\"ReadAction\",\"target\":[\"https:\\\/\\\/dmcsrb.com\\\/region\\\/saobracajna-nesreca-na-auto-putu-milos-veliki-poginula-beba-i-muskarac-2\\\/\"]}]},{\"@type\":\"ImageObject\",\"inLanguage\":\"en-GB\",\"@id\":\"https:\\\/\\\/dmcsrb.com\\\/region\\\/saobracajna-nesreca-na-auto-putu-milos-veliki-poginula-beba-i-muskarac-2\\\/#primaryimage\",\"url\":\"https:\\\/\\\/dmcsrb.com\\\/wp-content\\\/uploads\\\/2026\\\/01\\\/policija-srbija-2.webp\",\"contentUrl\":\"https:\\\/\\\/dmcsrb.com\\\/wp-content\\\/uploads\\\/2026\\\/01\\\/policija-srbija-2.webp\",\"width\":600,\"height\":429},{\"@type\":\"BreadcrumbList\",\"@id\":\"https:\\\/\\\/dmcsrb.com\\\/region\\\/saobracajna-nesreca-na-auto-putu-milos-veliki-poginula-beba-i-muskarac-2\\\/#breadcrumb\",\"itemListElement\":[{\"@type\":\"ListItem\",\"position\":1,\"name\":\"Home\",\"item\":\"https:\\\/\\\/dmcsrb.com\\\/\"},{\"@type\":\"ListItem\",\"position\":2,\"name\":\"Saobra\u0107ajna nesre\u0107a na auto-putu &#8220;Milo\u0161 Veliki&#8221;, poginula beba i mu\u0161karac\"}]},{\"@type\":\"WebSite\",\"@id\":\"https:\\\/\\\/dmcsrb.com\\\/#website\",\"url\":\"https:\\\/\\\/dmcsrb.com\\\/\",\"name\":\"dmcsrb.com\",\"description\":\"\",\"potentialAction\":[{\"@type\":\"SearchAction\",\"target\":{\"@type\":\"EntryPoint\",\"urlTemplate\":\"https:\\\/\\\/dmcsrb.com\\\/?s={search_term_string}\"},\"query-input\":{\"@type\":\"PropertyValueSpecification\",\"valueRequired\":true,\"valueName\":\"search_term_string\"}}],\"inLanguage\":\"en-GB\"},{\"@type\":\"Person\",\"@id\":\"https:\\\/\\\/dmcsrb.com\\\/#\\\/schema\\\/person\\\/5c39170f12db1b8b457732d0b5c854e2\",\"name\":\"dmcsrbija.com@gmail.com\",\"image\":{\"@type\":\"ImageObject\",\"inLanguage\":\"en-GB\",\"@id\":\"https:\\\/\\\/secure.gravatar.com\\\/avatar\\\/68592660ad6347fad0fb587f8d5d8f1a7b44961362f56e4f2cd524feb87e9069?s=96&d=mm&r=g\",\"url\":\"https:\\\/\\\/secure.gravatar.com\\\/avatar\\\/68592660ad6347fad0fb587f8d5d8f1a7b44961362f56e4f2cd524feb87e9069?s=96&d=mm&r=g\",\"contentUrl\":\"https:\\\/\\\/secure.gravatar.com\\\/avatar\\\/68592660ad6347fad0fb587f8d5d8f1a7b44961362f56e4f2cd524feb87e9069?s=96&d=mm&r=g\",\"caption\":\"dmcsrbija.com@gmail.com\"},\"sameAs\":[\"https:\\\/\\\/dmcsrb.com\"],\"url\":\"https:\\\/\\\/dmcsrb.com\\\/en\\\/author\\\/dmcsrbija-comgmail-com\\\/\"}]}<\/script>\n<!-- \/ Yoast SEO plugin. -->","yoast_head_json":{"title":"Saobra\u0107ajna nesre\u0107a na auto-putu \"Milo\u0161 Veliki\", poginula beba i mu\u0161karac - dmcsrb.com","robots":{"index":"index","follow":"follow","max-snippet":"max-snippet:-1","max-image-preview":"max-image-preview:large","max-video-preview":"max-video-preview:-1"},"canonical":"https:\/\/dmcsrb.com\/en\/region\/saobracajna-nesreca-na-auto-putu-milos-veliki-poginula-beba-i-muskarac-2\/","og_locale":"en_GB","og_type":"article","og_title":"Saobra\u0107ajna nesre\u0107a na auto-putu \"Milo\u0161 Veliki\", poginula beba i mu\u0161karac - dmcsrb.com","og_description":"\u0160estomjese\u010dna beba i mu\u0161karac su stradali, a \u017eena je povrije\u0111ena u te\u0161koj saobra\u0107ajnoj nesre\u0107i koja se dogodila sino\u0107, oko jedan sat poslije pono\u0107i, na auto-putu \"Milo\u0161 Veliki\", u smjeru ka \u010ca\u010dku, na dijelu mosta na Savi, na teritoriji op\u0161tine Sur\u010din\u2013Obrenovac, re\u010deno je RTS-u u policiji.","og_url":"https:\/\/dmcsrb.com\/en\/region\/saobracajna-nesreca-na-auto-putu-milos-veliki-poginula-beba-i-muskarac-2\/","og_site_name":"dmcsrb.com","article_published_time":"2025-11-30T06:55:00+00:00","og_image":[{"width":600,"height":429,"url":"https:\/\/dmcsrb.com\/wp-content\/uploads\/2026\/01\/policija-srbija-2.webp","type":"image\/webp"}],"author":"dmcsrbija.com@gmail.com","twitter_card":"summary_large_image","twitter_misc":{"Written by":"dmcsrbija.com@gmail.com","Estimated reading time":"1 minute"},"schema":{"@context":"https:\/\/schema.org","@graph":[{"@type":"Article","@id":"https:\/\/dmcsrb.com\/region\/saobracajna-nesreca-na-auto-putu-milos-veliki-poginula-beba-i-muskarac-2\/#article","isPartOf":{"@id":"https:\/\/dmcsrb.com\/region\/saobracajna-nesreca-na-auto-putu-milos-veliki-poginula-beba-i-muskarac-2\/"},"author":{"name":"dmcsrbija.com@gmail.com","@id":"https:\/\/dmcsrb.com\/#\/schema\/person\/5c39170f12db1b8b457732d0b5c854e2"},"headline":"Saobra\u0107ajna nesre\u0107a na auto-putu &#8220;Milo\u0161 Veliki&#8221;, poginula beba i mu\u0161karac","datePublished":"2025-11-30T06:55:00+00:00","mainEntityOfPage":{"@id":"https:\/\/dmcsrb.com\/region\/saobracajna-nesreca-na-auto-putu-milos-veliki-poginula-beba-i-muskarac-2\/"},"wordCount":129,"commentCount":0,"image":{"@id":"https:\/\/dmcsrb.com\/region\/saobracajna-nesreca-na-auto-putu-milos-veliki-poginula-beba-i-muskarac-2\/#primaryimage"},"thumbnailUrl":"https:\/\/dmcsrb.com\/wp-content\/uploads\/2026\/01\/policija-srbija-2.webp","keywords":["saobra\u0107ajna nesre\u0107a","Srbija"],"articleSection":["Region"],"inLanguage":"en-GB","potentialAction":[{"@type":"CommentAction","name":"Comment","target":["https:\/\/dmcsrb.com\/region\/saobracajna-nesreca-na-auto-putu-milos-veliki-poginula-beba-i-muskarac-2\/#respond"]}]},{"@type":"WebPage","@id":"https:\/\/dmcsrb.com\/region\/saobracajna-nesreca-na-auto-putu-milos-veliki-poginula-beba-i-muskarac-2\/","url":"https:\/\/dmcsrb.com\/region\/saobracajna-nesreca-na-auto-putu-milos-veliki-poginula-beba-i-muskarac-2\/","name":"Saobra\u0107ajna nesre\u0107a na auto-putu \"Milo\u0161 Veliki\", poginula beba i mu\u0161karac - dmcsrb.com","isPartOf":{"@id":"https:\/\/dmcsrb.com\/#website"},"primaryImageOfPage":{"@id":"https:\/\/dmcsrb.com\/region\/saobracajna-nesreca-na-auto-putu-milos-veliki-poginula-beba-i-muskarac-2\/#primaryimage"},"image":{"@id":"https:\/\/dmcsrb.com\/region\/saobracajna-nesreca-na-auto-putu-milos-veliki-poginula-beba-i-muskarac-2\/#primaryimage"},"thumbnailUrl":"https:\/\/dmcsrb.com\/wp-content\/uploads\/2026\/01\/policija-srbija-2.webp","datePublished":"2025-11-30T06:55:00+00:00","author":{"@id":"https:\/\/dmcsrb.com\/#\/schema\/person\/5c39170f12db1b8b457732d0b5c854e2"},"breadcrumb":{"@id":"https:\/\/dmcsrb.com\/region\/saobracajna-nesreca-na-auto-putu-milos-veliki-poginula-beba-i-muskarac-2\/#breadcrumb"},"inLanguage":"en-GB","potentialAction":[{"@type":"ReadAction","target":["https:\/\/dmcsrb.com\/region\/saobracajna-nesreca-na-auto-putu-milos-veliki-poginula-beba-i-muskarac-2\/"]}]},{"@type":"ImageObject","inLanguage":"en-GB","@id":"https:\/\/dmcsrb.com\/region\/saobracajna-nesreca-na-auto-putu-milos-veliki-poginula-beba-i-muskarac-2\/#primaryimage","url":"https:\/\/dmcsrb.com\/wp-content\/uploads\/2026\/01\/policija-srbija-2.webp","contentUrl":"https:\/\/dmcsrb.com\/wp-content\/uploads\/2026\/01\/policija-srbija-2.webp","width":600,"height":429},{"@type":"BreadcrumbList","@id":"https:\/\/dmcsrb.com\/region\/saobracajna-nesreca-na-auto-putu-milos-veliki-poginula-beba-i-muskarac-2\/#breadcrumb","itemListElement":[{"@type":"ListItem","position":1,"name":"Home","item":"https:\/\/dmcsrb.com\/"},{"@type":"ListItem","position":2,"name":"Saobra\u0107ajna nesre\u0107a na auto-putu &#8220;Milo\u0161 Veliki&#8221;, poginula beba i mu\u0161karac"}]},{"@type":"WebSite","@id":"https:\/\/dmcsrb.com\/#website","url":"https:\/\/dmcsrb.com\/","name":"dmcsrb.com","description":"","potentialAction":[{"@type":"SearchAction","target":{"@type":"EntryPoint","urlTemplate":"https:\/\/dmcsrb.com\/?s={search_term_string}"},"query-input":{"@type":"PropertyValueSpecification","valueRequired":true,"valueName":"search_term_string"}}],"inLanguage":"en-GB"},{"@type":"Person","@id":"https:\/\/dmcsrb.com\/#\/schema\/person\/5c39170f12db1b8b457732d0b5c854e2","name":"dmcsrbija.com@gmail.com","image":{"@type":"ImageObject","inLanguage":"en-GB","@id":"https:\/\/secure.gravatar.com\/avatar\/68592660ad6347fad0fb587f8d5d8f1a7b44961362f56e4f2cd524feb87e9069?s=96&d=mm&r=g","url":"https:\/\/secure.gravatar.com\/avatar\/68592660ad6347fad0fb587f8d5d8f1a7b44961362f56e4f2cd524feb87e9069?s=96&d=mm&r=g","contentUrl":"https:\/\/secure.gravatar.com\/avatar\/68592660ad6347fad0fb587f8d5d8f1a7b44961362f56e4f2cd524feb87e9069?s=96&d=mm&r=g","caption":"dmcsrbija.com@gmail.com"},"sameAs":["https:\/\/dmcsrb.com"],"url":"https:\/\/dmcsrb.com\/en\/author\/dmcsrbija-comgmail-com\/"}]}},"_links":{"self":[{"href":"https:\/\/dmcsrb.com\/en\/wp-json\/wp\/v2\/posts\/911033","targetHints":{"allow":["GET"]}}],"collection":[{"href":"https:\/\/dmcsrb.com\/en\/wp-json\/wp\/v2\/posts"}],"about":[{"href":"https:\/\/dmcsrb.com\/en\/wp-json\/wp\/v2\/types\/post"}],"author":[{"embeddable":true,"href":"https:\/\/dmcsrb.com\/en\/wp-json\/wp\/v2\/users\/1"}],"replies":[{"embeddable":true,"href":"https:\/\/dmcsrb.com\/en\/wp-json\/wp\/v2\/comments?post=911033"}],"version-history":[{"count":0,"href":"https:\/\/dmcsrb.com\/en\/wp-json\/wp\/v2\/posts\/911033\/revisions"}],"wp:featuredmedia":[{"embeddable":true,"href":"https:\/\/dmcsrb.com\/en\/wp-json\/wp\/v2\/media\/908633"}],"wp:attachment":[{"href":"https:\/\/dmcsrb.com\/en\/wp-json\/wp\/v2\/media?parent=911033"}],"wp:term":[{"taxonomy":"category","embeddable":true,"href":"https:\/\/dmcsrb.com\/en\/wp-json\/wp\/v2\/categories?post=911033"},{"taxonomy":"post_tag","embeddable":true,"href":"https:\/\/dmcsrb.com\/en\/wp-json\/wp\/v2\/tags?post=911033"},{"taxonomy":"naslovna","embeddable":true,"href":"https:\/\/dmcsrb.com\/en\/wp-json\/wp\/v2\/naslovna?post=911033"}],"curies":[{"name":"wp","href":"https:\/\/api.w.org\/{rel}","templated":true}]}}