{"id":911023,"date":"2025-11-30T06:46:00","date_gmt":"2025-11-30T05:46:00","guid":{"rendered":"https:\/\/dmcsrb.com\/uncategorized\/vrijeme-je-za-derbi-lavice-danas-protiv-spanije-za-prvo-mjesto-u-grupi-2\/"},"modified":"2025-11-30T06:46:00","modified_gmt":"2025-11-30T05:46:00","slug":"vrijeme-je-za-derbi-lavice-danas-protiv-spanije-za-prvo-mjesto-u-grupi-2","status":"publish","type":"post","link":"https:\/\/dmcsrb.com\/en\/sport\/vrijeme-je-za-derbi-lavice-danas-protiv-spanije-za-prvo-mjesto-u-grupi-2\/","title":{"rendered":"Vrijeme je za derbi: &#8220;Lavice&#8221; danas protiv \u0160panije za prvo mjesto u grupi"},"content":{"rendered":"<p>Crnogorske rukometa\u0161ice rutinski su odradile posao u prva dva kola, savladav\u0161i Farska Ostrva (32:27) i Paragvaj (34:25). Selekcija Ambroza Martina, me\u0111utim, stigla je do odlu\u010duju\u0107eg me\u010da u ne\u0161to druga\u010dijem ritmu \u2013 \u0160pankinje su neo\u010dekivano izgubile od Faranki (27:25), nakon \u0161to su na startu bez pote\u0161ko\u0107a nadigrale Paragvaj (26:17).<\/p>\n\n\n\n<p>&#8220;Mo\u017eda su \u0160pankinje podcijenile Farska Ostrva. Mi smo imali sre\u0107u da ih \u201eosjetimo\u201c mjesec dana ranije u kvalifikacijama za EP. Faranke su pokazale da imaju karakter i kvalitet i nikom ne\u0107e biti lako sa njima\u201c, kazala je Matea Pletikosi\u0107 koja o\u010dekuje energi\u010dniju i sremniju \u0160paniju:<\/p>\n\n\n\n<p>\u201e\u0160panija \u0107e iza\u0107i sa puno ve\u0107om energijom i da \u0107e biti spremnije. Me\u0111utim, o\u010dekujem isto i sa na\u0161e strane, \u017eelimo pobjedu, da se \u201epobijemo\u201c sa njima, da poka\u017eemo na\u0161u prepoznatljivu borbenost i energiju i mislim da trijumf ne\u0107e do\u0107i u pitanje&#8221;. <\/p>\n\n\n\n<p>Matea smatra da \u0107e se na kraju radovati selekcija koja bude imala manji broj tehni\u010dkih gre\u0161aka i proma\u0161enih zicera.<\/p>\n\n\n\n<p>\u201eMislim da bi mogli da odlu\u010de tehni\u010dke gre\u0161ke i proma\u0161eni ziceri. Smatram da \u0107e biti najva\u017enija smirenost i prisebnost u odlu\u010duju\u0107im trenucima\u201c, kazala je Pletikosi\u0107. <\/p>\n\n\n\n<figure class=\"wp-block-image size-large\"><img decoding=\"async\" src=\"https:\/\/gradski.me\/wp-content\/uploads\/2025\/11\/Lavice-protiv-Faranki-Matea-Pletikosic-1024x683.jpg\" alt=\"\" class=\"wp-image-879155\"\/><figcaption class=\"wp-element-caption\">Foto: IHF\/kolektiff<\/figcaption><\/figure>\n\n\n\n<p>\u0160pankinje su protiv Faranki pokazale odre\u0111ene ranjivosti u igri, ali Dijana Trivi\u0107 o\u010dekuje te\u017eak me\u010d. <\/p>\n\n\n\n<p>\u201eNe\u0107e biti lako. \u0160panija je izgubila utakmicu, sigurno to nisu o\u010dekivale. Bori\u0107e se do posljednjeg minuta. Mi ulazimo u me\u010d sa pozitivnijom energijom, \u017eeljom i voljom. Smatram da sa dobrom odbranom trebamo da prenesemo jo\u0161 bolji napad i da \u0107emo zabilje\u017eiti pobjedu\u201c, isti\u010de Trivi\u0107 koja nije \u017eeljela da govori o tome ko je favorit, iako su bukmejkeri prili\u010dno favorizovali na\u0161u reprezentaciju.<\/p>\n\n\n\n<figure class=\"wp-block-image size-large\"><img decoding=\"async\" src=\"https:\/\/gradski.me\/wp-content\/uploads\/2025\/10\/Dijana-Trivic-MatchLens-1024x682.jpg\" alt=\"\" class=\"wp-image-852081\"\/><figcaption class=\"wp-element-caption\">Foto: MatchLens<\/figcaption><\/figure>\n\n\n\n<p>Izabranice Suzane Lazovi\u0107 pobjeda nad \u0160pankinjama znatno bi pribli\u017eila \u010detvrtfinalu, jer bi prenijele maksimalna \u010detiri boda u glavnu fazu. Tamo ih gotovo izvjesno \u010dekaju dueli sa Njema\u010dkom, Srbijom i Islandom. <\/p>\n\n\n\n<p>\u201eRazmi\u0161ljamo o tome. Nemamo pritisak, jer \u0161ta god se desi mi idemo dalje i imamo \u0161ansu za \u010detvrtfinale. Cilj je jasan i idemo ka njemu\u201c, zaklju\u010dila je Dijana Trivi\u0107.<\/p>\n\n\n\n<p>Utakmica u Triru po\u010dinje u 18 sati. <\/p>","protected":false},"excerpt":{"rendered":"<p>Farska Ostrva i Paragvaj su arhivirani \u2013 pred \u201elavicama\u201c je danas od 18 \u010dasova veliki derbi za prvo mjesto u grupi D Svjetskog prvenstva &#8211; duel sa \u0160panijom.<\/p>","protected":false},"author":1,"featured_media":908613,"comment_status":"open","ping_status":"open","sticky":false,"template":"","format":"standard","meta":{"_acf_changed":false,"footnotes":""},"categories":[148],"tags":[258,259,580],"naslovna":[],"class_list":["post-911023","post","type-post","status-publish","format-standard","has-post-thumbnail","hentry","category-sport","tag-svjetsko-prvenstvo-za-rukometasice","tag-zenska-rukometna-reprezentacija-crne-gore","tag-zenska-rukometna-reprezentacija-spanije"],"acf":[],"yoast_head":"<!-- This site is optimized with the Yoast SEO plugin v27.4 - https:\/\/yoast.com\/product\/yoast-seo-wordpress\/ -->\n<title>Vrijeme je za derbi: &quot;Lavice&quot; danas protiv \u0160panije za prvo mjesto u grupi - dmcsrb.com<\/title>\n<meta name=\"robots\" content=\"index, follow, max-snippet:-1, max-image-preview:large, max-video-preview:-1\" \/>\n<link rel=\"canonical\" href=\"https:\/\/dmcsrb.com\/en\/sport\/vrijeme-je-za-derbi-lavice-danas-protiv-spanije-za-prvo-mjesto-u-grupi-2\/\" \/>\n<meta property=\"og:locale\" content=\"en_GB\" \/>\n<meta property=\"og:type\" content=\"article\" \/>\n<meta property=\"og:title\" content=\"Vrijeme je za derbi: &quot;Lavice&quot; danas protiv \u0160panije za prvo mjesto u grupi - dmcsrb.com\" \/>\n<meta property=\"og:description\" content=\"Farska Ostrva i Paragvaj su arhivirani \u2013 pred \u201elavicama\u201c je danas od 18 \u010dasova veliki derbi za prvo mjesto u grupi D Svjetskog prvenstva - duel sa \u0160panijom.\" \/>\n<meta property=\"og:url\" content=\"https:\/\/dmcsrb.com\/en\/sport\/vrijeme-je-za-derbi-lavice-danas-protiv-spanije-za-prvo-mjesto-u-grupi-2\/\" \/>\n<meta property=\"og:site_name\" content=\"dmcsrb.com\" \/>\n<meta property=\"article:published_time\" content=\"2025-11-30T05:46:00+00:00\" \/>\n<meta property=\"og:image\" content=\"https:\/\/dmcsrb.com\/wp-content\/uploads\/2026\/01\/Lavice-protiv-Faranki-IHF-kolektiff.jpg\" \/>\n\t<meta property=\"og:image:width\" content=\"1440\" \/>\n\t<meta property=\"og:image:height\" content=\"960\" \/>\n\t<meta property=\"og:image:type\" content=\"image\/jpeg\" \/>\n<meta name=\"author\" content=\"dmcsrbija.com@gmail.com\" \/>\n<meta name=\"twitter:card\" content=\"summary_large_image\" \/>\n<meta name=\"twitter:label1\" content=\"Written by\" \/>\n\t<meta name=\"twitter:data1\" content=\"dmcsrbija.com@gmail.com\" \/>\n\t<meta name=\"twitter:label2\" content=\"Estimated reading time\" \/>\n\t<meta name=\"twitter:data2\" content=\"2 minutes\" \/>\n<script type=\"application\/ld+json\" class=\"yoast-schema-graph\">{\"@context\":\"https:\\\/\\\/schema.org\",\"@graph\":[{\"@type\":\"Article\",\"@id\":\"https:\\\/\\\/dmcsrb.com\\\/sport\\\/vrijeme-je-za-derbi-lavice-danas-protiv-spanije-za-prvo-mjesto-u-grupi-2\\\/#article\",\"isPartOf\":{\"@id\":\"https:\\\/\\\/dmcsrb.com\\\/sport\\\/vrijeme-je-za-derbi-lavice-danas-protiv-spanije-za-prvo-mjesto-u-grupi-2\\\/\"},\"author\":{\"name\":\"dmcsrbija.com@gmail.com\",\"@id\":\"https:\\\/\\\/dmcsrb.com\\\/#\\\/schema\\\/person\\\/5c39170f12db1b8b457732d0b5c854e2\"},\"headline\":\"Vrijeme je za derbi: &#8220;Lavice&#8221; danas protiv \u0160panije za prvo mjesto u grupi\",\"datePublished\":\"2025-11-30T05:46:00+00:00\",\"mainEntityOfPage\":{\"@id\":\"https:\\\/\\\/dmcsrb.com\\\/sport\\\/vrijeme-je-za-derbi-lavice-danas-protiv-spanije-za-prvo-mjesto-u-grupi-2\\\/\"},\"wordCount\":382,\"commentCount\":0,\"image\":{\"@id\":\"https:\\\/\\\/dmcsrb.com\\\/sport\\\/vrijeme-je-za-derbi-lavice-danas-protiv-spanije-za-prvo-mjesto-u-grupi-2\\\/#primaryimage\"},\"thumbnailUrl\":\"https:\\\/\\\/dmcsrb.com\\\/wp-content\\\/uploads\\\/2026\\\/01\\\/Lavice-protiv-Faranki-IHF-kolektiff.jpg\",\"keywords\":[\"Svjetsko prvenstvo za rukometa\u0161ice\",\"\u017denska rukometna reprezentacija Crne Gore\",\"\u017denska rukometna reprezentacija \u0160panije\"],\"articleSection\":[\"Sport\"],\"inLanguage\":\"en-GB\",\"potentialAction\":[{\"@type\":\"CommentAction\",\"name\":\"Comment\",\"target\":[\"https:\\\/\\\/dmcsrb.com\\\/sport\\\/vrijeme-je-za-derbi-lavice-danas-protiv-spanije-za-prvo-mjesto-u-grupi-2\\\/#respond\"]}]},{\"@type\":\"WebPage\",\"@id\":\"https:\\\/\\\/dmcsrb.com\\\/sport\\\/vrijeme-je-za-derbi-lavice-danas-protiv-spanije-za-prvo-mjesto-u-grupi-2\\\/\",\"url\":\"https:\\\/\\\/dmcsrb.com\\\/sport\\\/vrijeme-je-za-derbi-lavice-danas-protiv-spanije-za-prvo-mjesto-u-grupi-2\\\/\",\"name\":\"Vrijeme je za derbi: \\\"Lavice\\\" danas protiv \u0160panije za prvo mjesto u grupi - dmcsrb.com\",\"isPartOf\":{\"@id\":\"https:\\\/\\\/dmcsrb.com\\\/#website\"},\"primaryImageOfPage\":{\"@id\":\"https:\\\/\\\/dmcsrb.com\\\/sport\\\/vrijeme-je-za-derbi-lavice-danas-protiv-spanije-za-prvo-mjesto-u-grupi-2\\\/#primaryimage\"},\"image\":{\"@id\":\"https:\\\/\\\/dmcsrb.com\\\/sport\\\/vrijeme-je-za-derbi-lavice-danas-protiv-spanije-za-prvo-mjesto-u-grupi-2\\\/#primaryimage\"},\"thumbnailUrl\":\"https:\\\/\\\/dmcsrb.com\\\/wp-content\\\/uploads\\\/2026\\\/01\\\/Lavice-protiv-Faranki-IHF-kolektiff.jpg\",\"datePublished\":\"2025-11-30T05:46:00+00:00\",\"author\":{\"@id\":\"https:\\\/\\\/dmcsrb.com\\\/#\\\/schema\\\/person\\\/5c39170f12db1b8b457732d0b5c854e2\"},\"breadcrumb\":{\"@id\":\"https:\\\/\\\/dmcsrb.com\\\/sport\\\/vrijeme-je-za-derbi-lavice-danas-protiv-spanije-za-prvo-mjesto-u-grupi-2\\\/#breadcrumb\"},\"inLanguage\":\"en-GB\",\"potentialAction\":[{\"@type\":\"ReadAction\",\"target\":[\"https:\\\/\\\/dmcsrb.com\\\/sport\\\/vrijeme-je-za-derbi-lavice-danas-protiv-spanije-za-prvo-mjesto-u-grupi-2\\\/\"]}]},{\"@type\":\"ImageObject\",\"inLanguage\":\"en-GB\",\"@id\":\"https:\\\/\\\/dmcsrb.com\\\/sport\\\/vrijeme-je-za-derbi-lavice-danas-protiv-spanije-za-prvo-mjesto-u-grupi-2\\\/#primaryimage\",\"url\":\"https:\\\/\\\/dmcsrb.com\\\/wp-content\\\/uploads\\\/2026\\\/01\\\/Lavice-protiv-Faranki-IHF-kolektiff.jpg\",\"contentUrl\":\"https:\\\/\\\/dmcsrb.com\\\/wp-content\\\/uploads\\\/2026\\\/01\\\/Lavice-protiv-Faranki-IHF-kolektiff.jpg\",\"width\":1440,\"height\":960},{\"@type\":\"BreadcrumbList\",\"@id\":\"https:\\\/\\\/dmcsrb.com\\\/sport\\\/vrijeme-je-za-derbi-lavice-danas-protiv-spanije-za-prvo-mjesto-u-grupi-2\\\/#breadcrumb\",\"itemListElement\":[{\"@type\":\"ListItem\",\"position\":1,\"name\":\"Home\",\"item\":\"https:\\\/\\\/dmcsrb.com\\\/\"},{\"@type\":\"ListItem\",\"position\":2,\"name\":\"Vrijeme je za derbi: &#8220;Lavice&#8221; danas protiv \u0160panije za prvo mjesto u grupi\"}]},{\"@type\":\"WebSite\",\"@id\":\"https:\\\/\\\/dmcsrb.com\\\/#website\",\"url\":\"https:\\\/\\\/dmcsrb.com\\\/\",\"name\":\"dmcsrb.com\",\"description\":\"\",\"potentialAction\":[{\"@type\":\"SearchAction\",\"target\":{\"@type\":\"EntryPoint\",\"urlTemplate\":\"https:\\\/\\\/dmcsrb.com\\\/?s={search_term_string}\"},\"query-input\":{\"@type\":\"PropertyValueSpecification\",\"valueRequired\":true,\"valueName\":\"search_term_string\"}}],\"inLanguage\":\"en-GB\"},{\"@type\":\"Person\",\"@id\":\"https:\\\/\\\/dmcsrb.com\\\/#\\\/schema\\\/person\\\/5c39170f12db1b8b457732d0b5c854e2\",\"name\":\"dmcsrbija.com@gmail.com\",\"image\":{\"@type\":\"ImageObject\",\"inLanguage\":\"en-GB\",\"@id\":\"https:\\\/\\\/secure.gravatar.com\\\/avatar\\\/68592660ad6347fad0fb587f8d5d8f1a7b44961362f56e4f2cd524feb87e9069?s=96&d=mm&r=g\",\"url\":\"https:\\\/\\\/secure.gravatar.com\\\/avatar\\\/68592660ad6347fad0fb587f8d5d8f1a7b44961362f56e4f2cd524feb87e9069?s=96&d=mm&r=g\",\"contentUrl\":\"https:\\\/\\\/secure.gravatar.com\\\/avatar\\\/68592660ad6347fad0fb587f8d5d8f1a7b44961362f56e4f2cd524feb87e9069?s=96&d=mm&r=g\",\"caption\":\"dmcsrbija.com@gmail.com\"},\"sameAs\":[\"https:\\\/\\\/dmcsrb.com\"],\"url\":\"https:\\\/\\\/dmcsrb.com\\\/en\\\/author\\\/dmcsrbija-comgmail-com\\\/\"}]}<\/script>\n<!-- \/ Yoast SEO plugin. -->","yoast_head_json":{"title":"Vrijeme je za derbi: \"Lavice\" danas protiv \u0160panije za prvo mjesto u grupi - dmcsrb.com","robots":{"index":"index","follow":"follow","max-snippet":"max-snippet:-1","max-image-preview":"max-image-preview:large","max-video-preview":"max-video-preview:-1"},"canonical":"https:\/\/dmcsrb.com\/en\/sport\/vrijeme-je-za-derbi-lavice-danas-protiv-spanije-za-prvo-mjesto-u-grupi-2\/","og_locale":"en_GB","og_type":"article","og_title":"Vrijeme je za derbi: \"Lavice\" danas protiv \u0160panije za prvo mjesto u grupi - dmcsrb.com","og_description":"Farska Ostrva i Paragvaj su arhivirani \u2013 pred \u201elavicama\u201c je danas od 18 \u010dasova veliki derbi za prvo mjesto u grupi D Svjetskog prvenstva - duel sa \u0160panijom.","og_url":"https:\/\/dmcsrb.com\/en\/sport\/vrijeme-je-za-derbi-lavice-danas-protiv-spanije-za-prvo-mjesto-u-grupi-2\/","og_site_name":"dmcsrb.com","article_published_time":"2025-11-30T05:46:00+00:00","og_image":[{"width":1440,"height":960,"url":"https:\/\/dmcsrb.com\/wp-content\/uploads\/2026\/01\/Lavice-protiv-Faranki-IHF-kolektiff.jpg","type":"image\/jpeg"}],"author":"dmcsrbija.com@gmail.com","twitter_card":"summary_large_image","twitter_misc":{"Written by":"dmcsrbija.com@gmail.com","Estimated reading time":"2 minutes"},"schema":{"@context":"https:\/\/schema.org","@graph":[{"@type":"Article","@id":"https:\/\/dmcsrb.com\/sport\/vrijeme-je-za-derbi-lavice-danas-protiv-spanije-za-prvo-mjesto-u-grupi-2\/#article","isPartOf":{"@id":"https:\/\/dmcsrb.com\/sport\/vrijeme-je-za-derbi-lavice-danas-protiv-spanije-za-prvo-mjesto-u-grupi-2\/"},"author":{"name":"dmcsrbija.com@gmail.com","@id":"https:\/\/dmcsrb.com\/#\/schema\/person\/5c39170f12db1b8b457732d0b5c854e2"},"headline":"Vrijeme je za derbi: &#8220;Lavice&#8221; danas protiv \u0160panije za prvo mjesto u grupi","datePublished":"2025-11-30T05:46:00+00:00","mainEntityOfPage":{"@id":"https:\/\/dmcsrb.com\/sport\/vrijeme-je-za-derbi-lavice-danas-protiv-spanije-za-prvo-mjesto-u-grupi-2\/"},"wordCount":382,"commentCount":0,"image":{"@id":"https:\/\/dmcsrb.com\/sport\/vrijeme-je-za-derbi-lavice-danas-protiv-spanije-za-prvo-mjesto-u-grupi-2\/#primaryimage"},"thumbnailUrl":"https:\/\/dmcsrb.com\/wp-content\/uploads\/2026\/01\/Lavice-protiv-Faranki-IHF-kolektiff.jpg","keywords":["Svjetsko prvenstvo za rukometa\u0161ice","\u017denska rukometna reprezentacija Crne Gore","\u017denska rukometna reprezentacija \u0160panije"],"articleSection":["Sport"],"inLanguage":"en-GB","potentialAction":[{"@type":"CommentAction","name":"Comment","target":["https:\/\/dmcsrb.com\/sport\/vrijeme-je-za-derbi-lavice-danas-protiv-spanije-za-prvo-mjesto-u-grupi-2\/#respond"]}]},{"@type":"WebPage","@id":"https:\/\/dmcsrb.com\/sport\/vrijeme-je-za-derbi-lavice-danas-protiv-spanije-za-prvo-mjesto-u-grupi-2\/","url":"https:\/\/dmcsrb.com\/sport\/vrijeme-je-za-derbi-lavice-danas-protiv-spanije-za-prvo-mjesto-u-grupi-2\/","name":"Vrijeme je za derbi: \"Lavice\" danas protiv \u0160panije za prvo mjesto u grupi - dmcsrb.com","isPartOf":{"@id":"https:\/\/dmcsrb.com\/#website"},"primaryImageOfPage":{"@id":"https:\/\/dmcsrb.com\/sport\/vrijeme-je-za-derbi-lavice-danas-protiv-spanije-za-prvo-mjesto-u-grupi-2\/#primaryimage"},"image":{"@id":"https:\/\/dmcsrb.com\/sport\/vrijeme-je-za-derbi-lavice-danas-protiv-spanije-za-prvo-mjesto-u-grupi-2\/#primaryimage"},"thumbnailUrl":"https:\/\/dmcsrb.com\/wp-content\/uploads\/2026\/01\/Lavice-protiv-Faranki-IHF-kolektiff.jpg","datePublished":"2025-11-30T05:46:00+00:00","author":{"@id":"https:\/\/dmcsrb.com\/#\/schema\/person\/5c39170f12db1b8b457732d0b5c854e2"},"breadcrumb":{"@id":"https:\/\/dmcsrb.com\/sport\/vrijeme-je-za-derbi-lavice-danas-protiv-spanije-za-prvo-mjesto-u-grupi-2\/#breadcrumb"},"inLanguage":"en-GB","potentialAction":[{"@type":"ReadAction","target":["https:\/\/dmcsrb.com\/sport\/vrijeme-je-za-derbi-lavice-danas-protiv-spanije-za-prvo-mjesto-u-grupi-2\/"]}]},{"@type":"ImageObject","inLanguage":"en-GB","@id":"https:\/\/dmcsrb.com\/sport\/vrijeme-je-za-derbi-lavice-danas-protiv-spanije-za-prvo-mjesto-u-grupi-2\/#primaryimage","url":"https:\/\/dmcsrb.com\/wp-content\/uploads\/2026\/01\/Lavice-protiv-Faranki-IHF-kolektiff.jpg","contentUrl":"https:\/\/dmcsrb.com\/wp-content\/uploads\/2026\/01\/Lavice-protiv-Faranki-IHF-kolektiff.jpg","width":1440,"height":960},{"@type":"BreadcrumbList","@id":"https:\/\/dmcsrb.com\/sport\/vrijeme-je-za-derbi-lavice-danas-protiv-spanije-za-prvo-mjesto-u-grupi-2\/#breadcrumb","itemListElement":[{"@type":"ListItem","position":1,"name":"Home","item":"https:\/\/dmcsrb.com\/"},{"@type":"ListItem","position":2,"name":"Vrijeme je za derbi: &#8220;Lavice&#8221; danas protiv \u0160panije za prvo mjesto u grupi"}]},{"@type":"WebSite","@id":"https:\/\/dmcsrb.com\/#website","url":"https:\/\/dmcsrb.com\/","name":"dmcsrb.com","description":"","potentialAction":[{"@type":"SearchAction","target":{"@type":"EntryPoint","urlTemplate":"https:\/\/dmcsrb.com\/?s={search_term_string}"},"query-input":{"@type":"PropertyValueSpecification","valueRequired":true,"valueName":"search_term_string"}}],"inLanguage":"en-GB"},{"@type":"Person","@id":"https:\/\/dmcsrb.com\/#\/schema\/person\/5c39170f12db1b8b457732d0b5c854e2","name":"dmcsrbija.com@gmail.com","image":{"@type":"ImageObject","inLanguage":"en-GB","@id":"https:\/\/secure.gravatar.com\/avatar\/68592660ad6347fad0fb587f8d5d8f1a7b44961362f56e4f2cd524feb87e9069?s=96&d=mm&r=g","url":"https:\/\/secure.gravatar.com\/avatar\/68592660ad6347fad0fb587f8d5d8f1a7b44961362f56e4f2cd524feb87e9069?s=96&d=mm&r=g","contentUrl":"https:\/\/secure.gravatar.com\/avatar\/68592660ad6347fad0fb587f8d5d8f1a7b44961362f56e4f2cd524feb87e9069?s=96&d=mm&r=g","caption":"dmcsrbija.com@gmail.com"},"sameAs":["https:\/\/dmcsrb.com"],"url":"https:\/\/dmcsrb.com\/en\/author\/dmcsrbija-comgmail-com\/"}]}},"_links":{"self":[{"href":"https:\/\/dmcsrb.com\/en\/wp-json\/wp\/v2\/posts\/911023","targetHints":{"allow":["GET"]}}],"collection":[{"href":"https:\/\/dmcsrb.com\/en\/wp-json\/wp\/v2\/posts"}],"about":[{"href":"https:\/\/dmcsrb.com\/en\/wp-json\/wp\/v2\/types\/post"}],"author":[{"embeddable":true,"href":"https:\/\/dmcsrb.com\/en\/wp-json\/wp\/v2\/users\/1"}],"replies":[{"embeddable":true,"href":"https:\/\/dmcsrb.com\/en\/wp-json\/wp\/v2\/comments?post=911023"}],"version-history":[{"count":0,"href":"https:\/\/dmcsrb.com\/en\/wp-json\/wp\/v2\/posts\/911023\/revisions"}],"wp:featuredmedia":[{"embeddable":true,"href":"https:\/\/dmcsrb.com\/en\/wp-json\/wp\/v2\/media\/908613"}],"wp:attachment":[{"href":"https:\/\/dmcsrb.com\/en\/wp-json\/wp\/v2\/media?parent=911023"}],"wp:term":[{"taxonomy":"category","embeddable":true,"href":"https:\/\/dmcsrb.com\/en\/wp-json\/wp\/v2\/categories?post=911023"},{"taxonomy":"post_tag","embeddable":true,"href":"https:\/\/dmcsrb.com\/en\/wp-json\/wp\/v2\/tags?post=911023"},{"taxonomy":"naslovna","embeddable":true,"href":"https:\/\/dmcsrb.com\/en\/wp-json\/wp\/v2\/naslovna?post=911023"}],"curies":[{"name":"wp","href":"https:\/\/api.w.org\/{rel}","templated":true}]}}