{"id":911015,"date":"2025-12-10T15:03:00","date_gmt":"2025-12-10T14:03:00","guid":{"rendered":"https:\/\/dmcsrb.com\/uncategorized\/dani-gitare-sinoc-u-sali-kic-a-budo-tomovic\/"},"modified":"2025-12-10T15:03:00","modified_gmt":"2025-12-10T14:03:00","slug":"dani-gitare-sinoc-u-sali-kic-a-budo-tomovic","status":"publish","type":"post","link":"https:\/\/dmcsrb.com\/en\/kultura\/dani-gitare-sinoc-u-sali-kic-a-budo-tomovic\/","title":{"rendered":"Dani gitare sino\u0107 u sali KIC-a &#8220;Budo Tomovi\u0107&#8221;"},"content":{"rendered":"<p><\/p>\n\n\n\n<p>U ime organizatora festivala, gitarista Sr\u0111an Bulatovi\u0107 istakao je da je zna\u010daj i posebnost festivala i u tome \u0161to nastoji da, pored me\u0111unarodnih izvo\u0111a\u010da, pru\u017ei podr\u0161ku doma\u0107im gitaristima, sa posebnim akcentom na mlade, jo\u0161 uvijek neafirmisane izvo\u0111a\u010de, kakav je i mladi Petar Nikoli\u0107, koji ve\u0107 bilje\u017ei prve uspje\u0161ne koncertne nastupe.<\/p>\n\n\n\n<p>Publici se u ime partnera, Kulturno-informativnog centra \u201eBudo Tomovi\u0107\u201c, obratila v.d. direktorice, mr Marijana Ze\u010devi\u0107, isti\u010du\u0107i da KIC, bogatom paletom programa, gostovanja i posebnih doga\u0111aja, augmentira kulturnu ponudu, pru\u017eaju\u0107i publici neposredan susret sa istaknutim umjetnicima i kulturnom scenom regiona Evrope i svijeta, \u010dime se KIC otvara i gradi mre\u017ee saradnje i me\u0111unarodnih partnerstava.<\/p>\n\n\n\n<p>Podsjetila je da je X Me\u0111unarodni festival Dani gitare u Podgorici, ove godine okupio istaknute gitariste, profesore i mlade talente iz Crne Gore, \u010ce\u0161ke, \u0160panije i Italije, te da festival ve\u0107 punu deceniju \u017eivi i razvija se, uspostavljaju\u0107i sna\u017ene me\u0111unarodne vibracije.<\/p>\n\n\n\n<p>Osim toga, kako je navela ,,kultura sama po sebi posjeduje metafizi\u010dko i kosmopolitsko svojstvo kojim egzistira\u2019\u2019. Pozivaju\u0107i se na \u0160openhauera, istakla je da je muzika naj\u010distiji oblik metafizike.<\/p>\n\n\n\n<p>\u201eMuzika je izraz volje, sama po sebi, ona govori jezikom du\u0161e. Otuda, gitara uspostavlja eolski eho, spajaju\u0107i sve ove zemlje u jedan ritam, \u017eicom koja posjeduje poseban feeling ljubavi, partnerstva i saradnje. Kako je rekao Johan Sebastijan Bah, muzi\u010dki instrumenti su bo\u017eanski dar; oni prenose ono \u0161to se ne mo\u017ee re\u0107i rije\u010dima\u201c, poru\u010dila je Ze\u010devi\u0107.<\/p>\n\n\n\n<p>U ime Kancelarije Ambasade \u0160panije u Crnoj Gori, otpravnik poslova a.i. Horhe Urbiola Lopes de Montenegro istakao je da je ovaj festival potvrda da muzika na najljep\u0161i na\u010din spaja ljude, te da je u ovom slu\u010daju \u0161panski gitarista Huan Lorenco simboli\u010dno spojio Crnu Goru i \u0160paniju. Dodao je i da je flamenko jedan osje\u0107aj koji \u0107e publika nesumnjivo prepoznati.<\/p>\n\n\n\n<p>&#8220;Publici se najprije predstavio talentovani mladi gitarista Petar Nikoli\u0107 koji je izveo djela istaknutih kompozitora za klasi\u010dnu gitaru, po\u010dev od Baha i Vila-Lobosa, pa do T\u00e1rrege, Pjacole i Alb\u00e9niza. Nikoli\u0107 je pokazao izuzetnu muzikalnost, tehni\u010dku sigurnost i izra\u017eajnu zrelost, ostavljaju\u0107i sna\u017ean utisak na publiku, koja ga je nagradila dugim aplauzom i ovacijama. U jednom dijelu nastupa, na sceni mu je podr\u0161ku pru\u017eila njegova koleginica, flautistkinja Vanja Markovi\u0107&#8221;, naveli su iz KIC-a.<\/p>\n\n\n\n<p>U drugom dijelu ve\u010deri festivalska publika imala je priliku da u\u017eiva u nastupu uglednog \u0161panskog flamenko gitariste Huana Lorenca (Juan Lorenzo) i poznate flamenko plesa\u010dice An Sinel (Anna Sinel). Program je donio autenti\u010dan duh \u0160panije kroz izvo\u0111enje poznatih \u0161panskih kompozicija za gitaru, pri \u010demu su sna\u017ean muzi\u010dki izraz, ritam i ples stvorili sugestivnu scensku cjelinu.<\/p>\n\n\n\n<p>&#8220;Koncert je jo\u0161 jednom potvrdio da Dani gitare ne predstavljaju samo muzi\u010dki festival, ve\u0107 prostor susreta, razmjene i me\u0111ukulturnog dijaloga, u kojem se mladi talenti i afirmisani umjetnici susre\u0107u na istoj sceni, grade\u0107i zajedni\u010dki umjetni\u010dki izraz&#8221;, zaklju\u010duju iz KIC-a.<\/p>\n\n\n\n<p>Festival \u201eDani gitare u Podgorici\u201c organizuju NVO Gitara i Aspekt Medija d.o.o., uz podr\u0161ku Ministarstva kulture i medija, Sekretarijata za kulturu Glavnog grada, Ambasade Italije, Ambasade \u0160panije, Italijanskog kulturnog centra, apoteke Gu\u0161mirovi\u0107 i KIC-a \u201eBudo Tomovi\u0107\u201c.<\/p>","protected":false},"excerpt":{"rendered":"<p>U nastavku jubilarnog, desetog Me\u0111unarodnog festivala Dani gitare u Podgorici, sino\u0107 je u velikoj sali Kulturno-informativnog centra \u201eBudo Tomovi\u0107\u201c, odr\u017ean koncert koji je na upe\u010datljiv na\u010din objedinio mladala\u010dku virtuoznost, afirmisanu me\u0111unarodnu umjetni\u010dku praksu i duh interkulturnog dijaloga. Tom prilikom publici su se predstavli gitarista Petar Nikoli\u0107 i flamenko duo &#8211; gitarista Huan Lorenco i plesa\u010dica An Sinel.<\/p>","protected":false},"author":1,"featured_media":911016,"comment_status":"open","ping_status":"open","sticky":false,"template":"","format":"standard","meta":{"_acf_changed":false,"footnotes":""},"categories":[50],"tags":[95,2154,689,31],"naslovna":[],"class_list":["post-911015","post","type-post","status-publish","format-standard","has-post-thumbnail","hentry","category-kultura","tag-crna-gora","tag-dani-gitare","tag-kic","tag-podgorica"],"acf":[],"yoast_head":"<!-- This site is optimized with the Yoast SEO plugin v27.4 - https:\/\/yoast.com\/product\/yoast-seo-wordpress\/ -->\n<title>Dani gitare sino\u0107 u sali KIC-a &quot;Budo Tomovi\u0107&quot; - dmcsrb.com<\/title>\n<meta name=\"robots\" content=\"index, follow, max-snippet:-1, max-image-preview:large, max-video-preview:-1\" \/>\n<link rel=\"canonical\" href=\"https:\/\/dmcsrb.com\/en\/kultura\/dani-gitare-sinoc-u-sali-kic-a-budo-tomovic\/\" \/>\n<meta property=\"og:locale\" content=\"en_GB\" \/>\n<meta property=\"og:type\" content=\"article\" \/>\n<meta property=\"og:title\" content=\"Dani gitare sino\u0107 u sali KIC-a &quot;Budo Tomovi\u0107&quot; - dmcsrb.com\" \/>\n<meta property=\"og:description\" content=\"U nastavku jubilarnog, desetog Me\u0111unarodnog festivala Dani gitare u Podgorici, sino\u0107 je u velikoj sali Kulturno-informativnog centra \u201eBudo Tomovi\u0107\u201c, odr\u017ean koncert koji je na upe\u010datljiv na\u010din objedinio mladala\u010dku virtuoznost, afirmisanu me\u0111unarodnu umjetni\u010dku praksu i duh interkulturnog dijaloga. Tom prilikom publici su se predstavli gitarista Petar Nikoli\u0107 i flamenko duo - gitarista Huan Lorenco i plesa\u010dica An Sinel.\" \/>\n<meta property=\"og:url\" content=\"https:\/\/dmcsrb.com\/en\/kultura\/dani-gitare-sinoc-u-sali-kic-a-budo-tomovic\/\" \/>\n<meta property=\"og:site_name\" content=\"dmcsrb.com\" \/>\n<meta property=\"article:published_time\" content=\"2025-12-10T14:03:00+00:00\" \/>\n<meta property=\"og:image\" content=\"https:\/\/dmcsrb.com\/wp-content\/uploads\/2026\/01\/7.jpg\" \/>\n\t<meta property=\"og:image:width\" content=\"2198\" \/>\n\t<meta property=\"og:image:height\" content=\"2198\" \/>\n\t<meta property=\"og:image:type\" content=\"image\/jpeg\" \/>\n<meta name=\"author\" content=\"dmcsrbija.com@gmail.com\" \/>\n<meta name=\"twitter:card\" content=\"summary_large_image\" \/>\n<meta name=\"twitter:label1\" content=\"Written by\" \/>\n\t<meta name=\"twitter:data1\" content=\"dmcsrbija.com@gmail.com\" \/>\n\t<meta name=\"twitter:label2\" content=\"Estimated reading time\" \/>\n\t<meta name=\"twitter:data2\" content=\"3 minutes\" \/>\n<script type=\"application\/ld+json\" class=\"yoast-schema-graph\">{\"@context\":\"https:\\\/\\\/schema.org\",\"@graph\":[{\"@type\":\"Article\",\"@id\":\"https:\\\/\\\/dmcsrb.com\\\/kultura\\\/dani-gitare-sinoc-u-sali-kic-a-budo-tomovic\\\/#article\",\"isPartOf\":{\"@id\":\"https:\\\/\\\/dmcsrb.com\\\/kultura\\\/dani-gitare-sinoc-u-sali-kic-a-budo-tomovic\\\/\"},\"author\":{\"name\":\"dmcsrbija.com@gmail.com\",\"@id\":\"https:\\\/\\\/dmcsrb.com\\\/#\\\/schema\\\/person\\\/5c39170f12db1b8b457732d0b5c854e2\"},\"headline\":\"Dani gitare sino\u0107 u sali KIC-a &#8220;Budo Tomovi\u0107&#8221;\",\"datePublished\":\"2025-12-10T14:03:00+00:00\",\"mainEntityOfPage\":{\"@id\":\"https:\\\/\\\/dmcsrb.com\\\/kultura\\\/dani-gitare-sinoc-u-sali-kic-a-budo-tomovic\\\/\"},\"wordCount\":567,\"commentCount\":0,\"image\":{\"@id\":\"https:\\\/\\\/dmcsrb.com\\\/kultura\\\/dani-gitare-sinoc-u-sali-kic-a-budo-tomovic\\\/#primaryimage\"},\"thumbnailUrl\":\"https:\\\/\\\/dmcsrb.com\\\/wp-content\\\/uploads\\\/2026\\\/01\\\/7.jpg\",\"keywords\":[\"Crna Gora\",\"Dani gitare\",\"KIC\",\"Podgorica\"],\"articleSection\":[\"Kultura\"],\"inLanguage\":\"en-GB\",\"potentialAction\":[{\"@type\":\"CommentAction\",\"name\":\"Comment\",\"target\":[\"https:\\\/\\\/dmcsrb.com\\\/kultura\\\/dani-gitare-sinoc-u-sali-kic-a-budo-tomovic\\\/#respond\"]}]},{\"@type\":\"WebPage\",\"@id\":\"https:\\\/\\\/dmcsrb.com\\\/kultura\\\/dani-gitare-sinoc-u-sali-kic-a-budo-tomovic\\\/\",\"url\":\"https:\\\/\\\/dmcsrb.com\\\/kultura\\\/dani-gitare-sinoc-u-sali-kic-a-budo-tomovic\\\/\",\"name\":\"Dani gitare sino\u0107 u sali KIC-a \\\"Budo Tomovi\u0107\\\" - dmcsrb.com\",\"isPartOf\":{\"@id\":\"https:\\\/\\\/dmcsrb.com\\\/#website\"},\"primaryImageOfPage\":{\"@id\":\"https:\\\/\\\/dmcsrb.com\\\/kultura\\\/dani-gitare-sinoc-u-sali-kic-a-budo-tomovic\\\/#primaryimage\"},\"image\":{\"@id\":\"https:\\\/\\\/dmcsrb.com\\\/kultura\\\/dani-gitare-sinoc-u-sali-kic-a-budo-tomovic\\\/#primaryimage\"},\"thumbnailUrl\":\"https:\\\/\\\/dmcsrb.com\\\/wp-content\\\/uploads\\\/2026\\\/01\\\/7.jpg\",\"datePublished\":\"2025-12-10T14:03:00+00:00\",\"author\":{\"@id\":\"https:\\\/\\\/dmcsrb.com\\\/#\\\/schema\\\/person\\\/5c39170f12db1b8b457732d0b5c854e2\"},\"breadcrumb\":{\"@id\":\"https:\\\/\\\/dmcsrb.com\\\/kultura\\\/dani-gitare-sinoc-u-sali-kic-a-budo-tomovic\\\/#breadcrumb\"},\"inLanguage\":\"en-GB\",\"potentialAction\":[{\"@type\":\"ReadAction\",\"target\":[\"https:\\\/\\\/dmcsrb.com\\\/kultura\\\/dani-gitare-sinoc-u-sali-kic-a-budo-tomovic\\\/\"]}]},{\"@type\":\"ImageObject\",\"inLanguage\":\"en-GB\",\"@id\":\"https:\\\/\\\/dmcsrb.com\\\/kultura\\\/dani-gitare-sinoc-u-sali-kic-a-budo-tomovic\\\/#primaryimage\",\"url\":\"https:\\\/\\\/dmcsrb.com\\\/wp-content\\\/uploads\\\/2026\\\/01\\\/7.jpg\",\"contentUrl\":\"https:\\\/\\\/dmcsrb.com\\\/wp-content\\\/uploads\\\/2026\\\/01\\\/7.jpg\",\"width\":2198,\"height\":2198},{\"@type\":\"BreadcrumbList\",\"@id\":\"https:\\\/\\\/dmcsrb.com\\\/kultura\\\/dani-gitare-sinoc-u-sali-kic-a-budo-tomovic\\\/#breadcrumb\",\"itemListElement\":[{\"@type\":\"ListItem\",\"position\":1,\"name\":\"Home\",\"item\":\"https:\\\/\\\/dmcsrb.com\\\/\"},{\"@type\":\"ListItem\",\"position\":2,\"name\":\"Dani gitare sino\u0107 u sali KIC-a &#8220;Budo Tomovi\u0107&#8221;\"}]},{\"@type\":\"WebSite\",\"@id\":\"https:\\\/\\\/dmcsrb.com\\\/#website\",\"url\":\"https:\\\/\\\/dmcsrb.com\\\/\",\"name\":\"dmcsrb.com\",\"description\":\"\",\"potentialAction\":[{\"@type\":\"SearchAction\",\"target\":{\"@type\":\"EntryPoint\",\"urlTemplate\":\"https:\\\/\\\/dmcsrb.com\\\/?s={search_term_string}\"},\"query-input\":{\"@type\":\"PropertyValueSpecification\",\"valueRequired\":true,\"valueName\":\"search_term_string\"}}],\"inLanguage\":\"en-GB\"},{\"@type\":\"Person\",\"@id\":\"https:\\\/\\\/dmcsrb.com\\\/#\\\/schema\\\/person\\\/5c39170f12db1b8b457732d0b5c854e2\",\"name\":\"dmcsrbija.com@gmail.com\",\"image\":{\"@type\":\"ImageObject\",\"inLanguage\":\"en-GB\",\"@id\":\"https:\\\/\\\/secure.gravatar.com\\\/avatar\\\/68592660ad6347fad0fb587f8d5d8f1a7b44961362f56e4f2cd524feb87e9069?s=96&d=mm&r=g\",\"url\":\"https:\\\/\\\/secure.gravatar.com\\\/avatar\\\/68592660ad6347fad0fb587f8d5d8f1a7b44961362f56e4f2cd524feb87e9069?s=96&d=mm&r=g\",\"contentUrl\":\"https:\\\/\\\/secure.gravatar.com\\\/avatar\\\/68592660ad6347fad0fb587f8d5d8f1a7b44961362f56e4f2cd524feb87e9069?s=96&d=mm&r=g\",\"caption\":\"dmcsrbija.com@gmail.com\"},\"sameAs\":[\"https:\\\/\\\/dmcsrb.com\"],\"url\":\"https:\\\/\\\/dmcsrb.com\\\/en\\\/author\\\/dmcsrbija-comgmail-com\\\/\"}]}<\/script>\n<!-- \/ Yoast SEO plugin. -->","yoast_head_json":{"title":"Dani gitare sino\u0107 u sali KIC-a \"Budo Tomovi\u0107\" - dmcsrb.com","robots":{"index":"index","follow":"follow","max-snippet":"max-snippet:-1","max-image-preview":"max-image-preview:large","max-video-preview":"max-video-preview:-1"},"canonical":"https:\/\/dmcsrb.com\/en\/kultura\/dani-gitare-sinoc-u-sali-kic-a-budo-tomovic\/","og_locale":"en_GB","og_type":"article","og_title":"Dani gitare sino\u0107 u sali KIC-a \"Budo Tomovi\u0107\" - dmcsrb.com","og_description":"U nastavku jubilarnog, desetog Me\u0111unarodnog festivala Dani gitare u Podgorici, sino\u0107 je u velikoj sali Kulturno-informativnog centra \u201eBudo Tomovi\u0107\u201c, odr\u017ean koncert koji je na upe\u010datljiv na\u010din objedinio mladala\u010dku virtuoznost, afirmisanu me\u0111unarodnu umjetni\u010dku praksu i duh interkulturnog dijaloga. Tom prilikom publici su se predstavli gitarista Petar Nikoli\u0107 i flamenko duo - gitarista Huan Lorenco i plesa\u010dica An Sinel.","og_url":"https:\/\/dmcsrb.com\/en\/kultura\/dani-gitare-sinoc-u-sali-kic-a-budo-tomovic\/","og_site_name":"dmcsrb.com","article_published_time":"2025-12-10T14:03:00+00:00","og_image":[{"width":2198,"height":2198,"url":"https:\/\/dmcsrb.com\/wp-content\/uploads\/2026\/01\/7.jpg","type":"image\/jpeg"}],"author":"dmcsrbija.com@gmail.com","twitter_card":"summary_large_image","twitter_misc":{"Written by":"dmcsrbija.com@gmail.com","Estimated reading time":"3 minutes"},"schema":{"@context":"https:\/\/schema.org","@graph":[{"@type":"Article","@id":"https:\/\/dmcsrb.com\/kultura\/dani-gitare-sinoc-u-sali-kic-a-budo-tomovic\/#article","isPartOf":{"@id":"https:\/\/dmcsrb.com\/kultura\/dani-gitare-sinoc-u-sali-kic-a-budo-tomovic\/"},"author":{"name":"dmcsrbija.com@gmail.com","@id":"https:\/\/dmcsrb.com\/#\/schema\/person\/5c39170f12db1b8b457732d0b5c854e2"},"headline":"Dani gitare sino\u0107 u sali KIC-a &#8220;Budo Tomovi\u0107&#8221;","datePublished":"2025-12-10T14:03:00+00:00","mainEntityOfPage":{"@id":"https:\/\/dmcsrb.com\/kultura\/dani-gitare-sinoc-u-sali-kic-a-budo-tomovic\/"},"wordCount":567,"commentCount":0,"image":{"@id":"https:\/\/dmcsrb.com\/kultura\/dani-gitare-sinoc-u-sali-kic-a-budo-tomovic\/#primaryimage"},"thumbnailUrl":"https:\/\/dmcsrb.com\/wp-content\/uploads\/2026\/01\/7.jpg","keywords":["Crna Gora","Dani gitare","KIC","Podgorica"],"articleSection":["Kultura"],"inLanguage":"en-GB","potentialAction":[{"@type":"CommentAction","name":"Comment","target":["https:\/\/dmcsrb.com\/kultura\/dani-gitare-sinoc-u-sali-kic-a-budo-tomovic\/#respond"]}]},{"@type":"WebPage","@id":"https:\/\/dmcsrb.com\/kultura\/dani-gitare-sinoc-u-sali-kic-a-budo-tomovic\/","url":"https:\/\/dmcsrb.com\/kultura\/dani-gitare-sinoc-u-sali-kic-a-budo-tomovic\/","name":"Dani gitare sino\u0107 u sali KIC-a \"Budo Tomovi\u0107\" - dmcsrb.com","isPartOf":{"@id":"https:\/\/dmcsrb.com\/#website"},"primaryImageOfPage":{"@id":"https:\/\/dmcsrb.com\/kultura\/dani-gitare-sinoc-u-sali-kic-a-budo-tomovic\/#primaryimage"},"image":{"@id":"https:\/\/dmcsrb.com\/kultura\/dani-gitare-sinoc-u-sali-kic-a-budo-tomovic\/#primaryimage"},"thumbnailUrl":"https:\/\/dmcsrb.com\/wp-content\/uploads\/2026\/01\/7.jpg","datePublished":"2025-12-10T14:03:00+00:00","author":{"@id":"https:\/\/dmcsrb.com\/#\/schema\/person\/5c39170f12db1b8b457732d0b5c854e2"},"breadcrumb":{"@id":"https:\/\/dmcsrb.com\/kultura\/dani-gitare-sinoc-u-sali-kic-a-budo-tomovic\/#breadcrumb"},"inLanguage":"en-GB","potentialAction":[{"@type":"ReadAction","target":["https:\/\/dmcsrb.com\/kultura\/dani-gitare-sinoc-u-sali-kic-a-budo-tomovic\/"]}]},{"@type":"ImageObject","inLanguage":"en-GB","@id":"https:\/\/dmcsrb.com\/kultura\/dani-gitare-sinoc-u-sali-kic-a-budo-tomovic\/#primaryimage","url":"https:\/\/dmcsrb.com\/wp-content\/uploads\/2026\/01\/7.jpg","contentUrl":"https:\/\/dmcsrb.com\/wp-content\/uploads\/2026\/01\/7.jpg","width":2198,"height":2198},{"@type":"BreadcrumbList","@id":"https:\/\/dmcsrb.com\/kultura\/dani-gitare-sinoc-u-sali-kic-a-budo-tomovic\/#breadcrumb","itemListElement":[{"@type":"ListItem","position":1,"name":"Home","item":"https:\/\/dmcsrb.com\/"},{"@type":"ListItem","position":2,"name":"Dani gitare sino\u0107 u sali KIC-a &#8220;Budo Tomovi\u0107&#8221;"}]},{"@type":"WebSite","@id":"https:\/\/dmcsrb.com\/#website","url":"https:\/\/dmcsrb.com\/","name":"dmcsrb.com","description":"","potentialAction":[{"@type":"SearchAction","target":{"@type":"EntryPoint","urlTemplate":"https:\/\/dmcsrb.com\/?s={search_term_string}"},"query-input":{"@type":"PropertyValueSpecification","valueRequired":true,"valueName":"search_term_string"}}],"inLanguage":"en-GB"},{"@type":"Person","@id":"https:\/\/dmcsrb.com\/#\/schema\/person\/5c39170f12db1b8b457732d0b5c854e2","name":"dmcsrbija.com@gmail.com","image":{"@type":"ImageObject","inLanguage":"en-GB","@id":"https:\/\/secure.gravatar.com\/avatar\/68592660ad6347fad0fb587f8d5d8f1a7b44961362f56e4f2cd524feb87e9069?s=96&d=mm&r=g","url":"https:\/\/secure.gravatar.com\/avatar\/68592660ad6347fad0fb587f8d5d8f1a7b44961362f56e4f2cd524feb87e9069?s=96&d=mm&r=g","contentUrl":"https:\/\/secure.gravatar.com\/avatar\/68592660ad6347fad0fb587f8d5d8f1a7b44961362f56e4f2cd524feb87e9069?s=96&d=mm&r=g","caption":"dmcsrbija.com@gmail.com"},"sameAs":["https:\/\/dmcsrb.com"],"url":"https:\/\/dmcsrb.com\/en\/author\/dmcsrbija-comgmail-com\/"}]}},"_links":{"self":[{"href":"https:\/\/dmcsrb.com\/en\/wp-json\/wp\/v2\/posts\/911015","targetHints":{"allow":["GET"]}}],"collection":[{"href":"https:\/\/dmcsrb.com\/en\/wp-json\/wp\/v2\/posts"}],"about":[{"href":"https:\/\/dmcsrb.com\/en\/wp-json\/wp\/v2\/types\/post"}],"author":[{"embeddable":true,"href":"https:\/\/dmcsrb.com\/en\/wp-json\/wp\/v2\/users\/1"}],"replies":[{"embeddable":true,"href":"https:\/\/dmcsrb.com\/en\/wp-json\/wp\/v2\/comments?post=911015"}],"version-history":[{"count":0,"href":"https:\/\/dmcsrb.com\/en\/wp-json\/wp\/v2\/posts\/911015\/revisions"}],"wp:featuredmedia":[{"embeddable":true,"href":"https:\/\/dmcsrb.com\/en\/wp-json\/wp\/v2\/media\/911016"}],"wp:attachment":[{"href":"https:\/\/dmcsrb.com\/en\/wp-json\/wp\/v2\/media?parent=911015"}],"wp:term":[{"taxonomy":"category","embeddable":true,"href":"https:\/\/dmcsrb.com\/en\/wp-json\/wp\/v2\/categories?post=911015"},{"taxonomy":"post_tag","embeddable":true,"href":"https:\/\/dmcsrb.com\/en\/wp-json\/wp\/v2\/tags?post=911015"},{"taxonomy":"naslovna","embeddable":true,"href":"https:\/\/dmcsrb.com\/en\/wp-json\/wp\/v2\/naslovna?post=911015"}],"curies":[{"name":"wp","href":"https:\/\/api.w.org\/{rel}","templated":true}]}}