{"id":910999,"date":"2025-12-10T13:33:00","date_gmt":"2025-12-10T12:33:00","guid":{"rendered":"https:\/\/dmcsrb.com\/uncategorized\/inicijativa-za-imenovanje-vaspitne-jedinice-po-vitomiru-vitu-nikolicu\/"},"modified":"2025-12-10T13:33:00","modified_gmt":"2025-12-10T12:33:00","slug":"inicijativa-za-imenovanje-vaspitne-jedinice-po-vitomiru-vitu-nikolicu","status":"publish","type":"post","link":"https:\/\/dmcsrb.com\/en\/kultura\/inicijativa-za-imenovanje-vaspitne-jedinice-po-vitomiru-vitu-nikolicu\/","title":{"rendered":"\u201eInicijativa za imenovanje vaspitne jedinice po Vitomiru Vitu Nikoli\u0107u\u201c"},"content":{"rendered":"<p><\/p>\n\n\n\n<p>Vitomir Vito Nikoli\u0107 (1934-1994) bio je pjesnik koji je svojim djelom i li\u010dnim \u017eivotom postao simbol ljudske topline, slobode duha i dubokog saosje\u0107anja s obi\u010dnim \u010dovjekom. Ro\u0111en i odrastao u Nik\u0161i\u0107u, Vito je bio neraskidivo vezan za svoj grad, koji je \u010desto inspiracija za nastanak njegovih stihova.<\/p>\n\n\n\n<p>Njegova poezija, jednostavna a duboka, melanholi\u010dna a \u017eivotna, pro\u017eeta je ljubavlju prema ljudima, prirodi i rodnom kraju. Djela poput \u201eDrumovanja\u201d i \u201eSunce, hladno mi je\u201d, u\u0161la su u antologije crnogorske i jugoslovenske knji\u017eevnosti, postav\u0161i dio zajedni\u010dkog kulturnog identiteta mnogih generacija. Vitomir Vito Nikoli\u0107 ostao je simbol autenti\u010dnosti i dostojanstva, \u010dovjek koji je umio da voli, pra\u0161ta i vidi ljepotu u svakodnevici.<\/p>\n\n\n\n<p>Davanjem imena novoj vaspitnoj jedinici po Vitomiru Vitu Nikoli\u0107u zna\u010dilo bi da novim generacijama od najranijih dana, prvih usvojenih rije\u010di i prvih koraka, usa\u0111ujemo vrijednosti koje je on \u017eivio i stvarao: dobrotu, iskrenost, ma\u0161tovitost i ljubav prema \u010dovjeku. Takvo ime nosilo bi poruku da kultura, poezija i humanost imaju va\u017eno mjesto u vaspitanju i obrazovanju najmla\u0111ih.<\/p>\n\n\n\n<p>&#8220;Na ovaj na\u010din, Vitomir Vito Nikoli\u0107 ne bi bio samo sje\u0107anje na pro\u0161lost, ve\u0107 trajni dio budu\u0107nosti Nik\u0161i\u0107a, grada koji ga je oblikovao, a koji je, zahvaljuju\u0107i njemu, postao bogatiji duhom i rije\u010dju i koji je, dobrim dijelom upravo zahvaljuju\u0107i ovom velikanu prepoznat kao Prijestonica kulture 2030. godine&#8221;, naveli su iz MPNI. <\/p>\n\n\n\n<p><\/p>","protected":false},"excerpt":{"rendered":"<p>Ministarstvo prosvjete, nauke i inovacija, u znak trajnog sje\u0107anja i zahvalnosti prema jednom od najistaknutijih pjesnika koje je Nik\u0161i\u0107, a i Crna Gora u cjelini, ikada dala, uputilo je inicijativu Op\u0161tini Nik\u0161i\u0107 za podizanje spomen obilje\u017eja i davanje imena novoj vaspitnoj jedinici u okviru JPU ,,Dragan Kova\u010devi\u0107\u201c u naselju Rudo Polje u Nik\u0161i\u0107u: \u201eVitomir Vito Nikoli\u0107\u201d.<\/p>","protected":false},"author":1,"featured_media":911000,"comment_status":"open","ping_status":"open","sticky":false,"template":"","format":"standard","meta":{"_acf_changed":false,"footnotes":""},"categories":[50],"tags":[95,491,2128,2129],"naslovna":[],"class_list":["post-910999","post","type-post","status-publish","format-standard","has-post-thumbnail","hentry","category-kultura","tag-crna-gora","tag-niksic-4","tag-pjesnik","tag-vito-nikolic"],"acf":[],"yoast_head":"<!-- This site is optimized with the Yoast SEO plugin v27.4 - https:\/\/yoast.com\/product\/yoast-seo-wordpress\/ -->\n<title>\u201eInicijativa za imenovanje vaspitne jedinice po Vitomiru Vitu Nikoli\u0107u\u201c - dmcsrb.com<\/title>\n<meta name=\"robots\" content=\"index, follow, max-snippet:-1, max-image-preview:large, max-video-preview:-1\" \/>\n<link rel=\"canonical\" href=\"https:\/\/dmcsrb.com\/en\/kultura\/inicijativa-za-imenovanje-vaspitne-jedinice-po-vitomiru-vitu-nikolicu\/\" \/>\n<meta property=\"og:locale\" content=\"en_GB\" \/>\n<meta property=\"og:type\" content=\"article\" \/>\n<meta property=\"og:title\" content=\"\u201eInicijativa za imenovanje vaspitne jedinice po Vitomiru Vitu Nikoli\u0107u\u201c - dmcsrb.com\" \/>\n<meta property=\"og:description\" content=\"Ministarstvo prosvjete, nauke i inovacija, u znak trajnog sje\u0107anja i zahvalnosti prema jednom od najistaknutijih pjesnika koje je Nik\u0161i\u0107, a i Crna Gora u cjelini, ikada dala, uputilo je inicijativu Op\u0161tini Nik\u0161i\u0107 za podizanje spomen obilje\u017eja i davanje imena novoj vaspitnoj jedinici u okviru JPU ,,Dragan Kova\u010devi\u0107\u201c u naselju Rudo Polje u Nik\u0161i\u0107u: \u201eVitomir Vito Nikoli\u0107\u201d.\" \/>\n<meta property=\"og:url\" content=\"https:\/\/dmcsrb.com\/en\/kultura\/inicijativa-za-imenovanje-vaspitne-jedinice-po-vitomiru-vitu-nikolicu\/\" \/>\n<meta property=\"og:site_name\" content=\"dmcsrb.com\" \/>\n<meta property=\"article:published_time\" content=\"2025-12-10T12:33:00+00:00\" \/>\n<meta property=\"og:image\" content=\"https:\/\/dmcsrb.com\/wp-content\/uploads\/2026\/01\/thumbnail_Vitomir-Nikolic.jpg\" \/>\n\t<meta property=\"og:image:width\" content=\"1024\" \/>\n\t<meta property=\"og:image:height\" content=\"1280\" \/>\n\t<meta property=\"og:image:type\" content=\"image\/jpeg\" \/>\n<meta name=\"author\" content=\"dmcsrbija.com@gmail.com\" \/>\n<meta name=\"twitter:card\" content=\"summary_large_image\" \/>\n<meta name=\"twitter:label1\" content=\"Written by\" \/>\n\t<meta name=\"twitter:data1\" content=\"dmcsrbija.com@gmail.com\" \/>\n\t<meta name=\"twitter:label2\" content=\"Estimated reading time\" \/>\n\t<meta name=\"twitter:data2\" content=\"1 minute\" \/>\n<script type=\"application\/ld+json\" class=\"yoast-schema-graph\">{\"@context\":\"https:\\\/\\\/schema.org\",\"@graph\":[{\"@type\":\"Article\",\"@id\":\"https:\\\/\\\/dmcsrb.com\\\/kultura\\\/inicijativa-za-imenovanje-vaspitne-jedinice-po-vitomiru-vitu-nikolicu\\\/#article\",\"isPartOf\":{\"@id\":\"https:\\\/\\\/dmcsrb.com\\\/kultura\\\/inicijativa-za-imenovanje-vaspitne-jedinice-po-vitomiru-vitu-nikolicu\\\/\"},\"author\":{\"name\":\"dmcsrbija.com@gmail.com\",\"@id\":\"https:\\\/\\\/dmcsrb.com\\\/#\\\/schema\\\/person\\\/5c39170f12db1b8b457732d0b5c854e2\"},\"headline\":\"\u201eInicijativa za imenovanje vaspitne jedinice po Vitomiru Vitu Nikoli\u0107u\u201c\",\"datePublished\":\"2025-12-10T12:33:00+00:00\",\"mainEntityOfPage\":{\"@id\":\"https:\\\/\\\/dmcsrb.com\\\/kultura\\\/inicijativa-za-imenovanje-vaspitne-jedinice-po-vitomiru-vitu-nikolicu\\\/\"},\"wordCount\":255,\"commentCount\":0,\"image\":{\"@id\":\"https:\\\/\\\/dmcsrb.com\\\/kultura\\\/inicijativa-za-imenovanje-vaspitne-jedinice-po-vitomiru-vitu-nikolicu\\\/#primaryimage\"},\"thumbnailUrl\":\"https:\\\/\\\/dmcsrb.com\\\/wp-content\\\/uploads\\\/2026\\\/01\\\/thumbnail_Vitomir-Nikolic.jpg\",\"keywords\":[\"Crna Gora\",\"Niksic\",\"Pjesnik\",\"vito nikolic\"],\"articleSection\":[\"Kultura\"],\"inLanguage\":\"en-GB\",\"potentialAction\":[{\"@type\":\"CommentAction\",\"name\":\"Comment\",\"target\":[\"https:\\\/\\\/dmcsrb.com\\\/kultura\\\/inicijativa-za-imenovanje-vaspitne-jedinice-po-vitomiru-vitu-nikolicu\\\/#respond\"]}]},{\"@type\":\"WebPage\",\"@id\":\"https:\\\/\\\/dmcsrb.com\\\/kultura\\\/inicijativa-za-imenovanje-vaspitne-jedinice-po-vitomiru-vitu-nikolicu\\\/\",\"url\":\"https:\\\/\\\/dmcsrb.com\\\/kultura\\\/inicijativa-za-imenovanje-vaspitne-jedinice-po-vitomiru-vitu-nikolicu\\\/\",\"name\":\"\u201eInicijativa za imenovanje vaspitne jedinice po Vitomiru Vitu Nikoli\u0107u\u201c - dmcsrb.com\",\"isPartOf\":{\"@id\":\"https:\\\/\\\/dmcsrb.com\\\/#website\"},\"primaryImageOfPage\":{\"@id\":\"https:\\\/\\\/dmcsrb.com\\\/kultura\\\/inicijativa-za-imenovanje-vaspitne-jedinice-po-vitomiru-vitu-nikolicu\\\/#primaryimage\"},\"image\":{\"@id\":\"https:\\\/\\\/dmcsrb.com\\\/kultura\\\/inicijativa-za-imenovanje-vaspitne-jedinice-po-vitomiru-vitu-nikolicu\\\/#primaryimage\"},\"thumbnailUrl\":\"https:\\\/\\\/dmcsrb.com\\\/wp-content\\\/uploads\\\/2026\\\/01\\\/thumbnail_Vitomir-Nikolic.jpg\",\"datePublished\":\"2025-12-10T12:33:00+00:00\",\"author\":{\"@id\":\"https:\\\/\\\/dmcsrb.com\\\/#\\\/schema\\\/person\\\/5c39170f12db1b8b457732d0b5c854e2\"},\"breadcrumb\":{\"@id\":\"https:\\\/\\\/dmcsrb.com\\\/kultura\\\/inicijativa-za-imenovanje-vaspitne-jedinice-po-vitomiru-vitu-nikolicu\\\/#breadcrumb\"},\"inLanguage\":\"en-GB\",\"potentialAction\":[{\"@type\":\"ReadAction\",\"target\":[\"https:\\\/\\\/dmcsrb.com\\\/kultura\\\/inicijativa-za-imenovanje-vaspitne-jedinice-po-vitomiru-vitu-nikolicu\\\/\"]}]},{\"@type\":\"ImageObject\",\"inLanguage\":\"en-GB\",\"@id\":\"https:\\\/\\\/dmcsrb.com\\\/kultura\\\/inicijativa-za-imenovanje-vaspitne-jedinice-po-vitomiru-vitu-nikolicu\\\/#primaryimage\",\"url\":\"https:\\\/\\\/dmcsrb.com\\\/wp-content\\\/uploads\\\/2026\\\/01\\\/thumbnail_Vitomir-Nikolic.jpg\",\"contentUrl\":\"https:\\\/\\\/dmcsrb.com\\\/wp-content\\\/uploads\\\/2026\\\/01\\\/thumbnail_Vitomir-Nikolic.jpg\",\"width\":1024,\"height\":1280},{\"@type\":\"BreadcrumbList\",\"@id\":\"https:\\\/\\\/dmcsrb.com\\\/kultura\\\/inicijativa-za-imenovanje-vaspitne-jedinice-po-vitomiru-vitu-nikolicu\\\/#breadcrumb\",\"itemListElement\":[{\"@type\":\"ListItem\",\"position\":1,\"name\":\"Home\",\"item\":\"https:\\\/\\\/dmcsrb.com\\\/\"},{\"@type\":\"ListItem\",\"position\":2,\"name\":\"\u201eInicijativa za imenovanje vaspitne jedinice po Vitomiru Vitu Nikoli\u0107u\u201c\"}]},{\"@type\":\"WebSite\",\"@id\":\"https:\\\/\\\/dmcsrb.com\\\/#website\",\"url\":\"https:\\\/\\\/dmcsrb.com\\\/\",\"name\":\"dmcsrb.com\",\"description\":\"\",\"potentialAction\":[{\"@type\":\"SearchAction\",\"target\":{\"@type\":\"EntryPoint\",\"urlTemplate\":\"https:\\\/\\\/dmcsrb.com\\\/?s={search_term_string}\"},\"query-input\":{\"@type\":\"PropertyValueSpecification\",\"valueRequired\":true,\"valueName\":\"search_term_string\"}}],\"inLanguage\":\"en-GB\"},{\"@type\":\"Person\",\"@id\":\"https:\\\/\\\/dmcsrb.com\\\/#\\\/schema\\\/person\\\/5c39170f12db1b8b457732d0b5c854e2\",\"name\":\"dmcsrbija.com@gmail.com\",\"image\":{\"@type\":\"ImageObject\",\"inLanguage\":\"en-GB\",\"@id\":\"https:\\\/\\\/secure.gravatar.com\\\/avatar\\\/68592660ad6347fad0fb587f8d5d8f1a7b44961362f56e4f2cd524feb87e9069?s=96&d=mm&r=g\",\"url\":\"https:\\\/\\\/secure.gravatar.com\\\/avatar\\\/68592660ad6347fad0fb587f8d5d8f1a7b44961362f56e4f2cd524feb87e9069?s=96&d=mm&r=g\",\"contentUrl\":\"https:\\\/\\\/secure.gravatar.com\\\/avatar\\\/68592660ad6347fad0fb587f8d5d8f1a7b44961362f56e4f2cd524feb87e9069?s=96&d=mm&r=g\",\"caption\":\"dmcsrbija.com@gmail.com\"},\"sameAs\":[\"https:\\\/\\\/dmcsrb.com\"],\"url\":\"https:\\\/\\\/dmcsrb.com\\\/en\\\/author\\\/dmcsrbija-comgmail-com\\\/\"}]}<\/script>\n<!-- \/ Yoast SEO plugin. -->","yoast_head_json":{"title":"\u201eInicijativa za imenovanje vaspitne jedinice po Vitomiru Vitu Nikoli\u0107u\u201c - dmcsrb.com","robots":{"index":"index","follow":"follow","max-snippet":"max-snippet:-1","max-image-preview":"max-image-preview:large","max-video-preview":"max-video-preview:-1"},"canonical":"https:\/\/dmcsrb.com\/en\/kultura\/inicijativa-za-imenovanje-vaspitne-jedinice-po-vitomiru-vitu-nikolicu\/","og_locale":"en_GB","og_type":"article","og_title":"\u201eInicijativa za imenovanje vaspitne jedinice po Vitomiru Vitu Nikoli\u0107u\u201c - dmcsrb.com","og_description":"Ministarstvo prosvjete, nauke i inovacija, u znak trajnog sje\u0107anja i zahvalnosti prema jednom od najistaknutijih pjesnika koje je Nik\u0161i\u0107, a i Crna Gora u cjelini, ikada dala, uputilo je inicijativu Op\u0161tini Nik\u0161i\u0107 za podizanje spomen obilje\u017eja i davanje imena novoj vaspitnoj jedinici u okviru JPU ,,Dragan Kova\u010devi\u0107\u201c u naselju Rudo Polje u Nik\u0161i\u0107u: \u201eVitomir Vito Nikoli\u0107\u201d.","og_url":"https:\/\/dmcsrb.com\/en\/kultura\/inicijativa-za-imenovanje-vaspitne-jedinice-po-vitomiru-vitu-nikolicu\/","og_site_name":"dmcsrb.com","article_published_time":"2025-12-10T12:33:00+00:00","og_image":[{"width":1024,"height":1280,"url":"https:\/\/dmcsrb.com\/wp-content\/uploads\/2026\/01\/thumbnail_Vitomir-Nikolic.jpg","type":"image\/jpeg"}],"author":"dmcsrbija.com@gmail.com","twitter_card":"summary_large_image","twitter_misc":{"Written by":"dmcsrbija.com@gmail.com","Estimated reading time":"1 minute"},"schema":{"@context":"https:\/\/schema.org","@graph":[{"@type":"Article","@id":"https:\/\/dmcsrb.com\/kultura\/inicijativa-za-imenovanje-vaspitne-jedinice-po-vitomiru-vitu-nikolicu\/#article","isPartOf":{"@id":"https:\/\/dmcsrb.com\/kultura\/inicijativa-za-imenovanje-vaspitne-jedinice-po-vitomiru-vitu-nikolicu\/"},"author":{"name":"dmcsrbija.com@gmail.com","@id":"https:\/\/dmcsrb.com\/#\/schema\/person\/5c39170f12db1b8b457732d0b5c854e2"},"headline":"\u201eInicijativa za imenovanje vaspitne jedinice po Vitomiru Vitu Nikoli\u0107u\u201c","datePublished":"2025-12-10T12:33:00+00:00","mainEntityOfPage":{"@id":"https:\/\/dmcsrb.com\/kultura\/inicijativa-za-imenovanje-vaspitne-jedinice-po-vitomiru-vitu-nikolicu\/"},"wordCount":255,"commentCount":0,"image":{"@id":"https:\/\/dmcsrb.com\/kultura\/inicijativa-za-imenovanje-vaspitne-jedinice-po-vitomiru-vitu-nikolicu\/#primaryimage"},"thumbnailUrl":"https:\/\/dmcsrb.com\/wp-content\/uploads\/2026\/01\/thumbnail_Vitomir-Nikolic.jpg","keywords":["Crna Gora","Niksic","Pjesnik","vito nikolic"],"articleSection":["Kultura"],"inLanguage":"en-GB","potentialAction":[{"@type":"CommentAction","name":"Comment","target":["https:\/\/dmcsrb.com\/kultura\/inicijativa-za-imenovanje-vaspitne-jedinice-po-vitomiru-vitu-nikolicu\/#respond"]}]},{"@type":"WebPage","@id":"https:\/\/dmcsrb.com\/kultura\/inicijativa-za-imenovanje-vaspitne-jedinice-po-vitomiru-vitu-nikolicu\/","url":"https:\/\/dmcsrb.com\/kultura\/inicijativa-za-imenovanje-vaspitne-jedinice-po-vitomiru-vitu-nikolicu\/","name":"\u201eInicijativa za imenovanje vaspitne jedinice po Vitomiru Vitu Nikoli\u0107u\u201c - dmcsrb.com","isPartOf":{"@id":"https:\/\/dmcsrb.com\/#website"},"primaryImageOfPage":{"@id":"https:\/\/dmcsrb.com\/kultura\/inicijativa-za-imenovanje-vaspitne-jedinice-po-vitomiru-vitu-nikolicu\/#primaryimage"},"image":{"@id":"https:\/\/dmcsrb.com\/kultura\/inicijativa-za-imenovanje-vaspitne-jedinice-po-vitomiru-vitu-nikolicu\/#primaryimage"},"thumbnailUrl":"https:\/\/dmcsrb.com\/wp-content\/uploads\/2026\/01\/thumbnail_Vitomir-Nikolic.jpg","datePublished":"2025-12-10T12:33:00+00:00","author":{"@id":"https:\/\/dmcsrb.com\/#\/schema\/person\/5c39170f12db1b8b457732d0b5c854e2"},"breadcrumb":{"@id":"https:\/\/dmcsrb.com\/kultura\/inicijativa-za-imenovanje-vaspitne-jedinice-po-vitomiru-vitu-nikolicu\/#breadcrumb"},"inLanguage":"en-GB","potentialAction":[{"@type":"ReadAction","target":["https:\/\/dmcsrb.com\/kultura\/inicijativa-za-imenovanje-vaspitne-jedinice-po-vitomiru-vitu-nikolicu\/"]}]},{"@type":"ImageObject","inLanguage":"en-GB","@id":"https:\/\/dmcsrb.com\/kultura\/inicijativa-za-imenovanje-vaspitne-jedinice-po-vitomiru-vitu-nikolicu\/#primaryimage","url":"https:\/\/dmcsrb.com\/wp-content\/uploads\/2026\/01\/thumbnail_Vitomir-Nikolic.jpg","contentUrl":"https:\/\/dmcsrb.com\/wp-content\/uploads\/2026\/01\/thumbnail_Vitomir-Nikolic.jpg","width":1024,"height":1280},{"@type":"BreadcrumbList","@id":"https:\/\/dmcsrb.com\/kultura\/inicijativa-za-imenovanje-vaspitne-jedinice-po-vitomiru-vitu-nikolicu\/#breadcrumb","itemListElement":[{"@type":"ListItem","position":1,"name":"Home","item":"https:\/\/dmcsrb.com\/"},{"@type":"ListItem","position":2,"name":"\u201eInicijativa za imenovanje vaspitne jedinice po Vitomiru Vitu Nikoli\u0107u\u201c"}]},{"@type":"WebSite","@id":"https:\/\/dmcsrb.com\/#website","url":"https:\/\/dmcsrb.com\/","name":"dmcsrb.com","description":"","potentialAction":[{"@type":"SearchAction","target":{"@type":"EntryPoint","urlTemplate":"https:\/\/dmcsrb.com\/?s={search_term_string}"},"query-input":{"@type":"PropertyValueSpecification","valueRequired":true,"valueName":"search_term_string"}}],"inLanguage":"en-GB"},{"@type":"Person","@id":"https:\/\/dmcsrb.com\/#\/schema\/person\/5c39170f12db1b8b457732d0b5c854e2","name":"dmcsrbija.com@gmail.com","image":{"@type":"ImageObject","inLanguage":"en-GB","@id":"https:\/\/secure.gravatar.com\/avatar\/68592660ad6347fad0fb587f8d5d8f1a7b44961362f56e4f2cd524feb87e9069?s=96&d=mm&r=g","url":"https:\/\/secure.gravatar.com\/avatar\/68592660ad6347fad0fb587f8d5d8f1a7b44961362f56e4f2cd524feb87e9069?s=96&d=mm&r=g","contentUrl":"https:\/\/secure.gravatar.com\/avatar\/68592660ad6347fad0fb587f8d5d8f1a7b44961362f56e4f2cd524feb87e9069?s=96&d=mm&r=g","caption":"dmcsrbija.com@gmail.com"},"sameAs":["https:\/\/dmcsrb.com"],"url":"https:\/\/dmcsrb.com\/en\/author\/dmcsrbija-comgmail-com\/"}]}},"_links":{"self":[{"href":"https:\/\/dmcsrb.com\/en\/wp-json\/wp\/v2\/posts\/910999","targetHints":{"allow":["GET"]}}],"collection":[{"href":"https:\/\/dmcsrb.com\/en\/wp-json\/wp\/v2\/posts"}],"about":[{"href":"https:\/\/dmcsrb.com\/en\/wp-json\/wp\/v2\/types\/post"}],"author":[{"embeddable":true,"href":"https:\/\/dmcsrb.com\/en\/wp-json\/wp\/v2\/users\/1"}],"replies":[{"embeddable":true,"href":"https:\/\/dmcsrb.com\/en\/wp-json\/wp\/v2\/comments?post=910999"}],"version-history":[{"count":0,"href":"https:\/\/dmcsrb.com\/en\/wp-json\/wp\/v2\/posts\/910999\/revisions"}],"wp:featuredmedia":[{"embeddable":true,"href":"https:\/\/dmcsrb.com\/en\/wp-json\/wp\/v2\/media\/911000"}],"wp:attachment":[{"href":"https:\/\/dmcsrb.com\/en\/wp-json\/wp\/v2\/media?parent=910999"}],"wp:term":[{"taxonomy":"category","embeddable":true,"href":"https:\/\/dmcsrb.com\/en\/wp-json\/wp\/v2\/categories?post=910999"},{"taxonomy":"post_tag","embeddable":true,"href":"https:\/\/dmcsrb.com\/en\/wp-json\/wp\/v2\/tags?post=910999"},{"taxonomy":"naslovna","embeddable":true,"href":"https:\/\/dmcsrb.com\/en\/wp-json\/wp\/v2\/naslovna?post=910999"}],"curies":[{"name":"wp","href":"https:\/\/api.w.org\/{rel}","templated":true}]}}