{"id":910921,"date":"2025-12-09T21:48:33","date_gmt":"2025-12-09T20:48:33","guid":{"rendered":"https:\/\/dmcsrb.com\/uncategorized\/policija-trazi-turskog-drzavljanina-njegov-nestanak-prijavljen-3-decembra\/"},"modified":"2025-12-09T21:48:33","modified_gmt":"2025-12-09T20:48:33","slug":"policija-trazi-turskog-drzavljanina-njegov-nestanak-prijavljen-3-decembra","status":"publish","type":"post","link":"https:\/\/dmcsrb.com\/en\/hronika\/policija-trazi-turskog-drzavljanina-njegov-nestanak-prijavljen-3-decembra\/","title":{"rendered":"Policija tra\u017ei turskog dr\u017eavljanina, njegov nestanak prijavljen 3. decembra"},"content":{"rendered":"<p>Kako je re\u010deno, njega policija tra\u017ei od 3. decembra kada je njegov nestanak i prijavljen u Podgorici.<\/p>\n\n\n\n<p>Vijest o nestanku Ordua objavili su mediji u Turskoj.<\/p>\n\n\n\n<figure class=\"wp-block-embed is-type-video is-provider-youtube wp-block-embed-youtube wp-embed-aspect-16-9 wp-has-aspect-ratio\"><div class=\"wp-block-embed__wrapper\">\n<iframe loading=\"lazy\" title=\"Karada\u011f&#039;a \u00e7al\u0131\u015fmaya gitti kayboldu! Kay\u0131p T\u00fcrk vatanda\u015f\u0131 Orhan Ordu nerede? | A Haber\" width=\"500\" height=\"281\" src=\"https:\/\/www.youtube.com\/embed\/g5xT1a81X8A?feature=oembed\" frameborder=\"0\" allow=\"accelerometer; autoplay; clipboard-write; encrypted-media; gyroscope; picture-in-picture; web-share\" referrerpolicy=\"strict-origin-when-cross-origin\" allowfullscreen><\/iframe>\n<\/div><\/figure>","protected":false},"excerpt":{"rendered":"<p>Policija tra\u017ei dr\u017eavljanina Turske Orhana Ordua koji je nestao u Crnoj Gori, potvr\u0111eno je iz policije Portalu RTCG.<\/p>","protected":false},"author":1,"featured_media":910922,"comment_status":"open","ping_status":"open","sticky":false,"template":"","format":"standard","meta":{"_acf_changed":false,"footnotes":""},"categories":[17],"tags":[2050,31,2051],"naslovna":[],"class_list":["post-910921","post","type-post","status-publish","format-standard","has-post-thumbnail","hentry","category-hronika","tag-nestanak","tag-podgorica","tag-turski-drzavljanin"],"acf":[],"yoast_head":"<!-- This site is optimized with the Yoast SEO plugin v27.4 - https:\/\/yoast.com\/product\/yoast-seo-wordpress\/ -->\n<title>Policija tra\u017ei turskog dr\u017eavljanina, njegov nestanak prijavljen 3. decembra - dmcsrb.com<\/title>\n<meta name=\"robots\" content=\"index, follow, max-snippet:-1, max-image-preview:large, max-video-preview:-1\" \/>\n<link rel=\"canonical\" href=\"https:\/\/dmcsrb.com\/en\/hronika\/policija-trazi-turskog-drzavljanina-njegov-nestanak-prijavljen-3-decembra\/\" \/>\n<meta property=\"og:locale\" content=\"en_GB\" \/>\n<meta property=\"og:type\" content=\"article\" \/>\n<meta property=\"og:title\" content=\"Policija tra\u017ei turskog dr\u017eavljanina, njegov nestanak prijavljen 3. decembra - dmcsrb.com\" \/>\n<meta property=\"og:description\" content=\"Policija tra\u017ei dr\u017eavljanina Turske Orhana Ordua koji je nestao u Crnoj Gori, potvr\u0111eno je iz policije Portalu RTCG.\" \/>\n<meta property=\"og:url\" content=\"https:\/\/dmcsrb.com\/en\/hronika\/policija-trazi-turskog-drzavljanina-njegov-nestanak-prijavljen-3-decembra\/\" \/>\n<meta property=\"og:site_name\" content=\"dmcsrb.com\" \/>\n<meta property=\"article:published_time\" content=\"2025-12-09T20:48:33+00:00\" \/>\n<meta property=\"og:image\" content=\"https:\/\/dmcsrb.com\/wp-content\/uploads\/2026\/01\/printscr.png\" \/>\n\t<meta property=\"og:image:width\" content=\"1516\" \/>\n\t<meta property=\"og:image:height\" content=\"650\" \/>\n\t<meta property=\"og:image:type\" content=\"image\/png\" \/>\n<meta name=\"author\" content=\"dmcsrbija.com@gmail.com\" \/>\n<meta name=\"twitter:card\" content=\"summary_large_image\" \/>\n<meta name=\"twitter:label1\" content=\"Written by\" \/>\n\t<meta name=\"twitter:data1\" content=\"dmcsrbija.com@gmail.com\" \/>\n<script type=\"application\/ld+json\" class=\"yoast-schema-graph\">{\"@context\":\"https:\\\/\\\/schema.org\",\"@graph\":[{\"@type\":\"Article\",\"@id\":\"https:\\\/\\\/dmcsrb.com\\\/hronika\\\/policija-trazi-turskog-drzavljanina-njegov-nestanak-prijavljen-3-decembra\\\/#article\",\"isPartOf\":{\"@id\":\"https:\\\/\\\/dmcsrb.com\\\/hronika\\\/policija-trazi-turskog-drzavljanina-njegov-nestanak-prijavljen-3-decembra\\\/\"},\"author\":{\"name\":\"dmcsrbija.com@gmail.com\",\"@id\":\"https:\\\/\\\/dmcsrb.com\\\/#\\\/schema\\\/person\\\/5c39170f12db1b8b457732d0b5c854e2\"},\"headline\":\"Policija tra\u017ei turskog dr\u017eavljanina, njegov nestanak prijavljen 3. decembra\",\"datePublished\":\"2025-12-09T20:48:33+00:00\",\"mainEntityOfPage\":{\"@id\":\"https:\\\/\\\/dmcsrb.com\\\/hronika\\\/policija-trazi-turskog-drzavljanina-njegov-nestanak-prijavljen-3-decembra\\\/\"},\"wordCount\":50,\"commentCount\":0,\"image\":{\"@id\":\"https:\\\/\\\/dmcsrb.com\\\/hronika\\\/policija-trazi-turskog-drzavljanina-njegov-nestanak-prijavljen-3-decembra\\\/#primaryimage\"},\"thumbnailUrl\":\"https:\\\/\\\/dmcsrb.com\\\/wp-content\\\/uploads\\\/2026\\\/01\\\/printscr.png\",\"keywords\":[\"nestanak\",\"Podgorica\",\"turski dr\u017eavljanin\"],\"articleSection\":[\"Hronika\"],\"inLanguage\":\"en-GB\",\"potentialAction\":[{\"@type\":\"CommentAction\",\"name\":\"Comment\",\"target\":[\"https:\\\/\\\/dmcsrb.com\\\/hronika\\\/policija-trazi-turskog-drzavljanina-njegov-nestanak-prijavljen-3-decembra\\\/#respond\"]}]},{\"@type\":\"WebPage\",\"@id\":\"https:\\\/\\\/dmcsrb.com\\\/hronika\\\/policija-trazi-turskog-drzavljanina-njegov-nestanak-prijavljen-3-decembra\\\/\",\"url\":\"https:\\\/\\\/dmcsrb.com\\\/hronika\\\/policija-trazi-turskog-drzavljanina-njegov-nestanak-prijavljen-3-decembra\\\/\",\"name\":\"Policija tra\u017ei turskog dr\u017eavljanina, njegov nestanak prijavljen 3. decembra - dmcsrb.com\",\"isPartOf\":{\"@id\":\"https:\\\/\\\/dmcsrb.com\\\/#website\"},\"primaryImageOfPage\":{\"@id\":\"https:\\\/\\\/dmcsrb.com\\\/hronika\\\/policija-trazi-turskog-drzavljanina-njegov-nestanak-prijavljen-3-decembra\\\/#primaryimage\"},\"image\":{\"@id\":\"https:\\\/\\\/dmcsrb.com\\\/hronika\\\/policija-trazi-turskog-drzavljanina-njegov-nestanak-prijavljen-3-decembra\\\/#primaryimage\"},\"thumbnailUrl\":\"https:\\\/\\\/dmcsrb.com\\\/wp-content\\\/uploads\\\/2026\\\/01\\\/printscr.png\",\"datePublished\":\"2025-12-09T20:48:33+00:00\",\"author\":{\"@id\":\"https:\\\/\\\/dmcsrb.com\\\/#\\\/schema\\\/person\\\/5c39170f12db1b8b457732d0b5c854e2\"},\"breadcrumb\":{\"@id\":\"https:\\\/\\\/dmcsrb.com\\\/hronika\\\/policija-trazi-turskog-drzavljanina-njegov-nestanak-prijavljen-3-decembra\\\/#breadcrumb\"},\"inLanguage\":\"en-GB\",\"potentialAction\":[{\"@type\":\"ReadAction\",\"target\":[\"https:\\\/\\\/dmcsrb.com\\\/hronika\\\/policija-trazi-turskog-drzavljanina-njegov-nestanak-prijavljen-3-decembra\\\/\"]}]},{\"@type\":\"ImageObject\",\"inLanguage\":\"en-GB\",\"@id\":\"https:\\\/\\\/dmcsrb.com\\\/hronika\\\/policija-trazi-turskog-drzavljanina-njegov-nestanak-prijavljen-3-decembra\\\/#primaryimage\",\"url\":\"https:\\\/\\\/dmcsrb.com\\\/wp-content\\\/uploads\\\/2026\\\/01\\\/printscr.png\",\"contentUrl\":\"https:\\\/\\\/dmcsrb.com\\\/wp-content\\\/uploads\\\/2026\\\/01\\\/printscr.png\",\"width\":1516,\"height\":650},{\"@type\":\"BreadcrumbList\",\"@id\":\"https:\\\/\\\/dmcsrb.com\\\/hronika\\\/policija-trazi-turskog-drzavljanina-njegov-nestanak-prijavljen-3-decembra\\\/#breadcrumb\",\"itemListElement\":[{\"@type\":\"ListItem\",\"position\":1,\"name\":\"Home\",\"item\":\"https:\\\/\\\/dmcsrb.com\\\/\"},{\"@type\":\"ListItem\",\"position\":2,\"name\":\"Policija tra\u017ei turskog dr\u017eavljanina, njegov nestanak prijavljen 3. decembra\"}]},{\"@type\":\"WebSite\",\"@id\":\"https:\\\/\\\/dmcsrb.com\\\/#website\",\"url\":\"https:\\\/\\\/dmcsrb.com\\\/\",\"name\":\"dmcsrb.com\",\"description\":\"\",\"potentialAction\":[{\"@type\":\"SearchAction\",\"target\":{\"@type\":\"EntryPoint\",\"urlTemplate\":\"https:\\\/\\\/dmcsrb.com\\\/?s={search_term_string}\"},\"query-input\":{\"@type\":\"PropertyValueSpecification\",\"valueRequired\":true,\"valueName\":\"search_term_string\"}}],\"inLanguage\":\"en-GB\"},{\"@type\":\"Person\",\"@id\":\"https:\\\/\\\/dmcsrb.com\\\/#\\\/schema\\\/person\\\/5c39170f12db1b8b457732d0b5c854e2\",\"name\":\"dmcsrbija.com@gmail.com\",\"image\":{\"@type\":\"ImageObject\",\"inLanguage\":\"en-GB\",\"@id\":\"https:\\\/\\\/secure.gravatar.com\\\/avatar\\\/68592660ad6347fad0fb587f8d5d8f1a7b44961362f56e4f2cd524feb87e9069?s=96&d=mm&r=g\",\"url\":\"https:\\\/\\\/secure.gravatar.com\\\/avatar\\\/68592660ad6347fad0fb587f8d5d8f1a7b44961362f56e4f2cd524feb87e9069?s=96&d=mm&r=g\",\"contentUrl\":\"https:\\\/\\\/secure.gravatar.com\\\/avatar\\\/68592660ad6347fad0fb587f8d5d8f1a7b44961362f56e4f2cd524feb87e9069?s=96&d=mm&r=g\",\"caption\":\"dmcsrbija.com@gmail.com\"},\"sameAs\":[\"https:\\\/\\\/dmcsrb.com\"],\"url\":\"https:\\\/\\\/dmcsrb.com\\\/en\\\/author\\\/dmcsrbija-comgmail-com\\\/\"}]}<\/script>\n<!-- \/ Yoast SEO plugin. -->","yoast_head_json":{"title":"Policija tra\u017ei turskog dr\u017eavljanina, njegov nestanak prijavljen 3. decembra - dmcsrb.com","robots":{"index":"index","follow":"follow","max-snippet":"max-snippet:-1","max-image-preview":"max-image-preview:large","max-video-preview":"max-video-preview:-1"},"canonical":"https:\/\/dmcsrb.com\/en\/hronika\/policija-trazi-turskog-drzavljanina-njegov-nestanak-prijavljen-3-decembra\/","og_locale":"en_GB","og_type":"article","og_title":"Policija tra\u017ei turskog dr\u017eavljanina, njegov nestanak prijavljen 3. decembra - dmcsrb.com","og_description":"Policija tra\u017ei dr\u017eavljanina Turske Orhana Ordua koji je nestao u Crnoj Gori, potvr\u0111eno je iz policije Portalu RTCG.","og_url":"https:\/\/dmcsrb.com\/en\/hronika\/policija-trazi-turskog-drzavljanina-njegov-nestanak-prijavljen-3-decembra\/","og_site_name":"dmcsrb.com","article_published_time":"2025-12-09T20:48:33+00:00","og_image":[{"width":1516,"height":650,"url":"https:\/\/dmcsrb.com\/wp-content\/uploads\/2026\/01\/printscr.png","type":"image\/png"}],"author":"dmcsrbija.com@gmail.com","twitter_card":"summary_large_image","twitter_misc":{"Written by":"dmcsrbija.com@gmail.com"},"schema":{"@context":"https:\/\/schema.org","@graph":[{"@type":"Article","@id":"https:\/\/dmcsrb.com\/hronika\/policija-trazi-turskog-drzavljanina-njegov-nestanak-prijavljen-3-decembra\/#article","isPartOf":{"@id":"https:\/\/dmcsrb.com\/hronika\/policija-trazi-turskog-drzavljanina-njegov-nestanak-prijavljen-3-decembra\/"},"author":{"name":"dmcsrbija.com@gmail.com","@id":"https:\/\/dmcsrb.com\/#\/schema\/person\/5c39170f12db1b8b457732d0b5c854e2"},"headline":"Policija tra\u017ei turskog dr\u017eavljanina, njegov nestanak prijavljen 3. decembra","datePublished":"2025-12-09T20:48:33+00:00","mainEntityOfPage":{"@id":"https:\/\/dmcsrb.com\/hronika\/policija-trazi-turskog-drzavljanina-njegov-nestanak-prijavljen-3-decembra\/"},"wordCount":50,"commentCount":0,"image":{"@id":"https:\/\/dmcsrb.com\/hronika\/policija-trazi-turskog-drzavljanina-njegov-nestanak-prijavljen-3-decembra\/#primaryimage"},"thumbnailUrl":"https:\/\/dmcsrb.com\/wp-content\/uploads\/2026\/01\/printscr.png","keywords":["nestanak","Podgorica","turski dr\u017eavljanin"],"articleSection":["Hronika"],"inLanguage":"en-GB","potentialAction":[{"@type":"CommentAction","name":"Comment","target":["https:\/\/dmcsrb.com\/hronika\/policija-trazi-turskog-drzavljanina-njegov-nestanak-prijavljen-3-decembra\/#respond"]}]},{"@type":"WebPage","@id":"https:\/\/dmcsrb.com\/hronika\/policija-trazi-turskog-drzavljanina-njegov-nestanak-prijavljen-3-decembra\/","url":"https:\/\/dmcsrb.com\/hronika\/policija-trazi-turskog-drzavljanina-njegov-nestanak-prijavljen-3-decembra\/","name":"Policija tra\u017ei turskog dr\u017eavljanina, njegov nestanak prijavljen 3. decembra - dmcsrb.com","isPartOf":{"@id":"https:\/\/dmcsrb.com\/#website"},"primaryImageOfPage":{"@id":"https:\/\/dmcsrb.com\/hronika\/policija-trazi-turskog-drzavljanina-njegov-nestanak-prijavljen-3-decembra\/#primaryimage"},"image":{"@id":"https:\/\/dmcsrb.com\/hronika\/policija-trazi-turskog-drzavljanina-njegov-nestanak-prijavljen-3-decembra\/#primaryimage"},"thumbnailUrl":"https:\/\/dmcsrb.com\/wp-content\/uploads\/2026\/01\/printscr.png","datePublished":"2025-12-09T20:48:33+00:00","author":{"@id":"https:\/\/dmcsrb.com\/#\/schema\/person\/5c39170f12db1b8b457732d0b5c854e2"},"breadcrumb":{"@id":"https:\/\/dmcsrb.com\/hronika\/policija-trazi-turskog-drzavljanina-njegov-nestanak-prijavljen-3-decembra\/#breadcrumb"},"inLanguage":"en-GB","potentialAction":[{"@type":"ReadAction","target":["https:\/\/dmcsrb.com\/hronika\/policija-trazi-turskog-drzavljanina-njegov-nestanak-prijavljen-3-decembra\/"]}]},{"@type":"ImageObject","inLanguage":"en-GB","@id":"https:\/\/dmcsrb.com\/hronika\/policija-trazi-turskog-drzavljanina-njegov-nestanak-prijavljen-3-decembra\/#primaryimage","url":"https:\/\/dmcsrb.com\/wp-content\/uploads\/2026\/01\/printscr.png","contentUrl":"https:\/\/dmcsrb.com\/wp-content\/uploads\/2026\/01\/printscr.png","width":1516,"height":650},{"@type":"BreadcrumbList","@id":"https:\/\/dmcsrb.com\/hronika\/policija-trazi-turskog-drzavljanina-njegov-nestanak-prijavljen-3-decembra\/#breadcrumb","itemListElement":[{"@type":"ListItem","position":1,"name":"Home","item":"https:\/\/dmcsrb.com\/"},{"@type":"ListItem","position":2,"name":"Policija tra\u017ei turskog dr\u017eavljanina, njegov nestanak prijavljen 3. decembra"}]},{"@type":"WebSite","@id":"https:\/\/dmcsrb.com\/#website","url":"https:\/\/dmcsrb.com\/","name":"dmcsrb.com","description":"","potentialAction":[{"@type":"SearchAction","target":{"@type":"EntryPoint","urlTemplate":"https:\/\/dmcsrb.com\/?s={search_term_string}"},"query-input":{"@type":"PropertyValueSpecification","valueRequired":true,"valueName":"search_term_string"}}],"inLanguage":"en-GB"},{"@type":"Person","@id":"https:\/\/dmcsrb.com\/#\/schema\/person\/5c39170f12db1b8b457732d0b5c854e2","name":"dmcsrbija.com@gmail.com","image":{"@type":"ImageObject","inLanguage":"en-GB","@id":"https:\/\/secure.gravatar.com\/avatar\/68592660ad6347fad0fb587f8d5d8f1a7b44961362f56e4f2cd524feb87e9069?s=96&d=mm&r=g","url":"https:\/\/secure.gravatar.com\/avatar\/68592660ad6347fad0fb587f8d5d8f1a7b44961362f56e4f2cd524feb87e9069?s=96&d=mm&r=g","contentUrl":"https:\/\/secure.gravatar.com\/avatar\/68592660ad6347fad0fb587f8d5d8f1a7b44961362f56e4f2cd524feb87e9069?s=96&d=mm&r=g","caption":"dmcsrbija.com@gmail.com"},"sameAs":["https:\/\/dmcsrb.com"],"url":"https:\/\/dmcsrb.com\/en\/author\/dmcsrbija-comgmail-com\/"}]}},"_links":{"self":[{"href":"https:\/\/dmcsrb.com\/en\/wp-json\/wp\/v2\/posts\/910921","targetHints":{"allow":["GET"]}}],"collection":[{"href":"https:\/\/dmcsrb.com\/en\/wp-json\/wp\/v2\/posts"}],"about":[{"href":"https:\/\/dmcsrb.com\/en\/wp-json\/wp\/v2\/types\/post"}],"author":[{"embeddable":true,"href":"https:\/\/dmcsrb.com\/en\/wp-json\/wp\/v2\/users\/1"}],"replies":[{"embeddable":true,"href":"https:\/\/dmcsrb.com\/en\/wp-json\/wp\/v2\/comments?post=910921"}],"version-history":[{"count":0,"href":"https:\/\/dmcsrb.com\/en\/wp-json\/wp\/v2\/posts\/910921\/revisions"}],"wp:featuredmedia":[{"embeddable":true,"href":"https:\/\/dmcsrb.com\/en\/wp-json\/wp\/v2\/media\/910922"}],"wp:attachment":[{"href":"https:\/\/dmcsrb.com\/en\/wp-json\/wp\/v2\/media?parent=910921"}],"wp:term":[{"taxonomy":"category","embeddable":true,"href":"https:\/\/dmcsrb.com\/en\/wp-json\/wp\/v2\/categories?post=910921"},{"taxonomy":"post_tag","embeddable":true,"href":"https:\/\/dmcsrb.com\/en\/wp-json\/wp\/v2\/tags?post=910921"},{"taxonomy":"naslovna","embeddable":true,"href":"https:\/\/dmcsrb.com\/en\/wp-json\/wp\/v2\/naslovna?post=910921"}],"curies":[{"name":"wp","href":"https:\/\/api.w.org\/{rel}","templated":true}]}}