{"id":910898,"date":"2025-12-10T08:30:00","date_gmt":"2025-12-10T07:30:00","guid":{"rendered":"https:\/\/dmcsrb.com\/uncategorized\/zecevic-u-planu-renoviranje-dodest-a-i-folklorne-sale-cilj-kic-a-integracija-mladih-u-kulturni-zivot-i-njegovanje-visoke-umjetnosti\/"},"modified":"2025-12-10T08:30:00","modified_gmt":"2025-12-10T07:30:00","slug":"zecevic-u-planu-renoviranje-dodest-a-i-folklorne-sale-cilj-kic-a-integracija-mladih-u-kulturni-zivot-i-njegovanje-visoke-umjetnosti","status":"publish","type":"post","link":"https:\/\/dmcsrb.com\/en\/kultura\/zecevic-u-planu-renoviranje-dodest-a-i-folklorne-sale-cilj-kic-a-integracija-mladih-u-kulturni-zivot-i-njegovanje-visoke-umjetnosti\/","title":{"rendered":"Ze\u010devi\u0107: U planu renoviranje DODEST-a i folklorne sale, cilj KIC-a integracija mladih u kulturni \u017eivot i njegovanje visoke umjetnosti"},"content":{"rendered":"<p><\/p>\n\n\n\n<p><\/p>\n\n\n\n<p>Ze\u010devi\u0107 je za Portal RTV Podgorica govorila o tome na \u0161ta \u0107e se KIC u narednom periodu fokusirati, o najposje\u0107enijim programima, regionalnoj saradnji, strategiji o privla\u010denju mla\u0111e publike, finansijskoj odr\u017eivosti i prioritetnim infrastrukturnim potrebama.<\/p>\n\n\n\n<p>Ze\u010devi\u0107 je naglasila da preko \u0161est decenija KIC \u201eBudo Tomovi\u0107\u201c predstavlja jednu od klju\u010dnih determinanti kulture u Crnoj Gori, \u010diji je zna\u010daj neprekidni doprinos afirmaciji sveukupne duhovne i kulturne klime, ne samo grada ve\u0107 i \u0161ire.&nbsp;<\/p>\n\n\n\n<p>&#8221;Programski segment usmjeren je na osmi\u0161ljavanje, pripremu i realizaciju raznovrsnih umjetni\u010dkih programa \u2013 muzi\u010dkih, zabavnih, pozori\u0161nih, knji\u017eevnih, filmskih, likovnih, informativno-edukativnih i promotivnih&#8221;, navodi Ze\u010devi\u0107.<\/p>\n\n\n\n<p>Najavila je kako \u0107e KIC razvijati bogat program gostovanja i posebnih doga\u0111aja koji \u0107e obogatiti kulturnu ponudu, omogu\u0107avaju\u0107i publici neposredan susret sa istaknutim stvaraocima i savremenom umjetni\u010dkom praksom iz regiona, Evrope i svijeta.<\/p>\n\n\n\n<p>&#8221;Kulturno-informativni centar predstavlja va\u017enu instituciju lokalne zajednice, \u010diju misiju \u010dine njegovanje kulturnog identiteta, razvoj umjetni\u010dke produkcije i pribli\u017eavanje kulture \u0161iroj publici, unapre\u0111enje savremene umjetni\u010dke prakse i stvaranje pristupa\u010dnog prostora za edukaciju i kreativni razvoj klju\u010dne su odrednice koje planom nastojim da sprovedem. KIC \u201eBudo Tomovi\u0107\u201c \u017eivi svoju zrelost, u osnovi, kao i sami \u010dovjek, posjeduje mudrost i iskustvo, ali iziskuje permanentni rad na sebi, na temelju tradicionalnih vrijednosti, sa tendencijom unapre\u0111enja duha i prostora&#8221;, isti\u010de Ze\u010devi\u0107.<\/p>\n\n\n\n<p>Njena vizija KIC-a zasniva se na o\u010duvanju i ja\u010danju profesionalnih standarda, razvoju sadr\u017eajnog programa, isticanju dru\u0161tvene va\u017enosti ustanove, unapre\u0111enju doma\u0107e, regionalne i inostrane saradnje. Namjera joj je da KIC kao dinami\u010dno, otvoreno i prepoznatljivo mjesto kulturnih susreta, inovativnih pristupa, dr\u017ei do standarda visoke umjetnosti.<\/p>\n\n\n\n<p>Ze\u010devi\u0107 je pojasnila da je u planu pove\u0107anje raznovrsnosti programskih sadr\u017eaja, ja\u010danje u\u010de\u0161\u0107a stvaralaca koji su s na\u0161ih prostora, a ve\u0107 afirmisani van zemlje, razvoj edukativnih aktivnosti za sve generacije, modernizacija promocije i komunikacije sa publikom, uspostavljanje novih partnerstava.<\/p>\n\n\n\n<p>&#8221; Cilj je kulturna saradnja sa zemljama regiona i Evrope i svijeta, promocija i organizacija programa (mjese\u010dne najave i bilteni, aktivna komunikacija putem dru\u0161tvenih mre\u017ea, saradnja sa lokalnim medijima, priprema vizuala za svaki program, uspostavljanje partnerstava sa \u0161kolama, fakultetima, bibliotekama, institutima i drugim kulturnim ustanovama, kao i saradnja sa ambasadama, te na\u0161im i regionalnim institucijama kulture&#8221;, navela je Ze\u010devi\u0107.<\/p>\n\n\n\n<p>\u0160to se ti\u010de programa rada za 2026. godinu Ze\u010devi\u0107 polazi od \u010dinjenice da je Program rada KIC-a \u201eBudo Tomovi\u0107\u201c ve\u0107 uspostavljen i isplaniran za 2026. godinu.<\/p>\n\n\n\n<p>&#8221;Napravila sam Plan na temelju odre\u0111enih dorada, kao i potencijalnog pro\u0161irenja aktivnosti tokom 2026. godine, a koje otvaraju preliminarnu mogu\u0107nost za 2027. godinu i dalje. Stoga, njegova svrha jeste predstavljanje strate\u0161kog koncepta rada i planiranog programa na temelju razvoja i unapre\u0111enja kulturnih i informativnih aktivnosti u svojstvu doprinosa kulturnoj klimi i duhu zajednice&#8221;, poja\u0161njava Ze\u010devi\u0107 za Portal RTV PG.<\/p>\n\n\n\n<p>Ona navodi da budu\u0107i da je program za 2026. godinu konstituisan prije njenog stupanja na funkciju v.d. direktorice, na temelju postoje\u0107eg Programa sa\u010dinili  su plan koji&nbsp; bi uklju\u010divao jo\u0161 novih sadr\u017eaja kako \u017eanrovski, u okviru ve\u0107 pomenutih programa, tako i nove programe koji bi ako ne u ovoj godini, a ono u daljim mogli obogatiti programsku koncepciju:<\/p>\n\n\n\n<ol class=\"wp-block-list\">\n<li>Multikulturalni festival<\/li>\n\n\n\n<li>Festival ekologije i kreativnog recikliranja<\/li>\n\n\n\n<li>Edukativni programi za djecu i odrasle (Tu je prostor sa saradnju sa Ministarstvom ekologije, odr\u017eivog razvoja i razvoja sjevera).<\/li>\n\n\n\n<li>Festival nauke i obrazovanja<\/li>\n\n\n\n<li>Festival \u017eena u umjetnosti<\/li>\n\n\n\n<li>Festival strip umjetnosti<\/li>\n\n\n\n<li>Festival dru\u0161tvenih inovacija i kulture<\/li>\n\n\n\n<li>Umjetnost i nove tehnologije<\/li>\n\n\n\n<li>Digitalne instalacije, VR\/AR kreativni sadr\u017eaji, kreativne industrije<\/li>\n<\/ol>\n\n\n\n<p>Najavila je i sezonske festivale i manifestacije u KIC-u:<\/p>\n\n\n\n<ul class=\"wp-block-list\">\n<li>&nbsp;Novogodi\u0161nji i zimski festival<\/li>\n\n\n\n<li>&nbsp;Ljetnja kulturna scena<\/li>\n\n\n\n<li>Otvorene bine, ve\u010de poezije, filmske projekcije<\/li>\n<\/ul>\n\n\n\n<p>Kako ka\u017ee, u saradnji s Komitetom za razvoj svemirskog programa sa sjedi\u0161tem u Novom Sadu i organizacijom Montenegro Space Research (MSR), realizova\u0107e po prvi put projekat \u201eSupernova\u201c,&nbsp; doga\u0111aj koji ima direktne veze i sa lansiranjem prvog crnogorskog satelita \u201eLu\u010da\u201c koji su napravili stru\u010dnjaci iz MSR&#8221;.<\/p>\n\n\n\n<p>\u201eSupernova\u201c je, dodaje, u potpunosti nesvakida\u0161nji i jedinstven u svijetu.<\/p>\n\n\n\n<p>&#8220;Predstavlja spoj umjetnosti, na prvom mjestu klasi\u010dne muzike, i svemirske tehnologije. Konkretno, u pitanju je upotreba satelitske tehnologije tokom koncerta klasi\u010dne muzike koju izvode biv\u0161i i sada\u0161nji studenti novosadske Akademije umjetnosti u formi kvarteta (u sastavu violina, klarinet, klavir i violon\u010delo), ujedno i \u010dlanovi Komiteta za razvoj svemirskog programa koji su anga\u017eovani na poslovima ispitivanja zvukova koji nastaju u ekstraterestrijalnom prostoru, a sve u saradnji sa in\u017eenjerima Komiteta i u ovom slu\u010daju i MSR-a. Zbog specifi\u010dnosti vi\u0161edimenzijalnog sadr\u017eaja programa, muziku za ovaj doga\u0111aj komponovao je mladi nagra\u0111ivani kompozitor i pijanista Dimitrije Bjeljanski. Doga\u0111aj \u0107e tako\u0111e imati i interaktivni dio koji \u0107e uklju\u010diti u\u010desnike i publiku&#8221;, kazala je Ze\u010devi\u0107.<\/p>\n\n\n\n<p>Otuda, isti\u010de, umjetnost ne samo da emanira u svojoj metafizi\u010dkoj sferi, ve\u0107, danas, u tzv. tehnosvijet dobu zapo\u010dinje i svoju svemir egzistenciju, uspostavljaju\u0107i ne samo misaonu ve\u0107 i me\u0111uplanetarnu relaciju, kao kosmi\u010dku vibraciju. &nbsp;<\/p>\n\n\n\n<figure class=\"wp-block-image size-large\"><img decoding=\"async\" src=\"https:\/\/gradski.me\/wp-content\/uploads\/2025\/12\/DSC_8241-1-1024x681.jpg\" alt=\"\" class=\"wp-image-888848\"\/><figcaption class=\"wp-element-caption\"><strong>Ze\u010devi\u0107<\/strong>, foto: <strong>KIC &#8221;Budo Tomovi\u0107&#8221;<\/strong><\/figcaption><\/figure>\n\n\n\n<p>Kada su u pitanju programi u KIC-u a na koje publika najbolje reaguje Ze\u010devi\u0107 poja\u0161njava da teorija recepcije dolazi iz knji\u017eevnosti i estetike, a bavi se time kako publika prima, tuma\u010di i emocionalno reaguje na umjetni\u010dko djelo. Fokus nije na autoru nego na gledaocu\/\u010ditaocu \u2013 njegovom iskustvu, znanju, o\u010dekivanjima i dru\u0161tvenom kontekstu.<\/p>\n\n\n\n<p>&#8221;Kad se ova teorija primijeni na kulturu, umjetnost ili doga\u0111aje, ona poma\u017ee razumjevanju za\u0161to publika reaguje na odre\u0111eni program, bolje nego na drugi, kako kreirati sadr\u017eaje koji ih zaista doti\u010du. Ljudi dolaze sa nekom&nbsp;idejom \u0161ta ih \u010deka, sa odre\u0111enim pragom o\u010dekivanja u zavisnosti od stepena obrazovanja i interesovanja&#8221;, navodi.<\/p>\n\n\n\n<p>Stoga, isti\u010de, program je koncipiran da zadovolji aspiracije i ukuse svih uzrasta publike. Od visoke umjetnosti do komercijalnih sadr\u017eaja. Navodi da je njena vizija je da se njeguju kriterijumi visoke umjetnosti, uklju\u010duju\u0107i komercijalne sadr\u017eaje koji tako\u0111e sadr\u017ee umjetni\u010dke konotacije. U svijetu je Andr\u00e9&nbsp;Rieu, navodi Ze\u010devi\u0107, napravio koncertnu imperiju tako \u0161to je klasi\u010dnu&nbsp;muziku u novom aran\u017emanu pribli\u017eio \u0161iroj publici.<\/p>\n\n\n\n<p>&#8221;Selekcija programa, zasnovana na visokim umjetni\u010dkim kriterijumima, ostaje jedan od na\u0161ih prioriteta. Na\u0161i kapaciteti nijesu stavljeni isklju\u010divo na raspolaganje samo programima u organizaciji i produkciji KIC-a, ve\u0107 redovno izlazimo u susret brojnim nevladinim organizacijama, umjetni\u010dkim udru\u017eenjima, nezavisnim grupama, samostalnim umjetnicima, po\u0161tuju\u0107i koncept otvorenosti i dostupnosti i podr\u0161ke kulturnim inicijativama razli\u010ditih subjekata koji doprinose razvoju kulture Glavnog grada&#8221;, nagla\u0161ava Ze\u010devi\u0107.<\/p>\n\n\n\n<p>Ze\u010devi\u0107 navodi kako \u0107e jedna od aktivnosti KIC-a i dalje biti integracija mladih u kulturni \u017eivot \u2013 bilo kao publike, bilo kao aktivnih u\u010desnika i stvaralaca. <\/p>\n\n\n\n<p>&#8220;Kroz vi\u0161egodi\u0161nje projekte poput Foruma mladih pisaca, DODEST radionica glume, Me\u0111unarodnog ljetnjeg kampa za kamernu muziku, koncertnog ciklusa <em>Mladi talenti<\/em> i drugih programa, KIC pru\u017ea prostor afirmisanim i talentovanim srednjo\u0161kolcima i studentima da se izraze u oblasti knji\u017eevnosti, pozori\u0161ta i muzike. Time ne samo da podsti\u010du mlade stvaraoce, ve\u0107 i prirodno, isti\u010de, privla\u010de novu, mla\u0111u publiku&#8221;, kazala je Ze\u010devi\u0107.<\/p>\n\n\n\n<p>Podsje\u0107a da je digitalizacijom bioskopske \/ velike sale otvorena  mogu\u0107nost prikazivanja animiranih filmova za djecu, \u0161to je ve\u0107 u nekoliko posljednjih mjeseci privuklo stotine mali\u0161ana i nai\u0161lo na izuzetno pozitivan odjek. <\/p>\n\n\n\n<p>&#8220;Posebno izdvajam i muzi\u010dki doga\u0111aj &#8221;Music up your summer&#8221;<em>,<\/em> organizovan u junu 2025.&nbsp;povodom Praznika muzike, gdje je mladim izvo\u0111a\u010dima dat prostor da se predstave u razli\u010ditim \u017eanrovima. Time smo dobili i isklju\u010divo mla\u0111u publiku, a stvorena povezanost i reakcija publike pokazali su koliko je va\u017eno mladima omogu\u0107iti programe koji odgovaraju njihovoj energiji i senzibilitetu&#8221;, poja\u0161njava Ze\u010devi\u0107.<\/p>\n\n\n\n<p>Dodaje da su u KIC-u \u010desti gosti i u\u010denici osnovnih i srednjih \u0161kola, a saradnja sa \u0161kolama, nastavnicima i profesorima predstavlja segment koji kontinuirano njeguje i dodatno unapre\u0111uje sve te sadr\u017eaje.<\/p>\n\n\n\n<p>&#8221;Podr\u0161ka mladim umjetnicima, njihovim idejama i entuzijazmu je od izuzetnog zna\u010daja<strong>,<\/strong> jer mnogima od njih nedostaje institucionalni oslonac, iako posjeduju veliki talenat i potencijal koji vrijedi podr\u017eati i usmjeriti. Na taj na\u010din ne samo da razvijamo novu generaciju kulturnih stvaralaca, ve\u0107 sti\u010demo i publiku koja stvara naviku posje\u0107ivanja kulturnih doga\u0111aja&#8221;, isti\u010de Ze\u010devi\u0107.<\/p>\n\n\n\n<p>Nekada je, ka\u017ee, ova ustanova nosila ime &#8221;Dom omladine&#8221;, a i danas, kao KIC, vjerujemo da treba da bude mjesto u koje mladi rado dolaze i gdje se osje\u0107aju lijepo, pozvano i inspirisano.<\/p>\n\n\n\n<p>&#8221;Kulturno-informativni centar predstavlja va\u017enu instituciju lokalne zajednice, koja se ogleda u njegovoj funkciji kulturnog, obrazovnog i informativnog centra, koji ja\u010da zajednicu, povezuje ljude i daje prostor novim idejama i sadr\u017eajima. Osim toga, kultura sama po sebi egzistira svojim metafizi\u010dkim i kosmopolitskim svojstvom, \u010dime se i KIC otvara i gradi mre\u017ee saradnji i me\u0111unarodnih partnerstava&#8221;, navodi Ze\u010devi\u0107.<\/p>\n\n\n\n<p>Ze\u010devi\u0107 je kazala kako Evropska unija veoma cijeni i dr\u017ei do kulture. Isti\u010de francusko odlikovanje Umjetnosti i knji\u017eevnosti u rangu viteza, koje je dodijeljeno urednici muzi\u010dkog programa, \u010dime je KIC prepoznat kao institucija koja njeguje programe visoke umjetnosti, sa vrhunskim umjetnicima, koji ostvaruju me\u0111unarodno priznate rezultate. <\/p>\n\n\n\n<p>&#8220;Zbog toga te\u017enja je da i na\u0161a zajednica u ve\u0107oj mjeri stavi kulturu u fokus svog razvoja. U svijetu, onamo gdje je kulturna elita, tu je i ekonomska elita. Upravo je urednici muzi\u010dkog programa KIC \u201eBudo Tomovi\u0107\u201c Maji Popovi\u0107 dodijeljeno pro\u0161le sedmice presti\u017eno francusko odlikovanje Umjetnosti i knji\u017eevnosti u rangu viteza. Odlikovanje joj je dodijelila ambasadorka Nj.E. An-Mari Maske u njenoj rezidenciji 27. novembra&#8221;, navodi Ze\u010devi\u0107.<\/p>\n\n\n\n<p>Ambasadorka je, dodaje, istakla da je Maja Popovi\u0107 na \u010delu muzi\u010dkog programa KIC-a ,,Budo Tomovi\u0107\u201c, ve\u0107 24 godine, te da je uspjela da ga pretvori u mjesto saradnje, upoznavanja i dijaloga izme\u0111u kultura.<\/p>\n\n\n\n<p>&#8221;Stoga, vjerujem da \u0107e i na\u0161a zajednica sve vi\u0161e afirmisati kulturu kao jedan od klju\u010dnih segmenata dru\u0161tvenog razvoja. Ne mali broj umjetnika prije je bivao prepoznat u svijetu nego u na\u0161oj zajednici. Otuda, te\u017eim da se kulturni sektor u na\u0161oj zajednici sna\u017enije pozicionira kao esencija dru\u0161tvenog i razvojnog djelovanja&#8221;, kazala je Ze\u010devi\u0107.<\/p>\n\n\n\n<figure class=\"wp-block-image size-large\"><img decoding=\"async\" src=\"https:\/\/gradski.me\/wp-content\/uploads\/2025\/12\/DSC_8198-1024x1024.jpg\" alt=\"\" class=\"wp-image-888850\"\/><figcaption class=\"wp-element-caption\"><strong>Ze\u010devi\u0107<\/strong>, foto: <strong>KIC &#8221;Budo Tomovi\u0107&#8221;<\/strong><\/figcaption><\/figure>\n\n\n\n<p>Ze\u010devi\u0107 isti\u010de da za KIC regionalne kulturne saradnje predstavljaju prostor razmjene iskustava, ideja i stvarala\u010dkih praksi sa institucijama i umjetnicima iz okru\u017eenja. <\/p>\n\n\n\n<p>&#8221;Za nas su decenijama unazad takve saradnje izuzetno bitne, posebno jer kultura u na\u0161em regionu oduvijek funkcioni\u0161e kroz dijalog i me\u0111usobnu povezanost, pa takva vrsta saradnje prirodno oboga\u0107uje i na\u0161 rad i publiku&#8221;, ka\u017ee.<\/p>\n\n\n\n<p>Ze\u010devi\u0107 navodi kako KIC kontinuirano ostvaruje niz uspje\u0161nih saradnji sa pozori\u0161nim ku\u0107ama, kulturnim centrima, festivalima i knji\u017eevnim platformama iz regiona. <\/p>\n\n\n\n<p>&#8220;U Podgorici su gostovala pozori\u0161ta iz Srbije, Hrvatske, Bosne i Hercegovine, Sjeverne Makedonije i Slovenije, ali i brojni autori koji su predstavili svoje knjige, filmove, izlo\u017ebe ili muzi\u010dke programe. Jednako va\u017eno, programi KIC-a gostovali su u regionalnim centrima, \u0161to doprinosi vidljivosti KIC-a i promociji crnogorske kulture van granica zemlje. Saradnja sa ambasadama dr\u017eava regiona tako\u0111e su dale va\u017ean doprinosu u ovom dijelu, a koje KIC nastoji da odr\u017eava permanentno.&nbsp; Saradnja sa regionalnim festivalima &#8211; bilo da je rije\u010d o pozori\u0161tu, filmu, knji\u017eevnosti ili muzici &#8211; omogu\u0107uje da publici u Crnoj Gori donesemo savremene tokove i dovedemo eminentne autore. Istovremeno, kroz zajedni\u010dke projekte i razmjene, KIC je dao prostor mladim crnogorskim umjetnicima da se predstave \u0161iroj publici u regionu, \u0161to je za njihove profesionalne po\u010detke kao podstrek od izuzetne va\u017enosti&#8221;, nagla\u0161ava Ze\u010devi\u0107.<\/p>\n\n\n\n<p>Ove saradnje, dodaje, nisu samo razmjena programa, ve\u0107 partnerstva koja se zasnivaju na povjerenju, kvalitetu i zajedni\u010dkom razumijevanju kulture kao mosta me\u0111u ljudima. Zato \u0107e regionalno povezivanje i u narednom periodu ostati jedan od strate\u0161kih pravaca KIC-a \u2013 jer ono oboga\u0107uje umjetni\u010dku scenu i gradi kao trajnu vrijednost stabilne kulturne veze.<\/p>\n\n\n\n<p>U vezi opredijeljnog bud\u017eeta Ze\u010devi\u0107 isti\u010de da KIC \u201eBudo Tomovi\u0107\u201c posluje u okviru jasno definisanog bud\u017eetskog okvira koji se zasniva na podr\u0161ci Glavnog grada, te u skladu sa tim planira i realizuje svoje programske aktivnosti i kapitalne projekte. Ovakav model finansiranja, nagla\u0161ava, omogu\u0107ava stabilno funkcionisanje ustanove i kontinuitet u realizaciji kulturno-umjetni\u010dkih sadr\u017eaja, uz stalnu potrebu za odgovornim i racionalnim upravljanjem raspolo\u017eivim sredstvima.<\/p>\n\n\n\n<p>&#8221;Sektor kulture u savremenim okolnostima suo\u010dava se sa brojnim izazovima, poput ograni\u010denih finansijskih resursa, promjena u navikama publike i potrebe za modernizacijom sadr\u017eaja i infrastrukture. Prave\u0107i komparaciju, mogu re\u0107i da ohrabruje \u010dinjenica da se bud\u017eetska izdvajanja za kulturu iz godine u godinu pove\u0107avaju. Ovaj pozitivan trend omogu\u0107ava ustanovi da planira ambicioznije i sadr\u017eajnije projekte, unaprijedi kvalitet programskih aktivnosti, modernizuje produkciju i postavi nove standarde u poslovanju i kulturnoj ponudi&#8221;, navodi Ze\u010devi\u0107.<\/p>\n\n\n\n<p>Kako isti\u010de, bez obzira na podr\u0161ku osniva\u010da dugoro\u010dni razvoj mora podrazumijevati i dodatne izvore finansiranja. Obja\u0161njava da u tom smislu, neophodno je \u0161iriti partnersku mre\u017eu, odr\u017eati kontinuiranu saradnju sa doma\u0107im i inostranim partnerima, razvijati me\u0111unarodne projekte, aplicirati za fondove i programe podr\u0161ke, kao i ja\u010dati partnerstva sa organizacijama iz javnog, privatnog i civilnog sektora, kako bi se obezbijedila ne samo finansijski ve\u0107 i programski i kadrovski razvoj ustanove.<\/p>\n\n\n\n<p>Kada je rije\u010d o prioritetnim infrastrukturno tehni\u010dkim potrebama KIC-a Ze\u010devi\u0107 isti\u010de da \u0107e nacrtom bud\u017eeta za 2026. godinu prioritet ulaganje u tonsku i svjetlosnu opremu u Velikoj i DODEST sali, s ciljem unapre\u0111enja organizacije i kvaliteta izvo\u0111a\u010dke djelatnosti. <\/p>\n\n\n\n<p>&#8220;Planirana je i adaptacija DODEST sale, koja obuhvata ure\u0111enje \u0161minkernica i sanaciju podova. Tako\u0111e, planirana su renoviranja folklorne sale, gra\u0111evinsko-instalaterski radovi na sanitarnim prostorima, dok je u okviru infrastrukturnih ulaganja predvi\u0111ena i zamjena kompletne unutra\u0161nje stolarije. Poseban fokus bi\u0107e na rekonstrukciji i modernizaciji termo-tehni\u010dkog sistema KIC-a. Planira se i nabavka muzi\u010dkih instrumenata, kao i adaptacija kancelarijskih prostora&#8221;, navodi.<\/p>\n\n\n\n<p>Sva navedena ulaganja, dodaje, osmi\u0161ljena su s ciljem stvaranja kvalitetnijih tehni\u010dkih i infrastrukturnih uslova, koji \u0107e omogu\u0107iti efikasniji rad, bolju organizaciju programa i dalji razvoj kulturnih sadr\u017eaja KIC-a \u201eBudo Tomovi\u0107\u201c, uz unapre\u0111enje sveukupne atmosfere i ambijenta, kako za izvo\u0111a\u010de, tako i za publiku.&nbsp;&nbsp;<\/p>\n\n\n\n<p>&#8221;Bud\u017eetom nije predvi\u0111ena adaptacija bifea za ovu godinu, ali svakako KIC posjeduje prostor koji iziskuje odre\u0111enu adaptaciju, u smislu mjesta koje bi bilo stjeci\u0161te umjetnika i dobrog \u0161timunga, koji bi bio prepoznatljiv po atmosferi kakvu nosi kultni &#8221;Caf\u00e9 de Flore&#8221; u na Bulevaru Sen \u017dermen u Parizu, poznat po tome \u0161to su u njemu Simon de Bovoar i \u017dan Pol Sartr pisali i boravili ve\u0107i dio dana i sa prijateljima umjetnicima vodili konstruktinve umjetni\u010dke sadr\u017eaje. U kafe su svra\u0107ali Alber Kami, Pablo Pikaso, Ernest Hemingvej,&nbsp;Ovde je svojevremeno boravio i \u017dak Prever, a kroz kafe su pro\u0161li i Ernest Hemingvej, Alber Kami (za kojeg tako\u0111e postoje navodi da mu je kafe slu\u017eio kao kancelarija), Truman Kapote i drugi&#8221;, navodi Ze\u010devi\u0107.<\/p>\n\n\n\n<p>Kada je rije\u010d o programskom dijelu Ze\u010devi\u0107 isti\u010de kako planiraju dalje \u0161irenje i unapre\u0111enje postoje\u0107e programske ponude kroz ve\u0107i broj muzi\u010dkih, filmskih, pozori\u0161nih, i edukativnih sadr\u017eaja. Programska strategija za 2026. godinu zasniva\u0107e se na o\u010duvanju visokog kvaliteta sadr\u017eaja ali i dodatni razvoj i unapre\u0111enje saobrazno&nbsp;potencijalu koji ustanova posjeduje.<\/p>\n\n\n\n<p>&#8221;KIC nudi mogu\u0107nost organizovanja \u0161irokog spektra festivala koji bi se uklopili u moju viziju jednih od aktivnosti ustanove&#8221;, navodi Ze\u010devi\u0107.<\/p>\n\n\n\n<p>Poja\u0161njava kako dati program ima za cilj unapre\u0111enje vidljivosti institucije, da oja\u010da kulturnu ponudu i podstakne razvoj stvarala\u0161tva i duh kulture u Crnoj Gori.<\/p>\n\n\n\n<p>&#8221;Svoju ulogu vidim u stabilnom vo\u0111enju, razvoju kvalitetne produkcije i stvaranju otvorenog i inspirativnog prostora za umjetnost&nbsp; i kulturu&#8221;, zaklju\u010duje Ze\u010devi\u0107.<\/p>\n\n\n\n<p><\/p>\n\n\n\n<p><strong><em>Profesorica kni\u017eevnosti, pjesnikinja i knji\u017eevna kriti\u010darka<\/em><\/strong><\/p>\n\n\n\n<p><strong>Marijana Ze\u010devi\u0107<\/strong>, pisac i knji\u017eevna kriti\u010darka, rodjena je u Ivangradu (dana\u0161nje Berane), gdje je zavr\u0161ila Gimnaziju. Diplomirala je na (Filolo\u0161kom\/Filozofskom fakultetu) Univerziteta u Pri\u0161tini, Odsjek srpski jezik i knji\u017eevnost. Magistrirala je 2011. godine, na Fakultetu politi\u010dkih nauka u Podgorici, novinarstvo, na Smjeru odnosi s javno\u0161\u0107u, sa ocjednom 10.&nbsp;<\/p>\n\n\n\n<p>Radila je u prosveti kao profesorica knji\u017eevnosti i predava\u010d u oblasti komunikologije i medija.<\/p>\n\n\n\n<p>Bavi se istra\u017eiva\u010dkim radom&nbsp; \u0336&nbsp; analiti\u010dkim novinarstvom i nau\u010dnom kritikom (studije iz knji\u017eevnosti, istorije umjetnosti i medija).<\/p>\n\n\n\n<p><strong>Anga\u017emani iz te oblasti<\/strong>: Analiti\u010dki pristup medijima i drugi radovi iz oblasti komunikologije, hermeneutike, fenomenologije.<\/p>\n\n\n\n<p>Prve pjesme objavila je sa petnaest godina u dnevnom listu <em>Pobjeda<\/em>. Bavi se slikarstvom, poezijom, prozom, knji\u017eevnom kritikom i analiti\u010dkim novinarstvom.<\/p>\n\n\n\n<p>Do sada je objavila roman \u201eNa brodu Bijele Rade\u201c, studiju iz slikarstva ,,To\u0161kovi\u0107eva Sagrada Familia\u201c, studiju iz oblasti knji\u017eevnosti ,,Od maternje melodije do Euklidove i kartezijanske ta\u010dke &#8211;&nbsp; Poezija Novice \u0110uri\u0107a\u201c, studije iz analiti\u010dkog novinarstva, \u201eInstrumentalizacija \u0161tampanih medija u Crnoj Gori\u201c, \u201eCrna Gora &#8211; Nato u medijima\u201c, i druge nau\u010dne radove i publikacije. U\u010desnik je nau\u010dnih skupova, predavanja i foruma.<\/p>\n\n\n\n<p><strong>Radno iskustvo: <\/strong>Profesorica knji\u017eevnosti i predava\u010d na predmetu Medijska pismenost:<\/p>\n\n\n\n<p>(JU Srednja medicinska \u0161kola ,,dr Branko Zogovi\u0107\u201c, Berane; JU Gimnazija ,,Slobodan \u0160kerovi\u0107\u201c, Podgorica; JU O\u0160 ,,Radojica Perovi\u0107, Podgorica; JU O\u0160 ,,Branko Bo\u017eovi\u0107, Podgorica).<\/p>\n\n\n\n<p><strong>Institut za javnu politiku: <\/strong>Stru\u010dni saradnik.<\/p>\n\n\n\n<p>Glavna i odgovorna urednica \u010dasopisa ,,Knji\u017eevni zapis\u201c Udru\u017eenja knji\u017eevnika Crne Gore, bila je \u010dlan je \u017eirija za dodjelu me\u0111unarodne knji\u017eevne nagrade ,,Marko Miljanov\u201c, 2024. Dobitnica je nagrade \u201eVidovdanska povelja za valorizaciju savremene knji\u017eevne kritike\u201c Udru\u017eenja knji\u017eevnika Crne Gore.<\/p>\n\n\n\n<p>Knjiga To\u0161kovi\u0107evaSagradaFamilija sufinansirana je od strane Ministarstva kulture kao projekat od javnog zna\u010daja u oblasti kulturno-umjetni\u010dkog stvarala\u0161tva.<\/p>\n\n\n\n<p>Po ocjeni nau\u010dne, akademske i stru\u010dne javnosti, stvarala\u010dkim radom isti\u010de se me\u0111u pet najboljih na podru\u010dju Zapadnog Balkana. Publikacije su prevo\u0111ene i na engleski jezik.<\/p>\n\n\n\n<p><\/p>\n\n\n\n<p><em><strong>D.Lekovi\u0107<\/strong><\/em><\/p>\n\n\n\n<p><\/p>","protected":false},"excerpt":{"rendered":"<p>Novoizabrana v.d. direktorice Kulturno informativnog centra \u201eBudo Tomovi\u0107\u201c Marijana Ze\u010devi\u0107 u razgovoru za Portal RTV Podgorica istakla je da se njena vizija KIC-a zasniva na o\u010duvanju i ja\u010danju profesionalnih standarda, razvoju sadr\u017eajnog programa, isticanju dru\u0161tvene va\u017enosti ustanove, unapre\u0111enju doma\u0107e, regionalne i inostrane saradnje. Ze\u010devi\u0107 je poru\u010dila da je cilj da KIC kao dinami\u010dno, otvoreno i prepoznatljivo mjesto kulturnih susreta, inovativnih pristupa, dr\u017ei do standarda visoke umjetnosti.<\/p>","protected":false},"author":1,"featured_media":910899,"comment_status":"open","ping_status":"open","sticky":false,"template":"","format":"standard","meta":{"_acf_changed":false,"footnotes":""},"categories":[50],"tags":[689,690,2056,2057],"naslovna":[],"class_list":["post-910898","post","type-post","status-publish","format-standard","has-post-thumbnail","hentry","category-kultura","tag-kic","tag-marijana-zecevic","tag-standard","tag-visoka-umjetnost"],"acf":[],"yoast_head":"<!-- This site is optimized with the Yoast SEO plugin v27.0 - https:\/\/yoast.com\/product\/yoast-seo-wordpress\/ -->\n<title>Ze\u010devi\u0107: U planu renoviranje DODEST-a i folklorne sale, cilj KIC-a integracija mladih u kulturni \u017eivot i njegovanje visoke umjetnosti - dmcsrb.com<\/title>\n<meta name=\"robots\" content=\"index, follow, max-snippet:-1, max-image-preview:large, max-video-preview:-1\" \/>\n<link rel=\"canonical\" href=\"https:\/\/dmcsrb.com\/en\/kultura\/zecevic-u-planu-renoviranje-dodest-a-i-folklorne-sale-cilj-kic-a-integracija-mladih-u-kulturni-zivot-i-njegovanje-visoke-umjetnosti\/\" \/>\n<meta property=\"og:locale\" content=\"en_GB\" \/>\n<meta property=\"og:type\" content=\"article\" \/>\n<meta property=\"og:title\" content=\"Ze\u010devi\u0107: U planu renoviranje DODEST-a i folklorne sale, cilj KIC-a integracija mladih u kulturni \u017eivot i njegovanje visoke umjetnosti - dmcsrb.com\" \/>\n<meta property=\"og:description\" content=\"Novoizabrana v.d. direktorice Kulturno informativnog centra \u201eBudo Tomovi\u0107\u201c Marijana Ze\u010devi\u0107 u razgovoru za Portal RTV Podgorica istakla je da se njena vizija KIC-a zasniva na o\u010duvanju i ja\u010danju profesionalnih standarda, razvoju sadr\u017eajnog programa, isticanju dru\u0161tvene va\u017enosti ustanove, unapre\u0111enju doma\u0107e, regionalne i inostrane saradnje. Ze\u010devi\u0107 je poru\u010dila da je cilj da KIC kao dinami\u010dno, otvoreno i prepoznatljivo mjesto kulturnih susreta, inovativnih pristupa, dr\u017ei do standarda visoke umjetnosti.\" \/>\n<meta property=\"og:url\" content=\"https:\/\/dmcsrb.com\/en\/kultura\/zecevic-u-planu-renoviranje-dodest-a-i-folklorne-sale-cilj-kic-a-integracija-mladih-u-kulturni-zivot-i-njegovanje-visoke-umjetnosti\/\" \/>\n<meta property=\"og:site_name\" content=\"dmcsrb.com\" \/>\n<meta property=\"article:published_time\" content=\"2025-12-10T07:30:00+00:00\" \/>\n<meta property=\"og:image\" content=\"https:\/\/dmcsrb.com\/wp-content\/uploads\/2026\/01\/DSC_8335-scaled-1.jpg\" \/>\n\t<meta property=\"og:image:width\" content=\"2560\" \/>\n\t<meta property=\"og:image:height\" content=\"1704\" \/>\n\t<meta property=\"og:image:type\" content=\"image\/jpeg\" \/>\n<meta name=\"author\" content=\"dmcsrbija.com@gmail.com\" \/>\n<meta name=\"twitter:card\" content=\"summary_large_image\" \/>\n<meta name=\"twitter:label1\" content=\"Written by\" \/>\n\t<meta name=\"twitter:data1\" content=\"dmcsrbija.com@gmail.com\" \/>\n\t<meta name=\"twitter:label2\" content=\"Estimated reading time\" \/>\n\t<meta name=\"twitter:data2\" content=\"15 minutes\" \/>\n<script type=\"application\/ld+json\" class=\"yoast-schema-graph\">{\"@context\":\"https:\/\/schema.org\",\"@graph\":[{\"@type\":\"Article\",\"@id\":\"https:\/\/dmcsrb.com\/kultura\/zecevic-u-planu-renoviranje-dodest-a-i-folklorne-sale-cilj-kic-a-integracija-mladih-u-kulturni-zivot-i-njegovanje-visoke-umjetnosti\/#article\",\"isPartOf\":{\"@id\":\"https:\/\/dmcsrb.com\/kultura\/zecevic-u-planu-renoviranje-dodest-a-i-folklorne-sale-cilj-kic-a-integracija-mladih-u-kulturni-zivot-i-njegovanje-visoke-umjetnosti\/\"},\"author\":{\"name\":\"dmcsrbija.com@gmail.com\",\"@id\":\"https:\/\/dmcsrb.com\/#\/schema\/person\/5c39170f12db1b8b457732d0b5c854e2\"},\"headline\":\"Ze\u010devi\u0107: U planu renoviranje DODEST-a i folklorne sale, cilj KIC-a integracija mladih u kulturni \u017eivot i njegovanje visoke umjetnosti\",\"datePublished\":\"2025-12-10T07:30:00+00:00\",\"mainEntityOfPage\":{\"@id\":\"https:\/\/dmcsrb.com\/kultura\/zecevic-u-planu-renoviranje-dodest-a-i-folklorne-sale-cilj-kic-a-integracija-mladih-u-kulturni-zivot-i-njegovanje-visoke-umjetnosti\/\"},\"wordCount\":3082,\"commentCount\":0,\"image\":{\"@id\":\"https:\/\/dmcsrb.com\/kultura\/zecevic-u-planu-renoviranje-dodest-a-i-folklorne-sale-cilj-kic-a-integracija-mladih-u-kulturni-zivot-i-njegovanje-visoke-umjetnosti\/#primaryimage\"},\"thumbnailUrl\":\"https:\/\/dmcsrb.com\/wp-content\/uploads\/2026\/01\/DSC_8335-scaled-1.jpg\",\"keywords\":[\"KIC\",\"Marijana Ze\u010devi\u0107\",\"standard\",\"Visoka umjetnost\"],\"articleSection\":[\"Kultura\"],\"inLanguage\":\"en-GB\",\"potentialAction\":[{\"@type\":\"CommentAction\",\"name\":\"Comment\",\"target\":[\"https:\/\/dmcsrb.com\/kultura\/zecevic-u-planu-renoviranje-dodest-a-i-folklorne-sale-cilj-kic-a-integracija-mladih-u-kulturni-zivot-i-njegovanje-visoke-umjetnosti\/#respond\"]}]},{\"@type\":\"WebPage\",\"@id\":\"https:\/\/dmcsrb.com\/kultura\/zecevic-u-planu-renoviranje-dodest-a-i-folklorne-sale-cilj-kic-a-integracija-mladih-u-kulturni-zivot-i-njegovanje-visoke-umjetnosti\/\",\"url\":\"https:\/\/dmcsrb.com\/kultura\/zecevic-u-planu-renoviranje-dodest-a-i-folklorne-sale-cilj-kic-a-integracija-mladih-u-kulturni-zivot-i-njegovanje-visoke-umjetnosti\/\",\"name\":\"Ze\u010devi\u0107: U planu renoviranje DODEST-a i folklorne sale, cilj KIC-a integracija mladih u kulturni \u017eivot i njegovanje visoke umjetnosti - dmcsrb.com\",\"isPartOf\":{\"@id\":\"https:\/\/dmcsrb.com\/#website\"},\"primaryImageOfPage\":{\"@id\":\"https:\/\/dmcsrb.com\/kultura\/zecevic-u-planu-renoviranje-dodest-a-i-folklorne-sale-cilj-kic-a-integracija-mladih-u-kulturni-zivot-i-njegovanje-visoke-umjetnosti\/#primaryimage\"},\"image\":{\"@id\":\"https:\/\/dmcsrb.com\/kultura\/zecevic-u-planu-renoviranje-dodest-a-i-folklorne-sale-cilj-kic-a-integracija-mladih-u-kulturni-zivot-i-njegovanje-visoke-umjetnosti\/#primaryimage\"},\"thumbnailUrl\":\"https:\/\/dmcsrb.com\/wp-content\/uploads\/2026\/01\/DSC_8335-scaled-1.jpg\",\"datePublished\":\"2025-12-10T07:30:00+00:00\",\"author\":{\"@id\":\"https:\/\/dmcsrb.com\/#\/schema\/person\/5c39170f12db1b8b457732d0b5c854e2\"},\"breadcrumb\":{\"@id\":\"https:\/\/dmcsrb.com\/kultura\/zecevic-u-planu-renoviranje-dodest-a-i-folklorne-sale-cilj-kic-a-integracija-mladih-u-kulturni-zivot-i-njegovanje-visoke-umjetnosti\/#breadcrumb\"},\"inLanguage\":\"en-GB\",\"potentialAction\":[{\"@type\":\"ReadAction\",\"target\":[\"https:\/\/dmcsrb.com\/kultura\/zecevic-u-planu-renoviranje-dodest-a-i-folklorne-sale-cilj-kic-a-integracija-mladih-u-kulturni-zivot-i-njegovanje-visoke-umjetnosti\/\"]}]},{\"@type\":\"ImageObject\",\"inLanguage\":\"en-GB\",\"@id\":\"https:\/\/dmcsrb.com\/kultura\/zecevic-u-planu-renoviranje-dodest-a-i-folklorne-sale-cilj-kic-a-integracija-mladih-u-kulturni-zivot-i-njegovanje-visoke-umjetnosti\/#primaryimage\",\"url\":\"https:\/\/dmcsrb.com\/wp-content\/uploads\/2026\/01\/DSC_8335-scaled-1.jpg\",\"contentUrl\":\"https:\/\/dmcsrb.com\/wp-content\/uploads\/2026\/01\/DSC_8335-scaled-1.jpg\",\"width\":2560,\"height\":1704},{\"@type\":\"BreadcrumbList\",\"@id\":\"https:\/\/dmcsrb.com\/kultura\/zecevic-u-planu-renoviranje-dodest-a-i-folklorne-sale-cilj-kic-a-integracija-mladih-u-kulturni-zivot-i-njegovanje-visoke-umjetnosti\/#breadcrumb\",\"itemListElement\":[{\"@type\":\"ListItem\",\"position\":1,\"name\":\"Home\",\"item\":\"https:\/\/dmcsrb.com\/\"},{\"@type\":\"ListItem\",\"position\":2,\"name\":\"Ze\u010devi\u0107: U planu renoviranje DODEST-a i folklorne sale, cilj KIC-a integracija mladih u kulturni \u017eivot i njegovanje visoke umjetnosti\"}]},{\"@type\":\"WebSite\",\"@id\":\"https:\/\/dmcsrb.com\/#website\",\"url\":\"https:\/\/dmcsrb.com\/\",\"name\":\"dmcsrb.com\",\"description\":\"\",\"potentialAction\":[{\"@type\":\"SearchAction\",\"target\":{\"@type\":\"EntryPoint\",\"urlTemplate\":\"https:\/\/dmcsrb.com\/?s={search_term_string}\"},\"query-input\":{\"@type\":\"PropertyValueSpecification\",\"valueRequired\":true,\"valueName\":\"search_term_string\"}}],\"inLanguage\":\"en-GB\"},{\"@type\":\"Person\",\"@id\":\"https:\/\/dmcsrb.com\/#\/schema\/person\/5c39170f12db1b8b457732d0b5c854e2\",\"name\":\"dmcsrbija.com@gmail.com\",\"image\":{\"@type\":\"ImageObject\",\"inLanguage\":\"en-GB\",\"@id\":\"https:\/\/dmcsrb.com\/#\/schema\/person\/image\/\",\"url\":\"https:\/\/secure.gravatar.com\/avatar\/68592660ad6347fad0fb587f8d5d8f1a7b44961362f56e4f2cd524feb87e9069?s=96&d=mm&r=g\",\"contentUrl\":\"https:\/\/secure.gravatar.com\/avatar\/68592660ad6347fad0fb587f8d5d8f1a7b44961362f56e4f2cd524feb87e9069?s=96&d=mm&r=g\",\"caption\":\"dmcsrbija.com@gmail.com\"},\"sameAs\":[\"https:\/\/dmcsrb.com\"],\"url\":\"https:\/\/dmcsrb.com\/en\/author\/dmcsrbija-comgmail-com\/\"}]}<\/script>\n<!-- \/ Yoast SEO plugin. -->","yoast_head_json":{"title":"Ze\u010devi\u0107: U planu renoviranje DODEST-a i folklorne sale, cilj KIC-a integracija mladih u kulturni \u017eivot i njegovanje visoke umjetnosti - dmcsrb.com","robots":{"index":"index","follow":"follow","max-snippet":"max-snippet:-1","max-image-preview":"max-image-preview:large","max-video-preview":"max-video-preview:-1"},"canonical":"https:\/\/dmcsrb.com\/en\/kultura\/zecevic-u-planu-renoviranje-dodest-a-i-folklorne-sale-cilj-kic-a-integracija-mladih-u-kulturni-zivot-i-njegovanje-visoke-umjetnosti\/","og_locale":"en_GB","og_type":"article","og_title":"Ze\u010devi\u0107: U planu renoviranje DODEST-a i folklorne sale, cilj KIC-a integracija mladih u kulturni \u017eivot i njegovanje visoke umjetnosti - dmcsrb.com","og_description":"Novoizabrana v.d. direktorice Kulturno informativnog centra \u201eBudo Tomovi\u0107\u201c Marijana Ze\u010devi\u0107 u razgovoru za Portal RTV Podgorica istakla je da se njena vizija KIC-a zasniva na o\u010duvanju i ja\u010danju profesionalnih standarda, razvoju sadr\u017eajnog programa, isticanju dru\u0161tvene va\u017enosti ustanove, unapre\u0111enju doma\u0107e, regionalne i inostrane saradnje. Ze\u010devi\u0107 je poru\u010dila da je cilj da KIC kao dinami\u010dno, otvoreno i prepoznatljivo mjesto kulturnih susreta, inovativnih pristupa, dr\u017ei do standarda visoke umjetnosti.","og_url":"https:\/\/dmcsrb.com\/en\/kultura\/zecevic-u-planu-renoviranje-dodest-a-i-folklorne-sale-cilj-kic-a-integracija-mladih-u-kulturni-zivot-i-njegovanje-visoke-umjetnosti\/","og_site_name":"dmcsrb.com","article_published_time":"2025-12-10T07:30:00+00:00","og_image":[{"width":2560,"height":1704,"url":"https:\/\/dmcsrb.com\/wp-content\/uploads\/2026\/01\/DSC_8335-scaled-1.jpg","type":"image\/jpeg"}],"author":"dmcsrbija.com@gmail.com","twitter_card":"summary_large_image","twitter_misc":{"Written by":"dmcsrbija.com@gmail.com","Estimated reading time":"15 minutes"},"schema":{"@context":"https:\/\/schema.org","@graph":[{"@type":"Article","@id":"https:\/\/dmcsrb.com\/kultura\/zecevic-u-planu-renoviranje-dodest-a-i-folklorne-sale-cilj-kic-a-integracija-mladih-u-kulturni-zivot-i-njegovanje-visoke-umjetnosti\/#article","isPartOf":{"@id":"https:\/\/dmcsrb.com\/kultura\/zecevic-u-planu-renoviranje-dodest-a-i-folklorne-sale-cilj-kic-a-integracija-mladih-u-kulturni-zivot-i-njegovanje-visoke-umjetnosti\/"},"author":{"name":"dmcsrbija.com@gmail.com","@id":"https:\/\/dmcsrb.com\/#\/schema\/person\/5c39170f12db1b8b457732d0b5c854e2"},"headline":"Ze\u010devi\u0107: U planu renoviranje DODEST-a i folklorne sale, cilj KIC-a integracija mladih u kulturni \u017eivot i njegovanje visoke umjetnosti","datePublished":"2025-12-10T07:30:00+00:00","mainEntityOfPage":{"@id":"https:\/\/dmcsrb.com\/kultura\/zecevic-u-planu-renoviranje-dodest-a-i-folklorne-sale-cilj-kic-a-integracija-mladih-u-kulturni-zivot-i-njegovanje-visoke-umjetnosti\/"},"wordCount":3082,"commentCount":0,"image":{"@id":"https:\/\/dmcsrb.com\/kultura\/zecevic-u-planu-renoviranje-dodest-a-i-folklorne-sale-cilj-kic-a-integracija-mladih-u-kulturni-zivot-i-njegovanje-visoke-umjetnosti\/#primaryimage"},"thumbnailUrl":"https:\/\/dmcsrb.com\/wp-content\/uploads\/2026\/01\/DSC_8335-scaled-1.jpg","keywords":["KIC","Marijana Ze\u010devi\u0107","standard","Visoka umjetnost"],"articleSection":["Kultura"],"inLanguage":"en-GB","potentialAction":[{"@type":"CommentAction","name":"Comment","target":["https:\/\/dmcsrb.com\/kultura\/zecevic-u-planu-renoviranje-dodest-a-i-folklorne-sale-cilj-kic-a-integracija-mladih-u-kulturni-zivot-i-njegovanje-visoke-umjetnosti\/#respond"]}]},{"@type":"WebPage","@id":"https:\/\/dmcsrb.com\/kultura\/zecevic-u-planu-renoviranje-dodest-a-i-folklorne-sale-cilj-kic-a-integracija-mladih-u-kulturni-zivot-i-njegovanje-visoke-umjetnosti\/","url":"https:\/\/dmcsrb.com\/kultura\/zecevic-u-planu-renoviranje-dodest-a-i-folklorne-sale-cilj-kic-a-integracija-mladih-u-kulturni-zivot-i-njegovanje-visoke-umjetnosti\/","name":"Ze\u010devi\u0107: U planu renoviranje DODEST-a i folklorne sale, cilj KIC-a integracija mladih u kulturni \u017eivot i njegovanje visoke umjetnosti - dmcsrb.com","isPartOf":{"@id":"https:\/\/dmcsrb.com\/#website"},"primaryImageOfPage":{"@id":"https:\/\/dmcsrb.com\/kultura\/zecevic-u-planu-renoviranje-dodest-a-i-folklorne-sale-cilj-kic-a-integracija-mladih-u-kulturni-zivot-i-njegovanje-visoke-umjetnosti\/#primaryimage"},"image":{"@id":"https:\/\/dmcsrb.com\/kultura\/zecevic-u-planu-renoviranje-dodest-a-i-folklorne-sale-cilj-kic-a-integracija-mladih-u-kulturni-zivot-i-njegovanje-visoke-umjetnosti\/#primaryimage"},"thumbnailUrl":"https:\/\/dmcsrb.com\/wp-content\/uploads\/2026\/01\/DSC_8335-scaled-1.jpg","datePublished":"2025-12-10T07:30:00+00:00","author":{"@id":"https:\/\/dmcsrb.com\/#\/schema\/person\/5c39170f12db1b8b457732d0b5c854e2"},"breadcrumb":{"@id":"https:\/\/dmcsrb.com\/kultura\/zecevic-u-planu-renoviranje-dodest-a-i-folklorne-sale-cilj-kic-a-integracija-mladih-u-kulturni-zivot-i-njegovanje-visoke-umjetnosti\/#breadcrumb"},"inLanguage":"en-GB","potentialAction":[{"@type":"ReadAction","target":["https:\/\/dmcsrb.com\/kultura\/zecevic-u-planu-renoviranje-dodest-a-i-folklorne-sale-cilj-kic-a-integracija-mladih-u-kulturni-zivot-i-njegovanje-visoke-umjetnosti\/"]}]},{"@type":"ImageObject","inLanguage":"en-GB","@id":"https:\/\/dmcsrb.com\/kultura\/zecevic-u-planu-renoviranje-dodest-a-i-folklorne-sale-cilj-kic-a-integracija-mladih-u-kulturni-zivot-i-njegovanje-visoke-umjetnosti\/#primaryimage","url":"https:\/\/dmcsrb.com\/wp-content\/uploads\/2026\/01\/DSC_8335-scaled-1.jpg","contentUrl":"https:\/\/dmcsrb.com\/wp-content\/uploads\/2026\/01\/DSC_8335-scaled-1.jpg","width":2560,"height":1704},{"@type":"BreadcrumbList","@id":"https:\/\/dmcsrb.com\/kultura\/zecevic-u-planu-renoviranje-dodest-a-i-folklorne-sale-cilj-kic-a-integracija-mladih-u-kulturni-zivot-i-njegovanje-visoke-umjetnosti\/#breadcrumb","itemListElement":[{"@type":"ListItem","position":1,"name":"Home","item":"https:\/\/dmcsrb.com\/"},{"@type":"ListItem","position":2,"name":"Ze\u010devi\u0107: U planu renoviranje DODEST-a i folklorne sale, cilj KIC-a integracija mladih u kulturni \u017eivot i njegovanje visoke umjetnosti"}]},{"@type":"WebSite","@id":"https:\/\/dmcsrb.com\/#website","url":"https:\/\/dmcsrb.com\/","name":"dmcsrb.com","description":"","potentialAction":[{"@type":"SearchAction","target":{"@type":"EntryPoint","urlTemplate":"https:\/\/dmcsrb.com\/?s={search_term_string}"},"query-input":{"@type":"PropertyValueSpecification","valueRequired":true,"valueName":"search_term_string"}}],"inLanguage":"en-GB"},{"@type":"Person","@id":"https:\/\/dmcsrb.com\/#\/schema\/person\/5c39170f12db1b8b457732d0b5c854e2","name":"dmcsrbija.com@gmail.com","image":{"@type":"ImageObject","inLanguage":"en-GB","@id":"https:\/\/dmcsrb.com\/#\/schema\/person\/image\/","url":"https:\/\/secure.gravatar.com\/avatar\/68592660ad6347fad0fb587f8d5d8f1a7b44961362f56e4f2cd524feb87e9069?s=96&d=mm&r=g","contentUrl":"https:\/\/secure.gravatar.com\/avatar\/68592660ad6347fad0fb587f8d5d8f1a7b44961362f56e4f2cd524feb87e9069?s=96&d=mm&r=g","caption":"dmcsrbija.com@gmail.com"},"sameAs":["https:\/\/dmcsrb.com"],"url":"https:\/\/dmcsrb.com\/en\/author\/dmcsrbija-comgmail-com\/"}]}},"_links":{"self":[{"href":"https:\/\/dmcsrb.com\/en\/wp-json\/wp\/v2\/posts\/910898","targetHints":{"allow":["GET"]}}],"collection":[{"href":"https:\/\/dmcsrb.com\/en\/wp-json\/wp\/v2\/posts"}],"about":[{"href":"https:\/\/dmcsrb.com\/en\/wp-json\/wp\/v2\/types\/post"}],"author":[{"embeddable":true,"href":"https:\/\/dmcsrb.com\/en\/wp-json\/wp\/v2\/users\/1"}],"replies":[{"embeddable":true,"href":"https:\/\/dmcsrb.com\/en\/wp-json\/wp\/v2\/comments?post=910898"}],"version-history":[{"count":0,"href":"https:\/\/dmcsrb.com\/en\/wp-json\/wp\/v2\/posts\/910898\/revisions"}],"wp:featuredmedia":[{"embeddable":true,"href":"https:\/\/dmcsrb.com\/en\/wp-json\/wp\/v2\/media\/910899"}],"wp:attachment":[{"href":"https:\/\/dmcsrb.com\/en\/wp-json\/wp\/v2\/media?parent=910898"}],"wp:term":[{"taxonomy":"category","embeddable":true,"href":"https:\/\/dmcsrb.com\/en\/wp-json\/wp\/v2\/categories?post=910898"},{"taxonomy":"post_tag","embeddable":true,"href":"https:\/\/dmcsrb.com\/en\/wp-json\/wp\/v2\/tags?post=910898"},{"taxonomy":"naslovna","embeddable":true,"href":"https:\/\/dmcsrb.com\/en\/wp-json\/wp\/v2\/naslovna?post=910898"}],"curies":[{"name":"wp","href":"https:\/\/api.w.org\/{rel}","templated":true}]}}