{"id":910896,"date":"2025-12-09T19:48:00","date_gmt":"2025-12-09T18:48:00","guid":{"rendered":"https:\/\/dmcsrb.com\/uncategorized\/crna-gora-na-42-mjestu-liste-najmocnijih-pasosa-u-svijetu-za-2025\/"},"modified":"2025-12-09T19:48:00","modified_gmt":"2025-12-09T18:48:00","slug":"crna-gora-na-42-mjestu-liste-najmocnijih-pasosa-u-svijetu-za-2025","status":"publish","type":"post","link":"https:\/\/dmcsrb.com\/en\/drustvo\/crna-gora-na-42-mjestu-liste-najmocnijih-pasosa-u-svijetu-za-2025\/","title":{"rendered":"Crna Gora na 42. mjestu liste najmo\u0107nijih paso\u0161a u svijetu za 2025."},"content":{"rendered":"<p>Singapur ima najmo\u0107niji paso\u0161 na svijetu, s kojim trenutno mo\u017ee da se u\u0111e u 195 dr\u017eava bez viza. Crnogorski paso\u0161 omogu\u0107ava ulazak u 129 zemalja bez vize, \u0161to nas pozicionira na 42. mjesto. Rangiranje se vr\u0161i po principu reciprociteta, odnosno na osnovu vizne politike drugih dr\u017eava prema crnogorskim gra\u0111anima.<\/p>\n\n\n\n<p>Bojan Bugarin, ekspert za viznu i migracionu politiku, poja\u0161njava:<\/p>\n\n\n\n<p>&#8220;Ako Crna Gora prema odre\u0111enim dr\u017eavama ima uvedene vize i sprovodi restriktivniju viznu politiku, na bazi reciprociteta i crnogorskim dr\u017eavljanima je potrebna viza za ulazak u te dr\u017eave. To je rezultat \u010dinjenice da, recimo, Srbija ima liberalniji vizni re\u017eim prema odre\u0111enim dr\u017eavama, dominantno u Africi, Aziji, Bliskom istoku i Ju\u017enoj Americi&#8221;, navodi on.&nbsp;<\/p>\n\n\n\n<p>Putopisac i svjetski putnik Edin Krni\u0107 ka\u017ee da na svojim putovanjima nikada nije osjetio da je crnogorski paso\u0161 manje vrijedan od drugih.<\/p>\n\n\n\n<p>&#8220;Kad prelazim granice \u0161irom svijeta, tretiraju nas identi\u010dno kao stanovnike EU. Sve potrebne vize se dobiju bez problema, jer nas gledaju kao Evropljane. To zna\u010di da nismo problem, da \u0107emo tamo ostati i vratiti se, ve\u0107 da samo tro\u0161imo novac&#8221;, ka\u017ee Krni\u0107.&nbsp;<\/p>\n\n\n\n<p>I turisti\u010dke agencije potvr\u0111uju da je na\u0161im gra\u0111anima danas lak\u0161e putovati svijetom.<\/p>\n\n\n\n<p>Sr\u0111an Kova\u010devi\u0107 iz turisti\u010dke agencije navodi da nam za Evropu ne trebaju vize, osim za Englesku i Irsku.<\/p>\n\n\n\n<p>&#8220;Cijela Ju\u017ena Amerika je dostupna crnogorskim gra\u0111anima bez viza, a mnoge zemlje odobravaju elektronske vize, pa ne postoji procedura odlaska u ambasadu \u2013 sve se mo\u017ee iz ku\u0107e&#8221;, navodi on.&nbsp;<\/p>\n\n\n\n<p>Od Crne Gore se o\u010dekuje da uskladi viznu politiku s evropskom, \u0161to zna\u010di uvo\u0111enje viza za jo\u0161 dr\u017eava.<\/p>\n\n\n\n<p>Bugarin isti\u010de da tu imamo 11 dr\u017eava, ali najzna\u010dajnije su Rusija, Turska i mo\u017eda Bjelorusija, zbog broja turista iz tih zemalja.<\/p>\n\n\n\n<p>Mo\u017ee se o\u010dekivati da \u0107e te dr\u017eave uzvratiti istom mjerom. Dok se neke granice zatvaraju, druge se otvaraju, a ulaskom u Evropsku uniju putovanje crnogorskim gra\u0111anima trebalo bi da bude mnogo lak\u0161e i gotovo bez ograni\u010denja.<\/p>","protected":false},"excerpt":{"rendered":"<p>Crna Gora se nalazi na 42. mjestu na rang listi najmo\u0107nijih paso\u0161a na svijetu za 2025. godinu, ispod Hrvatske, Srbije i Sjeverne Makedonije. Iako je, u odnosu na prethodno rangiranje, pala sedam pozicija, sagovornici Marije Radulovi\u0107 isti\u010du da to samo govori o restriktivnijem viznom re\u017eimu.<\/p>","protected":false},"author":1,"featured_media":910897,"comment_status":"open","ping_status":"open","sticky":false,"template":"","format":"standard","meta":{"_acf_changed":false,"footnotes":""},"categories":[2],"tags":[95,2042],"naslovna":[],"class_list":["post-910896","post","type-post","status-publish","format-standard","has-post-thumbnail","hentry","category-drustvo","tag-crna-gora","tag-pasos"],"acf":[],"yoast_head":"<!-- This site is optimized with the Yoast SEO plugin v27.0 - https:\/\/yoast.com\/product\/yoast-seo-wordpress\/ -->\n<title>Crna Gora na 42. mjestu liste najmo\u0107nijih paso\u0161a u svijetu za 2025. - dmcsrb.com<\/title>\n<meta name=\"robots\" content=\"index, follow, max-snippet:-1, max-image-preview:large, max-video-preview:-1\" \/>\n<link rel=\"canonical\" href=\"https:\/\/dmcsrb.com\/en\/drustvo\/crna-gora-na-42-mjestu-liste-najmocnijih-pasosa-u-svijetu-za-2025\/\" \/>\n<meta property=\"og:locale\" content=\"en_GB\" \/>\n<meta property=\"og:type\" content=\"article\" \/>\n<meta property=\"og:title\" content=\"Crna Gora na 42. mjestu liste najmo\u0107nijih paso\u0161a u svijetu za 2025. - dmcsrb.com\" \/>\n<meta property=\"og:description\" content=\"Crna Gora se nalazi na 42. mjestu na rang listi najmo\u0107nijih paso\u0161a na svijetu za 2025. godinu, ispod Hrvatske, Srbije i Sjeverne Makedonije. Iako je, u odnosu na prethodno rangiranje, pala sedam pozicija, sagovornici Marije Radulovi\u0107 isti\u010du da to samo govori o restriktivnijem viznom re\u017eimu.\" \/>\n<meta property=\"og:url\" content=\"https:\/\/dmcsrb.com\/en\/drustvo\/crna-gora-na-42-mjestu-liste-najmocnijih-pasosa-u-svijetu-za-2025\/\" \/>\n<meta property=\"og:site_name\" content=\"dmcsrb.com\" \/>\n<meta property=\"article:published_time\" content=\"2025-12-09T18:48:00+00:00\" \/>\n<meta property=\"og:image\" content=\"https:\/\/dmcsrb.com\/wp-content\/uploads\/2026\/01\/pasos.jpg\" \/>\n\t<meta property=\"og:image:width\" content=\"1824\" \/>\n\t<meta property=\"og:image:height\" content=\"872\" \/>\n\t<meta property=\"og:image:type\" content=\"image\/jpeg\" \/>\n<meta name=\"author\" content=\"dmcsrbija.com@gmail.com\" \/>\n<meta name=\"twitter:card\" content=\"summary_large_image\" \/>\n<meta name=\"twitter:label1\" content=\"Written by\" \/>\n\t<meta name=\"twitter:data1\" content=\"dmcsrbija.com@gmail.com\" \/>\n\t<meta name=\"twitter:label2\" content=\"Estimated reading time\" \/>\n\t<meta name=\"twitter:data2\" content=\"2 minutes\" \/>\n<script type=\"application\/ld+json\" class=\"yoast-schema-graph\">{\"@context\":\"https:\/\/schema.org\",\"@graph\":[{\"@type\":\"Article\",\"@id\":\"https:\/\/dmcsrb.com\/drustvo\/crna-gora-na-42-mjestu-liste-najmocnijih-pasosa-u-svijetu-za-2025\/#article\",\"isPartOf\":{\"@id\":\"https:\/\/dmcsrb.com\/drustvo\/crna-gora-na-42-mjestu-liste-najmocnijih-pasosa-u-svijetu-za-2025\/\"},\"author\":{\"name\":\"dmcsrbija.com@gmail.com\",\"@id\":\"https:\/\/dmcsrb.com\/#\/schema\/person\/5c39170f12db1b8b457732d0b5c854e2\"},\"headline\":\"Crna Gora na 42. mjestu liste najmo\u0107nijih paso\u0161a u svijetu za 2025.\",\"datePublished\":\"2025-12-09T18:48:00+00:00\",\"mainEntityOfPage\":{\"@id\":\"https:\/\/dmcsrb.com\/drustvo\/crna-gora-na-42-mjestu-liste-najmocnijih-pasosa-u-svijetu-za-2025\/\"},\"wordCount\":368,\"commentCount\":0,\"image\":{\"@id\":\"https:\/\/dmcsrb.com\/drustvo\/crna-gora-na-42-mjestu-liste-najmocnijih-pasosa-u-svijetu-za-2025\/#primaryimage\"},\"thumbnailUrl\":\"https:\/\/dmcsrb.com\/wp-content\/uploads\/2026\/01\/pasos.jpg\",\"keywords\":[\"Crna Gora\",\"Paso\u0161\"],\"articleSection\":[\"Dru\u0161tvo\"],\"inLanguage\":\"en-GB\",\"potentialAction\":[{\"@type\":\"CommentAction\",\"name\":\"Comment\",\"target\":[\"https:\/\/dmcsrb.com\/drustvo\/crna-gora-na-42-mjestu-liste-najmocnijih-pasosa-u-svijetu-za-2025\/#respond\"]}]},{\"@type\":\"WebPage\",\"@id\":\"https:\/\/dmcsrb.com\/drustvo\/crna-gora-na-42-mjestu-liste-najmocnijih-pasosa-u-svijetu-za-2025\/\",\"url\":\"https:\/\/dmcsrb.com\/drustvo\/crna-gora-na-42-mjestu-liste-najmocnijih-pasosa-u-svijetu-za-2025\/\",\"name\":\"Crna Gora na 42. mjestu liste najmo\u0107nijih paso\u0161a u svijetu za 2025. - dmcsrb.com\",\"isPartOf\":{\"@id\":\"https:\/\/dmcsrb.com\/#website\"},\"primaryImageOfPage\":{\"@id\":\"https:\/\/dmcsrb.com\/drustvo\/crna-gora-na-42-mjestu-liste-najmocnijih-pasosa-u-svijetu-za-2025\/#primaryimage\"},\"image\":{\"@id\":\"https:\/\/dmcsrb.com\/drustvo\/crna-gora-na-42-mjestu-liste-najmocnijih-pasosa-u-svijetu-za-2025\/#primaryimage\"},\"thumbnailUrl\":\"https:\/\/dmcsrb.com\/wp-content\/uploads\/2026\/01\/pasos.jpg\",\"datePublished\":\"2025-12-09T18:48:00+00:00\",\"author\":{\"@id\":\"https:\/\/dmcsrb.com\/#\/schema\/person\/5c39170f12db1b8b457732d0b5c854e2\"},\"breadcrumb\":{\"@id\":\"https:\/\/dmcsrb.com\/drustvo\/crna-gora-na-42-mjestu-liste-najmocnijih-pasosa-u-svijetu-za-2025\/#breadcrumb\"},\"inLanguage\":\"en-GB\",\"potentialAction\":[{\"@type\":\"ReadAction\",\"target\":[\"https:\/\/dmcsrb.com\/drustvo\/crna-gora-na-42-mjestu-liste-najmocnijih-pasosa-u-svijetu-za-2025\/\"]}]},{\"@type\":\"ImageObject\",\"inLanguage\":\"en-GB\",\"@id\":\"https:\/\/dmcsrb.com\/drustvo\/crna-gora-na-42-mjestu-liste-najmocnijih-pasosa-u-svijetu-za-2025\/#primaryimage\",\"url\":\"https:\/\/dmcsrb.com\/wp-content\/uploads\/2026\/01\/pasos.jpg\",\"contentUrl\":\"https:\/\/dmcsrb.com\/wp-content\/uploads\/2026\/01\/pasos.jpg\",\"width\":1824,\"height\":872},{\"@type\":\"BreadcrumbList\",\"@id\":\"https:\/\/dmcsrb.com\/drustvo\/crna-gora-na-42-mjestu-liste-najmocnijih-pasosa-u-svijetu-za-2025\/#breadcrumb\",\"itemListElement\":[{\"@type\":\"ListItem\",\"position\":1,\"name\":\"Home\",\"item\":\"https:\/\/dmcsrb.com\/\"},{\"@type\":\"ListItem\",\"position\":2,\"name\":\"Crna Gora na 42. mjestu liste najmo\u0107nijih paso\u0161a u svijetu za 2025.\"}]},{\"@type\":\"WebSite\",\"@id\":\"https:\/\/dmcsrb.com\/#website\",\"url\":\"https:\/\/dmcsrb.com\/\",\"name\":\"dmcsrb.com\",\"description\":\"\",\"potentialAction\":[{\"@type\":\"SearchAction\",\"target\":{\"@type\":\"EntryPoint\",\"urlTemplate\":\"https:\/\/dmcsrb.com\/?s={search_term_string}\"},\"query-input\":{\"@type\":\"PropertyValueSpecification\",\"valueRequired\":true,\"valueName\":\"search_term_string\"}}],\"inLanguage\":\"en-GB\"},{\"@type\":\"Person\",\"@id\":\"https:\/\/dmcsrb.com\/#\/schema\/person\/5c39170f12db1b8b457732d0b5c854e2\",\"name\":\"dmcsrbija.com@gmail.com\",\"image\":{\"@type\":\"ImageObject\",\"inLanguage\":\"en-GB\",\"@id\":\"https:\/\/dmcsrb.com\/#\/schema\/person\/image\/\",\"url\":\"https:\/\/secure.gravatar.com\/avatar\/68592660ad6347fad0fb587f8d5d8f1a7b44961362f56e4f2cd524feb87e9069?s=96&d=mm&r=g\",\"contentUrl\":\"https:\/\/secure.gravatar.com\/avatar\/68592660ad6347fad0fb587f8d5d8f1a7b44961362f56e4f2cd524feb87e9069?s=96&d=mm&r=g\",\"caption\":\"dmcsrbija.com@gmail.com\"},\"sameAs\":[\"https:\/\/dmcsrb.com\"],\"url\":\"https:\/\/dmcsrb.com\/en\/author\/dmcsrbija-comgmail-com\/\"}]}<\/script>\n<!-- \/ Yoast SEO plugin. -->","yoast_head_json":{"title":"Crna Gora na 42. mjestu liste najmo\u0107nijih paso\u0161a u svijetu za 2025. - dmcsrb.com","robots":{"index":"index","follow":"follow","max-snippet":"max-snippet:-1","max-image-preview":"max-image-preview:large","max-video-preview":"max-video-preview:-1"},"canonical":"https:\/\/dmcsrb.com\/en\/drustvo\/crna-gora-na-42-mjestu-liste-najmocnijih-pasosa-u-svijetu-za-2025\/","og_locale":"en_GB","og_type":"article","og_title":"Crna Gora na 42. mjestu liste najmo\u0107nijih paso\u0161a u svijetu za 2025. - dmcsrb.com","og_description":"Crna Gora se nalazi na 42. mjestu na rang listi najmo\u0107nijih paso\u0161a na svijetu za 2025. godinu, ispod Hrvatske, Srbije i Sjeverne Makedonije. Iako je, u odnosu na prethodno rangiranje, pala sedam pozicija, sagovornici Marije Radulovi\u0107 isti\u010du da to samo govori o restriktivnijem viznom re\u017eimu.","og_url":"https:\/\/dmcsrb.com\/en\/drustvo\/crna-gora-na-42-mjestu-liste-najmocnijih-pasosa-u-svijetu-za-2025\/","og_site_name":"dmcsrb.com","article_published_time":"2025-12-09T18:48:00+00:00","og_image":[{"width":1824,"height":872,"url":"https:\/\/dmcsrb.com\/wp-content\/uploads\/2026\/01\/pasos.jpg","type":"image\/jpeg"}],"author":"dmcsrbija.com@gmail.com","twitter_card":"summary_large_image","twitter_misc":{"Written by":"dmcsrbija.com@gmail.com","Estimated reading time":"2 minutes"},"schema":{"@context":"https:\/\/schema.org","@graph":[{"@type":"Article","@id":"https:\/\/dmcsrb.com\/drustvo\/crna-gora-na-42-mjestu-liste-najmocnijih-pasosa-u-svijetu-za-2025\/#article","isPartOf":{"@id":"https:\/\/dmcsrb.com\/drustvo\/crna-gora-na-42-mjestu-liste-najmocnijih-pasosa-u-svijetu-za-2025\/"},"author":{"name":"dmcsrbija.com@gmail.com","@id":"https:\/\/dmcsrb.com\/#\/schema\/person\/5c39170f12db1b8b457732d0b5c854e2"},"headline":"Crna Gora na 42. mjestu liste najmo\u0107nijih paso\u0161a u svijetu za 2025.","datePublished":"2025-12-09T18:48:00+00:00","mainEntityOfPage":{"@id":"https:\/\/dmcsrb.com\/drustvo\/crna-gora-na-42-mjestu-liste-najmocnijih-pasosa-u-svijetu-za-2025\/"},"wordCount":368,"commentCount":0,"image":{"@id":"https:\/\/dmcsrb.com\/drustvo\/crna-gora-na-42-mjestu-liste-najmocnijih-pasosa-u-svijetu-za-2025\/#primaryimage"},"thumbnailUrl":"https:\/\/dmcsrb.com\/wp-content\/uploads\/2026\/01\/pasos.jpg","keywords":["Crna Gora","Paso\u0161"],"articleSection":["Dru\u0161tvo"],"inLanguage":"en-GB","potentialAction":[{"@type":"CommentAction","name":"Comment","target":["https:\/\/dmcsrb.com\/drustvo\/crna-gora-na-42-mjestu-liste-najmocnijih-pasosa-u-svijetu-za-2025\/#respond"]}]},{"@type":"WebPage","@id":"https:\/\/dmcsrb.com\/drustvo\/crna-gora-na-42-mjestu-liste-najmocnijih-pasosa-u-svijetu-za-2025\/","url":"https:\/\/dmcsrb.com\/drustvo\/crna-gora-na-42-mjestu-liste-najmocnijih-pasosa-u-svijetu-za-2025\/","name":"Crna Gora na 42. mjestu liste najmo\u0107nijih paso\u0161a u svijetu za 2025. - dmcsrb.com","isPartOf":{"@id":"https:\/\/dmcsrb.com\/#website"},"primaryImageOfPage":{"@id":"https:\/\/dmcsrb.com\/drustvo\/crna-gora-na-42-mjestu-liste-najmocnijih-pasosa-u-svijetu-za-2025\/#primaryimage"},"image":{"@id":"https:\/\/dmcsrb.com\/drustvo\/crna-gora-na-42-mjestu-liste-najmocnijih-pasosa-u-svijetu-za-2025\/#primaryimage"},"thumbnailUrl":"https:\/\/dmcsrb.com\/wp-content\/uploads\/2026\/01\/pasos.jpg","datePublished":"2025-12-09T18:48:00+00:00","author":{"@id":"https:\/\/dmcsrb.com\/#\/schema\/person\/5c39170f12db1b8b457732d0b5c854e2"},"breadcrumb":{"@id":"https:\/\/dmcsrb.com\/drustvo\/crna-gora-na-42-mjestu-liste-najmocnijih-pasosa-u-svijetu-za-2025\/#breadcrumb"},"inLanguage":"en-GB","potentialAction":[{"@type":"ReadAction","target":["https:\/\/dmcsrb.com\/drustvo\/crna-gora-na-42-mjestu-liste-najmocnijih-pasosa-u-svijetu-za-2025\/"]}]},{"@type":"ImageObject","inLanguage":"en-GB","@id":"https:\/\/dmcsrb.com\/drustvo\/crna-gora-na-42-mjestu-liste-najmocnijih-pasosa-u-svijetu-za-2025\/#primaryimage","url":"https:\/\/dmcsrb.com\/wp-content\/uploads\/2026\/01\/pasos.jpg","contentUrl":"https:\/\/dmcsrb.com\/wp-content\/uploads\/2026\/01\/pasos.jpg","width":1824,"height":872},{"@type":"BreadcrumbList","@id":"https:\/\/dmcsrb.com\/drustvo\/crna-gora-na-42-mjestu-liste-najmocnijih-pasosa-u-svijetu-za-2025\/#breadcrumb","itemListElement":[{"@type":"ListItem","position":1,"name":"Home","item":"https:\/\/dmcsrb.com\/"},{"@type":"ListItem","position":2,"name":"Crna Gora na 42. mjestu liste najmo\u0107nijih paso\u0161a u svijetu za 2025."}]},{"@type":"WebSite","@id":"https:\/\/dmcsrb.com\/#website","url":"https:\/\/dmcsrb.com\/","name":"dmcsrb.com","description":"","potentialAction":[{"@type":"SearchAction","target":{"@type":"EntryPoint","urlTemplate":"https:\/\/dmcsrb.com\/?s={search_term_string}"},"query-input":{"@type":"PropertyValueSpecification","valueRequired":true,"valueName":"search_term_string"}}],"inLanguage":"en-GB"},{"@type":"Person","@id":"https:\/\/dmcsrb.com\/#\/schema\/person\/5c39170f12db1b8b457732d0b5c854e2","name":"dmcsrbija.com@gmail.com","image":{"@type":"ImageObject","inLanguage":"en-GB","@id":"https:\/\/dmcsrb.com\/#\/schema\/person\/image\/","url":"https:\/\/secure.gravatar.com\/avatar\/68592660ad6347fad0fb587f8d5d8f1a7b44961362f56e4f2cd524feb87e9069?s=96&d=mm&r=g","contentUrl":"https:\/\/secure.gravatar.com\/avatar\/68592660ad6347fad0fb587f8d5d8f1a7b44961362f56e4f2cd524feb87e9069?s=96&d=mm&r=g","caption":"dmcsrbija.com@gmail.com"},"sameAs":["https:\/\/dmcsrb.com"],"url":"https:\/\/dmcsrb.com\/en\/author\/dmcsrbija-comgmail-com\/"}]}},"_links":{"self":[{"href":"https:\/\/dmcsrb.com\/en\/wp-json\/wp\/v2\/posts\/910896","targetHints":{"allow":["GET"]}}],"collection":[{"href":"https:\/\/dmcsrb.com\/en\/wp-json\/wp\/v2\/posts"}],"about":[{"href":"https:\/\/dmcsrb.com\/en\/wp-json\/wp\/v2\/types\/post"}],"author":[{"embeddable":true,"href":"https:\/\/dmcsrb.com\/en\/wp-json\/wp\/v2\/users\/1"}],"replies":[{"embeddable":true,"href":"https:\/\/dmcsrb.com\/en\/wp-json\/wp\/v2\/comments?post=910896"}],"version-history":[{"count":0,"href":"https:\/\/dmcsrb.com\/en\/wp-json\/wp\/v2\/posts\/910896\/revisions"}],"wp:featuredmedia":[{"embeddable":true,"href":"https:\/\/dmcsrb.com\/en\/wp-json\/wp\/v2\/media\/910897"}],"wp:attachment":[{"href":"https:\/\/dmcsrb.com\/en\/wp-json\/wp\/v2\/media?parent=910896"}],"wp:term":[{"taxonomy":"category","embeddable":true,"href":"https:\/\/dmcsrb.com\/en\/wp-json\/wp\/v2\/categories?post=910896"},{"taxonomy":"post_tag","embeddable":true,"href":"https:\/\/dmcsrb.com\/en\/wp-json\/wp\/v2\/tags?post=910896"},{"taxonomy":"naslovna","embeddable":true,"href":"https:\/\/dmcsrb.com\/en\/wp-json\/wp\/v2\/naslovna?post=910896"}],"curies":[{"name":"wp","href":"https:\/\/api.w.org\/{rel}","templated":true}]}}