{"id":910832,"date":"2025-12-09T16:49:00","date_gmt":"2025-12-09T15:49:00","guid":{"rendered":"https:\/\/dmcsrb.com\/uncategorized\/bs-ce-i-dalje-doprinositi-politickom-dijalogu-unutar-epp-a\/"},"modified":"2025-12-09T16:49:00","modified_gmt":"2025-12-09T15:49:00","slug":"bs-ce-i-dalje-doprinositi-politickom-dijalogu-unutar-epp-a","status":"publish","type":"post","link":"https:\/\/dmcsrb.com\/en\/politika\/bs-ce-i-dalje-doprinositi-politickom-dijalogu-unutar-epp-a\/","title":{"rendered":"BS \u0107e i dalje doprinositi politi\u010dkom dijalogu unutar EPP-a"},"content":{"rendered":"<p><\/p>\n\n\n\n<p><\/p>\n\n\n\n<p>Skup\u0161tina je okupila, kako navode, brojne evropske zvani\u010dnike i predstavnike politi\u010dkih partija, a otvorena je uvodnim obra\u0107anjima predsjednika EPP-a&nbsp;<strong>Manfreda<\/strong>&nbsp;<strong>Vebera<\/strong>&nbsp;i predsjednice Evropskog parlamenta&nbsp;<strong>Roberte<\/strong>&nbsp;<strong>Metsole<\/strong>.<\/p>\n\n\n\n<p>Dodaju da su u\u010desnici tokom zasijedanja razmatrali klju\u010dne politi\u010dke teme, sa posebnim fokusom na izazove u oblasti stanovanja \u0161irom Evrope i modele saradnje izme\u0111u razli\u010ditih nivoa vlasti.<\/p>\n\n\n\n<p>\u201cNa marginama doga\u0111aja, delegacija BS razgovarala je sa predsjednikom EPP, najbrojnije politi\u010dke grupacije u Evropskom parlamentu, Manfredom Veberom. Sagovornici su istakli napredak Crne Gore na polju EU integracija, te jo\u0161 jednom potvrdili zna\u010daj i ulogu me\u0111unarodne saradnje BS na nivou EPP kada je evropski put Crne Gore u pitanju\u201d, pi\u0161e u saop\u0161tenju.<\/p>\n\n\n\n<p>Kako isti\u010du, predstavnici Bo\u0161nja\u010dke stranke iskoristili su u\u010de\u0161\u0107e na ovom visokom politi\u010dkom skupu da unaprijede me\u0111upartijsku saradnju, razmijene iskustva sa evropskim partnerima i promovi\u0161u reformske i evropske prioritete Crne Gore.<\/p>\n\n\n\n<p>\u201cKao jedina \u010dlanica EPP iz Crne Gore, Bo\u0161nja\u010dka stranka \u0107e i dalje aktivno doprinositi politi\u010dkom dijalogu unutar EPP-a i evropskim procesima koji su od zna\u010daja za gra\u0111ane Crne Gore\u201d, zaklju\u010duje se u saop\u0161tenju.<\/p>\n\n\n\n<p><\/p>","protected":false},"excerpt":{"rendered":"<p>BS,\u00a0Sabina\u00a0Muratovi\u0107\u00a0predsjednica F\u017d BS i\u00a0Ernad\u00a0Suljevi\u0107\u00a0predsjednik OO BS Bijelo Polje, u\u010destvovala je na Politi\u010dkoj skup\u0161tini Evropske narodne partije (EPP) odr\u017eanoj u Evropskom parlamentu u Briselu tokom 8. i 9. decembra, saop\u0161tili su iz Bo\u0161nja\u010dke stranke.<\/p>","protected":false},"author":1,"featured_media":910833,"comment_status":"open","ping_status":"open","sticky":false,"template":"","format":"standard","meta":{"_acf_changed":false,"footnotes":""},"categories":[12],"tags":[2015,2016],"naslovna":[],"class_list":["post-910832","post","type-post","status-publish","format-standard","has-post-thumbnail","hentry","category-politika","tag-bs","tag-politicki-dijalog"],"acf":[],"yoast_head":"<!-- This site is optimized with the Yoast SEO plugin v27.4 - https:\/\/yoast.com\/product\/yoast-seo-wordpress\/ -->\n<title>BS \u0107e i dalje doprinositi politi\u010dkom dijalogu unutar EPP-a - dmcsrb.com<\/title>\n<meta name=\"robots\" content=\"index, follow, max-snippet:-1, max-image-preview:large, max-video-preview:-1\" \/>\n<link rel=\"canonical\" href=\"https:\/\/dmcsrb.com\/en\/politika\/bs-ce-i-dalje-doprinositi-politickom-dijalogu-unutar-epp-a\/\" \/>\n<meta property=\"og:locale\" content=\"en_GB\" \/>\n<meta property=\"og:type\" content=\"article\" \/>\n<meta property=\"og:title\" content=\"BS \u0107e i dalje doprinositi politi\u010dkom dijalogu unutar EPP-a - dmcsrb.com\" \/>\n<meta property=\"og:description\" content=\"BS,\u00a0Sabina\u00a0Muratovi\u0107\u00a0predsjednica F\u017d BS i\u00a0Ernad\u00a0Suljevi\u0107\u00a0predsjednik OO BS Bijelo Polje, u\u010destvovala je na Politi\u010dkoj skup\u0161tini Evropske narodne partije (EPP) odr\u017eanoj u Evropskom parlamentu u Briselu tokom 8. i 9. decembra, saop\u0161tili su iz Bo\u0161nja\u010dke stranke.\" \/>\n<meta property=\"og:url\" content=\"https:\/\/dmcsrb.com\/en\/politika\/bs-ce-i-dalje-doprinositi-politickom-dijalogu-unutar-epp-a\/\" \/>\n<meta property=\"og:site_name\" content=\"dmcsrb.com\" \/>\n<meta property=\"article:published_time\" content=\"2025-12-09T15:49:00+00:00\" \/>\n<meta property=\"og:image\" content=\"https:\/\/dmcsrb.com\/wp-content\/uploads\/2026\/01\/bs.jpg\" \/>\n\t<meta property=\"og:image:width\" content=\"1000\" \/>\n\t<meta property=\"og:image:height\" content=\"555\" \/>\n\t<meta property=\"og:image:type\" content=\"image\/jpeg\" \/>\n<meta name=\"author\" content=\"dmcsrbija.com@gmail.com\" \/>\n<meta name=\"twitter:card\" content=\"summary_large_image\" \/>\n<meta name=\"twitter:label1\" content=\"Written by\" \/>\n\t<meta name=\"twitter:data1\" content=\"dmcsrbija.com@gmail.com\" \/>\n\t<meta name=\"twitter:label2\" content=\"Estimated reading time\" \/>\n\t<meta name=\"twitter:data2\" content=\"1 minute\" \/>\n<script type=\"application\/ld+json\" class=\"yoast-schema-graph\">{\"@context\":\"https:\\\/\\\/schema.org\",\"@graph\":[{\"@type\":\"Article\",\"@id\":\"https:\\\/\\\/dmcsrb.com\\\/politika\\\/bs-ce-i-dalje-doprinositi-politickom-dijalogu-unutar-epp-a\\\/#article\",\"isPartOf\":{\"@id\":\"https:\\\/\\\/dmcsrb.com\\\/politika\\\/bs-ce-i-dalje-doprinositi-politickom-dijalogu-unutar-epp-a\\\/\"},\"author\":{\"name\":\"dmcsrbija.com@gmail.com\",\"@id\":\"https:\\\/\\\/dmcsrb.com\\\/#\\\/schema\\\/person\\\/5c39170f12db1b8b457732d0b5c854e2\"},\"headline\":\"BS \u0107e i dalje doprinositi politi\u010dkom dijalogu unutar EPP-a\",\"datePublished\":\"2025-12-09T15:49:00+00:00\",\"mainEntityOfPage\":{\"@id\":\"https:\\\/\\\/dmcsrb.com\\\/politika\\\/bs-ce-i-dalje-doprinositi-politickom-dijalogu-unutar-epp-a\\\/\"},\"wordCount\":214,\"commentCount\":0,\"image\":{\"@id\":\"https:\\\/\\\/dmcsrb.com\\\/politika\\\/bs-ce-i-dalje-doprinositi-politickom-dijalogu-unutar-epp-a\\\/#primaryimage\"},\"thumbnailUrl\":\"https:\\\/\\\/dmcsrb.com\\\/wp-content\\\/uploads\\\/2026\\\/01\\\/bs.jpg\",\"keywords\":[\"BS\",\"Politi\u010dki dijalog\"],\"articleSection\":[\"Politika\"],\"inLanguage\":\"en-GB\",\"potentialAction\":[{\"@type\":\"CommentAction\",\"name\":\"Comment\",\"target\":[\"https:\\\/\\\/dmcsrb.com\\\/politika\\\/bs-ce-i-dalje-doprinositi-politickom-dijalogu-unutar-epp-a\\\/#respond\"]}]},{\"@type\":\"WebPage\",\"@id\":\"https:\\\/\\\/dmcsrb.com\\\/politika\\\/bs-ce-i-dalje-doprinositi-politickom-dijalogu-unutar-epp-a\\\/\",\"url\":\"https:\\\/\\\/dmcsrb.com\\\/politika\\\/bs-ce-i-dalje-doprinositi-politickom-dijalogu-unutar-epp-a\\\/\",\"name\":\"BS \u0107e i dalje doprinositi politi\u010dkom dijalogu unutar EPP-a - dmcsrb.com\",\"isPartOf\":{\"@id\":\"https:\\\/\\\/dmcsrb.com\\\/#website\"},\"primaryImageOfPage\":{\"@id\":\"https:\\\/\\\/dmcsrb.com\\\/politika\\\/bs-ce-i-dalje-doprinositi-politickom-dijalogu-unutar-epp-a\\\/#primaryimage\"},\"image\":{\"@id\":\"https:\\\/\\\/dmcsrb.com\\\/politika\\\/bs-ce-i-dalje-doprinositi-politickom-dijalogu-unutar-epp-a\\\/#primaryimage\"},\"thumbnailUrl\":\"https:\\\/\\\/dmcsrb.com\\\/wp-content\\\/uploads\\\/2026\\\/01\\\/bs.jpg\",\"datePublished\":\"2025-12-09T15:49:00+00:00\",\"author\":{\"@id\":\"https:\\\/\\\/dmcsrb.com\\\/#\\\/schema\\\/person\\\/5c39170f12db1b8b457732d0b5c854e2\"},\"breadcrumb\":{\"@id\":\"https:\\\/\\\/dmcsrb.com\\\/politika\\\/bs-ce-i-dalje-doprinositi-politickom-dijalogu-unutar-epp-a\\\/#breadcrumb\"},\"inLanguage\":\"en-GB\",\"potentialAction\":[{\"@type\":\"ReadAction\",\"target\":[\"https:\\\/\\\/dmcsrb.com\\\/politika\\\/bs-ce-i-dalje-doprinositi-politickom-dijalogu-unutar-epp-a\\\/\"]}]},{\"@type\":\"ImageObject\",\"inLanguage\":\"en-GB\",\"@id\":\"https:\\\/\\\/dmcsrb.com\\\/politika\\\/bs-ce-i-dalje-doprinositi-politickom-dijalogu-unutar-epp-a\\\/#primaryimage\",\"url\":\"https:\\\/\\\/dmcsrb.com\\\/wp-content\\\/uploads\\\/2026\\\/01\\\/bs.jpg\",\"contentUrl\":\"https:\\\/\\\/dmcsrb.com\\\/wp-content\\\/uploads\\\/2026\\\/01\\\/bs.jpg\",\"width\":1000,\"height\":555},{\"@type\":\"BreadcrumbList\",\"@id\":\"https:\\\/\\\/dmcsrb.com\\\/politika\\\/bs-ce-i-dalje-doprinositi-politickom-dijalogu-unutar-epp-a\\\/#breadcrumb\",\"itemListElement\":[{\"@type\":\"ListItem\",\"position\":1,\"name\":\"Home\",\"item\":\"https:\\\/\\\/dmcsrb.com\\\/\"},{\"@type\":\"ListItem\",\"position\":2,\"name\":\"BS \u0107e i dalje doprinositi politi\u010dkom dijalogu unutar EPP-a\"}]},{\"@type\":\"WebSite\",\"@id\":\"https:\\\/\\\/dmcsrb.com\\\/#website\",\"url\":\"https:\\\/\\\/dmcsrb.com\\\/\",\"name\":\"dmcsrb.com\",\"description\":\"\",\"potentialAction\":[{\"@type\":\"SearchAction\",\"target\":{\"@type\":\"EntryPoint\",\"urlTemplate\":\"https:\\\/\\\/dmcsrb.com\\\/?s={search_term_string}\"},\"query-input\":{\"@type\":\"PropertyValueSpecification\",\"valueRequired\":true,\"valueName\":\"search_term_string\"}}],\"inLanguage\":\"en-GB\"},{\"@type\":\"Person\",\"@id\":\"https:\\\/\\\/dmcsrb.com\\\/#\\\/schema\\\/person\\\/5c39170f12db1b8b457732d0b5c854e2\",\"name\":\"dmcsrbija.com@gmail.com\",\"image\":{\"@type\":\"ImageObject\",\"inLanguage\":\"en-GB\",\"@id\":\"https:\\\/\\\/secure.gravatar.com\\\/avatar\\\/68592660ad6347fad0fb587f8d5d8f1a7b44961362f56e4f2cd524feb87e9069?s=96&d=mm&r=g\",\"url\":\"https:\\\/\\\/secure.gravatar.com\\\/avatar\\\/68592660ad6347fad0fb587f8d5d8f1a7b44961362f56e4f2cd524feb87e9069?s=96&d=mm&r=g\",\"contentUrl\":\"https:\\\/\\\/secure.gravatar.com\\\/avatar\\\/68592660ad6347fad0fb587f8d5d8f1a7b44961362f56e4f2cd524feb87e9069?s=96&d=mm&r=g\",\"caption\":\"dmcsrbija.com@gmail.com\"},\"sameAs\":[\"https:\\\/\\\/dmcsrb.com\"],\"url\":\"https:\\\/\\\/dmcsrb.com\\\/en\\\/author\\\/dmcsrbija-comgmail-com\\\/\"}]}<\/script>\n<!-- \/ Yoast SEO plugin. -->","yoast_head_json":{"title":"BS \u0107e i dalje doprinositi politi\u010dkom dijalogu unutar EPP-a - dmcsrb.com","robots":{"index":"index","follow":"follow","max-snippet":"max-snippet:-1","max-image-preview":"max-image-preview:large","max-video-preview":"max-video-preview:-1"},"canonical":"https:\/\/dmcsrb.com\/en\/politika\/bs-ce-i-dalje-doprinositi-politickom-dijalogu-unutar-epp-a\/","og_locale":"en_GB","og_type":"article","og_title":"BS \u0107e i dalje doprinositi politi\u010dkom dijalogu unutar EPP-a - dmcsrb.com","og_description":"BS,\u00a0Sabina\u00a0Muratovi\u0107\u00a0predsjednica F\u017d BS i\u00a0Ernad\u00a0Suljevi\u0107\u00a0predsjednik OO BS Bijelo Polje, u\u010destvovala je na Politi\u010dkoj skup\u0161tini Evropske narodne partije (EPP) odr\u017eanoj u Evropskom parlamentu u Briselu tokom 8. i 9. decembra, saop\u0161tili su iz Bo\u0161nja\u010dke stranke.","og_url":"https:\/\/dmcsrb.com\/en\/politika\/bs-ce-i-dalje-doprinositi-politickom-dijalogu-unutar-epp-a\/","og_site_name":"dmcsrb.com","article_published_time":"2025-12-09T15:49:00+00:00","og_image":[{"width":1000,"height":555,"url":"https:\/\/dmcsrb.com\/wp-content\/uploads\/2026\/01\/bs.jpg","type":"image\/jpeg"}],"author":"dmcsrbija.com@gmail.com","twitter_card":"summary_large_image","twitter_misc":{"Written by":"dmcsrbija.com@gmail.com","Estimated reading time":"1 minute"},"schema":{"@context":"https:\/\/schema.org","@graph":[{"@type":"Article","@id":"https:\/\/dmcsrb.com\/politika\/bs-ce-i-dalje-doprinositi-politickom-dijalogu-unutar-epp-a\/#article","isPartOf":{"@id":"https:\/\/dmcsrb.com\/politika\/bs-ce-i-dalje-doprinositi-politickom-dijalogu-unutar-epp-a\/"},"author":{"name":"dmcsrbija.com@gmail.com","@id":"https:\/\/dmcsrb.com\/#\/schema\/person\/5c39170f12db1b8b457732d0b5c854e2"},"headline":"BS \u0107e i dalje doprinositi politi\u010dkom dijalogu unutar EPP-a","datePublished":"2025-12-09T15:49:00+00:00","mainEntityOfPage":{"@id":"https:\/\/dmcsrb.com\/politika\/bs-ce-i-dalje-doprinositi-politickom-dijalogu-unutar-epp-a\/"},"wordCount":214,"commentCount":0,"image":{"@id":"https:\/\/dmcsrb.com\/politika\/bs-ce-i-dalje-doprinositi-politickom-dijalogu-unutar-epp-a\/#primaryimage"},"thumbnailUrl":"https:\/\/dmcsrb.com\/wp-content\/uploads\/2026\/01\/bs.jpg","keywords":["BS","Politi\u010dki dijalog"],"articleSection":["Politika"],"inLanguage":"en-GB","potentialAction":[{"@type":"CommentAction","name":"Comment","target":["https:\/\/dmcsrb.com\/politika\/bs-ce-i-dalje-doprinositi-politickom-dijalogu-unutar-epp-a\/#respond"]}]},{"@type":"WebPage","@id":"https:\/\/dmcsrb.com\/politika\/bs-ce-i-dalje-doprinositi-politickom-dijalogu-unutar-epp-a\/","url":"https:\/\/dmcsrb.com\/politika\/bs-ce-i-dalje-doprinositi-politickom-dijalogu-unutar-epp-a\/","name":"BS \u0107e i dalje doprinositi politi\u010dkom dijalogu unutar EPP-a - dmcsrb.com","isPartOf":{"@id":"https:\/\/dmcsrb.com\/#website"},"primaryImageOfPage":{"@id":"https:\/\/dmcsrb.com\/politika\/bs-ce-i-dalje-doprinositi-politickom-dijalogu-unutar-epp-a\/#primaryimage"},"image":{"@id":"https:\/\/dmcsrb.com\/politika\/bs-ce-i-dalje-doprinositi-politickom-dijalogu-unutar-epp-a\/#primaryimage"},"thumbnailUrl":"https:\/\/dmcsrb.com\/wp-content\/uploads\/2026\/01\/bs.jpg","datePublished":"2025-12-09T15:49:00+00:00","author":{"@id":"https:\/\/dmcsrb.com\/#\/schema\/person\/5c39170f12db1b8b457732d0b5c854e2"},"breadcrumb":{"@id":"https:\/\/dmcsrb.com\/politika\/bs-ce-i-dalje-doprinositi-politickom-dijalogu-unutar-epp-a\/#breadcrumb"},"inLanguage":"en-GB","potentialAction":[{"@type":"ReadAction","target":["https:\/\/dmcsrb.com\/politika\/bs-ce-i-dalje-doprinositi-politickom-dijalogu-unutar-epp-a\/"]}]},{"@type":"ImageObject","inLanguage":"en-GB","@id":"https:\/\/dmcsrb.com\/politika\/bs-ce-i-dalje-doprinositi-politickom-dijalogu-unutar-epp-a\/#primaryimage","url":"https:\/\/dmcsrb.com\/wp-content\/uploads\/2026\/01\/bs.jpg","contentUrl":"https:\/\/dmcsrb.com\/wp-content\/uploads\/2026\/01\/bs.jpg","width":1000,"height":555},{"@type":"BreadcrumbList","@id":"https:\/\/dmcsrb.com\/politika\/bs-ce-i-dalje-doprinositi-politickom-dijalogu-unutar-epp-a\/#breadcrumb","itemListElement":[{"@type":"ListItem","position":1,"name":"Home","item":"https:\/\/dmcsrb.com\/"},{"@type":"ListItem","position":2,"name":"BS \u0107e i dalje doprinositi politi\u010dkom dijalogu unutar EPP-a"}]},{"@type":"WebSite","@id":"https:\/\/dmcsrb.com\/#website","url":"https:\/\/dmcsrb.com\/","name":"dmcsrb.com","description":"","potentialAction":[{"@type":"SearchAction","target":{"@type":"EntryPoint","urlTemplate":"https:\/\/dmcsrb.com\/?s={search_term_string}"},"query-input":{"@type":"PropertyValueSpecification","valueRequired":true,"valueName":"search_term_string"}}],"inLanguage":"en-GB"},{"@type":"Person","@id":"https:\/\/dmcsrb.com\/#\/schema\/person\/5c39170f12db1b8b457732d0b5c854e2","name":"dmcsrbija.com@gmail.com","image":{"@type":"ImageObject","inLanguage":"en-GB","@id":"https:\/\/secure.gravatar.com\/avatar\/68592660ad6347fad0fb587f8d5d8f1a7b44961362f56e4f2cd524feb87e9069?s=96&d=mm&r=g","url":"https:\/\/secure.gravatar.com\/avatar\/68592660ad6347fad0fb587f8d5d8f1a7b44961362f56e4f2cd524feb87e9069?s=96&d=mm&r=g","contentUrl":"https:\/\/secure.gravatar.com\/avatar\/68592660ad6347fad0fb587f8d5d8f1a7b44961362f56e4f2cd524feb87e9069?s=96&d=mm&r=g","caption":"dmcsrbija.com@gmail.com"},"sameAs":["https:\/\/dmcsrb.com"],"url":"https:\/\/dmcsrb.com\/en\/author\/dmcsrbija-comgmail-com\/"}]}},"_links":{"self":[{"href":"https:\/\/dmcsrb.com\/en\/wp-json\/wp\/v2\/posts\/910832","targetHints":{"allow":["GET"]}}],"collection":[{"href":"https:\/\/dmcsrb.com\/en\/wp-json\/wp\/v2\/posts"}],"about":[{"href":"https:\/\/dmcsrb.com\/en\/wp-json\/wp\/v2\/types\/post"}],"author":[{"embeddable":true,"href":"https:\/\/dmcsrb.com\/en\/wp-json\/wp\/v2\/users\/1"}],"replies":[{"embeddable":true,"href":"https:\/\/dmcsrb.com\/en\/wp-json\/wp\/v2\/comments?post=910832"}],"version-history":[{"count":0,"href":"https:\/\/dmcsrb.com\/en\/wp-json\/wp\/v2\/posts\/910832\/revisions"}],"wp:featuredmedia":[{"embeddable":true,"href":"https:\/\/dmcsrb.com\/en\/wp-json\/wp\/v2\/media\/910833"}],"wp:attachment":[{"href":"https:\/\/dmcsrb.com\/en\/wp-json\/wp\/v2\/media?parent=910832"}],"wp:term":[{"taxonomy":"category","embeddable":true,"href":"https:\/\/dmcsrb.com\/en\/wp-json\/wp\/v2\/categories?post=910832"},{"taxonomy":"post_tag","embeddable":true,"href":"https:\/\/dmcsrb.com\/en\/wp-json\/wp\/v2\/tags?post=910832"},{"taxonomy":"naslovna","embeddable":true,"href":"https:\/\/dmcsrb.com\/en\/wp-json\/wp\/v2\/naslovna?post=910832"}],"curies":[{"name":"wp","href":"https:\/\/api.w.org\/{rel}","templated":true}]}}