{"id":910728,"date":"2025-12-09T09:58:00","date_gmt":"2025-12-09T08:58:00","guid":{"rendered":"https:\/\/dmcsrb.com\/uncategorized\/obijena-pekara-u-niksicu-lopovi-ponijeli-pazar-i-registar-kasu\/"},"modified":"2025-12-09T09:58:00","modified_gmt":"2025-12-09T08:58:00","slug":"obijena-pekara-u-niksicu-lopovi-ponijeli-pazar-i-registar-kasu","status":"publish","type":"post","link":"https:\/\/dmcsrb.com\/en\/hronika\/obijena-pekara-u-niksicu-lopovi-ponijeli-pazar-i-registar-kasu\/","title":{"rendered":"Obijena pekara u Nik\u0161i\u0107u: Lopovi ponijeli pazar i registar-kasu"},"content":{"rendered":"<p>Kako pi\u0161e RTNK, nepoznati po\u010dionioci su razbili za\u0161titno staklo i iz unutra\u0161njosti otu\u0111ili pazar i registar-kasu.<\/p>\n\n\n\n<p>Policija je objavila uvi\u0111aj.<\/p>\n\n\n\n<p>Pekara se nalazi u zgradi \u201eDesetka\u201c.<\/p>","protected":false},"excerpt":{"rendered":"<p>Tokom no\u0107i u Nik\u0161i\u0107u je obijena Pekara \u201eBo\u017eovi\u0107\u201c.<\/p>","protected":false},"author":1,"featured_media":910729,"comment_status":"open","ping_status":"open","sticky":false,"template":"","format":"standard","meta":{"_acf_changed":false,"footnotes":""},"categories":[17],"tags":[1213,491,1908],"naslovna":[],"class_list":["post-910728","post","type-post","status-publish","format-standard","has-post-thumbnail","hentry","category-hronika","tag-kradja","tag-niksic-4","tag-pekara"],"acf":[],"yoast_head":"<!-- This site is optimized with the Yoast SEO plugin v27.4 - https:\/\/yoast.com\/product\/yoast-seo-wordpress\/ -->\n<title>Obijena pekara u Nik\u0161i\u0107u: Lopovi ponijeli pazar i registar-kasu - dmcsrb.com<\/title>\n<meta name=\"robots\" content=\"index, follow, max-snippet:-1, max-image-preview:large, max-video-preview:-1\" \/>\n<link rel=\"canonical\" href=\"https:\/\/dmcsrb.com\/en\/hronika\/obijena-pekara-u-niksicu-lopovi-ponijeli-pazar-i-registar-kasu\/\" \/>\n<meta property=\"og:locale\" content=\"en_GB\" \/>\n<meta property=\"og:type\" content=\"article\" \/>\n<meta property=\"og:title\" content=\"Obijena pekara u Nik\u0161i\u0107u: Lopovi ponijeli pazar i registar-kasu - dmcsrb.com\" \/>\n<meta property=\"og:description\" content=\"Tokom no\u0107i u Nik\u0161i\u0107u je obijena Pekara \u201eBo\u017eovi\u0107\u201c.\" \/>\n<meta property=\"og:url\" content=\"https:\/\/dmcsrb.com\/en\/hronika\/obijena-pekara-u-niksicu-lopovi-ponijeli-pazar-i-registar-kasu\/\" \/>\n<meta property=\"og:site_name\" content=\"dmcsrb.com\" \/>\n<meta property=\"article:published_time\" content=\"2025-12-09T08:58:00+00:00\" \/>\n<meta property=\"og:image\" content=\"https:\/\/dmcsrb.com\/wp-content\/uploads\/2026\/01\/obijena-pekara-u-NK-foto-RTNK.jpg\" \/>\n\t<meta property=\"og:image:width\" content=\"804\" \/>\n\t<meta property=\"og:image:height\" content=\"547\" \/>\n\t<meta property=\"og:image:type\" content=\"image\/jpeg\" \/>\n<meta name=\"author\" content=\"dmcsrbija.com@gmail.com\" \/>\n<meta name=\"twitter:card\" content=\"summary_large_image\" \/>\n<meta name=\"twitter:label1\" content=\"Written by\" \/>\n\t<meta name=\"twitter:data1\" content=\"dmcsrbija.com@gmail.com\" \/>\n<script type=\"application\/ld+json\" class=\"yoast-schema-graph\">{\"@context\":\"https:\\\/\\\/schema.org\",\"@graph\":[{\"@type\":\"Article\",\"@id\":\"https:\\\/\\\/dmcsrb.com\\\/hronika\\\/obijena-pekara-u-niksicu-lopovi-ponijeli-pazar-i-registar-kasu\\\/#article\",\"isPartOf\":{\"@id\":\"https:\\\/\\\/dmcsrb.com\\\/hronika\\\/obijena-pekara-u-niksicu-lopovi-ponijeli-pazar-i-registar-kasu\\\/\"},\"author\":{\"name\":\"dmcsrbija.com@gmail.com\",\"@id\":\"https:\\\/\\\/dmcsrb.com\\\/#\\\/schema\\\/person\\\/5c39170f12db1b8b457732d0b5c854e2\"},\"headline\":\"Obijena pekara u Nik\u0161i\u0107u: Lopovi ponijeli pazar i registar-kasu\",\"datePublished\":\"2025-12-09T08:58:00+00:00\",\"mainEntityOfPage\":{\"@id\":\"https:\\\/\\\/dmcsrb.com\\\/hronika\\\/obijena-pekara-u-niksicu-lopovi-ponijeli-pazar-i-registar-kasu\\\/\"},\"wordCount\":43,\"commentCount\":0,\"image\":{\"@id\":\"https:\\\/\\\/dmcsrb.com\\\/hronika\\\/obijena-pekara-u-niksicu-lopovi-ponijeli-pazar-i-registar-kasu\\\/#primaryimage\"},\"thumbnailUrl\":\"https:\\\/\\\/dmcsrb.com\\\/wp-content\\\/uploads\\\/2026\\\/01\\\/obijena-pekara-u-NK-foto-RTNK.jpg\",\"keywords\":[\"kra\u0111a\",\"Niksic\",\"pekara\"],\"articleSection\":[\"Hronika\"],\"inLanguage\":\"en-GB\",\"potentialAction\":[{\"@type\":\"CommentAction\",\"name\":\"Comment\",\"target\":[\"https:\\\/\\\/dmcsrb.com\\\/hronika\\\/obijena-pekara-u-niksicu-lopovi-ponijeli-pazar-i-registar-kasu\\\/#respond\"]}]},{\"@type\":\"WebPage\",\"@id\":\"https:\\\/\\\/dmcsrb.com\\\/hronika\\\/obijena-pekara-u-niksicu-lopovi-ponijeli-pazar-i-registar-kasu\\\/\",\"url\":\"https:\\\/\\\/dmcsrb.com\\\/hronika\\\/obijena-pekara-u-niksicu-lopovi-ponijeli-pazar-i-registar-kasu\\\/\",\"name\":\"Obijena pekara u Nik\u0161i\u0107u: Lopovi ponijeli pazar i registar-kasu - dmcsrb.com\",\"isPartOf\":{\"@id\":\"https:\\\/\\\/dmcsrb.com\\\/#website\"},\"primaryImageOfPage\":{\"@id\":\"https:\\\/\\\/dmcsrb.com\\\/hronika\\\/obijena-pekara-u-niksicu-lopovi-ponijeli-pazar-i-registar-kasu\\\/#primaryimage\"},\"image\":{\"@id\":\"https:\\\/\\\/dmcsrb.com\\\/hronika\\\/obijena-pekara-u-niksicu-lopovi-ponijeli-pazar-i-registar-kasu\\\/#primaryimage\"},\"thumbnailUrl\":\"https:\\\/\\\/dmcsrb.com\\\/wp-content\\\/uploads\\\/2026\\\/01\\\/obijena-pekara-u-NK-foto-RTNK.jpg\",\"datePublished\":\"2025-12-09T08:58:00+00:00\",\"author\":{\"@id\":\"https:\\\/\\\/dmcsrb.com\\\/#\\\/schema\\\/person\\\/5c39170f12db1b8b457732d0b5c854e2\"},\"breadcrumb\":{\"@id\":\"https:\\\/\\\/dmcsrb.com\\\/hronika\\\/obijena-pekara-u-niksicu-lopovi-ponijeli-pazar-i-registar-kasu\\\/#breadcrumb\"},\"inLanguage\":\"en-GB\",\"potentialAction\":[{\"@type\":\"ReadAction\",\"target\":[\"https:\\\/\\\/dmcsrb.com\\\/hronika\\\/obijena-pekara-u-niksicu-lopovi-ponijeli-pazar-i-registar-kasu\\\/\"]}]},{\"@type\":\"ImageObject\",\"inLanguage\":\"en-GB\",\"@id\":\"https:\\\/\\\/dmcsrb.com\\\/hronika\\\/obijena-pekara-u-niksicu-lopovi-ponijeli-pazar-i-registar-kasu\\\/#primaryimage\",\"url\":\"https:\\\/\\\/dmcsrb.com\\\/wp-content\\\/uploads\\\/2026\\\/01\\\/obijena-pekara-u-NK-foto-RTNK.jpg\",\"contentUrl\":\"https:\\\/\\\/dmcsrb.com\\\/wp-content\\\/uploads\\\/2026\\\/01\\\/obijena-pekara-u-NK-foto-RTNK.jpg\",\"width\":804,\"height\":547},{\"@type\":\"BreadcrumbList\",\"@id\":\"https:\\\/\\\/dmcsrb.com\\\/hronika\\\/obijena-pekara-u-niksicu-lopovi-ponijeli-pazar-i-registar-kasu\\\/#breadcrumb\",\"itemListElement\":[{\"@type\":\"ListItem\",\"position\":1,\"name\":\"Home\",\"item\":\"https:\\\/\\\/dmcsrb.com\\\/\"},{\"@type\":\"ListItem\",\"position\":2,\"name\":\"Obijena pekara u Nik\u0161i\u0107u: Lopovi ponijeli pazar i registar-kasu\"}]},{\"@type\":\"WebSite\",\"@id\":\"https:\\\/\\\/dmcsrb.com\\\/#website\",\"url\":\"https:\\\/\\\/dmcsrb.com\\\/\",\"name\":\"dmcsrb.com\",\"description\":\"\",\"potentialAction\":[{\"@type\":\"SearchAction\",\"target\":{\"@type\":\"EntryPoint\",\"urlTemplate\":\"https:\\\/\\\/dmcsrb.com\\\/?s={search_term_string}\"},\"query-input\":{\"@type\":\"PropertyValueSpecification\",\"valueRequired\":true,\"valueName\":\"search_term_string\"}}],\"inLanguage\":\"en-GB\"},{\"@type\":\"Person\",\"@id\":\"https:\\\/\\\/dmcsrb.com\\\/#\\\/schema\\\/person\\\/5c39170f12db1b8b457732d0b5c854e2\",\"name\":\"dmcsrbija.com@gmail.com\",\"image\":{\"@type\":\"ImageObject\",\"inLanguage\":\"en-GB\",\"@id\":\"https:\\\/\\\/secure.gravatar.com\\\/avatar\\\/68592660ad6347fad0fb587f8d5d8f1a7b44961362f56e4f2cd524feb87e9069?s=96&d=mm&r=g\",\"url\":\"https:\\\/\\\/secure.gravatar.com\\\/avatar\\\/68592660ad6347fad0fb587f8d5d8f1a7b44961362f56e4f2cd524feb87e9069?s=96&d=mm&r=g\",\"contentUrl\":\"https:\\\/\\\/secure.gravatar.com\\\/avatar\\\/68592660ad6347fad0fb587f8d5d8f1a7b44961362f56e4f2cd524feb87e9069?s=96&d=mm&r=g\",\"caption\":\"dmcsrbija.com@gmail.com\"},\"sameAs\":[\"https:\\\/\\\/dmcsrb.com\"],\"url\":\"https:\\\/\\\/dmcsrb.com\\\/en\\\/author\\\/dmcsrbija-comgmail-com\\\/\"}]}<\/script>\n<!-- \/ Yoast SEO plugin. -->","yoast_head_json":{"title":"Obijena pekara u Nik\u0161i\u0107u: Lopovi ponijeli pazar i registar-kasu - dmcsrb.com","robots":{"index":"index","follow":"follow","max-snippet":"max-snippet:-1","max-image-preview":"max-image-preview:large","max-video-preview":"max-video-preview:-1"},"canonical":"https:\/\/dmcsrb.com\/en\/hronika\/obijena-pekara-u-niksicu-lopovi-ponijeli-pazar-i-registar-kasu\/","og_locale":"en_GB","og_type":"article","og_title":"Obijena pekara u Nik\u0161i\u0107u: Lopovi ponijeli pazar i registar-kasu - dmcsrb.com","og_description":"Tokom no\u0107i u Nik\u0161i\u0107u je obijena Pekara \u201eBo\u017eovi\u0107\u201c.","og_url":"https:\/\/dmcsrb.com\/en\/hronika\/obijena-pekara-u-niksicu-lopovi-ponijeli-pazar-i-registar-kasu\/","og_site_name":"dmcsrb.com","article_published_time":"2025-12-09T08:58:00+00:00","og_image":[{"width":804,"height":547,"url":"https:\/\/dmcsrb.com\/wp-content\/uploads\/2026\/01\/obijena-pekara-u-NK-foto-RTNK.jpg","type":"image\/jpeg"}],"author":"dmcsrbija.com@gmail.com","twitter_card":"summary_large_image","twitter_misc":{"Written by":"dmcsrbija.com@gmail.com"},"schema":{"@context":"https:\/\/schema.org","@graph":[{"@type":"Article","@id":"https:\/\/dmcsrb.com\/hronika\/obijena-pekara-u-niksicu-lopovi-ponijeli-pazar-i-registar-kasu\/#article","isPartOf":{"@id":"https:\/\/dmcsrb.com\/hronika\/obijena-pekara-u-niksicu-lopovi-ponijeli-pazar-i-registar-kasu\/"},"author":{"name":"dmcsrbija.com@gmail.com","@id":"https:\/\/dmcsrb.com\/#\/schema\/person\/5c39170f12db1b8b457732d0b5c854e2"},"headline":"Obijena pekara u Nik\u0161i\u0107u: Lopovi ponijeli pazar i registar-kasu","datePublished":"2025-12-09T08:58:00+00:00","mainEntityOfPage":{"@id":"https:\/\/dmcsrb.com\/hronika\/obijena-pekara-u-niksicu-lopovi-ponijeli-pazar-i-registar-kasu\/"},"wordCount":43,"commentCount":0,"image":{"@id":"https:\/\/dmcsrb.com\/hronika\/obijena-pekara-u-niksicu-lopovi-ponijeli-pazar-i-registar-kasu\/#primaryimage"},"thumbnailUrl":"https:\/\/dmcsrb.com\/wp-content\/uploads\/2026\/01\/obijena-pekara-u-NK-foto-RTNK.jpg","keywords":["kra\u0111a","Niksic","pekara"],"articleSection":["Hronika"],"inLanguage":"en-GB","potentialAction":[{"@type":"CommentAction","name":"Comment","target":["https:\/\/dmcsrb.com\/hronika\/obijena-pekara-u-niksicu-lopovi-ponijeli-pazar-i-registar-kasu\/#respond"]}]},{"@type":"WebPage","@id":"https:\/\/dmcsrb.com\/hronika\/obijena-pekara-u-niksicu-lopovi-ponijeli-pazar-i-registar-kasu\/","url":"https:\/\/dmcsrb.com\/hronika\/obijena-pekara-u-niksicu-lopovi-ponijeli-pazar-i-registar-kasu\/","name":"Obijena pekara u Nik\u0161i\u0107u: Lopovi ponijeli pazar i registar-kasu - dmcsrb.com","isPartOf":{"@id":"https:\/\/dmcsrb.com\/#website"},"primaryImageOfPage":{"@id":"https:\/\/dmcsrb.com\/hronika\/obijena-pekara-u-niksicu-lopovi-ponijeli-pazar-i-registar-kasu\/#primaryimage"},"image":{"@id":"https:\/\/dmcsrb.com\/hronika\/obijena-pekara-u-niksicu-lopovi-ponijeli-pazar-i-registar-kasu\/#primaryimage"},"thumbnailUrl":"https:\/\/dmcsrb.com\/wp-content\/uploads\/2026\/01\/obijena-pekara-u-NK-foto-RTNK.jpg","datePublished":"2025-12-09T08:58:00+00:00","author":{"@id":"https:\/\/dmcsrb.com\/#\/schema\/person\/5c39170f12db1b8b457732d0b5c854e2"},"breadcrumb":{"@id":"https:\/\/dmcsrb.com\/hronika\/obijena-pekara-u-niksicu-lopovi-ponijeli-pazar-i-registar-kasu\/#breadcrumb"},"inLanguage":"en-GB","potentialAction":[{"@type":"ReadAction","target":["https:\/\/dmcsrb.com\/hronika\/obijena-pekara-u-niksicu-lopovi-ponijeli-pazar-i-registar-kasu\/"]}]},{"@type":"ImageObject","inLanguage":"en-GB","@id":"https:\/\/dmcsrb.com\/hronika\/obijena-pekara-u-niksicu-lopovi-ponijeli-pazar-i-registar-kasu\/#primaryimage","url":"https:\/\/dmcsrb.com\/wp-content\/uploads\/2026\/01\/obijena-pekara-u-NK-foto-RTNK.jpg","contentUrl":"https:\/\/dmcsrb.com\/wp-content\/uploads\/2026\/01\/obijena-pekara-u-NK-foto-RTNK.jpg","width":804,"height":547},{"@type":"BreadcrumbList","@id":"https:\/\/dmcsrb.com\/hronika\/obijena-pekara-u-niksicu-lopovi-ponijeli-pazar-i-registar-kasu\/#breadcrumb","itemListElement":[{"@type":"ListItem","position":1,"name":"Home","item":"https:\/\/dmcsrb.com\/"},{"@type":"ListItem","position":2,"name":"Obijena pekara u Nik\u0161i\u0107u: Lopovi ponijeli pazar i registar-kasu"}]},{"@type":"WebSite","@id":"https:\/\/dmcsrb.com\/#website","url":"https:\/\/dmcsrb.com\/","name":"dmcsrb.com","description":"","potentialAction":[{"@type":"SearchAction","target":{"@type":"EntryPoint","urlTemplate":"https:\/\/dmcsrb.com\/?s={search_term_string}"},"query-input":{"@type":"PropertyValueSpecification","valueRequired":true,"valueName":"search_term_string"}}],"inLanguage":"en-GB"},{"@type":"Person","@id":"https:\/\/dmcsrb.com\/#\/schema\/person\/5c39170f12db1b8b457732d0b5c854e2","name":"dmcsrbija.com@gmail.com","image":{"@type":"ImageObject","inLanguage":"en-GB","@id":"https:\/\/secure.gravatar.com\/avatar\/68592660ad6347fad0fb587f8d5d8f1a7b44961362f56e4f2cd524feb87e9069?s=96&d=mm&r=g","url":"https:\/\/secure.gravatar.com\/avatar\/68592660ad6347fad0fb587f8d5d8f1a7b44961362f56e4f2cd524feb87e9069?s=96&d=mm&r=g","contentUrl":"https:\/\/secure.gravatar.com\/avatar\/68592660ad6347fad0fb587f8d5d8f1a7b44961362f56e4f2cd524feb87e9069?s=96&d=mm&r=g","caption":"dmcsrbija.com@gmail.com"},"sameAs":["https:\/\/dmcsrb.com"],"url":"https:\/\/dmcsrb.com\/en\/author\/dmcsrbija-comgmail-com\/"}]}},"_links":{"self":[{"href":"https:\/\/dmcsrb.com\/en\/wp-json\/wp\/v2\/posts\/910728","targetHints":{"allow":["GET"]}}],"collection":[{"href":"https:\/\/dmcsrb.com\/en\/wp-json\/wp\/v2\/posts"}],"about":[{"href":"https:\/\/dmcsrb.com\/en\/wp-json\/wp\/v2\/types\/post"}],"author":[{"embeddable":true,"href":"https:\/\/dmcsrb.com\/en\/wp-json\/wp\/v2\/users\/1"}],"replies":[{"embeddable":true,"href":"https:\/\/dmcsrb.com\/en\/wp-json\/wp\/v2\/comments?post=910728"}],"version-history":[{"count":0,"href":"https:\/\/dmcsrb.com\/en\/wp-json\/wp\/v2\/posts\/910728\/revisions"}],"wp:featuredmedia":[{"embeddable":true,"href":"https:\/\/dmcsrb.com\/en\/wp-json\/wp\/v2\/media\/910729"}],"wp:attachment":[{"href":"https:\/\/dmcsrb.com\/en\/wp-json\/wp\/v2\/media?parent=910728"}],"wp:term":[{"taxonomy":"category","embeddable":true,"href":"https:\/\/dmcsrb.com\/en\/wp-json\/wp\/v2\/categories?post=910728"},{"taxonomy":"post_tag","embeddable":true,"href":"https:\/\/dmcsrb.com\/en\/wp-json\/wp\/v2\/tags?post=910728"},{"taxonomy":"naslovna","embeddable":true,"href":"https:\/\/dmcsrb.com\/en\/wp-json\/wp\/v2\/naslovna?post=910728"}],"curies":[{"name":"wp","href":"https:\/\/api.w.org\/{rel}","templated":true}]}}