{"id":910713,"date":"2025-12-09T09:12:54","date_gmt":"2025-12-09T08:12:54","guid":{"rendered":"https:\/\/dmcsrb.com\/uncategorized\/becic-kalkavan-imao-konstruktivna-rjesenja-za-mnoge-izazove-saradnja-dvije-zemlje-ojacana\/"},"modified":"2025-12-09T09:12:54","modified_gmt":"2025-12-09T08:12:54","slug":"becic-kalkavan-imao-konstruktivna-rjesenja-za-mnoge-izazove-saradnja-dvije-zemlje-ojacana","status":"publish","type":"post","link":"https:\/\/dmcsrb.com\/en\/politika\/becic-kalkavan-imao-konstruktivna-rjesenja-za-mnoge-izazove-saradnja-dvije-zemlje-ojacana\/","title":{"rendered":"Be\u010di\u0107: Kalkavan imao konstruktivna rje\u0161enja za mnoge izazove, saradnja dvije zemlje oja\u010dana"},"content":{"rendered":"<p><\/p>\n\n\n\n<p><\/p>\n\n\n\n<p><\/p>\n\n\n\n<p>Kako navode u saop\u0161tenju Be\u010di\u0107 je naglasio da je ambasador Kalkavan posve\u0107eno radio i imao konstrutktivan pristup rje\u0161avanju problema i izazova, produbljivanju saradnje i ja\u010danju povjerenja izme\u0111u dvije zemlje.<\/p>\n\n\n\n<p>Be\u010di\u0107 je podsjetio na Priznanje za doprinos miru, nacionalnoj i vjerskoj toleranciji, koje je 2021. godine dobio u Istanbulu, ocjenjuju\u0107i ga kao poseban pe\u010dat svog profesionalnog anga\u017emana.<\/p>\n\n\n\n<p>&#8220;Nastavi\u0107u da se borim protiv svakog oblika generalizacije. Generalizacija uvijek vodi u primitivizam. Zato nadle\u017ene institucije ne interesuje kako se neko zove i koje je pripadnosti. U svim nacionalnim i vjerskim pripadnostima koje imamo u na\u0161oj zemlji, i kada govorimo o doma\u0107im i stranim dr\u017eavljanima, na\u0107i \u0107ete i one koji su veoma lojalni i odgovorni \u010dlanovi zajednice, ali i one sklone bezakonju i krivi\u010dnim djelima. Zato je va\u017eno samo po\u0161tovanje zakona i vrijednosti koje \u010dine temelj na\u0161eg dru\u0161tva. \u010covjek je \u010dovjek, a kriminalac je kriminalac. To je princip zbog kojeg sam i u\u0161ao u politiku i na kojem \u0107u uvijek istrajavati. To je jedina podjela koju priznajem. Izazovi uvijek u \u017eivotu postoje, ali gdje je prijatelja i volje, uvijek putevi rje\u0161enja, razumijevanja i stabilnosti budu izbor i pravac,\u201c istakao je Be\u010di\u0107.<\/p>\n\n\n\n<p>Ambasador Kalkavan je zahvalio na kontinuiranoj i kvalitetnoj saradnji, isti\u010du\u0107i da doprinos u oblastima koje pokriva Be\u010di\u0107 kao potpredsjednik Vlade, bio je od izuzetnog zna\u010daja tokom njegovog boravka u Crnoj Gori.<\/p>\n\n\n\n<p>Ukazao je i na potrebu borbe protiv dezinformacija i medijskog senzacionalizma, istakav\u0161i da je institucionalni odgovor najbolji na\u010din da se sprije\u010de manipulacije i nepotrebne tenzije.<\/p>\n\n\n\n<p>&#8220;U protekle tri godine, Turske investicije u Crnoj Gori dostigle su 300 miliona eura, \u0161to je mnogo vi\u0161e u odnosu na sve druge zemlje Zapadnog Balkana\u201d, istakao je Kalkavan.<\/p>","protected":false},"excerpt":{"rendered":"<p>Zamjenik premijera Crne Gore Aleksa Be\u010di\u0107, primio je danas u opro\u0161tajnu posjetu ambasadora Republike Turske u Crnoj Gori Bari\u0161a Kalkavana. U srda\u010dnom razgovoru, Be\u010di\u0107 se zahvalio ambasadoru na izuzetnom doprinosu koji je dao kvalitetnoj saradnji na mnogim poljima dvije prijateljske dr\u017eave tokom svog mandata u Crnoj Gori.<\/p>","protected":false},"author":1,"featured_media":910714,"comment_status":"open","ping_status":"open","sticky":false,"template":"","format":"standard","meta":{"_acf_changed":false,"footnotes":""},"categories":[12],"tags":[1888,1889],"naslovna":[],"class_list":["post-910713","post","type-post","status-publish","format-standard","has-post-thumbnail","hentry","category-politika","tag-becic","tag-politika"],"acf":[],"yoast_head":"<!-- This site is optimized with the Yoast SEO plugin v27.4 - https:\/\/yoast.com\/product\/yoast-seo-wordpress\/ -->\n<title>Be\u010di\u0107: Kalkavan imao konstruktivna rje\u0161enja za mnoge izazove, saradnja dvije zemlje oja\u010dana - dmcsrb.com<\/title>\n<meta name=\"robots\" content=\"index, follow, max-snippet:-1, max-image-preview:large, max-video-preview:-1\" \/>\n<link rel=\"canonical\" href=\"https:\/\/dmcsrb.com\/en\/politika\/becic-kalkavan-imao-konstruktivna-rjesenja-za-mnoge-izazove-saradnja-dvije-zemlje-ojacana\/\" \/>\n<meta property=\"og:locale\" content=\"en_GB\" \/>\n<meta property=\"og:type\" content=\"article\" \/>\n<meta property=\"og:title\" content=\"Be\u010di\u0107: Kalkavan imao konstruktivna rje\u0161enja za mnoge izazove, saradnja dvije zemlje oja\u010dana - dmcsrb.com\" \/>\n<meta property=\"og:description\" content=\"Zamjenik premijera Crne Gore Aleksa Be\u010di\u0107, primio je danas u opro\u0161tajnu posjetu ambasadora Republike Turske u Crnoj Gori Bari\u0161a Kalkavana. U srda\u010dnom razgovoru, Be\u010di\u0107 se zahvalio ambasadoru na izuzetnom doprinosu koji je dao kvalitetnoj saradnji na mnogim poljima dvije prijateljske dr\u017eave tokom svog mandata u Crnoj Gori.\" \/>\n<meta property=\"og:url\" content=\"https:\/\/dmcsrb.com\/en\/politika\/becic-kalkavan-imao-konstruktivna-rjesenja-za-mnoge-izazove-saradnja-dvije-zemlje-ojacana\/\" \/>\n<meta property=\"og:site_name\" content=\"dmcsrb.com\" \/>\n<meta property=\"article:published_time\" content=\"2025-12-09T08:12:54+00:00\" \/>\n<meta property=\"og:image\" content=\"https:\/\/dmcsrb.com\/wp-content\/uploads\/2026\/01\/54970999709_91430ef2e8_o_597x900.jpg\" \/>\n\t<meta property=\"og:image:width\" content=\"899\" \/>\n\t<meta property=\"og:image:height\" content=\"597\" \/>\n\t<meta property=\"og:image:type\" content=\"image\/jpeg\" \/>\n<meta name=\"author\" content=\"dmcsrbija.com@gmail.com\" \/>\n<meta name=\"twitter:card\" content=\"summary_large_image\" \/>\n<meta name=\"twitter:label1\" content=\"Written by\" \/>\n\t<meta name=\"twitter:data1\" content=\"dmcsrbija.com@gmail.com\" \/>\n\t<meta name=\"twitter:label2\" content=\"Estimated reading time\" \/>\n\t<meta name=\"twitter:data2\" content=\"2 minutes\" \/>\n<script type=\"application\/ld+json\" class=\"yoast-schema-graph\">{\"@context\":\"https:\\\/\\\/schema.org\",\"@graph\":[{\"@type\":\"Article\",\"@id\":\"https:\\\/\\\/dmcsrb.com\\\/politika\\\/becic-kalkavan-imao-konstruktivna-rjesenja-za-mnoge-izazove-saradnja-dvije-zemlje-ojacana\\\/#article\",\"isPartOf\":{\"@id\":\"https:\\\/\\\/dmcsrb.com\\\/politika\\\/becic-kalkavan-imao-konstruktivna-rjesenja-za-mnoge-izazove-saradnja-dvije-zemlje-ojacana\\\/\"},\"author\":{\"name\":\"dmcsrbija.com@gmail.com\",\"@id\":\"https:\\\/\\\/dmcsrb.com\\\/#\\\/schema\\\/person\\\/5c39170f12db1b8b457732d0b5c854e2\"},\"headline\":\"Be\u010di\u0107: Kalkavan imao konstruktivna rje\u0161enja za mnoge izazove, saradnja dvije zemlje oja\u010dana\",\"datePublished\":\"2025-12-09T08:12:54+00:00\",\"mainEntityOfPage\":{\"@id\":\"https:\\\/\\\/dmcsrb.com\\\/politika\\\/becic-kalkavan-imao-konstruktivna-rjesenja-za-mnoge-izazove-saradnja-dvije-zemlje-ojacana\\\/\"},\"wordCount\":317,\"commentCount\":0,\"image\":{\"@id\":\"https:\\\/\\\/dmcsrb.com\\\/politika\\\/becic-kalkavan-imao-konstruktivna-rjesenja-za-mnoge-izazove-saradnja-dvije-zemlje-ojacana\\\/#primaryimage\"},\"thumbnailUrl\":\"https:\\\/\\\/dmcsrb.com\\\/wp-content\\\/uploads\\\/2026\\\/01\\\/54970999709_91430ef2e8_o_597x900.jpg\",\"keywords\":[\"Be\u010di\u0107\",\"politika\"],\"articleSection\":[\"Politika\"],\"inLanguage\":\"en-GB\",\"potentialAction\":[{\"@type\":\"CommentAction\",\"name\":\"Comment\",\"target\":[\"https:\\\/\\\/dmcsrb.com\\\/politika\\\/becic-kalkavan-imao-konstruktivna-rjesenja-za-mnoge-izazove-saradnja-dvije-zemlje-ojacana\\\/#respond\"]}]},{\"@type\":\"WebPage\",\"@id\":\"https:\\\/\\\/dmcsrb.com\\\/politika\\\/becic-kalkavan-imao-konstruktivna-rjesenja-za-mnoge-izazove-saradnja-dvije-zemlje-ojacana\\\/\",\"url\":\"https:\\\/\\\/dmcsrb.com\\\/politika\\\/becic-kalkavan-imao-konstruktivna-rjesenja-za-mnoge-izazove-saradnja-dvije-zemlje-ojacana\\\/\",\"name\":\"Be\u010di\u0107: Kalkavan imao konstruktivna rje\u0161enja za mnoge izazove, saradnja dvije zemlje oja\u010dana - dmcsrb.com\",\"isPartOf\":{\"@id\":\"https:\\\/\\\/dmcsrb.com\\\/#website\"},\"primaryImageOfPage\":{\"@id\":\"https:\\\/\\\/dmcsrb.com\\\/politika\\\/becic-kalkavan-imao-konstruktivna-rjesenja-za-mnoge-izazove-saradnja-dvije-zemlje-ojacana\\\/#primaryimage\"},\"image\":{\"@id\":\"https:\\\/\\\/dmcsrb.com\\\/politika\\\/becic-kalkavan-imao-konstruktivna-rjesenja-za-mnoge-izazove-saradnja-dvije-zemlje-ojacana\\\/#primaryimage\"},\"thumbnailUrl\":\"https:\\\/\\\/dmcsrb.com\\\/wp-content\\\/uploads\\\/2026\\\/01\\\/54970999709_91430ef2e8_o_597x900.jpg\",\"datePublished\":\"2025-12-09T08:12:54+00:00\",\"author\":{\"@id\":\"https:\\\/\\\/dmcsrb.com\\\/#\\\/schema\\\/person\\\/5c39170f12db1b8b457732d0b5c854e2\"},\"breadcrumb\":{\"@id\":\"https:\\\/\\\/dmcsrb.com\\\/politika\\\/becic-kalkavan-imao-konstruktivna-rjesenja-za-mnoge-izazove-saradnja-dvije-zemlje-ojacana\\\/#breadcrumb\"},\"inLanguage\":\"en-GB\",\"potentialAction\":[{\"@type\":\"ReadAction\",\"target\":[\"https:\\\/\\\/dmcsrb.com\\\/politika\\\/becic-kalkavan-imao-konstruktivna-rjesenja-za-mnoge-izazove-saradnja-dvije-zemlje-ojacana\\\/\"]}]},{\"@type\":\"ImageObject\",\"inLanguage\":\"en-GB\",\"@id\":\"https:\\\/\\\/dmcsrb.com\\\/politika\\\/becic-kalkavan-imao-konstruktivna-rjesenja-za-mnoge-izazove-saradnja-dvije-zemlje-ojacana\\\/#primaryimage\",\"url\":\"https:\\\/\\\/dmcsrb.com\\\/wp-content\\\/uploads\\\/2026\\\/01\\\/54970999709_91430ef2e8_o_597x900.jpg\",\"contentUrl\":\"https:\\\/\\\/dmcsrb.com\\\/wp-content\\\/uploads\\\/2026\\\/01\\\/54970999709_91430ef2e8_o_597x900.jpg\",\"width\":899,\"height\":597},{\"@type\":\"BreadcrumbList\",\"@id\":\"https:\\\/\\\/dmcsrb.com\\\/politika\\\/becic-kalkavan-imao-konstruktivna-rjesenja-za-mnoge-izazove-saradnja-dvije-zemlje-ojacana\\\/#breadcrumb\",\"itemListElement\":[{\"@type\":\"ListItem\",\"position\":1,\"name\":\"Home\",\"item\":\"https:\\\/\\\/dmcsrb.com\\\/\"},{\"@type\":\"ListItem\",\"position\":2,\"name\":\"Be\u010di\u0107: Kalkavan imao konstruktivna rje\u0161enja za mnoge izazove, saradnja dvije zemlje oja\u010dana\"}]},{\"@type\":\"WebSite\",\"@id\":\"https:\\\/\\\/dmcsrb.com\\\/#website\",\"url\":\"https:\\\/\\\/dmcsrb.com\\\/\",\"name\":\"dmcsrb.com\",\"description\":\"\",\"potentialAction\":[{\"@type\":\"SearchAction\",\"target\":{\"@type\":\"EntryPoint\",\"urlTemplate\":\"https:\\\/\\\/dmcsrb.com\\\/?s={search_term_string}\"},\"query-input\":{\"@type\":\"PropertyValueSpecification\",\"valueRequired\":true,\"valueName\":\"search_term_string\"}}],\"inLanguage\":\"en-GB\"},{\"@type\":\"Person\",\"@id\":\"https:\\\/\\\/dmcsrb.com\\\/#\\\/schema\\\/person\\\/5c39170f12db1b8b457732d0b5c854e2\",\"name\":\"dmcsrbija.com@gmail.com\",\"image\":{\"@type\":\"ImageObject\",\"inLanguage\":\"en-GB\",\"@id\":\"https:\\\/\\\/secure.gravatar.com\\\/avatar\\\/68592660ad6347fad0fb587f8d5d8f1a7b44961362f56e4f2cd524feb87e9069?s=96&d=mm&r=g\",\"url\":\"https:\\\/\\\/secure.gravatar.com\\\/avatar\\\/68592660ad6347fad0fb587f8d5d8f1a7b44961362f56e4f2cd524feb87e9069?s=96&d=mm&r=g\",\"contentUrl\":\"https:\\\/\\\/secure.gravatar.com\\\/avatar\\\/68592660ad6347fad0fb587f8d5d8f1a7b44961362f56e4f2cd524feb87e9069?s=96&d=mm&r=g\",\"caption\":\"dmcsrbija.com@gmail.com\"},\"sameAs\":[\"https:\\\/\\\/dmcsrb.com\"],\"url\":\"https:\\\/\\\/dmcsrb.com\\\/en\\\/author\\\/dmcsrbija-comgmail-com\\\/\"}]}<\/script>\n<!-- \/ Yoast SEO plugin. -->","yoast_head_json":{"title":"Be\u010di\u0107: Kalkavan imao konstruktivna rje\u0161enja za mnoge izazove, saradnja dvije zemlje oja\u010dana - dmcsrb.com","robots":{"index":"index","follow":"follow","max-snippet":"max-snippet:-1","max-image-preview":"max-image-preview:large","max-video-preview":"max-video-preview:-1"},"canonical":"https:\/\/dmcsrb.com\/en\/politika\/becic-kalkavan-imao-konstruktivna-rjesenja-za-mnoge-izazove-saradnja-dvije-zemlje-ojacana\/","og_locale":"en_GB","og_type":"article","og_title":"Be\u010di\u0107: Kalkavan imao konstruktivna rje\u0161enja za mnoge izazove, saradnja dvije zemlje oja\u010dana - dmcsrb.com","og_description":"Zamjenik premijera Crne Gore Aleksa Be\u010di\u0107, primio je danas u opro\u0161tajnu posjetu ambasadora Republike Turske u Crnoj Gori Bari\u0161a Kalkavana. U srda\u010dnom razgovoru, Be\u010di\u0107 se zahvalio ambasadoru na izuzetnom doprinosu koji je dao kvalitetnoj saradnji na mnogim poljima dvije prijateljske dr\u017eave tokom svog mandata u Crnoj Gori.","og_url":"https:\/\/dmcsrb.com\/en\/politika\/becic-kalkavan-imao-konstruktivna-rjesenja-za-mnoge-izazove-saradnja-dvije-zemlje-ojacana\/","og_site_name":"dmcsrb.com","article_published_time":"2025-12-09T08:12:54+00:00","og_image":[{"width":899,"height":597,"url":"https:\/\/dmcsrb.com\/wp-content\/uploads\/2026\/01\/54970999709_91430ef2e8_o_597x900.jpg","type":"image\/jpeg"}],"author":"dmcsrbija.com@gmail.com","twitter_card":"summary_large_image","twitter_misc":{"Written by":"dmcsrbija.com@gmail.com","Estimated reading time":"2 minutes"},"schema":{"@context":"https:\/\/schema.org","@graph":[{"@type":"Article","@id":"https:\/\/dmcsrb.com\/politika\/becic-kalkavan-imao-konstruktivna-rjesenja-za-mnoge-izazove-saradnja-dvije-zemlje-ojacana\/#article","isPartOf":{"@id":"https:\/\/dmcsrb.com\/politika\/becic-kalkavan-imao-konstruktivna-rjesenja-za-mnoge-izazove-saradnja-dvije-zemlje-ojacana\/"},"author":{"name":"dmcsrbija.com@gmail.com","@id":"https:\/\/dmcsrb.com\/#\/schema\/person\/5c39170f12db1b8b457732d0b5c854e2"},"headline":"Be\u010di\u0107: Kalkavan imao konstruktivna rje\u0161enja za mnoge izazove, saradnja dvije zemlje oja\u010dana","datePublished":"2025-12-09T08:12:54+00:00","mainEntityOfPage":{"@id":"https:\/\/dmcsrb.com\/politika\/becic-kalkavan-imao-konstruktivna-rjesenja-za-mnoge-izazove-saradnja-dvije-zemlje-ojacana\/"},"wordCount":317,"commentCount":0,"image":{"@id":"https:\/\/dmcsrb.com\/politika\/becic-kalkavan-imao-konstruktivna-rjesenja-za-mnoge-izazove-saradnja-dvije-zemlje-ojacana\/#primaryimage"},"thumbnailUrl":"https:\/\/dmcsrb.com\/wp-content\/uploads\/2026\/01\/54970999709_91430ef2e8_o_597x900.jpg","keywords":["Be\u010di\u0107","politika"],"articleSection":["Politika"],"inLanguage":"en-GB","potentialAction":[{"@type":"CommentAction","name":"Comment","target":["https:\/\/dmcsrb.com\/politika\/becic-kalkavan-imao-konstruktivna-rjesenja-za-mnoge-izazove-saradnja-dvije-zemlje-ojacana\/#respond"]}]},{"@type":"WebPage","@id":"https:\/\/dmcsrb.com\/politika\/becic-kalkavan-imao-konstruktivna-rjesenja-za-mnoge-izazove-saradnja-dvije-zemlje-ojacana\/","url":"https:\/\/dmcsrb.com\/politika\/becic-kalkavan-imao-konstruktivna-rjesenja-za-mnoge-izazove-saradnja-dvije-zemlje-ojacana\/","name":"Be\u010di\u0107: Kalkavan imao konstruktivna rje\u0161enja za mnoge izazove, saradnja dvije zemlje oja\u010dana - dmcsrb.com","isPartOf":{"@id":"https:\/\/dmcsrb.com\/#website"},"primaryImageOfPage":{"@id":"https:\/\/dmcsrb.com\/politika\/becic-kalkavan-imao-konstruktivna-rjesenja-za-mnoge-izazove-saradnja-dvije-zemlje-ojacana\/#primaryimage"},"image":{"@id":"https:\/\/dmcsrb.com\/politika\/becic-kalkavan-imao-konstruktivna-rjesenja-za-mnoge-izazove-saradnja-dvije-zemlje-ojacana\/#primaryimage"},"thumbnailUrl":"https:\/\/dmcsrb.com\/wp-content\/uploads\/2026\/01\/54970999709_91430ef2e8_o_597x900.jpg","datePublished":"2025-12-09T08:12:54+00:00","author":{"@id":"https:\/\/dmcsrb.com\/#\/schema\/person\/5c39170f12db1b8b457732d0b5c854e2"},"breadcrumb":{"@id":"https:\/\/dmcsrb.com\/politika\/becic-kalkavan-imao-konstruktivna-rjesenja-za-mnoge-izazove-saradnja-dvije-zemlje-ojacana\/#breadcrumb"},"inLanguage":"en-GB","potentialAction":[{"@type":"ReadAction","target":["https:\/\/dmcsrb.com\/politika\/becic-kalkavan-imao-konstruktivna-rjesenja-za-mnoge-izazove-saradnja-dvije-zemlje-ojacana\/"]}]},{"@type":"ImageObject","inLanguage":"en-GB","@id":"https:\/\/dmcsrb.com\/politika\/becic-kalkavan-imao-konstruktivna-rjesenja-za-mnoge-izazove-saradnja-dvije-zemlje-ojacana\/#primaryimage","url":"https:\/\/dmcsrb.com\/wp-content\/uploads\/2026\/01\/54970999709_91430ef2e8_o_597x900.jpg","contentUrl":"https:\/\/dmcsrb.com\/wp-content\/uploads\/2026\/01\/54970999709_91430ef2e8_o_597x900.jpg","width":899,"height":597},{"@type":"BreadcrumbList","@id":"https:\/\/dmcsrb.com\/politika\/becic-kalkavan-imao-konstruktivna-rjesenja-za-mnoge-izazove-saradnja-dvije-zemlje-ojacana\/#breadcrumb","itemListElement":[{"@type":"ListItem","position":1,"name":"Home","item":"https:\/\/dmcsrb.com\/"},{"@type":"ListItem","position":2,"name":"Be\u010di\u0107: Kalkavan imao konstruktivna rje\u0161enja za mnoge izazove, saradnja dvije zemlje oja\u010dana"}]},{"@type":"WebSite","@id":"https:\/\/dmcsrb.com\/#website","url":"https:\/\/dmcsrb.com\/","name":"dmcsrb.com","description":"","potentialAction":[{"@type":"SearchAction","target":{"@type":"EntryPoint","urlTemplate":"https:\/\/dmcsrb.com\/?s={search_term_string}"},"query-input":{"@type":"PropertyValueSpecification","valueRequired":true,"valueName":"search_term_string"}}],"inLanguage":"en-GB"},{"@type":"Person","@id":"https:\/\/dmcsrb.com\/#\/schema\/person\/5c39170f12db1b8b457732d0b5c854e2","name":"dmcsrbija.com@gmail.com","image":{"@type":"ImageObject","inLanguage":"en-GB","@id":"https:\/\/secure.gravatar.com\/avatar\/68592660ad6347fad0fb587f8d5d8f1a7b44961362f56e4f2cd524feb87e9069?s=96&d=mm&r=g","url":"https:\/\/secure.gravatar.com\/avatar\/68592660ad6347fad0fb587f8d5d8f1a7b44961362f56e4f2cd524feb87e9069?s=96&d=mm&r=g","contentUrl":"https:\/\/secure.gravatar.com\/avatar\/68592660ad6347fad0fb587f8d5d8f1a7b44961362f56e4f2cd524feb87e9069?s=96&d=mm&r=g","caption":"dmcsrbija.com@gmail.com"},"sameAs":["https:\/\/dmcsrb.com"],"url":"https:\/\/dmcsrb.com\/en\/author\/dmcsrbija-comgmail-com\/"}]}},"_links":{"self":[{"href":"https:\/\/dmcsrb.com\/en\/wp-json\/wp\/v2\/posts\/910713","targetHints":{"allow":["GET"]}}],"collection":[{"href":"https:\/\/dmcsrb.com\/en\/wp-json\/wp\/v2\/posts"}],"about":[{"href":"https:\/\/dmcsrb.com\/en\/wp-json\/wp\/v2\/types\/post"}],"author":[{"embeddable":true,"href":"https:\/\/dmcsrb.com\/en\/wp-json\/wp\/v2\/users\/1"}],"replies":[{"embeddable":true,"href":"https:\/\/dmcsrb.com\/en\/wp-json\/wp\/v2\/comments?post=910713"}],"version-history":[{"count":0,"href":"https:\/\/dmcsrb.com\/en\/wp-json\/wp\/v2\/posts\/910713\/revisions"}],"wp:featuredmedia":[{"embeddable":true,"href":"https:\/\/dmcsrb.com\/en\/wp-json\/wp\/v2\/media\/910714"}],"wp:attachment":[{"href":"https:\/\/dmcsrb.com\/en\/wp-json\/wp\/v2\/media?parent=910713"}],"wp:term":[{"taxonomy":"category","embeddable":true,"href":"https:\/\/dmcsrb.com\/en\/wp-json\/wp\/v2\/categories?post=910713"},{"taxonomy":"post_tag","embeddable":true,"href":"https:\/\/dmcsrb.com\/en\/wp-json\/wp\/v2\/tags?post=910713"},{"taxonomy":"naslovna","embeddable":true,"href":"https:\/\/dmcsrb.com\/en\/wp-json\/wp\/v2\/naslovna?post=910713"}],"curies":[{"name":"wp","href":"https:\/\/api.w.org\/{rel}","templated":true}]}}